{"id":3659,"date":"2011-02-02T11:01:54","date_gmt":"2011-02-02T10:01:54","guid":{"rendered":"http:\/\/budo.wordpress.dev\/2011\/02\/02\/sillen-verkar-oslagbar\/"},"modified":"2016-12-06T22:32:34","modified_gmt":"2016-12-06T21:32:34","slug":"sillen-verkar-oslagbar","status":"publish","type":"post","link":"https:\/\/www.budokampsport.se\/2011\/02\/02\/sillen-verkar-oslagbar\/","title":{"rendered":"Sill\u00e9n verkar oslagbar"},"content":{"rendered":"<p><P><IMG alt=\"\" align=middle src=\"\/sites\/default\/files\/hanna.jpg\" width=430 height=288><BR><STRONG>Under inofficiella EM i BJJ st\u00e4llde suver\u00e4na Hanna Sill\u00e9n upp. Och det slutade som det brukar g\u00f6ra \u2013 med seger. Sill\u00e9n, som varit omutlig i MMA-burarna, tog guldet i bl\u00e5b\u00e4ltesklassen. N\u00e4sta BJJ-framtr\u00e4dande blir emellertid i lila b\u00e4lte.<BR>\u00a0\u00a0 &#8211; Det kommer nog att bli en del BJJ emellan\u00e5t, s\u00e5 l\u00e4nge det inte krockar med n\u00e5gon MMA-match, s\u00e4ger hon till budokampsport.se.<BR><!--break--><BR><\/STRONG>Hanna Sill\u00e9n \u00e4r kung fu-stj\u00e4rnan som bytte inriktning. Numera \u00e4r hon Sveriges kanske mest framst\u00e5ende kvinnliga MMA-ut\u00f6vare med ett formidabelt fjol\u00e5r bakom sig.<BR><BR>2011 har inletts i samma anda. Fast n\u00e4r hon i helgen \u00e5ter kunde kliva \u00f6verst p\u00e5 en prispall var det i Brasiliansk ju jutsu.<BR>\u00a0\u00a0 &#8211; Tanken med att st\u00e4lla upp i Lissabon var till stor del f\u00f6r att se vart jag l\u00e5g till i grapplingen men \u00e4ven f\u00f6r att underh\u00e5lla t\u00e4vlingsrutinen.<BR><BR>Lissabon\u00e4ventyret blev fyra matcher l\u00e5ngt f\u00f6r Hanna. Hon vann f\u00f6rsta matchen p\u00e5 avslut. Den andra segrade hon p\u00e5 po\u00e4ng. I tredje matchen tilld\u00f6mdes hon segern efter att motst\u00e5ndaren blivit diskad p\u00e5 otill\u00e5ten teknik och i fj\u00e4rde kampen vann hon \u00e5ter p\u00e5 ett avslut.<BR>\u00a0\u00a0 &#8211; Jag upplevde motst\u00e5ndet som varierat men att jag k\u00e4nde mig starkast i alla fallen och att mitt toppspel h\u00f6ll m\u00e5ttet. I alla matcherna utom en tog jag topp redan fr\u00e5n start och avslutade d\u00e4rifr\u00e5n. Match tv\u00e5 hamnade jag d\u00e4remot underst fr\u00e5n b\u00f6rjan och blev passerad men v\u00e4nde upp och plockade tillbaka po\u00e4ngen igen. Jag m\u00f6tte ingen jag k\u00e4nde f\u00f6rr\u00e4n i finalen vilket var v\u00e4ldigt roligt.<BR><BR><STRONG>Hanna, var detta lite av &#8220;tr\u00e4ningskarakt\u00e4r&#8221; inf\u00f6r vad som komma skall?<BR><\/STRONG>\u00a0\u00a0 &#8211; Det var snarare en indikering p\u00e5 vart jag befinner mig teknikm\u00e4ssigt och hur jag ligger till i f\u00f6rh\u00e5llande till andra.<BR><BR><STRONG>Du hade ett n\u00e4rmast magiskt fjol\u00e5r &#8211; och s\u00e5 inleder du 2011 p\u00e5 detta s\u00e4tt, vad har du f\u00f6r f\u00f6rv\u00e4ntningar och f\u00f6rhoppningar p\u00e5 det nya \u00e5ret?<\/STRONG><BR>\u00a0\u00a0 &#8211; Jag hoppas att jag f\u00e5r g\u00e5 en hel del fler MMA-matcher, f\u00f6r det \u00e4r det jag brinner f\u00f6r allra mest. Jag hoppas \u00e4ven att f\u00e5 ihop lite fler sponsorer fr\u00e5n och med nu. Hittills har jag f\u00e5tt bra st\u00f6d fr\u00e5n Hayes p\u00e5 Budofitness p\u00e5 Sveav\u00e4gen h\u00e4r i stockholm men det letas fler.<BR><BR>Hanna Sill\u00e9n kommer \u00e4ven forts\u00e4ttningsvis att st\u00e4lla upp i BJJ, fast numera som lilab\u00e4ltare.<BR>\u00a0\u00a0 &#8211; Det kommer nog att bli en del BJJ emellan\u00e5t, s\u00e5 l\u00e4nge det inte krockar med n\u00e5gon MMA-match. Nu \u00e4r det ju lilab\u00e4ltes-klassen som g\u00e4ller i forts\u00e4ttningen och det kommer att bli riktigt tufft.<BR><BR>Text: Jonathan Broberg<BR>Foto: IBJJF.org<\/P><\/p>\n","protected":false},"excerpt":{"rendered":"<p><P><IMG alt=\"\" align=middle src=\"\/sites\/default\/files\/hanna.jpg\" width=430 height=288><BR><STRONG>Under inofficiella EM i BJJ st\u00e4llde suver\u00e4na Hanna Sill\u00e9n upp. Och det slutade som det brukar g\u00f6ra \u2013 med seger. Sill\u00e9n, som varit omutlig i MMA-burarna, tog guldet i bl\u00e5b\u00e4ltesklassen. N\u00e4sta BJJ-framtr\u00e4dande blir emellertid i lila b\u00e4lte.<BR>\u00a0\u00a0 &#8211; Det kommer nog att bli en del BJJ emellan\u00e5t, s\u00e5 l\u00e4nge det inte krockar med n\u00e5gon MMA-match, s\u00e4ger hon till budokampsport.se.<BR><\/p><br>","protected":false},"author":7,"featured_media":0,"comment_status":"closed","ping_status":"closed","sticky":false,"template":"","format":"standard","meta":{"_acf_changed":false,"footnotes":""},"categories":[1],"tags":[],"class_list":["post-3659","post","type-post","status-publish","format-standard","hentry","category-okategoriserade"],"acf":[],"yoast_head":"<!-- This site is optimized with the Yoast SEO plugin v26.8 - https:\/\/yoast.com\/product\/yoast-seo-wordpress\/ -->\n<title>Sill\u00e9n verkar oslagbar - Svenska Budo &amp; Kampsportsf\u00f6rbundet<\/title>\n<meta name=\"description\" content=\"Under inofficiella EM i BJJ st\u00e4llde suver\u00e4na Hanna Sill\u00e9n upp. Och det slutade som det brukar g\u00f6ra \u2013 med seger. Sill\u00e9n, som varit omutlig i MMA-burarna, tog guldet i bl\u00e5b\u00e4ltesklassen. N\u00e4sta BJJ-framtr\u00e4dande blir emellertid i lila b\u00e4lte.\u00a0\u00a0 - Det kommer nog att bli en del BJJ emellan\u00e5t, s\u00e5 l\u00e4nge det inte krockar med n\u00e5gon MMA-match, s\u00e4ger hon till budokampsport.se.\" \/>\n<meta name=\"robots\" content=\"index, follow, max-snippet:-1, max-image-preview:large, max-video-preview:-1\" \/>\n<link rel=\"canonical\" href=\"https:\/\/www.budokampsport.se\/2011\/02\/02\/sillen-verkar-oslagbar\/\" \/>\n<meta property=\"og:locale\" content=\"sv_SE\" \/>\n<meta property=\"og:type\" content=\"article\" \/>\n<meta property=\"og:title\" content=\"Sill\u00e9n verkar oslagbar - Svenska Budo &amp; Kampsportsf\u00f6rbundet\" \/>\n<meta property=\"og:description\" content=\"Under inofficiella EM i BJJ st\u00e4llde suver\u00e4na Hanna Sill\u00e9n upp. Och det slutade som det brukar g\u00f6ra \u2013 med seger. Sill\u00e9n, som varit omutlig i MMA-burarna, tog guldet i bl\u00e5b\u00e4ltesklassen. N\u00e4sta BJJ-framtr\u00e4dande blir emellertid i lila b\u00e4lte.\u00a0\u00a0 - Det kommer nog att bli en del BJJ emellan\u00e5t, s\u00e5 l\u00e4nge det inte krockar med n\u00e5gon MMA-match, s\u00e4ger hon till budokampsport.se.\" \/>\n<meta property=\"og:url\" content=\"https:\/\/www.budokampsport.se\/2011\/02\/02\/sillen-verkar-oslagbar\/\" \/>\n<meta property=\"og:site_name\" content=\"Svenska Budo &amp; Kampsportsf\u00f6rbundet\" \/>\n<meta property=\"article:author\" content=\"https:\/\/www.facebook.com\/jonathan.broberg.7\" \/>\n<meta property=\"article:published_time\" content=\"2011-02-02T10:01:54+00:00\" \/>\n<meta property=\"article:modified_time\" content=\"2016-12-06T21:32:34+00:00\" \/>\n<meta name=\"author\" content=\"Jonathan Broberg\" \/>\n<meta name=\"twitter:card\" content=\"summary_large_image\" \/>\n<meta name=\"twitter:label1\" content=\"Skriven av\" \/>\n\t<meta name=\"twitter:data1\" content=\"Jonathan Broberg\" \/>\n\t<meta name=\"twitter:label2\" content=\"Ber\u00e4knad l\u00e4stid\" \/>\n\t<meta name=\"twitter:data2\" content=\"2 minuter\" \/>\n<script type=\"application\/ld+json\" class=\"yoast-schema-graph\">{\"@context\":\"https:\/\/schema.org\",\"@graph\":[{\"@type\":\"Article\",\"@id\":\"https:\/\/www.budokampsport.se\/2011\/02\/02\/sillen-verkar-oslagbar\/#article\",\"isPartOf\":{\"@id\":\"https:\/\/www.budokampsport.se\/2011\/02\/02\/sillen-verkar-oslagbar\/\"},\"author\":{\"name\":\"Jonathan Broberg\",\"@id\":\"https:\/\/www.budokampsport.se\/#\/schema\/person\/5c06d81d14850e2a8ce5493386560145\"},\"headline\":\"Sill\u00e9n verkar oslagbar\",\"datePublished\":\"2011-02-02T10:01:54+00:00\",\"dateModified\":\"2016-12-06T21:32:34+00:00\",\"mainEntityOfPage\":{\"@id\":\"https:\/\/www.budokampsport.se\/2011\/02\/02\/sillen-verkar-oslagbar\/\"},\"wordCount\":492,\"inLanguage\":\"sv-SE\"},{\"@type\":\"WebPage\",\"@id\":\"https:\/\/www.budokampsport.se\/2011\/02\/02\/sillen-verkar-oslagbar\/\",\"url\":\"https:\/\/www.budokampsport.se\/2011\/02\/02\/sillen-verkar-oslagbar\/\",\"name\":\"Sill\u00e9n verkar oslagbar - Svenska Budo &amp; Kampsportsf\u00f6rbundet\",\"isPartOf\":{\"@id\":\"https:\/\/www.budokampsport.se\/#website\"},\"datePublished\":\"2011-02-02T10:01:54+00:00\",\"dateModified\":\"2016-12-06T21:32:34+00:00\",\"author\":{\"@id\":\"https:\/\/www.budokampsport.se\/#\/schema\/person\/5c06d81d14850e2a8ce5493386560145\"},\"description\":\"Under inofficiella EM i BJJ st\u00e4llde suver\u00e4na Hanna Sill\u00e9n upp. Och det slutade som det brukar g\u00f6ra \u2013 med seger. Sill\u00e9n, som varit omutlig i MMA-burarna, tog guldet i bl\u00e5b\u00e4ltesklassen. N\u00e4sta BJJ-framtr\u00e4dande blir emellertid i lila b\u00e4lte.\u00a0\u00a0 - Det kommer nog att bli en del BJJ emellan\u00e5t, s\u00e5 l\u00e4nge det inte krockar med n\u00e5gon MMA-match, s\u00e4ger hon till budokampsport.se.\",\"breadcrumb\":{\"@id\":\"https:\/\/www.budokampsport.se\/2011\/02\/02\/sillen-verkar-oslagbar\/#breadcrumb\"},\"inLanguage\":\"sv-SE\",\"potentialAction\":[{\"@type\":\"ReadAction\",\"target\":[\"https:\/\/www.budokampsport.se\/2011\/02\/02\/sillen-verkar-oslagbar\/\"]}]},{\"@type\":\"BreadcrumbList\",\"@id\":\"https:\/\/www.budokampsport.se\/2011\/02\/02\/sillen-verkar-oslagbar\/#breadcrumb\",\"itemListElement\":[{\"@type\":\"ListItem\",\"position\":1,\"name\":\"Hem\",\"item\":\"https:\/\/www.budokampsport.se\/\"},{\"@type\":\"ListItem\",\"position\":2,\"name\":\"Sill\u00e9n verkar oslagbar\"}]},{\"@type\":\"WebSite\",\"@id\":\"https:\/\/www.budokampsport.se\/#website\",\"url\":\"https:\/\/www.budokampsport.se\/\",\"name\":\"Svenska Budo &amp; Kampsportsf\u00f6rbundet\",\"description\":\"T\u00e4vling, Tr\u00e4ning, Tradition\",\"potentialAction\":[{\"@type\":\"SearchAction\",\"target\":{\"@type\":\"EntryPoint\",\"urlTemplate\":\"https:\/\/www.budokampsport.se\/?s={search_term_string}\"},\"query-input\":{\"@type\":\"PropertyValueSpecification\",\"valueRequired\":true,\"valueName\":\"search_term_string\"}}],\"inLanguage\":\"sv-SE\"},{\"@type\":\"Person\",\"@id\":\"https:\/\/www.budokampsport.se\/#\/schema\/person\/5c06d81d14850e2a8ce5493386560145\",\"name\":\"Jonathan Broberg\",\"image\":{\"@type\":\"ImageObject\",\"inLanguage\":\"sv-SE\",\"@id\":\"https:\/\/www.budokampsport.se\/#\/schema\/person\/image\/\",\"url\":\"https:\/\/secure.gravatar.com\/avatar\/a58041c6cea9128bd9c40ee2f26d4136?s=96&d=blank&r=g\",\"contentUrl\":\"https:\/\/secure.gravatar.com\/avatar\/a58041c6cea9128bd9c40ee2f26d4136?s=96&d=blank&r=g\",\"caption\":\"Jonathan Broberg\"},\"sameAs\":[\"https:\/\/www.facebook.com\/jonathan.broberg.7\"],\"url\":\"https:\/\/www.budokampsport.se\/author\/jonathan\/\"}]}<\/script>\n<!-- \/ Yoast SEO plugin. -->","yoast_head_json":{"title":"Sill\u00e9n verkar oslagbar - Svenska Budo &amp; Kampsportsf\u00f6rbundet","description":"Under inofficiella EM i BJJ st\u00e4llde suver\u00e4na Hanna Sill\u00e9n upp. Och det slutade som det brukar g\u00f6ra \u2013 med seger. Sill\u00e9n, som varit omutlig i MMA-burarna, tog guldet i bl\u00e5b\u00e4ltesklassen. N\u00e4sta BJJ-framtr\u00e4dande blir emellertid i lila b\u00e4lte.\u00a0\u00a0 - Det kommer nog att bli en del BJJ emellan\u00e5t, s\u00e5 l\u00e4nge det inte krockar med n\u00e5gon MMA-match, s\u00e4ger hon till budokampsport.se.","robots":{"index":"index","follow":"follow","max-snippet":"max-snippet:-1","max-image-preview":"max-image-preview:large","max-video-preview":"max-video-preview:-1"},"canonical":"https:\/\/www.budokampsport.se\/2011\/02\/02\/sillen-verkar-oslagbar\/","og_locale":"sv_SE","og_type":"article","og_title":"Sill\u00e9n verkar oslagbar - Svenska Budo &amp; Kampsportsf\u00f6rbundet","og_description":"Under inofficiella EM i BJJ st\u00e4llde suver\u00e4na Hanna Sill\u00e9n upp. Och det slutade som det brukar g\u00f6ra \u2013 med seger. Sill\u00e9n, som varit omutlig i MMA-burarna, tog guldet i bl\u00e5b\u00e4ltesklassen. N\u00e4sta BJJ-framtr\u00e4dande blir emellertid i lila b\u00e4lte.\u00a0\u00a0 - Det kommer nog att bli en del BJJ emellan\u00e5t, s\u00e5 l\u00e4nge det inte krockar med n\u00e5gon MMA-match, s\u00e4ger hon till budokampsport.se.","og_url":"https:\/\/www.budokampsport.se\/2011\/02\/02\/sillen-verkar-oslagbar\/","og_site_name":"Svenska Budo &amp; Kampsportsf\u00f6rbundet","article_author":"https:\/\/www.facebook.com\/jonathan.broberg.7","article_published_time":"2011-02-02T10:01:54+00:00","article_modified_time":"2016-12-06T21:32:34+00:00","author":"Jonathan Broberg","twitter_card":"summary_large_image","twitter_misc":{"Skriven av":"Jonathan Broberg","Ber\u00e4knad l\u00e4stid":"2 minuter"},"schema":{"@context":"https:\/\/schema.org","@graph":[{"@type":"Article","@id":"https:\/\/www.budokampsport.se\/2011\/02\/02\/sillen-verkar-oslagbar\/#article","isPartOf":{"@id":"https:\/\/www.budokampsport.se\/2011\/02\/02\/sillen-verkar-oslagbar\/"},"author":{"name":"Jonathan Broberg","@id":"https:\/\/www.budokampsport.se\/#\/schema\/person\/5c06d81d14850e2a8ce5493386560145"},"headline":"Sill\u00e9n verkar oslagbar","datePublished":"2011-02-02T10:01:54+00:00","dateModified":"2016-12-06T21:32:34+00:00","mainEntityOfPage":{"@id":"https:\/\/www.budokampsport.se\/2011\/02\/02\/sillen-verkar-oslagbar\/"},"wordCount":492,"inLanguage":"sv-SE"},{"@type":"WebPage","@id":"https:\/\/www.budokampsport.se\/2011\/02\/02\/sillen-verkar-oslagbar\/","url":"https:\/\/www.budokampsport.se\/2011\/02\/02\/sillen-verkar-oslagbar\/","name":"Sill\u00e9n verkar oslagbar - Svenska Budo &amp; Kampsportsf\u00f6rbundet","isPartOf":{"@id":"https:\/\/www.budokampsport.se\/#website"},"datePublished":"2011-02-02T10:01:54+00:00","dateModified":"2016-12-06T21:32:34+00:00","author":{"@id":"https:\/\/www.budokampsport.se\/#\/schema\/person\/5c06d81d14850e2a8ce5493386560145"},"description":"Under inofficiella EM i BJJ st\u00e4llde suver\u00e4na Hanna Sill\u00e9n upp. Och det slutade som det brukar g\u00f6ra \u2013 med seger. Sill\u00e9n, som varit omutlig i MMA-burarna, tog guldet i bl\u00e5b\u00e4ltesklassen. N\u00e4sta BJJ-framtr\u00e4dande blir emellertid i lila b\u00e4lte.\u00a0\u00a0 - Det kommer nog att bli en del BJJ emellan\u00e5t, s\u00e5 l\u00e4nge det inte krockar med n\u00e5gon MMA-match, s\u00e4ger hon till budokampsport.se.","breadcrumb":{"@id":"https:\/\/www.budokampsport.se\/2011\/02\/02\/sillen-verkar-oslagbar\/#breadcrumb"},"inLanguage":"sv-SE","potentialAction":[{"@type":"ReadAction","target":["https:\/\/www.budokampsport.se\/2011\/02\/02\/sillen-verkar-oslagbar\/"]}]},{"@type":"BreadcrumbList","@id":"https:\/\/www.budokampsport.se\/2011\/02\/02\/sillen-verkar-oslagbar\/#breadcrumb","itemListElement":[{"@type":"ListItem","position":1,"name":"Hem","item":"https:\/\/www.budokampsport.se\/"},{"@type":"ListItem","position":2,"name":"Sill\u00e9n verkar oslagbar"}]},{"@type":"WebSite","@id":"https:\/\/www.budokampsport.se\/#website","url":"https:\/\/www.budokampsport.se\/","name":"Svenska Budo &amp; Kampsportsf\u00f6rbundet","description":"T\u00e4vling, Tr\u00e4ning, Tradition","potentialAction":[{"@type":"SearchAction","target":{"@type":"EntryPoint","urlTemplate":"https:\/\/www.budokampsport.se\/?s={search_term_string}"},"query-input":{"@type":"PropertyValueSpecification","valueRequired":true,"valueName":"search_term_string"}}],"inLanguage":"sv-SE"},{"@type":"Person","@id":"https:\/\/www.budokampsport.se\/#\/schema\/person\/5c06d81d14850e2a8ce5493386560145","name":"Jonathan Broberg","image":{"@type":"ImageObject","inLanguage":"sv-SE","@id":"https:\/\/www.budokampsport.se\/#\/schema\/person\/image\/","url":"https:\/\/secure.gravatar.com\/avatar\/a58041c6cea9128bd9c40ee2f26d4136?s=96&d=blank&r=g","contentUrl":"https:\/\/secure.gravatar.com\/avatar\/a58041c6cea9128bd9c40ee2f26d4136?s=96&d=blank&r=g","caption":"Jonathan Broberg"},"sameAs":["https:\/\/www.facebook.com\/jonathan.broberg.7"],"url":"https:\/\/www.budokampsport.se\/author\/jonathan\/"}]}},"_links":{"self":[{"href":"https:\/\/www.budokampsport.se\/api\/wp\/v2\/posts\/3659","targetHints":{"allow":["GET"]}}],"collection":[{"href":"https:\/\/www.budokampsport.se\/api\/wp\/v2\/posts"}],"about":[{"href":"https:\/\/www.budokampsport.se\/api\/wp\/v2\/types\/post"}],"author":[{"embeddable":true,"href":"https:\/\/www.budokampsport.se\/api\/wp\/v2\/users\/7"}],"replies":[{"embeddable":true,"href":"https:\/\/www.budokampsport.se\/api\/wp\/v2\/comments?post=3659"}],"version-history":[{"count":0,"href":"https:\/\/www.budokampsport.se\/api\/wp\/v2\/posts\/3659\/revisions"}],"wp:attachment":[{"href":"https:\/\/www.budokampsport.se\/api\/wp\/v2\/media?parent=3659"}],"wp:term":[{"taxonomy":"category","embeddable":true,"href":"https:\/\/www.budokampsport.se\/api\/wp\/v2\/categories?post=3659"},{"taxonomy":"post_tag","embeddable":true,"href":"https:\/\/www.budokampsport.se\/api\/wp\/v2\/tags?post=3659"}],"curies":[{"name":"wp","href":"https:\/\/api.w.org\/{rel}","templated":true}]}}