{"id":36635,"date":"2016-12-12T10:44:03","date_gmt":"2016-12-12T09:44:03","guid":{"rendered":"http:\/\/www.budokampsport.se\/?p=36635"},"modified":"2016-12-12T10:44:03","modified_gmt":"2016-12-12T09:44:03","slug":"sverigelagret-aikido-2018","status":"publish","type":"post","link":"https:\/\/www.budokampsport.se\/2016\/12\/12\/sverigelagret-aikido-2018\/","title":{"rendered":"Sverigel\u00e4gret i aikido 2018"},"content":{"rendered":"<p>Det h\u00e5lls vartannat \u00e5r och redan nu \u00e4r det klart att l\u00e4gret h\u00e5lls under Kristi himmelf\u00e4rdshelgen 2018. Var det kommer att vara n\u00e5gonstans \u00e4r d\u00e4remot inte klart \u00e4nnu, eller vilken klubb som blir arrang\u00f6rsf\u00f6rening.<\/p>\n<figure id=\"attachment_36636\" aria-describedby=\"caption-attachment-36636\" style=\"width: 376px\" class=\"wp-caption alignnone\"><img loading=\"lazy\" decoding=\"async\" class=\"size-medium wp-image-36636\" src=\"http:\/\/www.budokampsport.se\/wp-content\/uploads\/2016\/12\/aikido-376x251.jpg\" alt=\"Foto: Hamid Ershad Sarabi\" width=\"376\" height=\"251\" srcset=\"https:\/\/www.budokampsport.se\/wp-content\/uploads\/2016\/12\/aikido-376x251.jpg 376w, https:\/\/www.budokampsport.se\/wp-content\/uploads\/2016\/12\/aikido-600x400.jpg 600w, https:\/\/www.budokampsport.se\/wp-content\/uploads\/2016\/12\/aikido-278x185.jpg 278w, https:\/\/www.budokampsport.se\/wp-content\/uploads\/2016\/12\/aikido-847x565.jpg 847w, https:\/\/www.budokampsport.se\/wp-content\/uploads\/2016\/12\/aikido-572x382.jpg 572w, https:\/\/www.budokampsport.se\/wp-content\/uploads\/2016\/12\/aikido.jpg 850w\" sizes=\"auto, (max-width: 376px) 100vw, 376px\" \/><figcaption id=\"caption-attachment-36636\" class=\"wp-caption-text\">Foto: Hamid Ershad Sarabi<\/figcaption><\/figure>\n<p>Text: Jonathan Broberg<\/p>\n","protected":false},"excerpt":{"rendered":"<p>Sverigel\u00e4gret i aikido \u00e4r idrottens stora evenemang, d\u00e4r man samlas \u00f6ver stilgr\u00e4nser f\u00f6r ett gemensamt stort l\u00e4ger.<\/p><br>","protected":false},"author":7,"featured_media":36636,"comment_status":"open","ping_status":"open","sticky":false,"template":"","format":"standard","meta":{"_acf_changed":false,"footnotes":""},"categories":[1],"tags":[],"class_list":["post-36635","post","type-post","status-publish","format-standard","has-post-thumbnail","hentry","category-okategoriserade"],"acf":[],"yoast_head":"<!-- This site is optimized with the Yoast SEO plugin v26.8 - https:\/\/yoast.com\/product\/yoast-seo-wordpress\/ -->\n<title>Sverigel\u00e4gret i aikido 2018 - Svenska Budo &amp; Kampsportsf\u00f6rbundet<\/title>\n<meta name=\"description\" content=\"Sverigel\u00e4gret i aikido \u00e4r idrottens stora evenemang, d\u00e4r man samlas \u00f6ver stilgr\u00e4nser f\u00f6r ett gemensamt stort l\u00e4ger.\" \/>\n<meta name=\"robots\" content=\"index, follow, max-snippet:-1, max-image-preview:large, max-video-preview:-1\" \/>\n<link rel=\"canonical\" href=\"https:\/\/www.budokampsport.se\/2016\/12\/12\/sverigelagret-aikido-2018\/\" \/>\n<meta property=\"og:locale\" content=\"sv_SE\" \/>\n<meta property=\"og:type\" content=\"article\" \/>\n<meta property=\"og:title\" content=\"Sverigel\u00e4gret i aikido 2018 - Svenska Budo &amp; Kampsportsf\u00f6rbundet\" \/>\n<meta property=\"og:description\" content=\"Sverigel\u00e4gret i aikido \u00e4r idrottens stora evenemang, d\u00e4r man samlas \u00f6ver stilgr\u00e4nser f\u00f6r ett gemensamt stort l\u00e4ger.\" \/>\n<meta property=\"og:url\" content=\"https:\/\/www.budokampsport.se\/2016\/12\/12\/sverigelagret-aikido-2018\/\" \/>\n<meta property=\"og:site_name\" content=\"Svenska Budo &amp; Kampsportsf\u00f6rbundet\" \/>\n<meta property=\"article:author\" content=\"https:\/\/www.facebook.com\/jonathan.broberg.7\" \/>\n<meta property=\"article:published_time\" content=\"2016-12-12T09:44:03+00:00\" \/>\n<meta property=\"og:image\" content=\"https:\/\/www.budokampsport.se\/wp-content\/uploads\/2016\/12\/aikido.jpg\" \/>\n\t<meta property=\"og:image:width\" content=\"850\" \/>\n\t<meta property=\"og:image:height\" content=\"567\" \/>\n\t<meta property=\"og:image:type\" content=\"image\/jpeg\" \/>\n<meta name=\"author\" content=\"Jonathan Broberg\" \/>\n<meta name=\"twitter:card\" content=\"summary_large_image\" \/>\n<meta name=\"twitter:label1\" content=\"Skriven av\" \/>\n\t<meta name=\"twitter:data1\" content=\"Jonathan Broberg\" \/>\n<script type=\"application\/ld+json\" class=\"yoast-schema-graph\">{\"@context\":\"https:\/\/schema.org\",\"@graph\":[{\"@type\":\"Article\",\"@id\":\"https:\/\/www.budokampsport.se\/2016\/12\/12\/sverigelagret-aikido-2018\/#article\",\"isPartOf\":{\"@id\":\"https:\/\/www.budokampsport.se\/2016\/12\/12\/sverigelagret-aikido-2018\/\"},\"author\":{\"name\":\"Jonathan Broberg\",\"@id\":\"https:\/\/www.budokampsport.se\/#\/schema\/person\/5c06d81d14850e2a8ce5493386560145\"},\"headline\":\"Sverigel\u00e4gret i aikido 2018\",\"datePublished\":\"2016-12-12T09:44:03+00:00\",\"mainEntityOfPage\":{\"@id\":\"https:\/\/www.budokampsport.se\/2016\/12\/12\/sverigelagret-aikido-2018\/\"},\"wordCount\":59,\"commentCount\":0,\"image\":{\"@id\":\"https:\/\/www.budokampsport.se\/2016\/12\/12\/sverigelagret-aikido-2018\/#primaryimage\"},\"thumbnailUrl\":\"https:\/\/www.budokampsport.se\/wp-content\/uploads\/2016\/12\/aikido.jpg\",\"inLanguage\":\"sv-SE\",\"potentialAction\":[{\"@type\":\"CommentAction\",\"name\":\"Comment\",\"target\":[\"https:\/\/www.budokampsport.se\/2016\/12\/12\/sverigelagret-aikido-2018\/#respond\"]}]},{\"@type\":\"WebPage\",\"@id\":\"https:\/\/www.budokampsport.se\/2016\/12\/12\/sverigelagret-aikido-2018\/\",\"url\":\"https:\/\/www.budokampsport.se\/2016\/12\/12\/sverigelagret-aikido-2018\/\",\"name\":\"Sverigel\u00e4gret i aikido 2018 - Svenska Budo &amp; Kampsportsf\u00f6rbundet\",\"isPartOf\":{\"@id\":\"https:\/\/www.budokampsport.se\/#website\"},\"primaryImageOfPage\":{\"@id\":\"https:\/\/www.budokampsport.se\/2016\/12\/12\/sverigelagret-aikido-2018\/#primaryimage\"},\"image\":{\"@id\":\"https:\/\/www.budokampsport.se\/2016\/12\/12\/sverigelagret-aikido-2018\/#primaryimage\"},\"thumbnailUrl\":\"https:\/\/www.budokampsport.se\/wp-content\/uploads\/2016\/12\/aikido.jpg\",\"datePublished\":\"2016-12-12T09:44:03+00:00\",\"author\":{\"@id\":\"https:\/\/www.budokampsport.se\/#\/schema\/person\/5c06d81d14850e2a8ce5493386560145\"},\"description\":\"Sverigel\u00e4gret i aikido \u00e4r idrottens stora evenemang, d\u00e4r man samlas \u00f6ver stilgr\u00e4nser f\u00f6r ett gemensamt stort l\u00e4ger.\",\"breadcrumb\":{\"@id\":\"https:\/\/www.budokampsport.se\/2016\/12\/12\/sverigelagret-aikido-2018\/#breadcrumb\"},\"inLanguage\":\"sv-SE\",\"potentialAction\":[{\"@type\":\"ReadAction\",\"target\":[\"https:\/\/www.budokampsport.se\/2016\/12\/12\/sverigelagret-aikido-2018\/\"]}]},{\"@type\":\"ImageObject\",\"inLanguage\":\"sv-SE\",\"@id\":\"https:\/\/www.budokampsport.se\/2016\/12\/12\/sverigelagret-aikido-2018\/#primaryimage\",\"url\":\"https:\/\/www.budokampsport.se\/wp-content\/uploads\/2016\/12\/aikido.jpg\",\"contentUrl\":\"https:\/\/www.budokampsport.se\/wp-content\/uploads\/2016\/12\/aikido.jpg\",\"width\":850,\"height\":567,\"caption\":\"Foto: Hamid Ershad Sarabi\"},{\"@type\":\"BreadcrumbList\",\"@id\":\"https:\/\/www.budokampsport.se\/2016\/12\/12\/sverigelagret-aikido-2018\/#breadcrumb\",\"itemListElement\":[{\"@type\":\"ListItem\",\"position\":1,\"name\":\"Hem\",\"item\":\"https:\/\/www.budokampsport.se\/\"},{\"@type\":\"ListItem\",\"position\":2,\"name\":\"Sverigel\u00e4gret i aikido 2018\"}]},{\"@type\":\"WebSite\",\"@id\":\"https:\/\/www.budokampsport.se\/#website\",\"url\":\"https:\/\/www.budokampsport.se\/\",\"name\":\"Svenska Budo &amp; Kampsportsf\u00f6rbundet\",\"description\":\"T\u00e4vling, Tr\u00e4ning, Tradition\",\"potentialAction\":[{\"@type\":\"SearchAction\",\"target\":{\"@type\":\"EntryPoint\",\"urlTemplate\":\"https:\/\/www.budokampsport.se\/?s={search_term_string}\"},\"query-input\":{\"@type\":\"PropertyValueSpecification\",\"valueRequired\":true,\"valueName\":\"search_term_string\"}}],\"inLanguage\":\"sv-SE\"},{\"@type\":\"Person\",\"@id\":\"https:\/\/www.budokampsport.se\/#\/schema\/person\/5c06d81d14850e2a8ce5493386560145\",\"name\":\"Jonathan Broberg\",\"image\":{\"@type\":\"ImageObject\",\"inLanguage\":\"sv-SE\",\"@id\":\"https:\/\/www.budokampsport.se\/#\/schema\/person\/image\/\",\"url\":\"https:\/\/secure.gravatar.com\/avatar\/a58041c6cea9128bd9c40ee2f26d4136?s=96&d=blank&r=g\",\"contentUrl\":\"https:\/\/secure.gravatar.com\/avatar\/a58041c6cea9128bd9c40ee2f26d4136?s=96&d=blank&r=g\",\"caption\":\"Jonathan Broberg\"},\"sameAs\":[\"https:\/\/www.facebook.com\/jonathan.broberg.7\"],\"url\":\"https:\/\/www.budokampsport.se\/author\/jonathan\/\"}]}<\/script>\n<!-- \/ Yoast SEO plugin. -->","yoast_head_json":{"title":"Sverigel\u00e4gret i aikido 2018 - Svenska Budo &amp; Kampsportsf\u00f6rbundet","description":"Sverigel\u00e4gret i aikido \u00e4r idrottens stora evenemang, d\u00e4r man samlas \u00f6ver stilgr\u00e4nser f\u00f6r ett gemensamt stort l\u00e4ger.","robots":{"index":"index","follow":"follow","max-snippet":"max-snippet:-1","max-image-preview":"max-image-preview:large","max-video-preview":"max-video-preview:-1"},"canonical":"https:\/\/www.budokampsport.se\/2016\/12\/12\/sverigelagret-aikido-2018\/","og_locale":"sv_SE","og_type":"article","og_title":"Sverigel\u00e4gret i aikido 2018 - Svenska Budo &amp; Kampsportsf\u00f6rbundet","og_description":"Sverigel\u00e4gret i aikido \u00e4r idrottens stora evenemang, d\u00e4r man samlas \u00f6ver stilgr\u00e4nser f\u00f6r ett gemensamt stort l\u00e4ger.","og_url":"https:\/\/www.budokampsport.se\/2016\/12\/12\/sverigelagret-aikido-2018\/","og_site_name":"Svenska Budo &amp; Kampsportsf\u00f6rbundet","article_author":"https:\/\/www.facebook.com\/jonathan.broberg.7","article_published_time":"2016-12-12T09:44:03+00:00","og_image":[{"width":850,"height":567,"url":"https:\/\/www.budokampsport.se\/wp-content\/uploads\/2016\/12\/aikido.jpg","type":"image\/jpeg"}],"author":"Jonathan Broberg","twitter_card":"summary_large_image","twitter_misc":{"Skriven av":"Jonathan Broberg"},"schema":{"@context":"https:\/\/schema.org","@graph":[{"@type":"Article","@id":"https:\/\/www.budokampsport.se\/2016\/12\/12\/sverigelagret-aikido-2018\/#article","isPartOf":{"@id":"https:\/\/www.budokampsport.se\/2016\/12\/12\/sverigelagret-aikido-2018\/"},"author":{"name":"Jonathan Broberg","@id":"https:\/\/www.budokampsport.se\/#\/schema\/person\/5c06d81d14850e2a8ce5493386560145"},"headline":"Sverigel\u00e4gret i aikido 2018","datePublished":"2016-12-12T09:44:03+00:00","mainEntityOfPage":{"@id":"https:\/\/www.budokampsport.se\/2016\/12\/12\/sverigelagret-aikido-2018\/"},"wordCount":59,"commentCount":0,"image":{"@id":"https:\/\/www.budokampsport.se\/2016\/12\/12\/sverigelagret-aikido-2018\/#primaryimage"},"thumbnailUrl":"https:\/\/www.budokampsport.se\/wp-content\/uploads\/2016\/12\/aikido.jpg","inLanguage":"sv-SE","potentialAction":[{"@type":"CommentAction","name":"Comment","target":["https:\/\/www.budokampsport.se\/2016\/12\/12\/sverigelagret-aikido-2018\/#respond"]}]},{"@type":"WebPage","@id":"https:\/\/www.budokampsport.se\/2016\/12\/12\/sverigelagret-aikido-2018\/","url":"https:\/\/www.budokampsport.se\/2016\/12\/12\/sverigelagret-aikido-2018\/","name":"Sverigel\u00e4gret i aikido 2018 - Svenska Budo &amp; Kampsportsf\u00f6rbundet","isPartOf":{"@id":"https:\/\/www.budokampsport.se\/#website"},"primaryImageOfPage":{"@id":"https:\/\/www.budokampsport.se\/2016\/12\/12\/sverigelagret-aikido-2018\/#primaryimage"},"image":{"@id":"https:\/\/www.budokampsport.se\/2016\/12\/12\/sverigelagret-aikido-2018\/#primaryimage"},"thumbnailUrl":"https:\/\/www.budokampsport.se\/wp-content\/uploads\/2016\/12\/aikido.jpg","datePublished":"2016-12-12T09:44:03+00:00","author":{"@id":"https:\/\/www.budokampsport.se\/#\/schema\/person\/5c06d81d14850e2a8ce5493386560145"},"description":"Sverigel\u00e4gret i aikido \u00e4r idrottens stora evenemang, d\u00e4r man samlas \u00f6ver stilgr\u00e4nser f\u00f6r ett gemensamt stort l\u00e4ger.","breadcrumb":{"@id":"https:\/\/www.budokampsport.se\/2016\/12\/12\/sverigelagret-aikido-2018\/#breadcrumb"},"inLanguage":"sv-SE","potentialAction":[{"@type":"ReadAction","target":["https:\/\/www.budokampsport.se\/2016\/12\/12\/sverigelagret-aikido-2018\/"]}]},{"@type":"ImageObject","inLanguage":"sv-SE","@id":"https:\/\/www.budokampsport.se\/2016\/12\/12\/sverigelagret-aikido-2018\/#primaryimage","url":"https:\/\/www.budokampsport.se\/wp-content\/uploads\/2016\/12\/aikido.jpg","contentUrl":"https:\/\/www.budokampsport.se\/wp-content\/uploads\/2016\/12\/aikido.jpg","width":850,"height":567,"caption":"Foto: Hamid Ershad Sarabi"},{"@type":"BreadcrumbList","@id":"https:\/\/www.budokampsport.se\/2016\/12\/12\/sverigelagret-aikido-2018\/#breadcrumb","itemListElement":[{"@type":"ListItem","position":1,"name":"Hem","item":"https:\/\/www.budokampsport.se\/"},{"@type":"ListItem","position":2,"name":"Sverigel\u00e4gret i aikido 2018"}]},{"@type":"WebSite","@id":"https:\/\/www.budokampsport.se\/#website","url":"https:\/\/www.budokampsport.se\/","name":"Svenska Budo &amp; Kampsportsf\u00f6rbundet","description":"T\u00e4vling, Tr\u00e4ning, Tradition","potentialAction":[{"@type":"SearchAction","target":{"@type":"EntryPoint","urlTemplate":"https:\/\/www.budokampsport.se\/?s={search_term_string}"},"query-input":{"@type":"PropertyValueSpecification","valueRequired":true,"valueName":"search_term_string"}}],"inLanguage":"sv-SE"},{"@type":"Person","@id":"https:\/\/www.budokampsport.se\/#\/schema\/person\/5c06d81d14850e2a8ce5493386560145","name":"Jonathan Broberg","image":{"@type":"ImageObject","inLanguage":"sv-SE","@id":"https:\/\/www.budokampsport.se\/#\/schema\/person\/image\/","url":"https:\/\/secure.gravatar.com\/avatar\/a58041c6cea9128bd9c40ee2f26d4136?s=96&d=blank&r=g","contentUrl":"https:\/\/secure.gravatar.com\/avatar\/a58041c6cea9128bd9c40ee2f26d4136?s=96&d=blank&r=g","caption":"Jonathan Broberg"},"sameAs":["https:\/\/www.facebook.com\/jonathan.broberg.7"],"url":"https:\/\/www.budokampsport.se\/author\/jonathan\/"}]}},"_links":{"self":[{"href":"https:\/\/www.budokampsport.se\/api\/wp\/v2\/posts\/36635","targetHints":{"allow":["GET"]}}],"collection":[{"href":"https:\/\/www.budokampsport.se\/api\/wp\/v2\/posts"}],"about":[{"href":"https:\/\/www.budokampsport.se\/api\/wp\/v2\/types\/post"}],"author":[{"embeddable":true,"href":"https:\/\/www.budokampsport.se\/api\/wp\/v2\/users\/7"}],"replies":[{"embeddable":true,"href":"https:\/\/www.budokampsport.se\/api\/wp\/v2\/comments?post=36635"}],"version-history":[{"count":0,"href":"https:\/\/www.budokampsport.se\/api\/wp\/v2\/posts\/36635\/revisions"}],"wp:featuredmedia":[{"embeddable":true,"href":"https:\/\/www.budokampsport.se\/api\/wp\/v2\/media\/36636"}],"wp:attachment":[{"href":"https:\/\/www.budokampsport.se\/api\/wp\/v2\/media?parent=36635"}],"wp:term":[{"taxonomy":"category","embeddable":true,"href":"https:\/\/www.budokampsport.se\/api\/wp\/v2\/categories?post=36635"},{"taxonomy":"post_tag","embeddable":true,"href":"https:\/\/www.budokampsport.se\/api\/wp\/v2\/tags?post=36635"}],"curies":[{"name":"wp","href":"https:\/\/api.w.org\/{rel}","templated":true}]}}