{"id":36693,"date":"2016-12-14T07:00:10","date_gmt":"2016-12-14T06:00:10","guid":{"rendered":"http:\/\/www.budokampsport.se\/?p=36693"},"modified":"2016-12-13T14:54:57","modified_gmt":"2016-12-13T13:54:57","slug":"sa-firar-profilerna-jul-2","status":"publish","type":"post","link":"https:\/\/www.budokampsport.se\/2016\/12\/14\/sa-firar-profilerna-jul-2\/","title":{"rendered":"S\u00e5 firar profilerna jul"},"content":{"rendered":"<p>V\u00e4l p\u00e5 plats slog arrang\u00f6ren ihop U21-klassen, som Ek skulle ha st\u00e4llt upp i, med seniorklassen. Men det gjorde inte speciellt mycket.<\/p>\n<p>De etablerade namnen, en efter en, fick erfara n\u00e5got som s\u00e4llan sk\u00e5dats. De fick helt enkelt stryk av en rookie. Ek vann ett sensationellt skr\u00e4llguld, i ett VM hon inte ens skulle ha t\u00e4vlat i. S\u00e5 kan det g\u00e5 till i kampsportens ljuvliga v\u00e4rld.<\/p>\n<p><strong>Tilda, om du ser tillbaka p\u00e5 2016, hur har det \u00e5ret varit f\u00f6r dig b\u00e5de personligt och idrottsligt?<\/strong><br \/>\n&#8211; 2016 har varit v\u00e4ldigt bra p\u00e5 b\u00e5da planen, jag har t\u00e4vlat mer \u00e4n f\u00f6rra \u00e5ret och det gick mycket bra. Det har varit ett v\u00e4ldigt hektiskt \u00e5r och varit sv\u00e5rt att f\u00e5 ihop jobb, tr\u00e4ning och skola, dels med studenten i v\u00e5ras och nu med h\u00f6gskola. Men jag har haft det v\u00e4ldigt kul om inget annat.<\/p>\n<p><strong>Hur kommer du att fira julen?<\/strong><br \/>\n&#8211; Julen kommer att firas hemma med familjen, bara ta det lugnt och slappna av.<\/p>\n<p><strong>Vad \u00f6nskar du dig mest av allt i julklapp?<\/strong><br \/>\n&#8211; Haha, jag har knappt \u00f6nskat mig n\u00e5got i julklapp, lite hj\u00e4lp p\u00e5 traven till en Roskilde-biljett hade varit perfekt, men tror de flesta tycker jag beh\u00f6ver en ny dr\u00e4kt att tr\u00e4na i ist\u00e4llet.<\/p>\n<p><img loading=\"lazy\" decoding=\"async\" class=\"alignnone size-medium wp-image-1514\" src=\"http:\/\/www.budokampsport.se\/wp-content\/uploads\/2016\/10\/sbkf_kempobild-376x251.jpg\" alt=\"sbkf_kempobild\" width=\"376\" height=\"251\" srcset=\"https:\/\/www.budokampsport.se\/wp-content\/uploads\/2016\/10\/sbkf_kempobild-376x251.jpg 376w, https:\/\/www.budokampsport.se\/wp-content\/uploads\/2016\/10\/sbkf_kempobild-600x400.jpg 600w, https:\/\/www.budokampsport.se\/wp-content\/uploads\/2016\/10\/sbkf_kempobild-278x185.jpg 278w, https:\/\/www.budokampsport.se\/wp-content\/uploads\/2016\/10\/sbkf_kempobild-572x381.jpg 572w, https:\/\/www.budokampsport.se\/wp-content\/uploads\/2016\/10\/sbkf_kempobild.jpg 630w\" sizes=\"auto, (max-width: 376px) 100vw, 376px\" \/><\/p>\n<p><strong>Har du n\u00e5got ny\u00e5rsl\u00f6fte, i s\u00e5 fall vad och varf\u00f6r?<\/strong><br \/>\n&#8211; Ny\u00e5rsl\u00f6fte har jag inte ens b\u00f6rjat fundera p\u00e5, det brukar komma n\u00e5got halvhj\u00e4rtat i mellandagarna n\u00e4r man haft matkoma i en vecka och k\u00e4nner att det \u00e4r dags att r\u00f6ra p\u00e5 sig igen.<\/p>\n<p><strong>Om du blickar fram mot 2017, vad tror du om det \u00e5ret b\u00e5de personligt och idrottsligt?<\/strong><br \/>\n&#8211; 2017 vill jag ta det lite lugnare, f\u00f6rs\u00f6ka att inte vara allt f\u00f6r uppbokad, jobba mindre och fokusera p\u00e5 att g\u00f6ra roliga saker och \u00e4nd\u00e5 k\u00e4nna att jag har tid f\u00f6r det. Och sikta mot VM-guld igen s\u00e5klart. Jag tror och hoppas 2017 blir ett h\u00f6jdar\u00e5r!<\/p>\n<p>Budokampsport.se vill s\u00e5 klart passa p\u00e5 att \u00f6nska Tilda Ek en riktigt god jul och ett gott nytt \u00e5r.<\/p>\n<p>Text: Jonathan Broberg<\/p>\n","protected":false},"excerpt":{"rendered":"<p>Den 20:e april i \u00e5r gjorde sig Tilda Ek redo f\u00f6r VM-finalen i kempo i Bukarest. Men resan till den rum\u00e4nska huvudstaden blev inte riktigt som 21-\u00e5riga Ek hade f\u00f6rest\u00e4llt sig.<\/p><br>","protected":false},"author":7,"featured_media":36695,"comment_status":"open","ping_status":"open","sticky":false,"template":"","format":"standard","meta":{"_acf_changed":false,"footnotes":""},"categories":[1],"tags":[],"class_list":["post-36693","post","type-post","status-publish","format-standard","has-post-thumbnail","hentry","category-okategoriserade"],"acf":[],"yoast_head":"<!-- This site is optimized with the Yoast SEO plugin v26.8 - https:\/\/yoast.com\/product\/yoast-seo-wordpress\/ -->\n<title>S\u00e5 firar profilerna jul - Svenska Budo &amp; Kampsportsf\u00f6rbundet<\/title>\n<meta name=\"description\" content=\"Den 20:e april i \u00e5r gjorde sig Tilda Ek redo f\u00f6r VM-finalen i kempo i Bukarest. Men resan till den rum\u00e4nska huvudstaden blev inte riktigt som 21-\u00e5riga Ek hade f\u00f6rest\u00e4llt sig.\" \/>\n<meta name=\"robots\" content=\"index, follow, max-snippet:-1, max-image-preview:large, max-video-preview:-1\" \/>\n<link rel=\"canonical\" href=\"https:\/\/www.budokampsport.se\/2016\/12\/14\/sa-firar-profilerna-jul-2\/\" \/>\n<meta property=\"og:locale\" content=\"sv_SE\" \/>\n<meta property=\"og:type\" content=\"article\" \/>\n<meta property=\"og:title\" content=\"S\u00e5 firar profilerna jul - Svenska Budo &amp; Kampsportsf\u00f6rbundet\" \/>\n<meta property=\"og:description\" content=\"Den 20:e april i \u00e5r gjorde sig Tilda Ek redo f\u00f6r VM-finalen i kempo i Bukarest. Men resan till den rum\u00e4nska huvudstaden blev inte riktigt som 21-\u00e5riga Ek hade f\u00f6rest\u00e4llt sig.\" \/>\n<meta property=\"og:url\" content=\"https:\/\/www.budokampsport.se\/2016\/12\/14\/sa-firar-profilerna-jul-2\/\" \/>\n<meta property=\"og:site_name\" content=\"Svenska Budo &amp; Kampsportsf\u00f6rbundet\" \/>\n<meta property=\"article:author\" content=\"https:\/\/www.facebook.com\/jonathan.broberg.7\" \/>\n<meta property=\"article:published_time\" content=\"2016-12-14T06:00:10+00:00\" \/>\n<meta property=\"og:image\" content=\"https:\/\/www.budokampsport.se\/wp-content\/uploads\/2016\/12\/jul_tilda_ek.jpg\" \/>\n\t<meta property=\"og:image:width\" content=\"850\" \/>\n\t<meta property=\"og:image:height\" content=\"606\" \/>\n\t<meta property=\"og:image:type\" content=\"image\/jpeg\" \/>\n<meta name=\"author\" content=\"Jonathan Broberg\" \/>\n<meta name=\"twitter:card\" content=\"summary_large_image\" \/>\n<meta name=\"twitter:label1\" content=\"Skriven av\" \/>\n\t<meta name=\"twitter:data1\" content=\"Jonathan Broberg\" \/>\n\t<meta name=\"twitter:label2\" content=\"Ber\u00e4knad l\u00e4stid\" \/>\n\t<meta name=\"twitter:data2\" content=\"2 minuter\" \/>\n<script type=\"application\/ld+json\" class=\"yoast-schema-graph\">{\"@context\":\"https:\/\/schema.org\",\"@graph\":[{\"@type\":\"Article\",\"@id\":\"https:\/\/www.budokampsport.se\/2016\/12\/14\/sa-firar-profilerna-jul-2\/#article\",\"isPartOf\":{\"@id\":\"https:\/\/www.budokampsport.se\/2016\/12\/14\/sa-firar-profilerna-jul-2\/\"},\"author\":{\"name\":\"Jonathan Broberg\",\"@id\":\"https:\/\/www.budokampsport.se\/#\/schema\/person\/5c06d81d14850e2a8ce5493386560145\"},\"headline\":\"S\u00e5 firar profilerna jul\",\"datePublished\":\"2016-12-14T06:00:10+00:00\",\"mainEntityOfPage\":{\"@id\":\"https:\/\/www.budokampsport.se\/2016\/12\/14\/sa-firar-profilerna-jul-2\/\"},\"wordCount\":384,\"commentCount\":0,\"image\":{\"@id\":\"https:\/\/www.budokampsport.se\/2016\/12\/14\/sa-firar-profilerna-jul-2\/#primaryimage\"},\"thumbnailUrl\":\"https:\/\/www.budokampsport.se\/wp-content\/uploads\/2016\/12\/jul_tilda_ek.jpg\",\"inLanguage\":\"sv-SE\",\"potentialAction\":[{\"@type\":\"CommentAction\",\"name\":\"Comment\",\"target\":[\"https:\/\/www.budokampsport.se\/2016\/12\/14\/sa-firar-profilerna-jul-2\/#respond\"]}]},{\"@type\":\"WebPage\",\"@id\":\"https:\/\/www.budokampsport.se\/2016\/12\/14\/sa-firar-profilerna-jul-2\/\",\"url\":\"https:\/\/www.budokampsport.se\/2016\/12\/14\/sa-firar-profilerna-jul-2\/\",\"name\":\"S\u00e5 firar profilerna jul - Svenska Budo &amp; Kampsportsf\u00f6rbundet\",\"isPartOf\":{\"@id\":\"https:\/\/www.budokampsport.se\/#website\"},\"primaryImageOfPage\":{\"@id\":\"https:\/\/www.budokampsport.se\/2016\/12\/14\/sa-firar-profilerna-jul-2\/#primaryimage\"},\"image\":{\"@id\":\"https:\/\/www.budokampsport.se\/2016\/12\/14\/sa-firar-profilerna-jul-2\/#primaryimage\"},\"thumbnailUrl\":\"https:\/\/www.budokampsport.se\/wp-content\/uploads\/2016\/12\/jul_tilda_ek.jpg\",\"datePublished\":\"2016-12-14T06:00:10+00:00\",\"author\":{\"@id\":\"https:\/\/www.budokampsport.se\/#\/schema\/person\/5c06d81d14850e2a8ce5493386560145\"},\"description\":\"Den 20:e april i \u00e5r gjorde sig Tilda Ek redo f\u00f6r VM-finalen i kempo i Bukarest. Men resan till den rum\u00e4nska huvudstaden blev inte riktigt som 21-\u00e5riga Ek hade f\u00f6rest\u00e4llt sig.\",\"breadcrumb\":{\"@id\":\"https:\/\/www.budokampsport.se\/2016\/12\/14\/sa-firar-profilerna-jul-2\/#breadcrumb\"},\"inLanguage\":\"sv-SE\",\"potentialAction\":[{\"@type\":\"ReadAction\",\"target\":[\"https:\/\/www.budokampsport.se\/2016\/12\/14\/sa-firar-profilerna-jul-2\/\"]}]},{\"@type\":\"ImageObject\",\"inLanguage\":\"sv-SE\",\"@id\":\"https:\/\/www.budokampsport.se\/2016\/12\/14\/sa-firar-profilerna-jul-2\/#primaryimage\",\"url\":\"https:\/\/www.budokampsport.se\/wp-content\/uploads\/2016\/12\/jul_tilda_ek.jpg\",\"contentUrl\":\"https:\/\/www.budokampsport.se\/wp-content\/uploads\/2016\/12\/jul_tilda_ek.jpg\",\"width\":850,\"height\":606},{\"@type\":\"BreadcrumbList\",\"@id\":\"https:\/\/www.budokampsport.se\/2016\/12\/14\/sa-firar-profilerna-jul-2\/#breadcrumb\",\"itemListElement\":[{\"@type\":\"ListItem\",\"position\":1,\"name\":\"Hem\",\"item\":\"https:\/\/www.budokampsport.se\/\"},{\"@type\":\"ListItem\",\"position\":2,\"name\":\"S\u00e5 firar profilerna jul\"}]},{\"@type\":\"WebSite\",\"@id\":\"https:\/\/www.budokampsport.se\/#website\",\"url\":\"https:\/\/www.budokampsport.se\/\",\"name\":\"Svenska Budo &amp; Kampsportsf\u00f6rbundet\",\"description\":\"T\u00e4vling, Tr\u00e4ning, Tradition\",\"potentialAction\":[{\"@type\":\"SearchAction\",\"target\":{\"@type\":\"EntryPoint\",\"urlTemplate\":\"https:\/\/www.budokampsport.se\/?s={search_term_string}\"},\"query-input\":{\"@type\":\"PropertyValueSpecification\",\"valueRequired\":true,\"valueName\":\"search_term_string\"}}],\"inLanguage\":\"sv-SE\"},{\"@type\":\"Person\",\"@id\":\"https:\/\/www.budokampsport.se\/#\/schema\/person\/5c06d81d14850e2a8ce5493386560145\",\"name\":\"Jonathan Broberg\",\"image\":{\"@type\":\"ImageObject\",\"inLanguage\":\"sv-SE\",\"@id\":\"https:\/\/www.budokampsport.se\/#\/schema\/person\/image\/\",\"url\":\"https:\/\/secure.gravatar.com\/avatar\/a58041c6cea9128bd9c40ee2f26d4136?s=96&d=blank&r=g\",\"contentUrl\":\"https:\/\/secure.gravatar.com\/avatar\/a58041c6cea9128bd9c40ee2f26d4136?s=96&d=blank&r=g\",\"caption\":\"Jonathan Broberg\"},\"sameAs\":[\"https:\/\/www.facebook.com\/jonathan.broberg.7\"],\"url\":\"https:\/\/www.budokampsport.se\/author\/jonathan\/\"}]}<\/script>\n<!-- \/ Yoast SEO plugin. -->","yoast_head_json":{"title":"S\u00e5 firar profilerna jul - Svenska Budo &amp; Kampsportsf\u00f6rbundet","description":"Den 20:e april i \u00e5r gjorde sig Tilda Ek redo f\u00f6r VM-finalen i kempo i Bukarest. Men resan till den rum\u00e4nska huvudstaden blev inte riktigt som 21-\u00e5riga Ek hade f\u00f6rest\u00e4llt sig.","robots":{"index":"index","follow":"follow","max-snippet":"max-snippet:-1","max-image-preview":"max-image-preview:large","max-video-preview":"max-video-preview:-1"},"canonical":"https:\/\/www.budokampsport.se\/2016\/12\/14\/sa-firar-profilerna-jul-2\/","og_locale":"sv_SE","og_type":"article","og_title":"S\u00e5 firar profilerna jul - Svenska Budo &amp; Kampsportsf\u00f6rbundet","og_description":"Den 20:e april i \u00e5r gjorde sig Tilda Ek redo f\u00f6r VM-finalen i kempo i Bukarest. Men resan till den rum\u00e4nska huvudstaden blev inte riktigt som 21-\u00e5riga Ek hade f\u00f6rest\u00e4llt sig.","og_url":"https:\/\/www.budokampsport.se\/2016\/12\/14\/sa-firar-profilerna-jul-2\/","og_site_name":"Svenska Budo &amp; Kampsportsf\u00f6rbundet","article_author":"https:\/\/www.facebook.com\/jonathan.broberg.7","article_published_time":"2016-12-14T06:00:10+00:00","og_image":[{"width":850,"height":606,"url":"https:\/\/www.budokampsport.se\/wp-content\/uploads\/2016\/12\/jul_tilda_ek.jpg","type":"image\/jpeg"}],"author":"Jonathan Broberg","twitter_card":"summary_large_image","twitter_misc":{"Skriven av":"Jonathan Broberg","Ber\u00e4knad l\u00e4stid":"2 minuter"},"schema":{"@context":"https:\/\/schema.org","@graph":[{"@type":"Article","@id":"https:\/\/www.budokampsport.se\/2016\/12\/14\/sa-firar-profilerna-jul-2\/#article","isPartOf":{"@id":"https:\/\/www.budokampsport.se\/2016\/12\/14\/sa-firar-profilerna-jul-2\/"},"author":{"name":"Jonathan Broberg","@id":"https:\/\/www.budokampsport.se\/#\/schema\/person\/5c06d81d14850e2a8ce5493386560145"},"headline":"S\u00e5 firar profilerna jul","datePublished":"2016-12-14T06:00:10+00:00","mainEntityOfPage":{"@id":"https:\/\/www.budokampsport.se\/2016\/12\/14\/sa-firar-profilerna-jul-2\/"},"wordCount":384,"commentCount":0,"image":{"@id":"https:\/\/www.budokampsport.se\/2016\/12\/14\/sa-firar-profilerna-jul-2\/#primaryimage"},"thumbnailUrl":"https:\/\/www.budokampsport.se\/wp-content\/uploads\/2016\/12\/jul_tilda_ek.jpg","inLanguage":"sv-SE","potentialAction":[{"@type":"CommentAction","name":"Comment","target":["https:\/\/www.budokampsport.se\/2016\/12\/14\/sa-firar-profilerna-jul-2\/#respond"]}]},{"@type":"WebPage","@id":"https:\/\/www.budokampsport.se\/2016\/12\/14\/sa-firar-profilerna-jul-2\/","url":"https:\/\/www.budokampsport.se\/2016\/12\/14\/sa-firar-profilerna-jul-2\/","name":"S\u00e5 firar profilerna jul - Svenska Budo &amp; Kampsportsf\u00f6rbundet","isPartOf":{"@id":"https:\/\/www.budokampsport.se\/#website"},"primaryImageOfPage":{"@id":"https:\/\/www.budokampsport.se\/2016\/12\/14\/sa-firar-profilerna-jul-2\/#primaryimage"},"image":{"@id":"https:\/\/www.budokampsport.se\/2016\/12\/14\/sa-firar-profilerna-jul-2\/#primaryimage"},"thumbnailUrl":"https:\/\/www.budokampsport.se\/wp-content\/uploads\/2016\/12\/jul_tilda_ek.jpg","datePublished":"2016-12-14T06:00:10+00:00","author":{"@id":"https:\/\/www.budokampsport.se\/#\/schema\/person\/5c06d81d14850e2a8ce5493386560145"},"description":"Den 20:e april i \u00e5r gjorde sig Tilda Ek redo f\u00f6r VM-finalen i kempo i Bukarest. Men resan till den rum\u00e4nska huvudstaden blev inte riktigt som 21-\u00e5riga Ek hade f\u00f6rest\u00e4llt sig.","breadcrumb":{"@id":"https:\/\/www.budokampsport.se\/2016\/12\/14\/sa-firar-profilerna-jul-2\/#breadcrumb"},"inLanguage":"sv-SE","potentialAction":[{"@type":"ReadAction","target":["https:\/\/www.budokampsport.se\/2016\/12\/14\/sa-firar-profilerna-jul-2\/"]}]},{"@type":"ImageObject","inLanguage":"sv-SE","@id":"https:\/\/www.budokampsport.se\/2016\/12\/14\/sa-firar-profilerna-jul-2\/#primaryimage","url":"https:\/\/www.budokampsport.se\/wp-content\/uploads\/2016\/12\/jul_tilda_ek.jpg","contentUrl":"https:\/\/www.budokampsport.se\/wp-content\/uploads\/2016\/12\/jul_tilda_ek.jpg","width":850,"height":606},{"@type":"BreadcrumbList","@id":"https:\/\/www.budokampsport.se\/2016\/12\/14\/sa-firar-profilerna-jul-2\/#breadcrumb","itemListElement":[{"@type":"ListItem","position":1,"name":"Hem","item":"https:\/\/www.budokampsport.se\/"},{"@type":"ListItem","position":2,"name":"S\u00e5 firar profilerna jul"}]},{"@type":"WebSite","@id":"https:\/\/www.budokampsport.se\/#website","url":"https:\/\/www.budokampsport.se\/","name":"Svenska Budo &amp; Kampsportsf\u00f6rbundet","description":"T\u00e4vling, Tr\u00e4ning, Tradition","potentialAction":[{"@type":"SearchAction","target":{"@type":"EntryPoint","urlTemplate":"https:\/\/www.budokampsport.se\/?s={search_term_string}"},"query-input":{"@type":"PropertyValueSpecification","valueRequired":true,"valueName":"search_term_string"}}],"inLanguage":"sv-SE"},{"@type":"Person","@id":"https:\/\/www.budokampsport.se\/#\/schema\/person\/5c06d81d14850e2a8ce5493386560145","name":"Jonathan Broberg","image":{"@type":"ImageObject","inLanguage":"sv-SE","@id":"https:\/\/www.budokampsport.se\/#\/schema\/person\/image\/","url":"https:\/\/secure.gravatar.com\/avatar\/a58041c6cea9128bd9c40ee2f26d4136?s=96&d=blank&r=g","contentUrl":"https:\/\/secure.gravatar.com\/avatar\/a58041c6cea9128bd9c40ee2f26d4136?s=96&d=blank&r=g","caption":"Jonathan Broberg"},"sameAs":["https:\/\/www.facebook.com\/jonathan.broberg.7"],"url":"https:\/\/www.budokampsport.se\/author\/jonathan\/"}]}},"_links":{"self":[{"href":"https:\/\/www.budokampsport.se\/api\/wp\/v2\/posts\/36693","targetHints":{"allow":["GET"]}}],"collection":[{"href":"https:\/\/www.budokampsport.se\/api\/wp\/v2\/posts"}],"about":[{"href":"https:\/\/www.budokampsport.se\/api\/wp\/v2\/types\/post"}],"author":[{"embeddable":true,"href":"https:\/\/www.budokampsport.se\/api\/wp\/v2\/users\/7"}],"replies":[{"embeddable":true,"href":"https:\/\/www.budokampsport.se\/api\/wp\/v2\/comments?post=36693"}],"version-history":[{"count":0,"href":"https:\/\/www.budokampsport.se\/api\/wp\/v2\/posts\/36693\/revisions"}],"wp:featuredmedia":[{"embeddable":true,"href":"https:\/\/www.budokampsport.se\/api\/wp\/v2\/media\/36695"}],"wp:attachment":[{"href":"https:\/\/www.budokampsport.se\/api\/wp\/v2\/media?parent=36693"}],"wp:term":[{"taxonomy":"category","embeddable":true,"href":"https:\/\/www.budokampsport.se\/api\/wp\/v2\/categories?post=36693"},{"taxonomy":"post_tag","embeddable":true,"href":"https:\/\/www.budokampsport.se\/api\/wp\/v2\/tags?post=36693"}],"curies":[{"name":"wp","href":"https:\/\/api.w.org\/{rel}","templated":true}]}}