{"id":3678,"date":"2013-10-09T15:19:15","date_gmt":"2013-10-09T13:19:15","guid":{"rendered":"http:\/\/budo.wordpress.dev\/2013\/10\/09\/efter-vm-medaljstatistiken-har-ar-generalsekreterarens-passning-till-idrottsgalan-maste-ha-missat-oss\/"},"modified":"2016-12-06T22:32:38","modified_gmt":"2016-12-06T21:32:38","slug":"efter-vm-medaljstatistiken-har-ar-generalsekreterarens-passning-till-idrottsgalan-maste-ha-missat-oss","status":"publish","type":"post","link":"https:\/\/www.budokampsport.se\/2013\/10\/09\/efter-vm-medaljstatistiken-har-ar-generalsekreterarens-passning-till-idrottsgalan-maste-ha-missat-oss\/","title":{"rendered":"Efter VM-medaljstatistiken \u2013 h\u00e4r \u00e4r generalsekreterarens passning till Idrottsgalan: \u201dM\u00e5ste ha missat oss\u201d"},"content":{"rendered":"<p><strong>Efter dagens nyhet om att SB&#038;K-idrottare vinner flest VM-medaljer av alla idrottare i Sverige riktar Svenska Budo &#038; Kampsportsf\u00f6rbundets Generelasekreterare Mona Lundkvist blickarna mot \u2013 Idrottsgalan.<br \/>\u00a0\u00a0 &#8211; Jag f\u00f6rv\u00e4ntar mig att n\u00e5gra av v\u00e5ra idrottare \u00e4r nominerade i \u00e5r, s\u00e4ger hon till budokampsport.se.<\/strong><!--break--><\/p>\n<p>M\u00e4ngder av internationella m\u00e4sterskapsmedaljer och andra framg\u00e5ngar, flest VM-medaljer av alla idrottare i Sverige. \u00c4nd\u00e5 kalla handen hittills fr\u00e5n den svenska Idrottsgalan.<\/p>\n<p>Fortfarande har ingen svensk kampsportare blivit ens nominerad till Idrottsgalan. Ifjol var VM-guldmedalj\u00f6rerna inom SB&#038;K inte ens inbjudna till Idrottsgalan.<br \/>\u00a0\u00a0 &#8211; Min enda rimliga tanke \u00e4r att de m\u00e5ste ha missat oss p\u00e5 n\u00e5got s\u00e4tt. Det k\u00e4nns annars orimligt. Men det g\u00e5r att r\u00e4tta till. Jag f\u00f6rv\u00e4ntar mig att n\u00e5gra av v\u00e5ra idrottare \u00e4r nominerade till den kommande Idrottsgalan, s\u00e4ger Lundkvist.<\/p>\n<p>Och om den nya bekr\u00e4ftade VM-medaljstatistiken s\u00e4ger Mona s\u00e5 h\u00e4r:<br \/>\u00a0\u00a0 &#8211; Fantastiskt. F\u00f6r oss inom kampsporten \u00e4r det inget nytt, inget konstigt eller p\u00e5 n\u00e5got s\u00e4tt unik sammanst\u00e4llning. Men det \u00e4r klart att det k\u00e4nns sk\u00f6nt att f\u00e5 det bekr\u00e4ftat vilka otroligt bra idrottare vi har inom v\u00e5r familj.<\/p>\n<p>Text: Jonathan Broberg<\/p>\n","protected":false},"excerpt":{"rendered":"<p><strong>Efter dagens nyhet om att SB&#038;K-idrottare vinner flest VM-medaljer av alla idrottare i Sverige riktar Svenska Budo &#038; Kampsportsf\u00f6rbundets Generelasekreterare Mona Lundkvist blickarna mot \u2013 Idrottsgalan.<br \/>\u00a0\u00a0 &#8211; Jag f\u00f6rv\u00e4ntar mig att n\u00e5gra av v\u00e5ra idrottare \u00e4r nominerade i \u00e5r, s\u00e4ger hon till budokampsport.se.<\/strong><\/p><br>","protected":false},"author":7,"featured_media":0,"comment_status":"closed","ping_status":"closed","sticky":false,"template":"","format":"standard","meta":{"_acf_changed":false,"footnotes":""},"categories":[1],"tags":[],"class_list":["post-3678","post","type-post","status-publish","format-standard","hentry","category-okategoriserade"],"acf":[],"yoast_head":"<!-- This site is optimized with the Yoast SEO plugin v26.8 - https:\/\/yoast.com\/product\/yoast-seo-wordpress\/ -->\n<title>Efter VM-medaljstatistiken \u2013 h\u00e4r \u00e4r generalsekreterarens passning till Idrottsgalan: \u201dM\u00e5ste ha missat oss\u201d - Svenska Budo &amp; Kampsportsf\u00f6rbundet<\/title>\n<meta name=\"description\" content=\"Efter dagens nyhet om att SB&amp;K-idrottare vinner flest VM-medaljer av alla idrottare i Sverige riktar Svenska Budo &amp; Kampsportsf\u00f6rbundets Generelasekreterare Mona Lundkvist blickarna mot \u2013 Idrottsgalan.\u00a0\u00a0 - Jag f\u00f6rv\u00e4ntar mig att n\u00e5gra av v\u00e5ra idrottare \u00e4r nominerade i \u00e5r, s\u00e4ger hon till budokampsport.se.\" \/>\n<meta name=\"robots\" content=\"index, follow, max-snippet:-1, max-image-preview:large, max-video-preview:-1\" \/>\n<link rel=\"canonical\" href=\"https:\/\/www.budokampsport.se\/2013\/10\/09\/efter-vm-medaljstatistiken-har-ar-generalsekreterarens-passning-till-idrottsgalan-maste-ha-missat-oss\/\" \/>\n<meta property=\"og:locale\" content=\"sv_SE\" \/>\n<meta property=\"og:type\" content=\"article\" \/>\n<meta property=\"og:title\" content=\"Efter VM-medaljstatistiken \u2013 h\u00e4r \u00e4r generalsekreterarens passning till Idrottsgalan: \u201dM\u00e5ste ha missat oss\u201d - Svenska Budo &amp; Kampsportsf\u00f6rbundet\" \/>\n<meta property=\"og:description\" content=\"Efter dagens nyhet om att SB&amp;K-idrottare vinner flest VM-medaljer av alla idrottare i Sverige riktar Svenska Budo &amp; Kampsportsf\u00f6rbundets Generelasekreterare Mona Lundkvist blickarna mot \u2013 Idrottsgalan.\u00a0\u00a0 - Jag f\u00f6rv\u00e4ntar mig att n\u00e5gra av v\u00e5ra idrottare \u00e4r nominerade i \u00e5r, s\u00e4ger hon till budokampsport.se.\" \/>\n<meta property=\"og:url\" content=\"https:\/\/www.budokampsport.se\/2013\/10\/09\/efter-vm-medaljstatistiken-har-ar-generalsekreterarens-passning-till-idrottsgalan-maste-ha-missat-oss\/\" \/>\n<meta property=\"og:site_name\" content=\"Svenska Budo &amp; Kampsportsf\u00f6rbundet\" \/>\n<meta property=\"article:author\" content=\"https:\/\/www.facebook.com\/jonathan.broberg.7\" \/>\n<meta property=\"article:published_time\" content=\"2013-10-09T13:19:15+00:00\" \/>\n<meta property=\"article:modified_time\" content=\"2016-12-06T21:32:38+00:00\" \/>\n<meta name=\"author\" content=\"Jonathan Broberg\" \/>\n<meta name=\"twitter:card\" content=\"summary_large_image\" \/>\n<meta name=\"twitter:label1\" content=\"Skriven av\" \/>\n\t<meta name=\"twitter:data1\" content=\"Jonathan Broberg\" \/>\n\t<meta name=\"twitter:label2\" content=\"Ber\u00e4knad l\u00e4stid\" \/>\n\t<meta name=\"twitter:data2\" content=\"1 minut\" \/>\n<script type=\"application\/ld+json\" class=\"yoast-schema-graph\">{\"@context\":\"https:\/\/schema.org\",\"@graph\":[{\"@type\":\"Article\",\"@id\":\"https:\/\/www.budokampsport.se\/2013\/10\/09\/efter-vm-medaljstatistiken-har-ar-generalsekreterarens-passning-till-idrottsgalan-maste-ha-missat-oss\/#article\",\"isPartOf\":{\"@id\":\"https:\/\/www.budokampsport.se\/2013\/10\/09\/efter-vm-medaljstatistiken-har-ar-generalsekreterarens-passning-till-idrottsgalan-maste-ha-missat-oss\/\"},\"author\":{\"name\":\"Jonathan Broberg\",\"@id\":\"https:\/\/www.budokampsport.se\/#\/schema\/person\/5c06d81d14850e2a8ce5493386560145\"},\"headline\":\"Efter VM-medaljstatistiken \u2013 h\u00e4r \u00e4r generalsekreterarens passning till Idrottsgalan: \u201dM\u00e5ste ha missat oss\u201d\",\"datePublished\":\"2013-10-09T13:19:15+00:00\",\"dateModified\":\"2016-12-06T21:32:38+00:00\",\"mainEntityOfPage\":{\"@id\":\"https:\/\/www.budokampsport.se\/2013\/10\/09\/efter-vm-medaljstatistiken-har-ar-generalsekreterarens-passning-till-idrottsgalan-maste-ha-missat-oss\/\"},\"wordCount\":226,\"inLanguage\":\"sv-SE\"},{\"@type\":\"WebPage\",\"@id\":\"https:\/\/www.budokampsport.se\/2013\/10\/09\/efter-vm-medaljstatistiken-har-ar-generalsekreterarens-passning-till-idrottsgalan-maste-ha-missat-oss\/\",\"url\":\"https:\/\/www.budokampsport.se\/2013\/10\/09\/efter-vm-medaljstatistiken-har-ar-generalsekreterarens-passning-till-idrottsgalan-maste-ha-missat-oss\/\",\"name\":\"Efter VM-medaljstatistiken \u2013 h\u00e4r \u00e4r generalsekreterarens passning till Idrottsgalan: \u201dM\u00e5ste ha missat oss\u201d - Svenska Budo &amp; Kampsportsf\u00f6rbundet\",\"isPartOf\":{\"@id\":\"https:\/\/www.budokampsport.se\/#website\"},\"datePublished\":\"2013-10-09T13:19:15+00:00\",\"dateModified\":\"2016-12-06T21:32:38+00:00\",\"author\":{\"@id\":\"https:\/\/www.budokampsport.se\/#\/schema\/person\/5c06d81d14850e2a8ce5493386560145\"},\"description\":\"Efter dagens nyhet om att SB&K-idrottare vinner flest VM-medaljer av alla idrottare i Sverige riktar Svenska Budo & Kampsportsf\u00f6rbundets Generelasekreterare Mona Lundkvist blickarna mot \u2013 Idrottsgalan.\u00a0\u00a0 - Jag f\u00f6rv\u00e4ntar mig att n\u00e5gra av v\u00e5ra idrottare \u00e4r nominerade i \u00e5r, s\u00e4ger hon till budokampsport.se.\",\"breadcrumb\":{\"@id\":\"https:\/\/www.budokampsport.se\/2013\/10\/09\/efter-vm-medaljstatistiken-har-ar-generalsekreterarens-passning-till-idrottsgalan-maste-ha-missat-oss\/#breadcrumb\"},\"inLanguage\":\"sv-SE\",\"potentialAction\":[{\"@type\":\"ReadAction\",\"target\":[\"https:\/\/www.budokampsport.se\/2013\/10\/09\/efter-vm-medaljstatistiken-har-ar-generalsekreterarens-passning-till-idrottsgalan-maste-ha-missat-oss\/\"]}]},{\"@type\":\"BreadcrumbList\",\"@id\":\"https:\/\/www.budokampsport.se\/2013\/10\/09\/efter-vm-medaljstatistiken-har-ar-generalsekreterarens-passning-till-idrottsgalan-maste-ha-missat-oss\/#breadcrumb\",\"itemListElement\":[{\"@type\":\"ListItem\",\"position\":1,\"name\":\"Hem\",\"item\":\"https:\/\/www.budokampsport.se\/\"},{\"@type\":\"ListItem\",\"position\":2,\"name\":\"Efter VM-medaljstatistiken \u2013 h\u00e4r \u00e4r generalsekreterarens passning till Idrottsgalan: \u201dM\u00e5ste ha missat oss\u201d\"}]},{\"@type\":\"WebSite\",\"@id\":\"https:\/\/www.budokampsport.se\/#website\",\"url\":\"https:\/\/www.budokampsport.se\/\",\"name\":\"Svenska Budo &amp; Kampsportsf\u00f6rbundet\",\"description\":\"T\u00e4vling, Tr\u00e4ning, Tradition\",\"potentialAction\":[{\"@type\":\"SearchAction\",\"target\":{\"@type\":\"EntryPoint\",\"urlTemplate\":\"https:\/\/www.budokampsport.se\/?s={search_term_string}\"},\"query-input\":{\"@type\":\"PropertyValueSpecification\",\"valueRequired\":true,\"valueName\":\"search_term_string\"}}],\"inLanguage\":\"sv-SE\"},{\"@type\":\"Person\",\"@id\":\"https:\/\/www.budokampsport.se\/#\/schema\/person\/5c06d81d14850e2a8ce5493386560145\",\"name\":\"Jonathan Broberg\",\"image\":{\"@type\":\"ImageObject\",\"inLanguage\":\"sv-SE\",\"@id\":\"https:\/\/www.budokampsport.se\/#\/schema\/person\/image\/\",\"url\":\"https:\/\/secure.gravatar.com\/avatar\/a58041c6cea9128bd9c40ee2f26d4136?s=96&d=blank&r=g\",\"contentUrl\":\"https:\/\/secure.gravatar.com\/avatar\/a58041c6cea9128bd9c40ee2f26d4136?s=96&d=blank&r=g\",\"caption\":\"Jonathan Broberg\"},\"sameAs\":[\"https:\/\/www.facebook.com\/jonathan.broberg.7\"],\"url\":\"https:\/\/www.budokampsport.se\/author\/jonathan\/\"}]}<\/script>\n<!-- \/ Yoast SEO plugin. -->","yoast_head_json":{"title":"Efter VM-medaljstatistiken \u2013 h\u00e4r \u00e4r generalsekreterarens passning till Idrottsgalan: \u201dM\u00e5ste ha missat oss\u201d - Svenska Budo &amp; Kampsportsf\u00f6rbundet","description":"Efter dagens nyhet om att SB&K-idrottare vinner flest VM-medaljer av alla idrottare i Sverige riktar Svenska Budo & Kampsportsf\u00f6rbundets Generelasekreterare Mona Lundkvist blickarna mot \u2013 Idrottsgalan.\u00a0\u00a0 - Jag f\u00f6rv\u00e4ntar mig att n\u00e5gra av v\u00e5ra idrottare \u00e4r nominerade i \u00e5r, s\u00e4ger hon till budokampsport.se.","robots":{"index":"index","follow":"follow","max-snippet":"max-snippet:-1","max-image-preview":"max-image-preview:large","max-video-preview":"max-video-preview:-1"},"canonical":"https:\/\/www.budokampsport.se\/2013\/10\/09\/efter-vm-medaljstatistiken-har-ar-generalsekreterarens-passning-till-idrottsgalan-maste-ha-missat-oss\/","og_locale":"sv_SE","og_type":"article","og_title":"Efter VM-medaljstatistiken \u2013 h\u00e4r \u00e4r generalsekreterarens passning till Idrottsgalan: \u201dM\u00e5ste ha missat oss\u201d - Svenska Budo &amp; Kampsportsf\u00f6rbundet","og_description":"Efter dagens nyhet om att SB&K-idrottare vinner flest VM-medaljer av alla idrottare i Sverige riktar Svenska Budo & Kampsportsf\u00f6rbundets Generelasekreterare Mona Lundkvist blickarna mot \u2013 Idrottsgalan.\u00a0\u00a0 - Jag f\u00f6rv\u00e4ntar mig att n\u00e5gra av v\u00e5ra idrottare \u00e4r nominerade i \u00e5r, s\u00e4ger hon till budokampsport.se.","og_url":"https:\/\/www.budokampsport.se\/2013\/10\/09\/efter-vm-medaljstatistiken-har-ar-generalsekreterarens-passning-till-idrottsgalan-maste-ha-missat-oss\/","og_site_name":"Svenska Budo &amp; Kampsportsf\u00f6rbundet","article_author":"https:\/\/www.facebook.com\/jonathan.broberg.7","article_published_time":"2013-10-09T13:19:15+00:00","article_modified_time":"2016-12-06T21:32:38+00:00","author":"Jonathan Broberg","twitter_card":"summary_large_image","twitter_misc":{"Skriven av":"Jonathan Broberg","Ber\u00e4knad l\u00e4stid":"1 minut"},"schema":{"@context":"https:\/\/schema.org","@graph":[{"@type":"Article","@id":"https:\/\/www.budokampsport.se\/2013\/10\/09\/efter-vm-medaljstatistiken-har-ar-generalsekreterarens-passning-till-idrottsgalan-maste-ha-missat-oss\/#article","isPartOf":{"@id":"https:\/\/www.budokampsport.se\/2013\/10\/09\/efter-vm-medaljstatistiken-har-ar-generalsekreterarens-passning-till-idrottsgalan-maste-ha-missat-oss\/"},"author":{"name":"Jonathan Broberg","@id":"https:\/\/www.budokampsport.se\/#\/schema\/person\/5c06d81d14850e2a8ce5493386560145"},"headline":"Efter VM-medaljstatistiken \u2013 h\u00e4r \u00e4r generalsekreterarens passning till Idrottsgalan: \u201dM\u00e5ste ha missat oss\u201d","datePublished":"2013-10-09T13:19:15+00:00","dateModified":"2016-12-06T21:32:38+00:00","mainEntityOfPage":{"@id":"https:\/\/www.budokampsport.se\/2013\/10\/09\/efter-vm-medaljstatistiken-har-ar-generalsekreterarens-passning-till-idrottsgalan-maste-ha-missat-oss\/"},"wordCount":226,"inLanguage":"sv-SE"},{"@type":"WebPage","@id":"https:\/\/www.budokampsport.se\/2013\/10\/09\/efter-vm-medaljstatistiken-har-ar-generalsekreterarens-passning-till-idrottsgalan-maste-ha-missat-oss\/","url":"https:\/\/www.budokampsport.se\/2013\/10\/09\/efter-vm-medaljstatistiken-har-ar-generalsekreterarens-passning-till-idrottsgalan-maste-ha-missat-oss\/","name":"Efter VM-medaljstatistiken \u2013 h\u00e4r \u00e4r generalsekreterarens passning till Idrottsgalan: \u201dM\u00e5ste ha missat oss\u201d - Svenska Budo &amp; Kampsportsf\u00f6rbundet","isPartOf":{"@id":"https:\/\/www.budokampsport.se\/#website"},"datePublished":"2013-10-09T13:19:15+00:00","dateModified":"2016-12-06T21:32:38+00:00","author":{"@id":"https:\/\/www.budokampsport.se\/#\/schema\/person\/5c06d81d14850e2a8ce5493386560145"},"description":"Efter dagens nyhet om att SB&K-idrottare vinner flest VM-medaljer av alla idrottare i Sverige riktar Svenska Budo & Kampsportsf\u00f6rbundets Generelasekreterare Mona Lundkvist blickarna mot \u2013 Idrottsgalan.\u00a0\u00a0 - Jag f\u00f6rv\u00e4ntar mig att n\u00e5gra av v\u00e5ra idrottare \u00e4r nominerade i \u00e5r, s\u00e4ger hon till budokampsport.se.","breadcrumb":{"@id":"https:\/\/www.budokampsport.se\/2013\/10\/09\/efter-vm-medaljstatistiken-har-ar-generalsekreterarens-passning-till-idrottsgalan-maste-ha-missat-oss\/#breadcrumb"},"inLanguage":"sv-SE","potentialAction":[{"@type":"ReadAction","target":["https:\/\/www.budokampsport.se\/2013\/10\/09\/efter-vm-medaljstatistiken-har-ar-generalsekreterarens-passning-till-idrottsgalan-maste-ha-missat-oss\/"]}]},{"@type":"BreadcrumbList","@id":"https:\/\/www.budokampsport.se\/2013\/10\/09\/efter-vm-medaljstatistiken-har-ar-generalsekreterarens-passning-till-idrottsgalan-maste-ha-missat-oss\/#breadcrumb","itemListElement":[{"@type":"ListItem","position":1,"name":"Hem","item":"https:\/\/www.budokampsport.se\/"},{"@type":"ListItem","position":2,"name":"Efter VM-medaljstatistiken \u2013 h\u00e4r \u00e4r generalsekreterarens passning till Idrottsgalan: \u201dM\u00e5ste ha missat oss\u201d"}]},{"@type":"WebSite","@id":"https:\/\/www.budokampsport.se\/#website","url":"https:\/\/www.budokampsport.se\/","name":"Svenska Budo &amp; Kampsportsf\u00f6rbundet","description":"T\u00e4vling, Tr\u00e4ning, Tradition","potentialAction":[{"@type":"SearchAction","target":{"@type":"EntryPoint","urlTemplate":"https:\/\/www.budokampsport.se\/?s={search_term_string}"},"query-input":{"@type":"PropertyValueSpecification","valueRequired":true,"valueName":"search_term_string"}}],"inLanguage":"sv-SE"},{"@type":"Person","@id":"https:\/\/www.budokampsport.se\/#\/schema\/person\/5c06d81d14850e2a8ce5493386560145","name":"Jonathan Broberg","image":{"@type":"ImageObject","inLanguage":"sv-SE","@id":"https:\/\/www.budokampsport.se\/#\/schema\/person\/image\/","url":"https:\/\/secure.gravatar.com\/avatar\/a58041c6cea9128bd9c40ee2f26d4136?s=96&d=blank&r=g","contentUrl":"https:\/\/secure.gravatar.com\/avatar\/a58041c6cea9128bd9c40ee2f26d4136?s=96&d=blank&r=g","caption":"Jonathan Broberg"},"sameAs":["https:\/\/www.facebook.com\/jonathan.broberg.7"],"url":"https:\/\/www.budokampsport.se\/author\/jonathan\/"}]}},"_links":{"self":[{"href":"https:\/\/www.budokampsport.se\/api\/wp\/v2\/posts\/3678","targetHints":{"allow":["GET"]}}],"collection":[{"href":"https:\/\/www.budokampsport.se\/api\/wp\/v2\/posts"}],"about":[{"href":"https:\/\/www.budokampsport.se\/api\/wp\/v2\/types\/post"}],"author":[{"embeddable":true,"href":"https:\/\/www.budokampsport.se\/api\/wp\/v2\/users\/7"}],"replies":[{"embeddable":true,"href":"https:\/\/www.budokampsport.se\/api\/wp\/v2\/comments?post=3678"}],"version-history":[{"count":0,"href":"https:\/\/www.budokampsport.se\/api\/wp\/v2\/posts\/3678\/revisions"}],"wp:attachment":[{"href":"https:\/\/www.budokampsport.se\/api\/wp\/v2\/media?parent=3678"}],"wp:term":[{"taxonomy":"category","embeddable":true,"href":"https:\/\/www.budokampsport.se\/api\/wp\/v2\/categories?post=3678"},{"taxonomy":"post_tag","embeddable":true,"href":"https:\/\/www.budokampsport.se\/api\/wp\/v2\/tags?post=3678"}],"curies":[{"name":"wp","href":"https:\/\/api.w.org\/{rel}","templated":true}]}}