{"id":36905,"date":"2016-12-21T07:00:38","date_gmt":"2016-12-21T06:00:38","guid":{"rendered":"http:\/\/www.budokampsport.se\/?p=36905"},"modified":"2016-12-21T07:02:32","modified_gmt":"2016-12-21T06:02:32","slug":"sa-firar-profilerna-jul-8","status":"publish","type":"post","link":"https:\/\/www.budokampsport.se\/2016\/12\/21\/sa-firar-profilerna-jul-8\/","title":{"rendered":"S\u00e5 firar profilerna jul"},"content":{"rendered":"<p style=\"text-align: left;\">Jimmie Jensen sp\u00e5ddes en lysande MMA-karri\u00e4r. Hans tekniska och fartfyllda game charmade stora delar av amat\u00f6r-MMA-v\u00e4rlden, och Jimmie vann ocks\u00e5 ett silver i det f\u00f6rsta VM:et n\u00e5gonsin.<\/p>\n<p>Sedan dess har emellertid skador satt stopp f\u00f6r en fortsatt egen karri\u00e4r, d\u00e4r fr\u00e4mst en huvudskada f\u00e5tt honom att l\u00e4gga handskarna p\u00e5 hyllan.<\/p>\n<p>Idag \u00e4r Jensen en h\u00e4ngiven coach ist\u00e4llet, som under \u00e5ret hj\u00e4lpt flera fighters till stora framg\u00e5ngar. Han har ocks\u00e5 startat ett eget management, Jensen management, tillsammans med Wahab Akman, Christer jensen och Nadia Bergmark.<\/p>\n<p><strong>Jimmie, om du ser tillbaka p\u00e5 2016, hur har det \u00e5ret varit f\u00f6r dig b\u00e5de personligt och idrottsligt?<\/strong><br \/>\n&#8211; Idrottsligt s\u00e5 kom jag fram till att l\u00e4gga ner min karri\u00e4r p\u00e5 grund av min huvudskada som jag drog p\u00e5 mig 2014. Det har varit en l\u00e5ng och extremt jobbig resa i vissa perioder, men jag har tagit ett beslut som k\u00e4nns helt r\u00e4tt f\u00f6r mig. Det har varit en v\u00e4ldigt jobbig personlig resa ocks\u00e5 med att besluta att inte vara en elitidrottare och kampsportare, lite identitetskris men jag har alltid haft bra m\u00e4nniskor runt omkring mig som alltid st\u00e4llt upp &#8211; framf\u00f6r allt min tjej Nadia.<\/p>\n<p><strong>Hur kommer du att fira julen?<\/strong><br \/>\n&#8211; Julen kommer firas f\u00f6rst hemma med hundarna med skogspromenad och jullunch i skogen. Sedan hem till min tjejs familj d\u00e4r vi kommer \u00e4ta massa mat och spela mycket spel med William om vi f\u00e5r det.<\/p>\n<p><strong>Vad \u00f6nskar du dig mest av allt i julklapp?<\/strong><br \/>\n&#8211; Jag \u00f6nskar mig tv\u00e5 sn\u00e4lla hundar och en lycklig sambo.<\/p>\n<figure id=\"attachment_36907\" aria-describedby=\"caption-attachment-36907\" style=\"width: 376px\" class=\"wp-caption alignnone\"><img loading=\"lazy\" decoding=\"async\" class=\"size-medium wp-image-36907\" src=\"http:\/\/www.budokampsport.se\/wp-content\/uploads\/2016\/12\/jimmie_jensen-376x221.jpg\" alt=\"Foto: Mona Lundkvist\" width=\"376\" height=\"221\" srcset=\"https:\/\/www.budokampsport.se\/wp-content\/uploads\/2016\/12\/jimmie_jensen-376x221.jpg 376w, https:\/\/www.budokampsport.se\/wp-content\/uploads\/2016\/12\/jimmie_jensen-600x353.jpg 600w, https:\/\/www.budokampsport.se\/wp-content\/uploads\/2016\/12\/jimmie_jensen-278x164.jpg 278w, https:\/\/www.budokampsport.se\/wp-content\/uploads\/2016\/12\/jimmie_jensen-847x498.jpg 847w, https:\/\/www.budokampsport.se\/wp-content\/uploads\/2016\/12\/jimmie_jensen-572x336.jpg 572w, https:\/\/www.budokampsport.se\/wp-content\/uploads\/2016\/12\/jimmie_jensen.jpg 850w\" sizes=\"auto, (max-width: 376px) 100vw, 376px\" \/><figcaption id=\"caption-attachment-36907\" class=\"wp-caption-text\">Foto: Mona Lundkvist<\/figcaption><\/figure>\n<p><strong> Har du n\u00e5got ny\u00e5rsl\u00f6fte, i s\u00e5 fall vad och varf\u00f6r?<\/strong><br \/>\n&#8211; Att jag ska bli en b\u00e4ttre m\u00e4nniska och hj\u00e4lpa andra i n\u00f6d.<\/p>\n<p><strong> Om du blickar fram mot 2017, vad tror du om det \u00e5ret b\u00e5de personligt och idrottsligt?<\/strong><br \/>\n&#8211; 2017, smack! Rostem ska ut p\u00e5 proffsturn\u00e9 vilket ska bli fantastiskt att f\u00f6lja och uppleva. Serdar och Hoger ska ta \u00f6ver amat\u00f6rscenen nu n\u00e4r Rostem har l\u00e4mnat den till dem. Jag, Wahab Akman ,Nadia Bergmark och Christer Jensen har \u00f6ppnat ett managementbolag, Jensen Management, som vi jobbar p\u00e5 att etablera. Och s\u00e5 ska vi flytta till Tyres\u00f6 med min familj vilket kommer bli helt underbart. Vi kommer bo v\u00e4ldigt n\u00e4ra ett naturomr\u00e5de vilken k\u00e4nns helt fantastiskt.<\/p>\n<p>Budokampsport.se vill s\u00e5 klart passa p\u00e5 att \u00f6nska Jimmie en riktigt god jul och ett gott nytt \u00e5r.<\/p>\n<p>Text: Jonathan Broberg<\/p>\n","protected":false},"excerpt":{"rendered":"<p>Budokampsport.ses traditionsenliga julnedr\u00e4kning forts\u00e4tter och idag \u00e4r turen kommen att ta julpulsen p\u00e5 MMA-coachen Jimmie Jensen, som dessutom just startat upp ett management.<\/p><br>","protected":false},"author":7,"featured_media":36906,"comment_status":"open","ping_status":"open","sticky":false,"template":"","format":"standard","meta":{"_acf_changed":false,"footnotes":""},"categories":[1],"tags":[],"class_list":["post-36905","post","type-post","status-publish","format-standard","has-post-thumbnail","hentry","category-okategoriserade"],"acf":[],"yoast_head":"<!-- This site is optimized with the Yoast SEO plugin v26.8 - https:\/\/yoast.com\/product\/yoast-seo-wordpress\/ -->\n<title>S\u00e5 firar profilerna jul - Svenska Budo &amp; Kampsportsf\u00f6rbundet<\/title>\n<meta name=\"description\" content=\"Budokampsport.ses traditionsenliga julnedr\u00e4kning forts\u00e4tter och idag \u00e4r turen kommen att ta julpulsen p\u00e5 MMA-coachen Jimmie Jensen, som dessutom just startat upp ett management.\" \/>\n<meta name=\"robots\" content=\"index, follow, max-snippet:-1, max-image-preview:large, max-video-preview:-1\" \/>\n<link rel=\"canonical\" href=\"https:\/\/www.budokampsport.se\/2016\/12\/21\/sa-firar-profilerna-jul-8\/\" \/>\n<meta property=\"og:locale\" content=\"sv_SE\" \/>\n<meta property=\"og:type\" content=\"article\" \/>\n<meta property=\"og:title\" content=\"S\u00e5 firar profilerna jul - Svenska Budo &amp; Kampsportsf\u00f6rbundet\" \/>\n<meta property=\"og:description\" content=\"Budokampsport.ses traditionsenliga julnedr\u00e4kning forts\u00e4tter och idag \u00e4r turen kommen att ta julpulsen p\u00e5 MMA-coachen Jimmie Jensen, som dessutom just startat upp ett management.\" \/>\n<meta property=\"og:url\" content=\"https:\/\/www.budokampsport.se\/2016\/12\/21\/sa-firar-profilerna-jul-8\/\" \/>\n<meta property=\"og:site_name\" content=\"Svenska Budo &amp; Kampsportsf\u00f6rbundet\" \/>\n<meta property=\"article:author\" content=\"https:\/\/www.facebook.com\/jonathan.broberg.7\" \/>\n<meta property=\"article:published_time\" content=\"2016-12-21T06:00:38+00:00\" \/>\n<meta property=\"article:modified_time\" content=\"2016-12-21T06:02:32+00:00\" \/>\n<meta property=\"og:image\" content=\"https:\/\/www.budokampsport.se\/wp-content\/uploads\/2016\/12\/jul_jimmie.jpg\" \/>\n\t<meta property=\"og:image:width\" content=\"850\" \/>\n\t<meta property=\"og:image:height\" content=\"635\" \/>\n\t<meta property=\"og:image:type\" content=\"image\/jpeg\" \/>\n<meta name=\"author\" content=\"Jonathan Broberg\" \/>\n<meta name=\"twitter:card\" content=\"summary_large_image\" \/>\n<meta name=\"twitter:label1\" content=\"Skriven av\" \/>\n\t<meta name=\"twitter:data1\" content=\"Jonathan Broberg\" \/>\n\t<meta name=\"twitter:label2\" content=\"Ber\u00e4knad l\u00e4stid\" \/>\n\t<meta name=\"twitter:data2\" content=\"2 minuter\" \/>\n<script type=\"application\/ld+json\" class=\"yoast-schema-graph\">{\"@context\":\"https:\/\/schema.org\",\"@graph\":[{\"@type\":\"Article\",\"@id\":\"https:\/\/www.budokampsport.se\/2016\/12\/21\/sa-firar-profilerna-jul-8\/#article\",\"isPartOf\":{\"@id\":\"https:\/\/www.budokampsport.se\/2016\/12\/21\/sa-firar-profilerna-jul-8\/\"},\"author\":{\"name\":\"Jonathan Broberg\",\"@id\":\"https:\/\/www.budokampsport.se\/#\/schema\/person\/5c06d81d14850e2a8ce5493386560145\"},\"headline\":\"S\u00e5 firar profilerna jul\",\"datePublished\":\"2016-12-21T06:00:38+00:00\",\"dateModified\":\"2016-12-21T06:02:32+00:00\",\"mainEntityOfPage\":{\"@id\":\"https:\/\/www.budokampsport.se\/2016\/12\/21\/sa-firar-profilerna-jul-8\/\"},\"wordCount\":450,\"commentCount\":3,\"image\":{\"@id\":\"https:\/\/www.budokampsport.se\/2016\/12\/21\/sa-firar-profilerna-jul-8\/#primaryimage\"},\"thumbnailUrl\":\"https:\/\/www.budokampsport.se\/wp-content\/uploads\/2016\/12\/jul_jimmie.jpg\",\"inLanguage\":\"sv-SE\",\"potentialAction\":[{\"@type\":\"CommentAction\",\"name\":\"Comment\",\"target\":[\"https:\/\/www.budokampsport.se\/2016\/12\/21\/sa-firar-profilerna-jul-8\/#respond\"]}]},{\"@type\":\"WebPage\",\"@id\":\"https:\/\/www.budokampsport.se\/2016\/12\/21\/sa-firar-profilerna-jul-8\/\",\"url\":\"https:\/\/www.budokampsport.se\/2016\/12\/21\/sa-firar-profilerna-jul-8\/\",\"name\":\"S\u00e5 firar profilerna jul - Svenska Budo &amp; Kampsportsf\u00f6rbundet\",\"isPartOf\":{\"@id\":\"https:\/\/www.budokampsport.se\/#website\"},\"primaryImageOfPage\":{\"@id\":\"https:\/\/www.budokampsport.se\/2016\/12\/21\/sa-firar-profilerna-jul-8\/#primaryimage\"},\"image\":{\"@id\":\"https:\/\/www.budokampsport.se\/2016\/12\/21\/sa-firar-profilerna-jul-8\/#primaryimage\"},\"thumbnailUrl\":\"https:\/\/www.budokampsport.se\/wp-content\/uploads\/2016\/12\/jul_jimmie.jpg\",\"datePublished\":\"2016-12-21T06:00:38+00:00\",\"dateModified\":\"2016-12-21T06:02:32+00:00\",\"author\":{\"@id\":\"https:\/\/www.budokampsport.se\/#\/schema\/person\/5c06d81d14850e2a8ce5493386560145\"},\"description\":\"Budokampsport.ses traditionsenliga julnedr\u00e4kning forts\u00e4tter och idag \u00e4r turen kommen att ta julpulsen p\u00e5 MMA-coachen Jimmie Jensen, som dessutom just startat upp ett management.\",\"breadcrumb\":{\"@id\":\"https:\/\/www.budokampsport.se\/2016\/12\/21\/sa-firar-profilerna-jul-8\/#breadcrumb\"},\"inLanguage\":\"sv-SE\",\"potentialAction\":[{\"@type\":\"ReadAction\",\"target\":[\"https:\/\/www.budokampsport.se\/2016\/12\/21\/sa-firar-profilerna-jul-8\/\"]}]},{\"@type\":\"ImageObject\",\"inLanguage\":\"sv-SE\",\"@id\":\"https:\/\/www.budokampsport.se\/2016\/12\/21\/sa-firar-profilerna-jul-8\/#primaryimage\",\"url\":\"https:\/\/www.budokampsport.se\/wp-content\/uploads\/2016\/12\/jul_jimmie.jpg\",\"contentUrl\":\"https:\/\/www.budokampsport.se\/wp-content\/uploads\/2016\/12\/jul_jimmie.jpg\",\"width\":850,\"height\":635},{\"@type\":\"BreadcrumbList\",\"@id\":\"https:\/\/www.budokampsport.se\/2016\/12\/21\/sa-firar-profilerna-jul-8\/#breadcrumb\",\"itemListElement\":[{\"@type\":\"ListItem\",\"position\":1,\"name\":\"Hem\",\"item\":\"https:\/\/www.budokampsport.se\/\"},{\"@type\":\"ListItem\",\"position\":2,\"name\":\"S\u00e5 firar profilerna jul\"}]},{\"@type\":\"WebSite\",\"@id\":\"https:\/\/www.budokampsport.se\/#website\",\"url\":\"https:\/\/www.budokampsport.se\/\",\"name\":\"Svenska Budo &amp; Kampsportsf\u00f6rbundet\",\"description\":\"T\u00e4vling, Tr\u00e4ning, Tradition\",\"potentialAction\":[{\"@type\":\"SearchAction\",\"target\":{\"@type\":\"EntryPoint\",\"urlTemplate\":\"https:\/\/www.budokampsport.se\/?s={search_term_string}\"},\"query-input\":{\"@type\":\"PropertyValueSpecification\",\"valueRequired\":true,\"valueName\":\"search_term_string\"}}],\"inLanguage\":\"sv-SE\"},{\"@type\":\"Person\",\"@id\":\"https:\/\/www.budokampsport.se\/#\/schema\/person\/5c06d81d14850e2a8ce5493386560145\",\"name\":\"Jonathan Broberg\",\"image\":{\"@type\":\"ImageObject\",\"inLanguage\":\"sv-SE\",\"@id\":\"https:\/\/www.budokampsport.se\/#\/schema\/person\/image\/\",\"url\":\"https:\/\/secure.gravatar.com\/avatar\/a58041c6cea9128bd9c40ee2f26d4136?s=96&d=blank&r=g\",\"contentUrl\":\"https:\/\/secure.gravatar.com\/avatar\/a58041c6cea9128bd9c40ee2f26d4136?s=96&d=blank&r=g\",\"caption\":\"Jonathan Broberg\"},\"sameAs\":[\"https:\/\/www.facebook.com\/jonathan.broberg.7\"],\"url\":\"https:\/\/www.budokampsport.se\/author\/jonathan\/\"}]}<\/script>\n<!-- \/ Yoast SEO plugin. -->","yoast_head_json":{"title":"S\u00e5 firar profilerna jul - Svenska Budo &amp; Kampsportsf\u00f6rbundet","description":"Budokampsport.ses traditionsenliga julnedr\u00e4kning forts\u00e4tter och idag \u00e4r turen kommen att ta julpulsen p\u00e5 MMA-coachen Jimmie Jensen, som dessutom just startat upp ett management.","robots":{"index":"index","follow":"follow","max-snippet":"max-snippet:-1","max-image-preview":"max-image-preview:large","max-video-preview":"max-video-preview:-1"},"canonical":"https:\/\/www.budokampsport.se\/2016\/12\/21\/sa-firar-profilerna-jul-8\/","og_locale":"sv_SE","og_type":"article","og_title":"S\u00e5 firar profilerna jul - Svenska Budo &amp; Kampsportsf\u00f6rbundet","og_description":"Budokampsport.ses traditionsenliga julnedr\u00e4kning forts\u00e4tter och idag \u00e4r turen kommen att ta julpulsen p\u00e5 MMA-coachen Jimmie Jensen, som dessutom just startat upp ett management.","og_url":"https:\/\/www.budokampsport.se\/2016\/12\/21\/sa-firar-profilerna-jul-8\/","og_site_name":"Svenska Budo &amp; Kampsportsf\u00f6rbundet","article_author":"https:\/\/www.facebook.com\/jonathan.broberg.7","article_published_time":"2016-12-21T06:00:38+00:00","article_modified_time":"2016-12-21T06:02:32+00:00","og_image":[{"width":850,"height":635,"url":"https:\/\/www.budokampsport.se\/wp-content\/uploads\/2016\/12\/jul_jimmie.jpg","type":"image\/jpeg"}],"author":"Jonathan Broberg","twitter_card":"summary_large_image","twitter_misc":{"Skriven av":"Jonathan Broberg","Ber\u00e4knad l\u00e4stid":"2 minuter"},"schema":{"@context":"https:\/\/schema.org","@graph":[{"@type":"Article","@id":"https:\/\/www.budokampsport.se\/2016\/12\/21\/sa-firar-profilerna-jul-8\/#article","isPartOf":{"@id":"https:\/\/www.budokampsport.se\/2016\/12\/21\/sa-firar-profilerna-jul-8\/"},"author":{"name":"Jonathan Broberg","@id":"https:\/\/www.budokampsport.se\/#\/schema\/person\/5c06d81d14850e2a8ce5493386560145"},"headline":"S\u00e5 firar profilerna jul","datePublished":"2016-12-21T06:00:38+00:00","dateModified":"2016-12-21T06:02:32+00:00","mainEntityOfPage":{"@id":"https:\/\/www.budokampsport.se\/2016\/12\/21\/sa-firar-profilerna-jul-8\/"},"wordCount":450,"commentCount":3,"image":{"@id":"https:\/\/www.budokampsport.se\/2016\/12\/21\/sa-firar-profilerna-jul-8\/#primaryimage"},"thumbnailUrl":"https:\/\/www.budokampsport.se\/wp-content\/uploads\/2016\/12\/jul_jimmie.jpg","inLanguage":"sv-SE","potentialAction":[{"@type":"CommentAction","name":"Comment","target":["https:\/\/www.budokampsport.se\/2016\/12\/21\/sa-firar-profilerna-jul-8\/#respond"]}]},{"@type":"WebPage","@id":"https:\/\/www.budokampsport.se\/2016\/12\/21\/sa-firar-profilerna-jul-8\/","url":"https:\/\/www.budokampsport.se\/2016\/12\/21\/sa-firar-profilerna-jul-8\/","name":"S\u00e5 firar profilerna jul - Svenska Budo &amp; Kampsportsf\u00f6rbundet","isPartOf":{"@id":"https:\/\/www.budokampsport.se\/#website"},"primaryImageOfPage":{"@id":"https:\/\/www.budokampsport.se\/2016\/12\/21\/sa-firar-profilerna-jul-8\/#primaryimage"},"image":{"@id":"https:\/\/www.budokampsport.se\/2016\/12\/21\/sa-firar-profilerna-jul-8\/#primaryimage"},"thumbnailUrl":"https:\/\/www.budokampsport.se\/wp-content\/uploads\/2016\/12\/jul_jimmie.jpg","datePublished":"2016-12-21T06:00:38+00:00","dateModified":"2016-12-21T06:02:32+00:00","author":{"@id":"https:\/\/www.budokampsport.se\/#\/schema\/person\/5c06d81d14850e2a8ce5493386560145"},"description":"Budokampsport.ses traditionsenliga julnedr\u00e4kning forts\u00e4tter och idag \u00e4r turen kommen att ta julpulsen p\u00e5 MMA-coachen Jimmie Jensen, som dessutom just startat upp ett management.","breadcrumb":{"@id":"https:\/\/www.budokampsport.se\/2016\/12\/21\/sa-firar-profilerna-jul-8\/#breadcrumb"},"inLanguage":"sv-SE","potentialAction":[{"@type":"ReadAction","target":["https:\/\/www.budokampsport.se\/2016\/12\/21\/sa-firar-profilerna-jul-8\/"]}]},{"@type":"ImageObject","inLanguage":"sv-SE","@id":"https:\/\/www.budokampsport.se\/2016\/12\/21\/sa-firar-profilerna-jul-8\/#primaryimage","url":"https:\/\/www.budokampsport.se\/wp-content\/uploads\/2016\/12\/jul_jimmie.jpg","contentUrl":"https:\/\/www.budokampsport.se\/wp-content\/uploads\/2016\/12\/jul_jimmie.jpg","width":850,"height":635},{"@type":"BreadcrumbList","@id":"https:\/\/www.budokampsport.se\/2016\/12\/21\/sa-firar-profilerna-jul-8\/#breadcrumb","itemListElement":[{"@type":"ListItem","position":1,"name":"Hem","item":"https:\/\/www.budokampsport.se\/"},{"@type":"ListItem","position":2,"name":"S\u00e5 firar profilerna jul"}]},{"@type":"WebSite","@id":"https:\/\/www.budokampsport.se\/#website","url":"https:\/\/www.budokampsport.se\/","name":"Svenska Budo &amp; Kampsportsf\u00f6rbundet","description":"T\u00e4vling, Tr\u00e4ning, Tradition","potentialAction":[{"@type":"SearchAction","target":{"@type":"EntryPoint","urlTemplate":"https:\/\/www.budokampsport.se\/?s={search_term_string}"},"query-input":{"@type":"PropertyValueSpecification","valueRequired":true,"valueName":"search_term_string"}}],"inLanguage":"sv-SE"},{"@type":"Person","@id":"https:\/\/www.budokampsport.se\/#\/schema\/person\/5c06d81d14850e2a8ce5493386560145","name":"Jonathan Broberg","image":{"@type":"ImageObject","inLanguage":"sv-SE","@id":"https:\/\/www.budokampsport.se\/#\/schema\/person\/image\/","url":"https:\/\/secure.gravatar.com\/avatar\/a58041c6cea9128bd9c40ee2f26d4136?s=96&d=blank&r=g","contentUrl":"https:\/\/secure.gravatar.com\/avatar\/a58041c6cea9128bd9c40ee2f26d4136?s=96&d=blank&r=g","caption":"Jonathan Broberg"},"sameAs":["https:\/\/www.facebook.com\/jonathan.broberg.7"],"url":"https:\/\/www.budokampsport.se\/author\/jonathan\/"}]}},"_links":{"self":[{"href":"https:\/\/www.budokampsport.se\/api\/wp\/v2\/posts\/36905","targetHints":{"allow":["GET"]}}],"collection":[{"href":"https:\/\/www.budokampsport.se\/api\/wp\/v2\/posts"}],"about":[{"href":"https:\/\/www.budokampsport.se\/api\/wp\/v2\/types\/post"}],"author":[{"embeddable":true,"href":"https:\/\/www.budokampsport.se\/api\/wp\/v2\/users\/7"}],"replies":[{"embeddable":true,"href":"https:\/\/www.budokampsport.se\/api\/wp\/v2\/comments?post=36905"}],"version-history":[{"count":0,"href":"https:\/\/www.budokampsport.se\/api\/wp\/v2\/posts\/36905\/revisions"}],"wp:featuredmedia":[{"embeddable":true,"href":"https:\/\/www.budokampsport.se\/api\/wp\/v2\/media\/36906"}],"wp:attachment":[{"href":"https:\/\/www.budokampsport.se\/api\/wp\/v2\/media?parent=36905"}],"wp:term":[{"taxonomy":"category","embeddable":true,"href":"https:\/\/www.budokampsport.se\/api\/wp\/v2\/categories?post=36905"},{"taxonomy":"post_tag","embeddable":true,"href":"https:\/\/www.budokampsport.se\/api\/wp\/v2\/tags?post=36905"}],"curies":[{"name":"wp","href":"https:\/\/api.w.org\/{rel}","templated":true}]}}