{"id":3704,"date":"2011-02-28T14:31:19","date_gmt":"2011-02-28T13:31:19","guid":{"rendered":"http:\/\/budo.wordpress.dev\/2011\/02\/28\/sista-chansen-att-nominera-till-kampsportsgalan-2\/"},"modified":"2016-12-02T07:26:30","modified_gmt":"2016-12-02T06:26:30","slug":"sista-chansen-att-nominera-till-kampsportsgalan-2","status":"publish","type":"post","link":"https:\/\/www.budokampsport.se\/2011\/02\/28\/sista-chansen-att-nominera-till-kampsportsgalan-2\/","title":{"rendered":"Sista chansen att nominera till Kampsportsgalan"},"content":{"rendered":"<p><P><STRONG><IMG alt=\"\" align=middle src=\"\/sites\/default\/files\/nominera_0.jpg\" width=430 height=346><BR>Det har varit rej\u00e4lt snurr p\u00e5 nomineringsfasen till \u00e5rets Kampsportsgalan. Juryn, som sammantr\u00e4der p\u00e5 onsdag, kommer att f\u00e5 en hel del att g\u00f6ra. Fortfarande finns m\u00f6jlighet f\u00f6r dig att r\u00f6sta fram just din favorit till galan. Men imorgon 24.00 st\u00e4nger fasen igen.<\/STRONG><BR><!--break--><BR>Har du inte nominerat din favoritkampsportare eller favoritbudout\u00f6vare till Kampsportsgalan \u00e4r det h\u00f6g tid till det nu. Imorgon vid midnatt st\u00e4ngs nomineringsfasen.<BR><BR>Aldrig tidigare har s\u00e5 m\u00e5nga nominerat sin favorit till Kampsportsgalan. M\u00f6jligen inte s\u00e5 konstigt eftersom galan bara funnits i ett \u00e5r. Men det har varit rej\u00e4lt med f\u00f6reslagna namn f\u00f6r juryn att ta del av. <BR><BR>Juryn som sammantr\u00e4der i Stockholm p\u00e5 onsdag f\u00f6r att ta fram \u00e5rets nominerade till Kampsportsgalan, med hj\u00e4lp av allm\u00e4nhetens f\u00f6rslag.<BR><BR><A href=\"http:\/\/www.kampsportsgalan2011.se\/node\/72\">H\u00e4r r\u00f6star du p\u00e5 din favorit till galan<\/A>.<BR>\u00a0<\/P><\/p>\n","protected":false},"excerpt":{"rendered":"<p>Det har varit rej\u00e4lt snurr p\u00e5 nomineringsfasen till \u00e5rets Kampsportsgalan. [&#8230;]<\/p><br>","protected":false},"author":1,"featured_media":0,"comment_status":"closed","ping_status":"closed","sticky":false,"template":"","format":"standard","meta":{"_acf_changed":false,"footnotes":""},"categories":[1],"tags":[],"class_list":["post-3704","post","type-post","status-publish","format-standard","hentry","category-okategoriserade"],"acf":[],"yoast_head":"<!-- This site is optimized with the Yoast SEO plugin v26.8 - https:\/\/yoast.com\/product\/yoast-seo-wordpress\/ -->\n<title>Sista chansen att nominera till Kampsportsgalan - Svenska Budo &amp; Kampsportsf\u00f6rbundet<\/title>\n<meta name=\"description\" content=\"Det har varit rej\u00e4lt snurr p\u00e5 nomineringsfasen till \u00e5rets Kampsportsgalan. Juryn, som sammantr\u00e4der p\u00e5 onsdag, kommer att f\u00e5 en hel del att g\u00f6ra.\" \/>\n<meta name=\"robots\" content=\"index, follow, max-snippet:-1, max-image-preview:large, max-video-preview:-1\" \/>\n<link rel=\"canonical\" href=\"https:\/\/www.budokampsport.se\/2011\/02\/28\/sista-chansen-att-nominera-till-kampsportsgalan-2\/\" \/>\n<meta property=\"og:locale\" content=\"sv_SE\" \/>\n<meta property=\"og:type\" content=\"article\" \/>\n<meta property=\"og:title\" content=\"Sista chansen att nominera till Kampsportsgalan - Svenska Budo &amp; Kampsportsf\u00f6rbundet\" \/>\n<meta property=\"og:description\" content=\"Det har varit rej\u00e4lt snurr p\u00e5 nomineringsfasen till \u00e5rets Kampsportsgalan. Juryn, som sammantr\u00e4der p\u00e5 onsdag, kommer att f\u00e5 en hel del att g\u00f6ra.\" \/>\n<meta property=\"og:url\" content=\"https:\/\/www.budokampsport.se\/2011\/02\/28\/sista-chansen-att-nominera-till-kampsportsgalan-2\/\" \/>\n<meta property=\"og:site_name\" content=\"Svenska Budo &amp; Kampsportsf\u00f6rbundet\" \/>\n<meta property=\"article:published_time\" content=\"2011-02-28T13:31:19+00:00\" \/>\n<meta property=\"article:modified_time\" content=\"2016-12-02T06:26:30+00:00\" \/>\n<meta name=\"author\" content=\"Tony Svensson\" \/>\n<meta name=\"twitter:card\" content=\"summary_large_image\" \/>\n<meta name=\"twitter:label1\" content=\"Skriven av\" \/>\n\t<meta name=\"twitter:data1\" content=\"Tony Svensson\" \/>\n\t<meta name=\"twitter:label2\" content=\"Ber\u00e4knad l\u00e4stid\" \/>\n\t<meta name=\"twitter:data2\" content=\"1 minut\" \/>\n<script type=\"application\/ld+json\" class=\"yoast-schema-graph\">{\"@context\":\"https:\/\/schema.org\",\"@graph\":[{\"@type\":\"Article\",\"@id\":\"https:\/\/www.budokampsport.se\/2011\/02\/28\/sista-chansen-att-nominera-till-kampsportsgalan-2\/#article\",\"isPartOf\":{\"@id\":\"https:\/\/www.budokampsport.se\/2011\/02\/28\/sista-chansen-att-nominera-till-kampsportsgalan-2\/\"},\"author\":{\"name\":\"Tony Svensson\",\"@id\":\"https:\/\/www.budokampsport.se\/#\/schema\/person\/fa63fbbb0d79141e613a4ec1e6866e5e\"},\"headline\":\"Sista chansen att nominera till Kampsportsgalan\",\"datePublished\":\"2011-02-28T13:31:19+00:00\",\"dateModified\":\"2016-12-02T06:26:30+00:00\",\"mainEntityOfPage\":{\"@id\":\"https:\/\/www.budokampsport.se\/2011\/02\/28\/sista-chansen-att-nominera-till-kampsportsgalan-2\/\"},\"wordCount\":154,\"inLanguage\":\"sv-SE\"},{\"@type\":\"WebPage\",\"@id\":\"https:\/\/www.budokampsport.se\/2011\/02\/28\/sista-chansen-att-nominera-till-kampsportsgalan-2\/\",\"url\":\"https:\/\/www.budokampsport.se\/2011\/02\/28\/sista-chansen-att-nominera-till-kampsportsgalan-2\/\",\"name\":\"Sista chansen att nominera till Kampsportsgalan - Svenska Budo &amp; Kampsportsf\u00f6rbundet\",\"isPartOf\":{\"@id\":\"https:\/\/www.budokampsport.se\/#website\"},\"datePublished\":\"2011-02-28T13:31:19+00:00\",\"dateModified\":\"2016-12-02T06:26:30+00:00\",\"author\":{\"@id\":\"https:\/\/www.budokampsport.se\/#\/schema\/person\/fa63fbbb0d79141e613a4ec1e6866e5e\"},\"description\":\"Det har varit rej\u00e4lt snurr p\u00e5 nomineringsfasen till \u00e5rets Kampsportsgalan. Juryn, som sammantr\u00e4der p\u00e5 onsdag, kommer att f\u00e5 en hel del att g\u00f6ra.\",\"breadcrumb\":{\"@id\":\"https:\/\/www.budokampsport.se\/2011\/02\/28\/sista-chansen-att-nominera-till-kampsportsgalan-2\/#breadcrumb\"},\"inLanguage\":\"sv-SE\",\"potentialAction\":[{\"@type\":\"ReadAction\",\"target\":[\"https:\/\/www.budokampsport.se\/2011\/02\/28\/sista-chansen-att-nominera-till-kampsportsgalan-2\/\"]}]},{\"@type\":\"BreadcrumbList\",\"@id\":\"https:\/\/www.budokampsport.se\/2011\/02\/28\/sista-chansen-att-nominera-till-kampsportsgalan-2\/#breadcrumb\",\"itemListElement\":[{\"@type\":\"ListItem\",\"position\":1,\"name\":\"Hem\",\"item\":\"https:\/\/www.budokampsport.se\/\"},{\"@type\":\"ListItem\",\"position\":2,\"name\":\"Sista chansen att nominera till Kampsportsgalan\"}]},{\"@type\":\"WebSite\",\"@id\":\"https:\/\/www.budokampsport.se\/#website\",\"url\":\"https:\/\/www.budokampsport.se\/\",\"name\":\"Svenska Budo &amp; Kampsportsf\u00f6rbundet\",\"description\":\"T\u00e4vling, Tr\u00e4ning, Tradition\",\"potentialAction\":[{\"@type\":\"SearchAction\",\"target\":{\"@type\":\"EntryPoint\",\"urlTemplate\":\"https:\/\/www.budokampsport.se\/?s={search_term_string}\"},\"query-input\":{\"@type\":\"PropertyValueSpecification\",\"valueRequired\":true,\"valueName\":\"search_term_string\"}}],\"inLanguage\":\"sv-SE\"},{\"@type\":\"Person\",\"@id\":\"https:\/\/www.budokampsport.se\/#\/schema\/person\/fa63fbbb0d79141e613a4ec1e6866e5e\",\"name\":\"Tony Svensson\",\"image\":{\"@type\":\"ImageObject\",\"inLanguage\":\"sv-SE\",\"@id\":\"https:\/\/www.budokampsport.se\/#\/schema\/person\/image\/\",\"url\":\"https:\/\/secure.gravatar.com\/avatar\/7bc374e22b288be285d5a3938a1e7522?s=96&d=blank&r=g\",\"contentUrl\":\"https:\/\/secure.gravatar.com\/avatar\/7bc374e22b288be285d5a3938a1e7522?s=96&d=blank&r=g\",\"caption\":\"Tony Svensson\"},\"url\":\"https:\/\/www.budokampsport.se\/author\/sbk\/\"}]}<\/script>\n<!-- \/ Yoast SEO plugin. -->","yoast_head_json":{"title":"Sista chansen att nominera till Kampsportsgalan - Svenska Budo &amp; Kampsportsf\u00f6rbundet","description":"Det har varit rej\u00e4lt snurr p\u00e5 nomineringsfasen till \u00e5rets Kampsportsgalan. Juryn, som sammantr\u00e4der p\u00e5 onsdag, kommer att f\u00e5 en hel del att g\u00f6ra.","robots":{"index":"index","follow":"follow","max-snippet":"max-snippet:-1","max-image-preview":"max-image-preview:large","max-video-preview":"max-video-preview:-1"},"canonical":"https:\/\/www.budokampsport.se\/2011\/02\/28\/sista-chansen-att-nominera-till-kampsportsgalan-2\/","og_locale":"sv_SE","og_type":"article","og_title":"Sista chansen att nominera till Kampsportsgalan - Svenska Budo &amp; Kampsportsf\u00f6rbundet","og_description":"Det har varit rej\u00e4lt snurr p\u00e5 nomineringsfasen till \u00e5rets Kampsportsgalan. Juryn, som sammantr\u00e4der p\u00e5 onsdag, kommer att f\u00e5 en hel del att g\u00f6ra.","og_url":"https:\/\/www.budokampsport.se\/2011\/02\/28\/sista-chansen-att-nominera-till-kampsportsgalan-2\/","og_site_name":"Svenska Budo &amp; Kampsportsf\u00f6rbundet","article_published_time":"2011-02-28T13:31:19+00:00","article_modified_time":"2016-12-02T06:26:30+00:00","author":"Tony Svensson","twitter_card":"summary_large_image","twitter_misc":{"Skriven av":"Tony Svensson","Ber\u00e4knad l\u00e4stid":"1 minut"},"schema":{"@context":"https:\/\/schema.org","@graph":[{"@type":"Article","@id":"https:\/\/www.budokampsport.se\/2011\/02\/28\/sista-chansen-att-nominera-till-kampsportsgalan-2\/#article","isPartOf":{"@id":"https:\/\/www.budokampsport.se\/2011\/02\/28\/sista-chansen-att-nominera-till-kampsportsgalan-2\/"},"author":{"name":"Tony Svensson","@id":"https:\/\/www.budokampsport.se\/#\/schema\/person\/fa63fbbb0d79141e613a4ec1e6866e5e"},"headline":"Sista chansen att nominera till Kampsportsgalan","datePublished":"2011-02-28T13:31:19+00:00","dateModified":"2016-12-02T06:26:30+00:00","mainEntityOfPage":{"@id":"https:\/\/www.budokampsport.se\/2011\/02\/28\/sista-chansen-att-nominera-till-kampsportsgalan-2\/"},"wordCount":154,"inLanguage":"sv-SE"},{"@type":"WebPage","@id":"https:\/\/www.budokampsport.se\/2011\/02\/28\/sista-chansen-att-nominera-till-kampsportsgalan-2\/","url":"https:\/\/www.budokampsport.se\/2011\/02\/28\/sista-chansen-att-nominera-till-kampsportsgalan-2\/","name":"Sista chansen att nominera till Kampsportsgalan - Svenska Budo &amp; Kampsportsf\u00f6rbundet","isPartOf":{"@id":"https:\/\/www.budokampsport.se\/#website"},"datePublished":"2011-02-28T13:31:19+00:00","dateModified":"2016-12-02T06:26:30+00:00","author":{"@id":"https:\/\/www.budokampsport.se\/#\/schema\/person\/fa63fbbb0d79141e613a4ec1e6866e5e"},"description":"Det har varit rej\u00e4lt snurr p\u00e5 nomineringsfasen till \u00e5rets Kampsportsgalan. Juryn, som sammantr\u00e4der p\u00e5 onsdag, kommer att f\u00e5 en hel del att g\u00f6ra.","breadcrumb":{"@id":"https:\/\/www.budokampsport.se\/2011\/02\/28\/sista-chansen-att-nominera-till-kampsportsgalan-2\/#breadcrumb"},"inLanguage":"sv-SE","potentialAction":[{"@type":"ReadAction","target":["https:\/\/www.budokampsport.se\/2011\/02\/28\/sista-chansen-att-nominera-till-kampsportsgalan-2\/"]}]},{"@type":"BreadcrumbList","@id":"https:\/\/www.budokampsport.se\/2011\/02\/28\/sista-chansen-att-nominera-till-kampsportsgalan-2\/#breadcrumb","itemListElement":[{"@type":"ListItem","position":1,"name":"Hem","item":"https:\/\/www.budokampsport.se\/"},{"@type":"ListItem","position":2,"name":"Sista chansen att nominera till Kampsportsgalan"}]},{"@type":"WebSite","@id":"https:\/\/www.budokampsport.se\/#website","url":"https:\/\/www.budokampsport.se\/","name":"Svenska Budo &amp; Kampsportsf\u00f6rbundet","description":"T\u00e4vling, Tr\u00e4ning, Tradition","potentialAction":[{"@type":"SearchAction","target":{"@type":"EntryPoint","urlTemplate":"https:\/\/www.budokampsport.se\/?s={search_term_string}"},"query-input":{"@type":"PropertyValueSpecification","valueRequired":true,"valueName":"search_term_string"}}],"inLanguage":"sv-SE"},{"@type":"Person","@id":"https:\/\/www.budokampsport.se\/#\/schema\/person\/fa63fbbb0d79141e613a4ec1e6866e5e","name":"Tony Svensson","image":{"@type":"ImageObject","inLanguage":"sv-SE","@id":"https:\/\/www.budokampsport.se\/#\/schema\/person\/image\/","url":"https:\/\/secure.gravatar.com\/avatar\/7bc374e22b288be285d5a3938a1e7522?s=96&d=blank&r=g","contentUrl":"https:\/\/secure.gravatar.com\/avatar\/7bc374e22b288be285d5a3938a1e7522?s=96&d=blank&r=g","caption":"Tony Svensson"},"url":"https:\/\/www.budokampsport.se\/author\/sbk\/"}]}},"_links":{"self":[{"href":"https:\/\/www.budokampsport.se\/api\/wp\/v2\/posts\/3704","targetHints":{"allow":["GET"]}}],"collection":[{"href":"https:\/\/www.budokampsport.se\/api\/wp\/v2\/posts"}],"about":[{"href":"https:\/\/www.budokampsport.se\/api\/wp\/v2\/types\/post"}],"author":[{"embeddable":true,"href":"https:\/\/www.budokampsport.se\/api\/wp\/v2\/users\/1"}],"replies":[{"embeddable":true,"href":"https:\/\/www.budokampsport.se\/api\/wp\/v2\/comments?post=3704"}],"version-history":[{"count":0,"href":"https:\/\/www.budokampsport.se\/api\/wp\/v2\/posts\/3704\/revisions"}],"wp:attachment":[{"href":"https:\/\/www.budokampsport.se\/api\/wp\/v2\/media?parent=3704"}],"wp:term":[{"taxonomy":"category","embeddable":true,"href":"https:\/\/www.budokampsport.se\/api\/wp\/v2\/categories?post=3704"},{"taxonomy":"post_tag","embeddable":true,"href":"https:\/\/www.budokampsport.se\/api\/wp\/v2\/tags?post=3704"}],"curies":[{"name":"wp","href":"https:\/\/api.w.org\/{rel}","templated":true}]}}