{"id":37106,"date":"2017-01-04T11:31:08","date_gmt":"2017-01-04T10:31:08","guid":{"rendered":"http:\/\/www.budokampsport.se\/?p=37106"},"modified":"2017-01-04T11:31:08","modified_gmt":"2017-01-04T10:31:08","slug":"allmanhetens-nomineringsfas-oppnar-12-00","status":"publish","type":"post","link":"https:\/\/www.budokampsport.se\/2017\/01\/04\/allmanhetens-nomineringsfas-oppnar-12-00\/","title":{"rendered":"Allm\u00e4nhetens nomineringsfas \u00f6ppnar 12.00"},"content":{"rendered":"<p>Den inneb\u00e4r att alla ni kampsportsintresserade kan f\u00f6resl\u00e5 just er favorit till n\u00e5got av galans priser, och samtliga f\u00f6rslag som kommer in kommer att beaktas mycket nogsamt av galajuryn, som sammantr\u00e4der i mitten av januari.<\/p>\n<p>Nomineringsfasen \u00e4r \u00f6ppen till och med den 12:e januari.<\/p>\n<p>Kampsportsgalan har en ny hemsida och en ny dom\u00e4n till i \u00e5r, kampsportsgalan.nu.<\/p>\n","protected":false},"excerpt":{"rendered":"<p>Kampsportsgalan 2017 n\u00e4rmar sig. Galan h\u00e5lls den 25:e mars p\u00e5 Berns i Stockholm och idag klockan 12.00 \u00f6ppnar den traditionella &#8220;allm\u00e4nhetens nomineringsfas&#8221;. <\/p><br>","protected":false},"author":7,"featured_media":0,"comment_status":"open","ping_status":"open","sticky":false,"template":"","format":"standard","meta":{"_acf_changed":false,"footnotes":""},"categories":[1],"tags":[],"class_list":["post-37106","post","type-post","status-publish","format-standard","hentry","category-okategoriserade"],"acf":[],"yoast_head":"<!-- This site is optimized with the Yoast SEO plugin v26.8 - https:\/\/yoast.com\/product\/yoast-seo-wordpress\/ -->\n<title>Allm\u00e4nhetens nomineringsfas \u00f6ppnar 12.00 - Svenska Budo &amp; Kampsportsf\u00f6rbundet<\/title>\n<meta name=\"description\" content=\"Kampsportsgalan 2017 n\u00e4rmar sig. Galan h\u00e5lls den 25:e mars p\u00e5 Berns i Stockholm och idag klockan 12.00 \u00f6ppnar den traditionella &quot;allm\u00e4nhetens nomineringsfas&quot;.\" \/>\n<meta name=\"robots\" content=\"index, follow, max-snippet:-1, max-image-preview:large, max-video-preview:-1\" \/>\n<link rel=\"canonical\" href=\"https:\/\/www.budokampsport.se\/2017\/01\/04\/allmanhetens-nomineringsfas-oppnar-12-00\/\" \/>\n<meta property=\"og:locale\" content=\"sv_SE\" \/>\n<meta property=\"og:type\" content=\"article\" \/>\n<meta property=\"og:title\" content=\"Allm\u00e4nhetens nomineringsfas \u00f6ppnar 12.00 - Svenska Budo &amp; Kampsportsf\u00f6rbundet\" \/>\n<meta property=\"og:description\" content=\"Kampsportsgalan 2017 n\u00e4rmar sig. Galan h\u00e5lls den 25:e mars p\u00e5 Berns i Stockholm och idag klockan 12.00 \u00f6ppnar den traditionella &quot;allm\u00e4nhetens nomineringsfas&quot;.\" \/>\n<meta property=\"og:url\" content=\"https:\/\/www.budokampsport.se\/2017\/01\/04\/allmanhetens-nomineringsfas-oppnar-12-00\/\" \/>\n<meta property=\"og:site_name\" content=\"Svenska Budo &amp; Kampsportsf\u00f6rbundet\" \/>\n<meta property=\"article:author\" content=\"https:\/\/www.facebook.com\/jonathan.broberg.7\" \/>\n<meta property=\"article:published_time\" content=\"2017-01-04T10:31:08+00:00\" \/>\n<meta name=\"author\" content=\"Jonathan Broberg\" \/>\n<meta name=\"twitter:card\" content=\"summary_large_image\" \/>\n<meta name=\"twitter:label1\" content=\"Skriven av\" \/>\n\t<meta name=\"twitter:data1\" content=\"Jonathan Broberg\" \/>\n<script type=\"application\/ld+json\" class=\"yoast-schema-graph\">{\"@context\":\"https:\/\/schema.org\",\"@graph\":[{\"@type\":\"Article\",\"@id\":\"https:\/\/www.budokampsport.se\/2017\/01\/04\/allmanhetens-nomineringsfas-oppnar-12-00\/#article\",\"isPartOf\":{\"@id\":\"https:\/\/www.budokampsport.se\/2017\/01\/04\/allmanhetens-nomineringsfas-oppnar-12-00\/\"},\"author\":{\"name\":\"Jonathan Broberg\",\"@id\":\"https:\/\/www.budokampsport.se\/#\/schema\/person\/5c06d81d14850e2a8ce5493386560145\"},\"headline\":\"Allm\u00e4nhetens nomineringsfas \u00f6ppnar 12.00\",\"datePublished\":\"2017-01-04T10:31:08+00:00\",\"mainEntityOfPage\":{\"@id\":\"https:\/\/www.budokampsport.se\/2017\/01\/04\/allmanhetens-nomineringsfas-oppnar-12-00\/\"},\"wordCount\":68,\"commentCount\":2,\"inLanguage\":\"sv-SE\",\"potentialAction\":[{\"@type\":\"CommentAction\",\"name\":\"Comment\",\"target\":[\"https:\/\/www.budokampsport.se\/2017\/01\/04\/allmanhetens-nomineringsfas-oppnar-12-00\/#respond\"]}]},{\"@type\":\"WebPage\",\"@id\":\"https:\/\/www.budokampsport.se\/2017\/01\/04\/allmanhetens-nomineringsfas-oppnar-12-00\/\",\"url\":\"https:\/\/www.budokampsport.se\/2017\/01\/04\/allmanhetens-nomineringsfas-oppnar-12-00\/\",\"name\":\"Allm\u00e4nhetens nomineringsfas \u00f6ppnar 12.00 - Svenska Budo &amp; Kampsportsf\u00f6rbundet\",\"isPartOf\":{\"@id\":\"https:\/\/www.budokampsport.se\/#website\"},\"datePublished\":\"2017-01-04T10:31:08+00:00\",\"author\":{\"@id\":\"https:\/\/www.budokampsport.se\/#\/schema\/person\/5c06d81d14850e2a8ce5493386560145\"},\"description\":\"Kampsportsgalan 2017 n\u00e4rmar sig. Galan h\u00e5lls den 25:e mars p\u00e5 Berns i Stockholm och idag klockan 12.00 \u00f6ppnar den traditionella \\\"allm\u00e4nhetens nomineringsfas\\\".\",\"breadcrumb\":{\"@id\":\"https:\/\/www.budokampsport.se\/2017\/01\/04\/allmanhetens-nomineringsfas-oppnar-12-00\/#breadcrumb\"},\"inLanguage\":\"sv-SE\",\"potentialAction\":[{\"@type\":\"ReadAction\",\"target\":[\"https:\/\/www.budokampsport.se\/2017\/01\/04\/allmanhetens-nomineringsfas-oppnar-12-00\/\"]}]},{\"@type\":\"BreadcrumbList\",\"@id\":\"https:\/\/www.budokampsport.se\/2017\/01\/04\/allmanhetens-nomineringsfas-oppnar-12-00\/#breadcrumb\",\"itemListElement\":[{\"@type\":\"ListItem\",\"position\":1,\"name\":\"Hem\",\"item\":\"https:\/\/www.budokampsport.se\/\"},{\"@type\":\"ListItem\",\"position\":2,\"name\":\"Allm\u00e4nhetens nomineringsfas \u00f6ppnar 12.00\"}]},{\"@type\":\"WebSite\",\"@id\":\"https:\/\/www.budokampsport.se\/#website\",\"url\":\"https:\/\/www.budokampsport.se\/\",\"name\":\"Svenska Budo &amp; Kampsportsf\u00f6rbundet\",\"description\":\"T\u00e4vling, Tr\u00e4ning, Tradition\",\"potentialAction\":[{\"@type\":\"SearchAction\",\"target\":{\"@type\":\"EntryPoint\",\"urlTemplate\":\"https:\/\/www.budokampsport.se\/?s={search_term_string}\"},\"query-input\":{\"@type\":\"PropertyValueSpecification\",\"valueRequired\":true,\"valueName\":\"search_term_string\"}}],\"inLanguage\":\"sv-SE\"},{\"@type\":\"Person\",\"@id\":\"https:\/\/www.budokampsport.se\/#\/schema\/person\/5c06d81d14850e2a8ce5493386560145\",\"name\":\"Jonathan Broberg\",\"image\":{\"@type\":\"ImageObject\",\"inLanguage\":\"sv-SE\",\"@id\":\"https:\/\/www.budokampsport.se\/#\/schema\/person\/image\/\",\"url\":\"https:\/\/secure.gravatar.com\/avatar\/a58041c6cea9128bd9c40ee2f26d4136?s=96&d=blank&r=g\",\"contentUrl\":\"https:\/\/secure.gravatar.com\/avatar\/a58041c6cea9128bd9c40ee2f26d4136?s=96&d=blank&r=g\",\"caption\":\"Jonathan Broberg\"},\"sameAs\":[\"https:\/\/www.facebook.com\/jonathan.broberg.7\"],\"url\":\"https:\/\/www.budokampsport.se\/author\/jonathan\/\"}]}<\/script>\n<!-- \/ Yoast SEO plugin. -->","yoast_head_json":{"title":"Allm\u00e4nhetens nomineringsfas \u00f6ppnar 12.00 - Svenska Budo &amp; Kampsportsf\u00f6rbundet","description":"Kampsportsgalan 2017 n\u00e4rmar sig. Galan h\u00e5lls den 25:e mars p\u00e5 Berns i Stockholm och idag klockan 12.00 \u00f6ppnar den traditionella \"allm\u00e4nhetens nomineringsfas\".","robots":{"index":"index","follow":"follow","max-snippet":"max-snippet:-1","max-image-preview":"max-image-preview:large","max-video-preview":"max-video-preview:-1"},"canonical":"https:\/\/www.budokampsport.se\/2017\/01\/04\/allmanhetens-nomineringsfas-oppnar-12-00\/","og_locale":"sv_SE","og_type":"article","og_title":"Allm\u00e4nhetens nomineringsfas \u00f6ppnar 12.00 - Svenska Budo &amp; Kampsportsf\u00f6rbundet","og_description":"Kampsportsgalan 2017 n\u00e4rmar sig. Galan h\u00e5lls den 25:e mars p\u00e5 Berns i Stockholm och idag klockan 12.00 \u00f6ppnar den traditionella \"allm\u00e4nhetens nomineringsfas\".","og_url":"https:\/\/www.budokampsport.se\/2017\/01\/04\/allmanhetens-nomineringsfas-oppnar-12-00\/","og_site_name":"Svenska Budo &amp; Kampsportsf\u00f6rbundet","article_author":"https:\/\/www.facebook.com\/jonathan.broberg.7","article_published_time":"2017-01-04T10:31:08+00:00","author":"Jonathan Broberg","twitter_card":"summary_large_image","twitter_misc":{"Skriven av":"Jonathan Broberg"},"schema":{"@context":"https:\/\/schema.org","@graph":[{"@type":"Article","@id":"https:\/\/www.budokampsport.se\/2017\/01\/04\/allmanhetens-nomineringsfas-oppnar-12-00\/#article","isPartOf":{"@id":"https:\/\/www.budokampsport.se\/2017\/01\/04\/allmanhetens-nomineringsfas-oppnar-12-00\/"},"author":{"name":"Jonathan Broberg","@id":"https:\/\/www.budokampsport.se\/#\/schema\/person\/5c06d81d14850e2a8ce5493386560145"},"headline":"Allm\u00e4nhetens nomineringsfas \u00f6ppnar 12.00","datePublished":"2017-01-04T10:31:08+00:00","mainEntityOfPage":{"@id":"https:\/\/www.budokampsport.se\/2017\/01\/04\/allmanhetens-nomineringsfas-oppnar-12-00\/"},"wordCount":68,"commentCount":2,"inLanguage":"sv-SE","potentialAction":[{"@type":"CommentAction","name":"Comment","target":["https:\/\/www.budokampsport.se\/2017\/01\/04\/allmanhetens-nomineringsfas-oppnar-12-00\/#respond"]}]},{"@type":"WebPage","@id":"https:\/\/www.budokampsport.se\/2017\/01\/04\/allmanhetens-nomineringsfas-oppnar-12-00\/","url":"https:\/\/www.budokampsport.se\/2017\/01\/04\/allmanhetens-nomineringsfas-oppnar-12-00\/","name":"Allm\u00e4nhetens nomineringsfas \u00f6ppnar 12.00 - Svenska Budo &amp; Kampsportsf\u00f6rbundet","isPartOf":{"@id":"https:\/\/www.budokampsport.se\/#website"},"datePublished":"2017-01-04T10:31:08+00:00","author":{"@id":"https:\/\/www.budokampsport.se\/#\/schema\/person\/5c06d81d14850e2a8ce5493386560145"},"description":"Kampsportsgalan 2017 n\u00e4rmar sig. Galan h\u00e5lls den 25:e mars p\u00e5 Berns i Stockholm och idag klockan 12.00 \u00f6ppnar den traditionella \"allm\u00e4nhetens nomineringsfas\".","breadcrumb":{"@id":"https:\/\/www.budokampsport.se\/2017\/01\/04\/allmanhetens-nomineringsfas-oppnar-12-00\/#breadcrumb"},"inLanguage":"sv-SE","potentialAction":[{"@type":"ReadAction","target":["https:\/\/www.budokampsport.se\/2017\/01\/04\/allmanhetens-nomineringsfas-oppnar-12-00\/"]}]},{"@type":"BreadcrumbList","@id":"https:\/\/www.budokampsport.se\/2017\/01\/04\/allmanhetens-nomineringsfas-oppnar-12-00\/#breadcrumb","itemListElement":[{"@type":"ListItem","position":1,"name":"Hem","item":"https:\/\/www.budokampsport.se\/"},{"@type":"ListItem","position":2,"name":"Allm\u00e4nhetens nomineringsfas \u00f6ppnar 12.00"}]},{"@type":"WebSite","@id":"https:\/\/www.budokampsport.se\/#website","url":"https:\/\/www.budokampsport.se\/","name":"Svenska Budo &amp; Kampsportsf\u00f6rbundet","description":"T\u00e4vling, Tr\u00e4ning, Tradition","potentialAction":[{"@type":"SearchAction","target":{"@type":"EntryPoint","urlTemplate":"https:\/\/www.budokampsport.se\/?s={search_term_string}"},"query-input":{"@type":"PropertyValueSpecification","valueRequired":true,"valueName":"search_term_string"}}],"inLanguage":"sv-SE"},{"@type":"Person","@id":"https:\/\/www.budokampsport.se\/#\/schema\/person\/5c06d81d14850e2a8ce5493386560145","name":"Jonathan Broberg","image":{"@type":"ImageObject","inLanguage":"sv-SE","@id":"https:\/\/www.budokampsport.se\/#\/schema\/person\/image\/","url":"https:\/\/secure.gravatar.com\/avatar\/a58041c6cea9128bd9c40ee2f26d4136?s=96&d=blank&r=g","contentUrl":"https:\/\/secure.gravatar.com\/avatar\/a58041c6cea9128bd9c40ee2f26d4136?s=96&d=blank&r=g","caption":"Jonathan Broberg"},"sameAs":["https:\/\/www.facebook.com\/jonathan.broberg.7"],"url":"https:\/\/www.budokampsport.se\/author\/jonathan\/"}]}},"_links":{"self":[{"href":"https:\/\/www.budokampsport.se\/api\/wp\/v2\/posts\/37106","targetHints":{"allow":["GET"]}}],"collection":[{"href":"https:\/\/www.budokampsport.se\/api\/wp\/v2\/posts"}],"about":[{"href":"https:\/\/www.budokampsport.se\/api\/wp\/v2\/types\/post"}],"author":[{"embeddable":true,"href":"https:\/\/www.budokampsport.se\/api\/wp\/v2\/users\/7"}],"replies":[{"embeddable":true,"href":"https:\/\/www.budokampsport.se\/api\/wp\/v2\/comments?post=37106"}],"version-history":[{"count":0,"href":"https:\/\/www.budokampsport.se\/api\/wp\/v2\/posts\/37106\/revisions"}],"wp:attachment":[{"href":"https:\/\/www.budokampsport.se\/api\/wp\/v2\/media?parent=37106"}],"wp:term":[{"taxonomy":"category","embeddable":true,"href":"https:\/\/www.budokampsport.se\/api\/wp\/v2\/categories?post=37106"},{"taxonomy":"post_tag","embeddable":true,"href":"https:\/\/www.budokampsport.se\/api\/wp\/v2\/tags?post=37106"}],"curies":[{"name":"wp","href":"https:\/\/api.w.org\/{rel}","templated":true}]}}