{"id":3748,"date":"2011-03-31T16:47:36","date_gmt":"2011-03-31T14:47:36","guid":{"rendered":"http:\/\/budo.wordpress.dev\/2011\/03\/31\/kampsportsgalan-i-bilder\/"},"modified":"2016-12-06T22:32:52","modified_gmt":"2016-12-06T21:32:52","slug":"kampsportsgalan-i-bilder","status":"publish","type":"post","link":"https:\/\/www.budokampsport.se\/2011\/03\/31\/kampsportsgalan-i-bilder\/","title":{"rendered":"Kampsportsgalan i bilder"},"content":{"rendered":"<p><P><STRONG><IMG alt=\"\" align=middle src=\"http:\/\/www.budokampsport.se\/sites\/default\/files\/gala_elina.jpg\" width=435 height=290><BR>Fotograf Hamid Shokatyan fotade Kampsportsgalan f\u00f6r f\u00f6rbundets r\u00e4kning och h\u00e4r \u00e4r ett urval av hans bilder fr\u00e5n l\u00f6rdagens stora kampsportsfest.<!--break--><\/STRONG><\/P> <P><IMG alt=\"\" align=middle src=\"http:\/\/www.budokampsport.se\/sites\/default\/files\/gala_wall_moller.jpg\" width=435 height=290><\/P> <P><IMG alt=\"\" align=middle src=\"http:\/\/www.budokampsport.se\/sites\/default\/files\/gala_thabo.jpg\" width=435 height=290><BR><BR><IMG alt=\"\" align=middle src=\"http:\/\/www.budokampsport.se\/sites\/default\/files\/gala_sjutton.jpg\" width=435 height=652><BR><BR><IMG alt=\"\" align=middle src=\"http:\/\/www.budokampsport.se\/sites\/default\/files\/gala_sexton.jpg\" width=435 height=653><BR><BR><IMG alt=\"\" align=middle src=\"http:\/\/www.budokampsport.se\/sites\/default\/files\/gala_nitton.jpg\" width=435 height=320><BR><BR><IMG alt=\"\" align=middle src=\"http:\/\/www.budokampsport.se\/sites\/default\/files\/gala_marfy.jpg\" width=435 height=578><BR><BR><IMG alt=\"\" align=middle src=\"http:\/\/www.budokampsport.se\/sites\/default\/files\/gala_flojten.jpg\" width=435 height=653><BR><BR><IMG alt=\"\" align=middle src=\"http:\/\/www.budokampsport.se\/sites\/default\/files\/gala_broberg_brolin.jpg\" width=435 height=653><BR><BR><IMG alt=\"\" align=middle src=\"http:\/\/www.budokampsport.se\/sites\/default\/files\/gala_arton.jpg\" width=435 height=275><BR><BR><IMG alt=\"\" align=middle src=\"http:\/\/www.budokampsport.se\/sites\/default\/files\/gala_wushu.jpg\" width=435 height=653><BR><BR><IMG alt=\"\" align=middle src=\"http:\/\/www.budokampsport.se\/sites\/default\/files\/gala_tre_0.jpg\" width=435 height=290><BR><BR><IMG alt=\"\" align=middle src=\"http:\/\/www.budokampsport.se\/sites\/default\/files\/gala_tolv.jpg\" width=435 height=653><BR><BR><IMG alt=\"\" align=middle src=\"http:\/\/www.budokampsport.se\/sites\/default\/files\/gala_tio.jpg\" width=435 height=652><BR><BR><IMG alt=\"\" align=middle src=\"http:\/\/www.budokampsport.se\/sites\/default\/files\/gala_stig.jpg\" width=435 height=290><BR><BR><IMG alt=\"\" align=middle src=\"http:\/\/www.budokampsport.se\/sites\/default\/files\/gala_stefan.jpg\" width=435 height=290><BR><BR><IMG alt=\"\" align=middle src=\"http:\/\/www.budokampsport.se\/sites\/default\/files\/gala_sju.jpg\" width=435 height=678><BR><BR><IMG alt=\"\" align=middle src=\"http:\/\/www.budokampsport.se\/sites\/default\/files\/gala_scott.jpg\" width=435 height=290><BR><BR><IMG alt=\"\" align=middle src=\"http:\/\/www.budokampsport.se\/sites\/default\/files\/gala_sauk_persbrandt_segerg.jpg\" width=435 height=290><BR><BR><IMG alt=\"\" align=middle src=\"http:\/\/www.budokampsport.se\/sites\/default\/files\/gala_sauk_persbrandt.jpg\" width=435 height=290><BR><BR><IMG alt=\"\" align=middle src=\"http:\/\/www.budokampsport.se\/sites\/default\/files\/gala_sauk_fingrar.jpg\" width=435 height=290><BR><BR><IMG alt=\"\" align=middle src=\"http:\/\/www.budokampsport.se\/sites\/default\/files\/gala_sauk_evanas.jpg\" width=435 height=290><BR><BR><IMG alt=\"\" align=middle src=\"http:\/\/www.budokampsport.se\/sites\/default\/files\/gala_reza_thabo.jpg\" width=435 height=290><BR><BR><IMG alt=\"\" align=middle src=\"http:\/\/www.budokampsport.se\/sites\/default\/files\/gala_reza.jpg\" width=435 height=290><BR><BR><IMG alt=\"\" align=middle src=\"http:\/\/www.budokampsport.se\/sites\/default\/files\/gala_regina.jpg\" width=435 height=290><BR><BR><IMG alt=\"\" align=middle src=\"http:\/\/www.budokampsport.se\/sites\/default\/files\/gala_persbrandt.jpg\" width=435 height=653><BR><BR><IMG alt=\"\" align=middle src=\"http:\/\/www.budokampsport.se\/sites\/default\/files\/gala_ola.jpg\" width=435 height=653><BR><BR><IMG alt=\"\" align=middle src=\"http:\/\/www.budokampsport.se\/sites\/default\/files\/gala_nordstrand_brolin.jpg\" width=435 height=290><BR><BR><IMG alt=\"\" align=middle src=\"http:\/\/www.budokampsport.se\/sites\/default\/files\/gala_motoboy.jpg\" width=435 height=290><BR><BR><IMG alt=\"\" align=middle src=\"http:\/\/www.budokampsport.se\/sites\/default\/files\/gala_li_min_hua.jpg\" width=435 height=290><BR><BR><IMG alt=\"\" align=middle src=\"http:\/\/www.budokampsport.se\/sites\/default\/files\/gala_gladius.jpg\" width=435 height=290><BR><BR><IMG alt=\"\" align=middle src=\"http:\/\/www.budokampsport.se\/sites\/default\/files\/gala_fjorton.jpg\" width=435 height=290><BR><BR><IMG alt=\"\" align=middle src=\"http:\/\/www.budokampsport.se\/sites\/default\/files\/gala_femton.jpg\" width=435 height=288><BR><BR><IMG alt=\"\" align=middle src=\"http:\/\/www.budokampsport.se\/sites\/default\/files\/gala_engelkes.jpg\" width=435 height=653><BR><BR><IMG alt=\"\" align=middle src=\"http:\/\/www.budokampsport.se\/sites\/default\/files\/gala_elva.jpg\" width=435 height=290><BR><BR><IMG alt=\"\" align=middle src=\"http:\/\/www.budokampsport.se\/sites\/default\/files\/gala_august_regina.jpg\" width=435 height=290><BR><BR><IMG alt=\"\" align=middle src=\"http:\/\/www.budokampsport.se\/sites\/default\/files\/gala_atta.jpg\" width=435 height=290><BR><BR><IMG alt=\"\" align=middle src=\"http:\/\/www.budokampsport.se\/sites\/default\/files\/gala_fem.jpg\" width=435 height=653><BR><BR><IMG alt=\"\" align=middle src=\"http:\/\/www.budokampsport.se\/sites\/default\/files\/gala_tva.jpg\" width=435 height=604><BR><BR><IMG alt=\"\" align=middle src=\"http:\/\/www.budokampsport.se\/sites\/default\/files\/gala_ett.jpg\" width=430 height=344><BR><BR>Foto: Hamid Shokatyan<\/P><\/p>\n","protected":false},"excerpt":{"rendered":"<p><P><STRONG><IMG alt=\"\" align=middle src=\"http:\/\/www.budokampsport.se\/sites\/default\/files\/gala_elina.jpg\" width=435 height=290><BR>Fotograf Hamid Shokatyan fotade Kampsportsgalan f\u00f6r f\u00f6rbundets r\u00e4kning och h\u00e4r \u00e4r ett urval av hans bilder fr\u00e5n l\u00f6rdagens stora kampsportsfest.<\/p><br>","protected":false},"author":7,"featured_media":0,"comment_status":"closed","ping_status":"closed","sticky":false,"template":"","format":"standard","meta":{"_acf_changed":false,"footnotes":""},"categories":[1],"tags":[],"class_list":["post-3748","post","type-post","status-publish","format-standard","hentry","category-okategoriserade"],"acf":[],"yoast_head":"<!-- This site is optimized with the Yoast SEO plugin v26.8 - https:\/\/yoast.com\/product\/yoast-seo-wordpress\/ -->\n<title>Kampsportsgalan i bilder - Svenska Budo &amp; Kampsportsf\u00f6rbundet<\/title>\n<meta name=\"description\" content=\"Fotograf Hamid Shokatyan fotade Kampsportsgalan f\u00f6r f\u00f6rbundets r\u00e4kning och h\u00e4r \u00e4r ett urval av hans bilder fr\u00e5n l\u00f6rdagens stora kampsportsfest.\" \/>\n<meta name=\"robots\" content=\"index, follow, max-snippet:-1, max-image-preview:large, max-video-preview:-1\" \/>\n<link rel=\"canonical\" href=\"https:\/\/www.budokampsport.se\/2011\/03\/31\/kampsportsgalan-i-bilder\/\" \/>\n<meta property=\"og:locale\" content=\"sv_SE\" \/>\n<meta property=\"og:type\" content=\"article\" \/>\n<meta property=\"og:title\" content=\"Kampsportsgalan i bilder - Svenska Budo &amp; Kampsportsf\u00f6rbundet\" \/>\n<meta property=\"og:description\" content=\"Fotograf Hamid Shokatyan fotade Kampsportsgalan f\u00f6r f\u00f6rbundets r\u00e4kning och h\u00e4r \u00e4r ett urval av hans bilder fr\u00e5n l\u00f6rdagens stora kampsportsfest.\" \/>\n<meta property=\"og:url\" content=\"https:\/\/www.budokampsport.se\/2011\/03\/31\/kampsportsgalan-i-bilder\/\" \/>\n<meta property=\"og:site_name\" content=\"Svenska Budo &amp; Kampsportsf\u00f6rbundet\" \/>\n<meta property=\"article:author\" content=\"https:\/\/www.facebook.com\/jonathan.broberg.7\" \/>\n<meta property=\"article:published_time\" content=\"2011-03-31T14:47:36+00:00\" \/>\n<meta property=\"article:modified_time\" content=\"2016-12-06T21:32:52+00:00\" \/>\n<meta name=\"author\" content=\"Jonathan Broberg\" \/>\n<meta name=\"twitter:card\" content=\"summary_large_image\" \/>\n<meta name=\"twitter:label1\" content=\"Skriven av\" \/>\n\t<meta name=\"twitter:data1\" content=\"Jonathan Broberg\" \/>\n<script type=\"application\/ld+json\" class=\"yoast-schema-graph\">{\"@context\":\"https:\/\/schema.org\",\"@graph\":[{\"@type\":\"Article\",\"@id\":\"https:\/\/www.budokampsport.se\/2011\/03\/31\/kampsportsgalan-i-bilder\/#article\",\"isPartOf\":{\"@id\":\"https:\/\/www.budokampsport.se\/2011\/03\/31\/kampsportsgalan-i-bilder\/\"},\"author\":{\"name\":\"Jonathan Broberg\",\"@id\":\"https:\/\/www.budokampsport.se\/#\/schema\/person\/5c06d81d14850e2a8ce5493386560145\"},\"headline\":\"Kampsportsgalan i bilder\",\"datePublished\":\"2011-03-31T14:47:36+00:00\",\"dateModified\":\"2016-12-06T21:32:52+00:00\",\"mainEntityOfPage\":{\"@id\":\"https:\/\/www.budokampsport.se\/2011\/03\/31\/kampsportsgalan-i-bilder\/\"},\"wordCount\":32,\"inLanguage\":\"sv-SE\"},{\"@type\":\"WebPage\",\"@id\":\"https:\/\/www.budokampsport.se\/2011\/03\/31\/kampsportsgalan-i-bilder\/\",\"url\":\"https:\/\/www.budokampsport.se\/2011\/03\/31\/kampsportsgalan-i-bilder\/\",\"name\":\"Kampsportsgalan i bilder - Svenska Budo &amp; Kampsportsf\u00f6rbundet\",\"isPartOf\":{\"@id\":\"https:\/\/www.budokampsport.se\/#website\"},\"datePublished\":\"2011-03-31T14:47:36+00:00\",\"dateModified\":\"2016-12-06T21:32:52+00:00\",\"author\":{\"@id\":\"https:\/\/www.budokampsport.se\/#\/schema\/person\/5c06d81d14850e2a8ce5493386560145\"},\"description\":\"Fotograf Hamid Shokatyan fotade Kampsportsgalan f\u00f6r f\u00f6rbundets r\u00e4kning och h\u00e4r \u00e4r ett urval av hans bilder fr\u00e5n l\u00f6rdagens stora kampsportsfest.\",\"breadcrumb\":{\"@id\":\"https:\/\/www.budokampsport.se\/2011\/03\/31\/kampsportsgalan-i-bilder\/#breadcrumb\"},\"inLanguage\":\"sv-SE\",\"potentialAction\":[{\"@type\":\"ReadAction\",\"target\":[\"https:\/\/www.budokampsport.se\/2011\/03\/31\/kampsportsgalan-i-bilder\/\"]}]},{\"@type\":\"BreadcrumbList\",\"@id\":\"https:\/\/www.budokampsport.se\/2011\/03\/31\/kampsportsgalan-i-bilder\/#breadcrumb\",\"itemListElement\":[{\"@type\":\"ListItem\",\"position\":1,\"name\":\"Hem\",\"item\":\"https:\/\/www.budokampsport.se\/\"},{\"@type\":\"ListItem\",\"position\":2,\"name\":\"Kampsportsgalan i bilder\"}]},{\"@type\":\"WebSite\",\"@id\":\"https:\/\/www.budokampsport.se\/#website\",\"url\":\"https:\/\/www.budokampsport.se\/\",\"name\":\"Svenska Budo &amp; Kampsportsf\u00f6rbundet\",\"description\":\"T\u00e4vling, Tr\u00e4ning, Tradition\",\"potentialAction\":[{\"@type\":\"SearchAction\",\"target\":{\"@type\":\"EntryPoint\",\"urlTemplate\":\"https:\/\/www.budokampsport.se\/?s={search_term_string}\"},\"query-input\":{\"@type\":\"PropertyValueSpecification\",\"valueRequired\":true,\"valueName\":\"search_term_string\"}}],\"inLanguage\":\"sv-SE\"},{\"@type\":\"Person\",\"@id\":\"https:\/\/www.budokampsport.se\/#\/schema\/person\/5c06d81d14850e2a8ce5493386560145\",\"name\":\"Jonathan Broberg\",\"image\":{\"@type\":\"ImageObject\",\"inLanguage\":\"sv-SE\",\"@id\":\"https:\/\/www.budokampsport.se\/#\/schema\/person\/image\/\",\"url\":\"https:\/\/secure.gravatar.com\/avatar\/a58041c6cea9128bd9c40ee2f26d4136?s=96&d=blank&r=g\",\"contentUrl\":\"https:\/\/secure.gravatar.com\/avatar\/a58041c6cea9128bd9c40ee2f26d4136?s=96&d=blank&r=g\",\"caption\":\"Jonathan Broberg\"},\"sameAs\":[\"https:\/\/www.facebook.com\/jonathan.broberg.7\"],\"url\":\"https:\/\/www.budokampsport.se\/author\/jonathan\/\"}]}<\/script>\n<!-- \/ Yoast SEO plugin. -->","yoast_head_json":{"title":"Kampsportsgalan i bilder - Svenska Budo &amp; Kampsportsf\u00f6rbundet","description":"Fotograf Hamid Shokatyan fotade Kampsportsgalan f\u00f6r f\u00f6rbundets r\u00e4kning och h\u00e4r \u00e4r ett urval av hans bilder fr\u00e5n l\u00f6rdagens stora kampsportsfest.","robots":{"index":"index","follow":"follow","max-snippet":"max-snippet:-1","max-image-preview":"max-image-preview:large","max-video-preview":"max-video-preview:-1"},"canonical":"https:\/\/www.budokampsport.se\/2011\/03\/31\/kampsportsgalan-i-bilder\/","og_locale":"sv_SE","og_type":"article","og_title":"Kampsportsgalan i bilder - Svenska Budo &amp; Kampsportsf\u00f6rbundet","og_description":"Fotograf Hamid Shokatyan fotade Kampsportsgalan f\u00f6r f\u00f6rbundets r\u00e4kning och h\u00e4r \u00e4r ett urval av hans bilder fr\u00e5n l\u00f6rdagens stora kampsportsfest.","og_url":"https:\/\/www.budokampsport.se\/2011\/03\/31\/kampsportsgalan-i-bilder\/","og_site_name":"Svenska Budo &amp; Kampsportsf\u00f6rbundet","article_author":"https:\/\/www.facebook.com\/jonathan.broberg.7","article_published_time":"2011-03-31T14:47:36+00:00","article_modified_time":"2016-12-06T21:32:52+00:00","author":"Jonathan Broberg","twitter_card":"summary_large_image","twitter_misc":{"Skriven av":"Jonathan Broberg"},"schema":{"@context":"https:\/\/schema.org","@graph":[{"@type":"Article","@id":"https:\/\/www.budokampsport.se\/2011\/03\/31\/kampsportsgalan-i-bilder\/#article","isPartOf":{"@id":"https:\/\/www.budokampsport.se\/2011\/03\/31\/kampsportsgalan-i-bilder\/"},"author":{"name":"Jonathan Broberg","@id":"https:\/\/www.budokampsport.se\/#\/schema\/person\/5c06d81d14850e2a8ce5493386560145"},"headline":"Kampsportsgalan i bilder","datePublished":"2011-03-31T14:47:36+00:00","dateModified":"2016-12-06T21:32:52+00:00","mainEntityOfPage":{"@id":"https:\/\/www.budokampsport.se\/2011\/03\/31\/kampsportsgalan-i-bilder\/"},"wordCount":32,"inLanguage":"sv-SE"},{"@type":"WebPage","@id":"https:\/\/www.budokampsport.se\/2011\/03\/31\/kampsportsgalan-i-bilder\/","url":"https:\/\/www.budokampsport.se\/2011\/03\/31\/kampsportsgalan-i-bilder\/","name":"Kampsportsgalan i bilder - Svenska Budo &amp; Kampsportsf\u00f6rbundet","isPartOf":{"@id":"https:\/\/www.budokampsport.se\/#website"},"datePublished":"2011-03-31T14:47:36+00:00","dateModified":"2016-12-06T21:32:52+00:00","author":{"@id":"https:\/\/www.budokampsport.se\/#\/schema\/person\/5c06d81d14850e2a8ce5493386560145"},"description":"Fotograf Hamid Shokatyan fotade Kampsportsgalan f\u00f6r f\u00f6rbundets r\u00e4kning och h\u00e4r \u00e4r ett urval av hans bilder fr\u00e5n l\u00f6rdagens stora kampsportsfest.","breadcrumb":{"@id":"https:\/\/www.budokampsport.se\/2011\/03\/31\/kampsportsgalan-i-bilder\/#breadcrumb"},"inLanguage":"sv-SE","potentialAction":[{"@type":"ReadAction","target":["https:\/\/www.budokampsport.se\/2011\/03\/31\/kampsportsgalan-i-bilder\/"]}]},{"@type":"BreadcrumbList","@id":"https:\/\/www.budokampsport.se\/2011\/03\/31\/kampsportsgalan-i-bilder\/#breadcrumb","itemListElement":[{"@type":"ListItem","position":1,"name":"Hem","item":"https:\/\/www.budokampsport.se\/"},{"@type":"ListItem","position":2,"name":"Kampsportsgalan i bilder"}]},{"@type":"WebSite","@id":"https:\/\/www.budokampsport.se\/#website","url":"https:\/\/www.budokampsport.se\/","name":"Svenska Budo &amp; Kampsportsf\u00f6rbundet","description":"T\u00e4vling, Tr\u00e4ning, Tradition","potentialAction":[{"@type":"SearchAction","target":{"@type":"EntryPoint","urlTemplate":"https:\/\/www.budokampsport.se\/?s={search_term_string}"},"query-input":{"@type":"PropertyValueSpecification","valueRequired":true,"valueName":"search_term_string"}}],"inLanguage":"sv-SE"},{"@type":"Person","@id":"https:\/\/www.budokampsport.se\/#\/schema\/person\/5c06d81d14850e2a8ce5493386560145","name":"Jonathan Broberg","image":{"@type":"ImageObject","inLanguage":"sv-SE","@id":"https:\/\/www.budokampsport.se\/#\/schema\/person\/image\/","url":"https:\/\/secure.gravatar.com\/avatar\/a58041c6cea9128bd9c40ee2f26d4136?s=96&d=blank&r=g","contentUrl":"https:\/\/secure.gravatar.com\/avatar\/a58041c6cea9128bd9c40ee2f26d4136?s=96&d=blank&r=g","caption":"Jonathan Broberg"},"sameAs":["https:\/\/www.facebook.com\/jonathan.broberg.7"],"url":"https:\/\/www.budokampsport.se\/author\/jonathan\/"}]}},"_links":{"self":[{"href":"https:\/\/www.budokampsport.se\/api\/wp\/v2\/posts\/3748","targetHints":{"allow":["GET"]}}],"collection":[{"href":"https:\/\/www.budokampsport.se\/api\/wp\/v2\/posts"}],"about":[{"href":"https:\/\/www.budokampsport.se\/api\/wp\/v2\/types\/post"}],"author":[{"embeddable":true,"href":"https:\/\/www.budokampsport.se\/api\/wp\/v2\/users\/7"}],"replies":[{"embeddable":true,"href":"https:\/\/www.budokampsport.se\/api\/wp\/v2\/comments?post=3748"}],"version-history":[{"count":0,"href":"https:\/\/www.budokampsport.se\/api\/wp\/v2\/posts\/3748\/revisions"}],"wp:attachment":[{"href":"https:\/\/www.budokampsport.se\/api\/wp\/v2\/media?parent=3748"}],"wp:term":[{"taxonomy":"category","embeddable":true,"href":"https:\/\/www.budokampsport.se\/api\/wp\/v2\/categories?post=3748"},{"taxonomy":"post_tag","embeddable":true,"href":"https:\/\/www.budokampsport.se\/api\/wp\/v2\/tags?post=3748"}],"curies":[{"name":"wp","href":"https:\/\/api.w.org\/{rel}","templated":true}]}}