{"id":3756,"date":"2011-04-06T09:07:21","date_gmt":"2011-04-06T07:07:21","guid":{"rendered":"http:\/\/budo.wordpress.dev\/2011\/04\/06\/hollandsk-varldsmastare-till-ju-jutsulandslaget\/"},"modified":"2016-12-06T22:32:54","modified_gmt":"2016-12-06T21:32:54","slug":"hollandsk-varldsmastare-till-ju-jutsulandslaget","status":"publish","type":"post","link":"https:\/\/www.budokampsport.se\/2011\/04\/06\/hollandsk-varldsmastare-till-ju-jutsulandslaget\/","title":{"rendered":"Holl\u00e4ndsk v\u00e4rldsm\u00e4stare till ju jutsulandslaget"},"content":{"rendered":"<p><P><STRONG><IMG alt=\"\" align=right src=\"http:\/\/www.budokampsport.se\/sites\/default\/files\/rob_martin.jpg\" width=200 height=133>Svensk ju jutsu drabbades i h\u00f6stas av flera avhopp kring landslagsledningen. Efter det har f\u00f6rbundet med sportchef Michael Kuntz i spetsen arbetat h\u00e5rt f\u00f6r att finna r\u00e4tt ledare. Nu har man hittat r\u00e4tt, i forne v\u00e4rldsm\u00e4staren fr\u00e5n Holland Rob Haans.<BR>\u00a0\u00a0 &#8211; Det \u00e4r en stor utmaning, men positiv, s\u00e4ger han till Svenska Ju jutsufederationens hemsida<BR><!--break--><BR><\/STRONG>Svensk ju-jutsu har hittat sin coach f\u00f6r kamplandslaget, n\u00e4r Martin Ingholt tackar f\u00f6r sig efter \u00e5rets VM. Valet f\u00f6ll p\u00e5 en holl\u00e4ndsk v\u00e4rldsm\u00e4stare.<BR><BR>Rob Haans. S\u00e5 heter Sveriges n\u00e4sta landslagscoach i ju-jutsu. Haans, som s\u00e5 sent som 2010 sj\u00e4lv blev v\u00e4rldsm\u00e4stare i +94 kg, har \u00e4ven coachmeriter fr\u00e5n s\u00e5v\u00e4l det danska som holl\u00e4ndska landslaget.<BR>\u00a0\u00a0 &#8211; Jag kommer att fokusera p\u00e5 en team spirit och samtidigt skapa en gynnsam milj\u00f6 f\u00f6r individuell utveckling. Jag kommer att g\u00f6ra personliga tr\u00e4ningsprogram f\u00f6r varje fighter f\u00f6r att m\u00f6ta deras individuella potential, s\u00e4ger Haans till Svenska Ju jutsufederationens hemsida.<BR><BR>V\u00e4rvningen av Haans har rotts iland av sportchefen Michael Kuntz, som budokampsport.se kommer att prata med om Haans l\u00e4ngre fram.<BR><BR><A href=\"http:\/\/ju-jutsu.budo.se\/\">F\u00f6r mer information, klicka h\u00e4r!<\/A><BR><BR>Text: Jonathan Broberg<BR>Foto: ju-jutsu.budo.se<\/P><\/p>\n","protected":false},"excerpt":{"rendered":"<p><P><STRONG><IMG alt=\"\" align=right src=\"http:\/\/www.budokampsport.se\/sites\/default\/files\/rob_martin.jpg\" width=200 height=133>Svensk ju jutsu drabbades i h\u00f6stas av flera avhopp kring landslagsledningen. Efter det har f\u00f6rbundet med sportchef Michael Kuntz i spetsen arbetat h\u00e5rt f\u00f6r att finna r\u00e4tt ledare. Nu har man hittat r\u00e4tt, i forne v\u00e4rldsm\u00e4staren fr\u00e5n Holland Rob Haans.<BR>\u00a0\u00a0 &#8211; Det \u00e4r en stor utmaning, men positiv, s\u00e4ger han till Svenska Ju jutsufederationens hemsida<BR><\/p><br>","protected":false},"author":7,"featured_media":0,"comment_status":"closed","ping_status":"closed","sticky":false,"template":"","format":"standard","meta":{"_acf_changed":false,"footnotes":""},"categories":[1],"tags":[],"class_list":["post-3756","post","type-post","status-publish","format-standard","hentry","category-okategoriserade"],"acf":[],"yoast_head":"<!-- This site is optimized with the Yoast SEO plugin v26.8 - https:\/\/yoast.com\/product\/yoast-seo-wordpress\/ -->\n<title>Holl\u00e4ndsk v\u00e4rldsm\u00e4stare till ju jutsulandslaget - Svenska Budo &amp; Kampsportsf\u00f6rbundet<\/title>\n<meta name=\"description\" content=\"Svensk ju jutsu drabbades i h\u00f6stas av flera avhopp kring landslagsledningen. Efter det har f\u00f6rbundet med sportchef Michael Kuntz i spetsen arbetat h\u00e5rt f\u00f6r att finna r\u00e4tt ledare. Nu har man hittat r\u00e4tt, i forne v\u00e4rldsm\u00e4staren fr\u00e5n Holland Rob Haans.\u00a0\u00a0 - Det \u00e4r en stor utmaning, men positiv, s\u00e4ger han till Svenska Ju jutsufederationens hemsida\" \/>\n<meta name=\"robots\" content=\"index, follow, max-snippet:-1, max-image-preview:large, max-video-preview:-1\" \/>\n<link rel=\"canonical\" href=\"https:\/\/www.budokampsport.se\/2011\/04\/06\/hollandsk-varldsmastare-till-ju-jutsulandslaget\/\" \/>\n<meta property=\"og:locale\" content=\"sv_SE\" \/>\n<meta property=\"og:type\" content=\"article\" \/>\n<meta property=\"og:title\" content=\"Holl\u00e4ndsk v\u00e4rldsm\u00e4stare till ju jutsulandslaget - Svenska Budo &amp; Kampsportsf\u00f6rbundet\" \/>\n<meta property=\"og:description\" content=\"Svensk ju jutsu drabbades i h\u00f6stas av flera avhopp kring landslagsledningen. Efter det har f\u00f6rbundet med sportchef Michael Kuntz i spetsen arbetat h\u00e5rt f\u00f6r att finna r\u00e4tt ledare. Nu har man hittat r\u00e4tt, i forne v\u00e4rldsm\u00e4staren fr\u00e5n Holland Rob Haans.\u00a0\u00a0 - Det \u00e4r en stor utmaning, men positiv, s\u00e4ger han till Svenska Ju jutsufederationens hemsida\" \/>\n<meta property=\"og:url\" content=\"https:\/\/www.budokampsport.se\/2011\/04\/06\/hollandsk-varldsmastare-till-ju-jutsulandslaget\/\" \/>\n<meta property=\"og:site_name\" content=\"Svenska Budo &amp; Kampsportsf\u00f6rbundet\" \/>\n<meta property=\"article:author\" content=\"https:\/\/www.facebook.com\/jonathan.broberg.7\" \/>\n<meta property=\"article:published_time\" content=\"2011-04-06T07:07:21+00:00\" \/>\n<meta property=\"article:modified_time\" content=\"2016-12-06T21:32:54+00:00\" \/>\n<meta name=\"author\" content=\"Jonathan Broberg\" \/>\n<meta name=\"twitter:card\" content=\"summary_large_image\" \/>\n<meta name=\"twitter:label1\" content=\"Skriven av\" \/>\n\t<meta name=\"twitter:data1\" content=\"Jonathan Broberg\" \/>\n\t<meta name=\"twitter:label2\" content=\"Ber\u00e4knad l\u00e4stid\" \/>\n\t<meta name=\"twitter:data2\" content=\"1 minut\" \/>\n<script type=\"application\/ld+json\" class=\"yoast-schema-graph\">{\"@context\":\"https:\/\/schema.org\",\"@graph\":[{\"@type\":\"Article\",\"@id\":\"https:\/\/www.budokampsport.se\/2011\/04\/06\/hollandsk-varldsmastare-till-ju-jutsulandslaget\/#article\",\"isPartOf\":{\"@id\":\"https:\/\/www.budokampsport.se\/2011\/04\/06\/hollandsk-varldsmastare-till-ju-jutsulandslaget\/\"},\"author\":{\"name\":\"Jonathan Broberg\",\"@id\":\"https:\/\/www.budokampsport.se\/#\/schema\/person\/5c06d81d14850e2a8ce5493386560145\"},\"headline\":\"Holl\u00e4ndsk v\u00e4rldsm\u00e4stare till ju jutsulandslaget\",\"datePublished\":\"2011-04-06T07:07:21+00:00\",\"dateModified\":\"2016-12-06T21:32:54+00:00\",\"mainEntityOfPage\":{\"@id\":\"https:\/\/www.budokampsport.se\/2011\/04\/06\/hollandsk-varldsmastare-till-ju-jutsulandslaget\/\"},\"wordCount\":223,\"inLanguage\":\"sv-SE\"},{\"@type\":\"WebPage\",\"@id\":\"https:\/\/www.budokampsport.se\/2011\/04\/06\/hollandsk-varldsmastare-till-ju-jutsulandslaget\/\",\"url\":\"https:\/\/www.budokampsport.se\/2011\/04\/06\/hollandsk-varldsmastare-till-ju-jutsulandslaget\/\",\"name\":\"Holl\u00e4ndsk v\u00e4rldsm\u00e4stare till ju jutsulandslaget - Svenska Budo &amp; Kampsportsf\u00f6rbundet\",\"isPartOf\":{\"@id\":\"https:\/\/www.budokampsport.se\/#website\"},\"datePublished\":\"2011-04-06T07:07:21+00:00\",\"dateModified\":\"2016-12-06T21:32:54+00:00\",\"author\":{\"@id\":\"https:\/\/www.budokampsport.se\/#\/schema\/person\/5c06d81d14850e2a8ce5493386560145\"},\"description\":\"Svensk ju jutsu drabbades i h\u00f6stas av flera avhopp kring landslagsledningen. Efter det har f\u00f6rbundet med sportchef Michael Kuntz i spetsen arbetat h\u00e5rt f\u00f6r att finna r\u00e4tt ledare. Nu har man hittat r\u00e4tt, i forne v\u00e4rldsm\u00e4staren fr\u00e5n Holland Rob Haans.\u00a0\u00a0 - Det \u00e4r en stor utmaning, men positiv, s\u00e4ger han till Svenska Ju jutsufederationens hemsida\",\"breadcrumb\":{\"@id\":\"https:\/\/www.budokampsport.se\/2011\/04\/06\/hollandsk-varldsmastare-till-ju-jutsulandslaget\/#breadcrumb\"},\"inLanguage\":\"sv-SE\",\"potentialAction\":[{\"@type\":\"ReadAction\",\"target\":[\"https:\/\/www.budokampsport.se\/2011\/04\/06\/hollandsk-varldsmastare-till-ju-jutsulandslaget\/\"]}]},{\"@type\":\"BreadcrumbList\",\"@id\":\"https:\/\/www.budokampsport.se\/2011\/04\/06\/hollandsk-varldsmastare-till-ju-jutsulandslaget\/#breadcrumb\",\"itemListElement\":[{\"@type\":\"ListItem\",\"position\":1,\"name\":\"Hem\",\"item\":\"https:\/\/www.budokampsport.se\/\"},{\"@type\":\"ListItem\",\"position\":2,\"name\":\"Holl\u00e4ndsk v\u00e4rldsm\u00e4stare till ju jutsulandslaget\"}]},{\"@type\":\"WebSite\",\"@id\":\"https:\/\/www.budokampsport.se\/#website\",\"url\":\"https:\/\/www.budokampsport.se\/\",\"name\":\"Svenska Budo &amp; Kampsportsf\u00f6rbundet\",\"description\":\"T\u00e4vling, Tr\u00e4ning, Tradition\",\"potentialAction\":[{\"@type\":\"SearchAction\",\"target\":{\"@type\":\"EntryPoint\",\"urlTemplate\":\"https:\/\/www.budokampsport.se\/?s={search_term_string}\"},\"query-input\":{\"@type\":\"PropertyValueSpecification\",\"valueRequired\":true,\"valueName\":\"search_term_string\"}}],\"inLanguage\":\"sv-SE\"},{\"@type\":\"Person\",\"@id\":\"https:\/\/www.budokampsport.se\/#\/schema\/person\/5c06d81d14850e2a8ce5493386560145\",\"name\":\"Jonathan Broberg\",\"image\":{\"@type\":\"ImageObject\",\"inLanguage\":\"sv-SE\",\"@id\":\"https:\/\/www.budokampsport.se\/#\/schema\/person\/image\/\",\"url\":\"https:\/\/secure.gravatar.com\/avatar\/a58041c6cea9128bd9c40ee2f26d4136?s=96&d=blank&r=g\",\"contentUrl\":\"https:\/\/secure.gravatar.com\/avatar\/a58041c6cea9128bd9c40ee2f26d4136?s=96&d=blank&r=g\",\"caption\":\"Jonathan Broberg\"},\"sameAs\":[\"https:\/\/www.facebook.com\/jonathan.broberg.7\"],\"url\":\"https:\/\/www.budokampsport.se\/author\/jonathan\/\"}]}<\/script>\n<!-- \/ Yoast SEO plugin. -->","yoast_head_json":{"title":"Holl\u00e4ndsk v\u00e4rldsm\u00e4stare till ju jutsulandslaget - Svenska Budo &amp; Kampsportsf\u00f6rbundet","description":"Svensk ju jutsu drabbades i h\u00f6stas av flera avhopp kring landslagsledningen. Efter det har f\u00f6rbundet med sportchef Michael Kuntz i spetsen arbetat h\u00e5rt f\u00f6r att finna r\u00e4tt ledare. Nu har man hittat r\u00e4tt, i forne v\u00e4rldsm\u00e4staren fr\u00e5n Holland Rob Haans.\u00a0\u00a0 - Det \u00e4r en stor utmaning, men positiv, s\u00e4ger han till Svenska Ju jutsufederationens hemsida","robots":{"index":"index","follow":"follow","max-snippet":"max-snippet:-1","max-image-preview":"max-image-preview:large","max-video-preview":"max-video-preview:-1"},"canonical":"https:\/\/www.budokampsport.se\/2011\/04\/06\/hollandsk-varldsmastare-till-ju-jutsulandslaget\/","og_locale":"sv_SE","og_type":"article","og_title":"Holl\u00e4ndsk v\u00e4rldsm\u00e4stare till ju jutsulandslaget - Svenska Budo &amp; Kampsportsf\u00f6rbundet","og_description":"Svensk ju jutsu drabbades i h\u00f6stas av flera avhopp kring landslagsledningen. Efter det har f\u00f6rbundet med sportchef Michael Kuntz i spetsen arbetat h\u00e5rt f\u00f6r att finna r\u00e4tt ledare. Nu har man hittat r\u00e4tt, i forne v\u00e4rldsm\u00e4staren fr\u00e5n Holland Rob Haans.\u00a0\u00a0 - Det \u00e4r en stor utmaning, men positiv, s\u00e4ger han till Svenska Ju jutsufederationens hemsida","og_url":"https:\/\/www.budokampsport.se\/2011\/04\/06\/hollandsk-varldsmastare-till-ju-jutsulandslaget\/","og_site_name":"Svenska Budo &amp; Kampsportsf\u00f6rbundet","article_author":"https:\/\/www.facebook.com\/jonathan.broberg.7","article_published_time":"2011-04-06T07:07:21+00:00","article_modified_time":"2016-12-06T21:32:54+00:00","author":"Jonathan Broberg","twitter_card":"summary_large_image","twitter_misc":{"Skriven av":"Jonathan Broberg","Ber\u00e4knad l\u00e4stid":"1 minut"},"schema":{"@context":"https:\/\/schema.org","@graph":[{"@type":"Article","@id":"https:\/\/www.budokampsport.se\/2011\/04\/06\/hollandsk-varldsmastare-till-ju-jutsulandslaget\/#article","isPartOf":{"@id":"https:\/\/www.budokampsport.se\/2011\/04\/06\/hollandsk-varldsmastare-till-ju-jutsulandslaget\/"},"author":{"name":"Jonathan Broberg","@id":"https:\/\/www.budokampsport.se\/#\/schema\/person\/5c06d81d14850e2a8ce5493386560145"},"headline":"Holl\u00e4ndsk v\u00e4rldsm\u00e4stare till ju jutsulandslaget","datePublished":"2011-04-06T07:07:21+00:00","dateModified":"2016-12-06T21:32:54+00:00","mainEntityOfPage":{"@id":"https:\/\/www.budokampsport.se\/2011\/04\/06\/hollandsk-varldsmastare-till-ju-jutsulandslaget\/"},"wordCount":223,"inLanguage":"sv-SE"},{"@type":"WebPage","@id":"https:\/\/www.budokampsport.se\/2011\/04\/06\/hollandsk-varldsmastare-till-ju-jutsulandslaget\/","url":"https:\/\/www.budokampsport.se\/2011\/04\/06\/hollandsk-varldsmastare-till-ju-jutsulandslaget\/","name":"Holl\u00e4ndsk v\u00e4rldsm\u00e4stare till ju jutsulandslaget - Svenska Budo &amp; Kampsportsf\u00f6rbundet","isPartOf":{"@id":"https:\/\/www.budokampsport.se\/#website"},"datePublished":"2011-04-06T07:07:21+00:00","dateModified":"2016-12-06T21:32:54+00:00","author":{"@id":"https:\/\/www.budokampsport.se\/#\/schema\/person\/5c06d81d14850e2a8ce5493386560145"},"description":"Svensk ju jutsu drabbades i h\u00f6stas av flera avhopp kring landslagsledningen. Efter det har f\u00f6rbundet med sportchef Michael Kuntz i spetsen arbetat h\u00e5rt f\u00f6r att finna r\u00e4tt ledare. Nu har man hittat r\u00e4tt, i forne v\u00e4rldsm\u00e4staren fr\u00e5n Holland Rob Haans.\u00a0\u00a0 - Det \u00e4r en stor utmaning, men positiv, s\u00e4ger han till Svenska Ju jutsufederationens hemsida","breadcrumb":{"@id":"https:\/\/www.budokampsport.se\/2011\/04\/06\/hollandsk-varldsmastare-till-ju-jutsulandslaget\/#breadcrumb"},"inLanguage":"sv-SE","potentialAction":[{"@type":"ReadAction","target":["https:\/\/www.budokampsport.se\/2011\/04\/06\/hollandsk-varldsmastare-till-ju-jutsulandslaget\/"]}]},{"@type":"BreadcrumbList","@id":"https:\/\/www.budokampsport.se\/2011\/04\/06\/hollandsk-varldsmastare-till-ju-jutsulandslaget\/#breadcrumb","itemListElement":[{"@type":"ListItem","position":1,"name":"Hem","item":"https:\/\/www.budokampsport.se\/"},{"@type":"ListItem","position":2,"name":"Holl\u00e4ndsk v\u00e4rldsm\u00e4stare till ju jutsulandslaget"}]},{"@type":"WebSite","@id":"https:\/\/www.budokampsport.se\/#website","url":"https:\/\/www.budokampsport.se\/","name":"Svenska Budo &amp; Kampsportsf\u00f6rbundet","description":"T\u00e4vling, Tr\u00e4ning, Tradition","potentialAction":[{"@type":"SearchAction","target":{"@type":"EntryPoint","urlTemplate":"https:\/\/www.budokampsport.se\/?s={search_term_string}"},"query-input":{"@type":"PropertyValueSpecification","valueRequired":true,"valueName":"search_term_string"}}],"inLanguage":"sv-SE"},{"@type":"Person","@id":"https:\/\/www.budokampsport.se\/#\/schema\/person\/5c06d81d14850e2a8ce5493386560145","name":"Jonathan Broberg","image":{"@type":"ImageObject","inLanguage":"sv-SE","@id":"https:\/\/www.budokampsport.se\/#\/schema\/person\/image\/","url":"https:\/\/secure.gravatar.com\/avatar\/a58041c6cea9128bd9c40ee2f26d4136?s=96&d=blank&r=g","contentUrl":"https:\/\/secure.gravatar.com\/avatar\/a58041c6cea9128bd9c40ee2f26d4136?s=96&d=blank&r=g","caption":"Jonathan Broberg"},"sameAs":["https:\/\/www.facebook.com\/jonathan.broberg.7"],"url":"https:\/\/www.budokampsport.se\/author\/jonathan\/"}]}},"_links":{"self":[{"href":"https:\/\/www.budokampsport.se\/api\/wp\/v2\/posts\/3756","targetHints":{"allow":["GET"]}}],"collection":[{"href":"https:\/\/www.budokampsport.se\/api\/wp\/v2\/posts"}],"about":[{"href":"https:\/\/www.budokampsport.se\/api\/wp\/v2\/types\/post"}],"author":[{"embeddable":true,"href":"https:\/\/www.budokampsport.se\/api\/wp\/v2\/users\/7"}],"replies":[{"embeddable":true,"href":"https:\/\/www.budokampsport.se\/api\/wp\/v2\/comments?post=3756"}],"version-history":[{"count":0,"href":"https:\/\/www.budokampsport.se\/api\/wp\/v2\/posts\/3756\/revisions"}],"wp:attachment":[{"href":"https:\/\/www.budokampsport.se\/api\/wp\/v2\/media?parent=3756"}],"wp:term":[{"taxonomy":"category","embeddable":true,"href":"https:\/\/www.budokampsport.se\/api\/wp\/v2\/categories?post=3756"},{"taxonomy":"post_tag","embeddable":true,"href":"https:\/\/www.budokampsport.se\/api\/wp\/v2\/tags?post=3756"}],"curies":[{"name":"wp","href":"https:\/\/api.w.org\/{rel}","templated":true}]}}