{"id":37606,"date":"2017-01-17T13:22:32","date_gmt":"2017-01-17T12:22:32","guid":{"rendered":"http:\/\/www.budokampsport.se\/?p=37606"},"modified":"2017-01-17T13:33:01","modified_gmt":"2017-01-17T12:33:01","slug":"august-wallen-om-idrottsgalan","status":"publish","type":"post","link":"https:\/\/www.budokampsport.se\/2017\/01\/17\/august-wallen-om-idrottsgalan\/","title":{"rendered":"August Wall\u00e9n om Idrottsgalan"},"content":{"rendered":"<p>Ig\u00e5r h\u00f6lls Idrottsgalan i Globen och f\u00f6r f\u00f6rsta g\u00e5ngen var det en kampsportare, Patricia Axling, nominerad till galan.<\/p>\n<p>Det var ocks\u00e5 f\u00f6rsta g\u00e5ngen som SB&amp;K:s ordf\u00f6rande August Wall\u00e9n bes\u00f6kte galan.<br \/>\n&#8211; Det var en j\u00e4ttebra gala, rolig, engagerande, v\u00e4lproducerad. Till och med jag som inte \u00e4r n\u00e5gon sportf\u00e5ne tyckte att det var roligt. Kampsportsgalan ligger lite i l\u00e4, och vi har en del att kunna dra l\u00e4rdom av.<br \/>\n&#8211; Men jag funderade lite p\u00e5 de idrottare vi har och de ungef\u00e4r 2500 som var h\u00e4r middagsg\u00e4ster. Jag k\u00e4nner inte riktigt igen v\u00e5ra idrottare i det h\u00e4r s\u00e4llskapet. Jag t\u00e4nker lite p\u00e5 hur v\u00e5ra idrottare ser ut, \u00e5lder och lite s\u00e5.<\/p>\n<p><strong>\u201dInte helt n\u00f6jd\u201d<\/strong><br \/>\nDet var tv\u00e5 kampsportsrelaterade saker som stack ut. Patricia Axlings nominering, och presentationen av Prispallen. Hur ser du p\u00e5 dessa saker?<br \/>\n&#8211; Det \u00e4r fantastiskt roligt att Patricia blev nominerad och det \u00e4r stort att ha en nominerad \u00f6verhuvudtaget. Men jag tycker nog \u00e4nd\u00e5 att vinner du SM, VM och EM under samma \u00e5r \u00e4r det r\u00e4tt sv\u00e5rslaget. S\u00e5 jag tyckte nog hon f\u00f6rtj\u00e4nade priset, utan att f\u00f6rta Jesper Svenssons prestation.<br \/>\n&#8211; Om vi tar det h\u00e4r med prispallen. D\u00e4r \u00e4r jag faktiskt inte riktigt n\u00f6jd. Jag f\u00f6rst\u00e5r att man vill lyfta m\u00e5nga olika idrottsf\u00f6rbund och idrotter, det f\u00f6rst\u00e5r jag. Men orientering var inte ens n\u00e4st b\u00e4st, utan tredje b\u00e4st. Det har inte varit n\u00e5got problem att ge idrottare pris flera g\u00e5nger om, men h\u00e4r \u00e4r vi faktiskt m\u00e4tbart b\u00e4st. Vi tar flest medaljer. Om vi vinner medaljligan tv\u00e5 \u00e5r i rad borde de kunna visa upp oss f\u00f6r det tv\u00e5 \u00e5r i rad. S\u00e5, d\u00e4r \u00e4r jag inte helt n\u00f6jd. Vi borde blivit omn\u00e4mnda \u00e5tminstone.<\/p>\n<p>Text: Jonathan Broberg<br \/>\nFoto: Hamid Ershad Sarabi<\/p>\n","protected":false},"excerpt":{"rendered":"<p>Idrottsgalan i g\u00e5r var SB&#038;K:s ordf\u00f6rande August Wall\u00e9ns f\u00f6rsta gala live. Patricia Axling var nominerad i kategorin \u201d\u00c5rets nykomling \u2013 lilla bragdguldet\u201d, men priset vanns av bowlaren Jesper Svensson.<br \/><br>   &#8211; Stort att ha en nominerad, men jag tycker nog Patricia f\u00f6rtj\u00e4nade priset, s\u00e4ger han till budokampsport.se.<\/p><br>","protected":false},"author":7,"featured_media":36108,"comment_status":"open","ping_status":"open","sticky":false,"template":"","format":"standard","meta":{"_acf_changed":false,"footnotes":""},"categories":[1],"tags":[],"class_list":["post-37606","post","type-post","status-publish","format-standard","has-post-thumbnail","hentry","category-okategoriserade"],"acf":[],"yoast_head":"<!-- This site is optimized with the Yoast SEO plugin v26.8 - https:\/\/yoast.com\/product\/yoast-seo-wordpress\/ -->\n<title>August Wall\u00e9n om Idrottsgalan - Svenska Budo &amp; Kampsportsf\u00f6rbundet<\/title>\n<meta name=\"description\" content=\"Idrottsgalan i g\u00e5r var SB&amp;K:s ordf\u00f6rande August Wall\u00e9ns f\u00f6rsta gala live. Patricia Axling var nominerad i kategorin \u201d\u00c5rets nykomling \u2013 lilla bragdguldet\u201d, men priset vanns av bowlaren Jesper Svensson.   - Stort att ha en nominerad, men jag tycker nog Patricia f\u00f6rtj\u00e4nade priset, s\u00e4ger han till budokampsport.se.\" \/>\n<meta name=\"robots\" content=\"index, follow, max-snippet:-1, max-image-preview:large, max-video-preview:-1\" \/>\n<link rel=\"canonical\" href=\"https:\/\/www.budokampsport.se\/2017\/01\/17\/august-wallen-om-idrottsgalan\/\" \/>\n<meta property=\"og:locale\" content=\"sv_SE\" \/>\n<meta property=\"og:type\" content=\"article\" \/>\n<meta property=\"og:title\" content=\"August Wall\u00e9n om Idrottsgalan - Svenska Budo &amp; Kampsportsf\u00f6rbundet\" \/>\n<meta property=\"og:description\" content=\"Idrottsgalan i g\u00e5r var SB&amp;K:s ordf\u00f6rande August Wall\u00e9ns f\u00f6rsta gala live. Patricia Axling var nominerad i kategorin \u201d\u00c5rets nykomling \u2013 lilla bragdguldet\u201d, men priset vanns av bowlaren Jesper Svensson.   - Stort att ha en nominerad, men jag tycker nog Patricia f\u00f6rtj\u00e4nade priset, s\u00e4ger han till budokampsport.se.\" \/>\n<meta property=\"og:url\" content=\"https:\/\/www.budokampsport.se\/2017\/01\/17\/august-wallen-om-idrottsgalan\/\" \/>\n<meta property=\"og:site_name\" content=\"Svenska Budo &amp; Kampsportsf\u00f6rbundet\" \/>\n<meta property=\"article:author\" content=\"https:\/\/www.facebook.com\/jonathan.broberg.7\" \/>\n<meta property=\"article:published_time\" content=\"2017-01-17T12:22:32+00:00\" \/>\n<meta property=\"article:modified_time\" content=\"2017-01-17T12:33:01+00:00\" \/>\n<meta property=\"og:image\" content=\"https:\/\/www.budokampsport.se\/wp-content\/uploads\/2016\/11\/august_wallen.jpg\" \/>\n\t<meta property=\"og:image:width\" content=\"850\" \/>\n\t<meta property=\"og:image:height\" content=\"622\" \/>\n\t<meta property=\"og:image:type\" content=\"image\/jpeg\" \/>\n<meta name=\"author\" content=\"Jonathan Broberg\" \/>\n<meta name=\"twitter:card\" content=\"summary_large_image\" \/>\n<meta name=\"twitter:label1\" content=\"Skriven av\" \/>\n\t<meta name=\"twitter:data1\" content=\"Jonathan Broberg\" \/>\n\t<meta name=\"twitter:label2\" content=\"Ber\u00e4knad l\u00e4stid\" \/>\n\t<meta name=\"twitter:data2\" content=\"2 minuter\" \/>\n<script type=\"application\/ld+json\" class=\"yoast-schema-graph\">{\"@context\":\"https:\/\/schema.org\",\"@graph\":[{\"@type\":\"Article\",\"@id\":\"https:\/\/www.budokampsport.se\/2017\/01\/17\/august-wallen-om-idrottsgalan\/#article\",\"isPartOf\":{\"@id\":\"https:\/\/www.budokampsport.se\/2017\/01\/17\/august-wallen-om-idrottsgalan\/\"},\"author\":{\"name\":\"Jonathan Broberg\",\"@id\":\"https:\/\/www.budokampsport.se\/#\/schema\/person\/5c06d81d14850e2a8ce5493386560145\"},\"headline\":\"August Wall\u00e9n om Idrottsgalan\",\"datePublished\":\"2017-01-17T12:22:32+00:00\",\"dateModified\":\"2017-01-17T12:33:01+00:00\",\"mainEntityOfPage\":{\"@id\":\"https:\/\/www.budokampsport.se\/2017\/01\/17\/august-wallen-om-idrottsgalan\/\"},\"wordCount\":344,\"commentCount\":0,\"image\":{\"@id\":\"https:\/\/www.budokampsport.se\/2017\/01\/17\/august-wallen-om-idrottsgalan\/#primaryimage\"},\"thumbnailUrl\":\"https:\/\/www.budokampsport.se\/wp-content\/uploads\/2016\/11\/august_wallen.jpg\",\"inLanguage\":\"sv-SE\",\"potentialAction\":[{\"@type\":\"CommentAction\",\"name\":\"Comment\",\"target\":[\"https:\/\/www.budokampsport.se\/2017\/01\/17\/august-wallen-om-idrottsgalan\/#respond\"]}]},{\"@type\":\"WebPage\",\"@id\":\"https:\/\/www.budokampsport.se\/2017\/01\/17\/august-wallen-om-idrottsgalan\/\",\"url\":\"https:\/\/www.budokampsport.se\/2017\/01\/17\/august-wallen-om-idrottsgalan\/\",\"name\":\"August Wall\u00e9n om Idrottsgalan - Svenska Budo &amp; Kampsportsf\u00f6rbundet\",\"isPartOf\":{\"@id\":\"https:\/\/www.budokampsport.se\/#website\"},\"primaryImageOfPage\":{\"@id\":\"https:\/\/www.budokampsport.se\/2017\/01\/17\/august-wallen-om-idrottsgalan\/#primaryimage\"},\"image\":{\"@id\":\"https:\/\/www.budokampsport.se\/2017\/01\/17\/august-wallen-om-idrottsgalan\/#primaryimage\"},\"thumbnailUrl\":\"https:\/\/www.budokampsport.se\/wp-content\/uploads\/2016\/11\/august_wallen.jpg\",\"datePublished\":\"2017-01-17T12:22:32+00:00\",\"dateModified\":\"2017-01-17T12:33:01+00:00\",\"author\":{\"@id\":\"https:\/\/www.budokampsport.se\/#\/schema\/person\/5c06d81d14850e2a8ce5493386560145\"},\"description\":\"Idrottsgalan i g\u00e5r var SB&K:s ordf\u00f6rande August Wall\u00e9ns f\u00f6rsta gala live. Patricia Axling var nominerad i kategorin \u201d\u00c5rets nykomling \u2013 lilla bragdguldet\u201d, men priset vanns av bowlaren Jesper Svensson. - Stort att ha en nominerad, men jag tycker nog Patricia f\u00f6rtj\u00e4nade priset, s\u00e4ger han till budokampsport.se.\",\"breadcrumb\":{\"@id\":\"https:\/\/www.budokampsport.se\/2017\/01\/17\/august-wallen-om-idrottsgalan\/#breadcrumb\"},\"inLanguage\":\"sv-SE\",\"potentialAction\":[{\"@type\":\"ReadAction\",\"target\":[\"https:\/\/www.budokampsport.se\/2017\/01\/17\/august-wallen-om-idrottsgalan\/\"]}]},{\"@type\":\"ImageObject\",\"inLanguage\":\"sv-SE\",\"@id\":\"https:\/\/www.budokampsport.se\/2017\/01\/17\/august-wallen-om-idrottsgalan\/#primaryimage\",\"url\":\"https:\/\/www.budokampsport.se\/wp-content\/uploads\/2016\/11\/august_wallen.jpg\",\"contentUrl\":\"https:\/\/www.budokampsport.se\/wp-content\/uploads\/2016\/11\/august_wallen.jpg\",\"width\":850,\"height\":622,\"caption\":\"Foto: Hamid Ershad Sarabi\"},{\"@type\":\"BreadcrumbList\",\"@id\":\"https:\/\/www.budokampsport.se\/2017\/01\/17\/august-wallen-om-idrottsgalan\/#breadcrumb\",\"itemListElement\":[{\"@type\":\"ListItem\",\"position\":1,\"name\":\"Hem\",\"item\":\"https:\/\/www.budokampsport.se\/\"},{\"@type\":\"ListItem\",\"position\":2,\"name\":\"August Wall\u00e9n om Idrottsgalan\"}]},{\"@type\":\"WebSite\",\"@id\":\"https:\/\/www.budokampsport.se\/#website\",\"url\":\"https:\/\/www.budokampsport.se\/\",\"name\":\"Svenska Budo &amp; Kampsportsf\u00f6rbundet\",\"description\":\"T\u00e4vling, Tr\u00e4ning, Tradition\",\"potentialAction\":[{\"@type\":\"SearchAction\",\"target\":{\"@type\":\"EntryPoint\",\"urlTemplate\":\"https:\/\/www.budokampsport.se\/?s={search_term_string}\"},\"query-input\":{\"@type\":\"PropertyValueSpecification\",\"valueRequired\":true,\"valueName\":\"search_term_string\"}}],\"inLanguage\":\"sv-SE\"},{\"@type\":\"Person\",\"@id\":\"https:\/\/www.budokampsport.se\/#\/schema\/person\/5c06d81d14850e2a8ce5493386560145\",\"name\":\"Jonathan Broberg\",\"image\":{\"@type\":\"ImageObject\",\"inLanguage\":\"sv-SE\",\"@id\":\"https:\/\/www.budokampsport.se\/#\/schema\/person\/image\/\",\"url\":\"https:\/\/secure.gravatar.com\/avatar\/a58041c6cea9128bd9c40ee2f26d4136?s=96&d=blank&r=g\",\"contentUrl\":\"https:\/\/secure.gravatar.com\/avatar\/a58041c6cea9128bd9c40ee2f26d4136?s=96&d=blank&r=g\",\"caption\":\"Jonathan Broberg\"},\"sameAs\":[\"https:\/\/www.facebook.com\/jonathan.broberg.7\"],\"url\":\"https:\/\/www.budokampsport.se\/author\/jonathan\/\"}]}<\/script>\n<!-- \/ Yoast SEO plugin. -->","yoast_head_json":{"title":"August Wall\u00e9n om Idrottsgalan - Svenska Budo &amp; Kampsportsf\u00f6rbundet","description":"Idrottsgalan i g\u00e5r var SB&K:s ordf\u00f6rande August Wall\u00e9ns f\u00f6rsta gala live. Patricia Axling var nominerad i kategorin \u201d\u00c5rets nykomling \u2013 lilla bragdguldet\u201d, men priset vanns av bowlaren Jesper Svensson.   - Stort att ha en nominerad, men jag tycker nog Patricia f\u00f6rtj\u00e4nade priset, s\u00e4ger han till budokampsport.se.","robots":{"index":"index","follow":"follow","max-snippet":"max-snippet:-1","max-image-preview":"max-image-preview:large","max-video-preview":"max-video-preview:-1"},"canonical":"https:\/\/www.budokampsport.se\/2017\/01\/17\/august-wallen-om-idrottsgalan\/","og_locale":"sv_SE","og_type":"article","og_title":"August Wall\u00e9n om Idrottsgalan - Svenska Budo &amp; Kampsportsf\u00f6rbundet","og_description":"Idrottsgalan i g\u00e5r var SB&K:s ordf\u00f6rande August Wall\u00e9ns f\u00f6rsta gala live. Patricia Axling var nominerad i kategorin \u201d\u00c5rets nykomling \u2013 lilla bragdguldet\u201d, men priset vanns av bowlaren Jesper Svensson.   - Stort att ha en nominerad, men jag tycker nog Patricia f\u00f6rtj\u00e4nade priset, s\u00e4ger han till budokampsport.se.","og_url":"https:\/\/www.budokampsport.se\/2017\/01\/17\/august-wallen-om-idrottsgalan\/","og_site_name":"Svenska Budo &amp; Kampsportsf\u00f6rbundet","article_author":"https:\/\/www.facebook.com\/jonathan.broberg.7","article_published_time":"2017-01-17T12:22:32+00:00","article_modified_time":"2017-01-17T12:33:01+00:00","og_image":[{"width":850,"height":622,"url":"https:\/\/www.budokampsport.se\/wp-content\/uploads\/2016\/11\/august_wallen.jpg","type":"image\/jpeg"}],"author":"Jonathan Broberg","twitter_card":"summary_large_image","twitter_misc":{"Skriven av":"Jonathan Broberg","Ber\u00e4knad l\u00e4stid":"2 minuter"},"schema":{"@context":"https:\/\/schema.org","@graph":[{"@type":"Article","@id":"https:\/\/www.budokampsport.se\/2017\/01\/17\/august-wallen-om-idrottsgalan\/#article","isPartOf":{"@id":"https:\/\/www.budokampsport.se\/2017\/01\/17\/august-wallen-om-idrottsgalan\/"},"author":{"name":"Jonathan Broberg","@id":"https:\/\/www.budokampsport.se\/#\/schema\/person\/5c06d81d14850e2a8ce5493386560145"},"headline":"August Wall\u00e9n om Idrottsgalan","datePublished":"2017-01-17T12:22:32+00:00","dateModified":"2017-01-17T12:33:01+00:00","mainEntityOfPage":{"@id":"https:\/\/www.budokampsport.se\/2017\/01\/17\/august-wallen-om-idrottsgalan\/"},"wordCount":344,"commentCount":0,"image":{"@id":"https:\/\/www.budokampsport.se\/2017\/01\/17\/august-wallen-om-idrottsgalan\/#primaryimage"},"thumbnailUrl":"https:\/\/www.budokampsport.se\/wp-content\/uploads\/2016\/11\/august_wallen.jpg","inLanguage":"sv-SE","potentialAction":[{"@type":"CommentAction","name":"Comment","target":["https:\/\/www.budokampsport.se\/2017\/01\/17\/august-wallen-om-idrottsgalan\/#respond"]}]},{"@type":"WebPage","@id":"https:\/\/www.budokampsport.se\/2017\/01\/17\/august-wallen-om-idrottsgalan\/","url":"https:\/\/www.budokampsport.se\/2017\/01\/17\/august-wallen-om-idrottsgalan\/","name":"August Wall\u00e9n om Idrottsgalan - Svenska Budo &amp; Kampsportsf\u00f6rbundet","isPartOf":{"@id":"https:\/\/www.budokampsport.se\/#website"},"primaryImageOfPage":{"@id":"https:\/\/www.budokampsport.se\/2017\/01\/17\/august-wallen-om-idrottsgalan\/#primaryimage"},"image":{"@id":"https:\/\/www.budokampsport.se\/2017\/01\/17\/august-wallen-om-idrottsgalan\/#primaryimage"},"thumbnailUrl":"https:\/\/www.budokampsport.se\/wp-content\/uploads\/2016\/11\/august_wallen.jpg","datePublished":"2017-01-17T12:22:32+00:00","dateModified":"2017-01-17T12:33:01+00:00","author":{"@id":"https:\/\/www.budokampsport.se\/#\/schema\/person\/5c06d81d14850e2a8ce5493386560145"},"description":"Idrottsgalan i g\u00e5r var SB&K:s ordf\u00f6rande August Wall\u00e9ns f\u00f6rsta gala live. Patricia Axling var nominerad i kategorin \u201d\u00c5rets nykomling \u2013 lilla bragdguldet\u201d, men priset vanns av bowlaren Jesper Svensson. - Stort att ha en nominerad, men jag tycker nog Patricia f\u00f6rtj\u00e4nade priset, s\u00e4ger han till budokampsport.se.","breadcrumb":{"@id":"https:\/\/www.budokampsport.se\/2017\/01\/17\/august-wallen-om-idrottsgalan\/#breadcrumb"},"inLanguage":"sv-SE","potentialAction":[{"@type":"ReadAction","target":["https:\/\/www.budokampsport.se\/2017\/01\/17\/august-wallen-om-idrottsgalan\/"]}]},{"@type":"ImageObject","inLanguage":"sv-SE","@id":"https:\/\/www.budokampsport.se\/2017\/01\/17\/august-wallen-om-idrottsgalan\/#primaryimage","url":"https:\/\/www.budokampsport.se\/wp-content\/uploads\/2016\/11\/august_wallen.jpg","contentUrl":"https:\/\/www.budokampsport.se\/wp-content\/uploads\/2016\/11\/august_wallen.jpg","width":850,"height":622,"caption":"Foto: Hamid Ershad Sarabi"},{"@type":"BreadcrumbList","@id":"https:\/\/www.budokampsport.se\/2017\/01\/17\/august-wallen-om-idrottsgalan\/#breadcrumb","itemListElement":[{"@type":"ListItem","position":1,"name":"Hem","item":"https:\/\/www.budokampsport.se\/"},{"@type":"ListItem","position":2,"name":"August Wall\u00e9n om Idrottsgalan"}]},{"@type":"WebSite","@id":"https:\/\/www.budokampsport.se\/#website","url":"https:\/\/www.budokampsport.se\/","name":"Svenska Budo &amp; Kampsportsf\u00f6rbundet","description":"T\u00e4vling, Tr\u00e4ning, Tradition","potentialAction":[{"@type":"SearchAction","target":{"@type":"EntryPoint","urlTemplate":"https:\/\/www.budokampsport.se\/?s={search_term_string}"},"query-input":{"@type":"PropertyValueSpecification","valueRequired":true,"valueName":"search_term_string"}}],"inLanguage":"sv-SE"},{"@type":"Person","@id":"https:\/\/www.budokampsport.se\/#\/schema\/person\/5c06d81d14850e2a8ce5493386560145","name":"Jonathan Broberg","image":{"@type":"ImageObject","inLanguage":"sv-SE","@id":"https:\/\/www.budokampsport.se\/#\/schema\/person\/image\/","url":"https:\/\/secure.gravatar.com\/avatar\/a58041c6cea9128bd9c40ee2f26d4136?s=96&d=blank&r=g","contentUrl":"https:\/\/secure.gravatar.com\/avatar\/a58041c6cea9128bd9c40ee2f26d4136?s=96&d=blank&r=g","caption":"Jonathan Broberg"},"sameAs":["https:\/\/www.facebook.com\/jonathan.broberg.7"],"url":"https:\/\/www.budokampsport.se\/author\/jonathan\/"}]}},"_links":{"self":[{"href":"https:\/\/www.budokampsport.se\/api\/wp\/v2\/posts\/37606","targetHints":{"allow":["GET"]}}],"collection":[{"href":"https:\/\/www.budokampsport.se\/api\/wp\/v2\/posts"}],"about":[{"href":"https:\/\/www.budokampsport.se\/api\/wp\/v2\/types\/post"}],"author":[{"embeddable":true,"href":"https:\/\/www.budokampsport.se\/api\/wp\/v2\/users\/7"}],"replies":[{"embeddable":true,"href":"https:\/\/www.budokampsport.se\/api\/wp\/v2\/comments?post=37606"}],"version-history":[{"count":0,"href":"https:\/\/www.budokampsport.se\/api\/wp\/v2\/posts\/37606\/revisions"}],"wp:featuredmedia":[{"embeddable":true,"href":"https:\/\/www.budokampsport.se\/api\/wp\/v2\/media\/36108"}],"wp:attachment":[{"href":"https:\/\/www.budokampsport.se\/api\/wp\/v2\/media?parent=37606"}],"wp:term":[{"taxonomy":"category","embeddable":true,"href":"https:\/\/www.budokampsport.se\/api\/wp\/v2\/categories?post=37606"},{"taxonomy":"post_tag","embeddable":true,"href":"https:\/\/www.budokampsport.se\/api\/wp\/v2\/tags?post=37606"}],"curies":[{"name":"wp","href":"https:\/\/api.w.org\/{rel}","templated":true}]}}