{"id":37719,"date":"2017-01-20T18:11:43","date_gmt":"2017-01-20T17:11:43","guid":{"rendered":"http:\/\/www.budokampsport.se\/?p=37719"},"modified":"2017-01-20T18:11:43","modified_gmt":"2017-01-20T17:11:43","slug":"jonas-jensen-ny-forbundskapten-kickboxning","status":"publish","type":"post","link":"https:\/\/www.budokampsport.se\/2017\/01\/20\/jonas-jensen-ny-forbundskapten-kickboxning\/","title":{"rendered":"Jonas Jensen ny f\u00f6rbundskapten i kickboxning"},"content":{"rendered":"<figure id=\"attachment_37720\" aria-describedby=\"caption-attachment-37720\" style=\"width: 137px\" class=\"wp-caption alignright\"><a href=\"http:\/\/www.budokampsport.se\/wp-content\/uploads\/2017\/01\/Jonas-Jensen.png\"><img loading=\"lazy\" decoding=\"async\" class=\" wp-image-37720\" src=\"http:\/\/www.budokampsport.se\/wp-content\/uploads\/2017\/01\/Jonas-Jensen-282x376.png\" alt=\"Foto: Olof Pettersson\" width=\"137\" height=\"183\" srcset=\"https:\/\/www.budokampsport.se\/wp-content\/uploads\/2017\/01\/Jonas-Jensen-282x376.png 282w, https:\/\/www.budokampsport.se\/wp-content\/uploads\/2017\/01\/Jonas-Jensen-209x278.png 209w, https:\/\/www.budokampsport.se\/wp-content\/uploads\/2017\/01\/Jonas-Jensen-429x572.png 429w, https:\/\/www.budokampsport.se\/wp-content\/uploads\/2017\/01\/Jonas-Jensen.png 480w\" sizes=\"auto, (max-width: 137px) 100vw, 137px\" \/><\/a><figcaption id=\"caption-attachment-37720\" class=\"wp-caption-text\">Foto: Olof Pettersson<\/figcaption><\/figure>\n<p>Jensen f\u00f6respr\u00e5kar ett demokratiskt ledarskap och vill bygga vidare p\u00e5 en bra lagk\u00e4nsla.<br \/>\n&#8211; Jag tror v\u00e4l i grunden p\u00e5 ett relativt demokratiskt ledarskap. Jag vill bygga ett lag d\u00e4r alla kan ta plats och k\u00e4nna den tryggheten som jag tror \u00e4r n\u00f6dv\u00e4ndig f\u00f6r att kunna prestera optimalt.<br \/>\n&#8211; \u00a0Jag har en v\u00e4ldigt stark tro p\u00e5 att det mesta faktiskt \u00e4r m\u00f6jligt, om man bara \u00e4r beredd att g\u00f6ra det jobb som kr\u00e4vs. Det \u00e4r v\u00e4l en sak jag tycker att jag \u00e4r ganska bra p\u00e5, att se fighters och f\u00e5 dem att f\u00f6rst\u00e5 hur bra de verkligen \u00e4r, och hur l\u00e5ngt de kan n\u00e5&#8230;om de bara \u00e4r beredda att l\u00e4gga tiden och g\u00f6ra jobbet. I \u00f6vrigt skulle jag nog beskriva mig sj\u00e4lv som lugn, analytisk och resultatinriktad.<\/p>\n<p>Landslaget har under senare \u00e5r genomg\u00e5tt ett generationsskifte, men i h\u00f6stas sm\u00e4llde Zina Djelassi till med ett EM-silver. Och Jensen ser potentialen.<br \/>\n&#8211; Det \u00e4r ett sp\u00e4nnande landslag med mycket talang. Det finns m\u00e5nga v\u00e4ldigt duktiga fighters i Sverige som jag tror kan prestera riktigt bra p\u00e5 ett VM.<\/p>\n<p><strong>Jonas, vad blir ditt stora f\u00f6rsta fokus med landslaget?<\/strong><br \/>\n&#8211; Mitt f\u00f6rsta fokus blir att b\u00f6rja skissa p\u00e5 en tidsplan och ett uppl\u00e4gg. VM g\u00e5r i oktober och det \u00e4r inte j\u00e4tte l\u00e5ngt dit. Jag vill att de t\u00e4vlande ska f\u00e5 hj\u00e4lp och st\u00f6d med alla viktiga faktorer som kr\u00e4vs f\u00f6r en optimal prestation.<\/p>\n<p><strong>Olof Pettersson &#8211; ocks\u00e5 ny f\u00f6rbundskapten<\/strong><br \/>\nF\u00f6r ett tag sedan blev det klart, som vi tidigare har rapporterat om, att svensk kickboxning kommer att satsa p\u00e5 tv\u00e5 f\u00f6rbundskaptener. Den andre \u00e4r Olof Pettersson, ocks\u00e5 bosatt i G\u00f6teborg, som kommer ta hand om kicklight och lightkontakt.<br \/>\n&#8211;\u00a0Det ska bli roligt att \u00e5terigen ta hand om landslaget. Organisationen \u00e4r nu lite mer str\u00f6mlinjeformad och rollen inneb\u00e4r ett st\u00f6rre ansvar. N\u00e5got jag bara ser som en tillg\u00e5ng. Siktet \u00e4r sj\u00e4lvklart inst\u00e4llt p\u00e5 medaljer och med r\u00e4tt f\u00f6rberedelser s\u00e5 ska vi helt klart kunna ta oss dit.<\/p>\n<p>Ordf\u00f6rande f\u00f6r Svenska Kickboxningsf\u00f6rbundet Emma Ankargren \u00e4r n\u00f6jd med rekryteringen av de tv\u00e5 nya f\u00f6rbundskaptenerna.<br \/>\n&#8211; Jonas \u00e4r en mycket erfaren fighter, tr\u00e4nare och coach inom flera kampsporter. Han har coachat VM-medalj\u00f6rer och proffsfighters. Vi \u00e4r mycket glada att ha honom med bland ledarna av svensk kickboxning och vi \u00e4r \u00f6vertygade om att han kommer att f\u00f6ra fram den svenska eliten till topprestationer vid VM i Brasilien i oktober.<br \/>\n&#8211;\u00a0Olof har ju lett landslaget i KL tidigare och vi vet att det d\u00e5varande landslaget var n\u00f6jt med honom som coach. Olof k\u00e4nns som ett s\u00e4kert kort, vi vet vad han kan. Han har precis som Jonas en gedigen erfarenhet av kickboxning, b\u00e5de som fighter och som coach. \u00c4ven om vi har tv\u00e5 landslag och tv\u00e5 coacher \u00e4r vi \u00f6vertygade om att killarna kommer kunna komplettera och ha nytta av varandra.<\/p>\n<p>Text: Jonathan Broberg<br \/>\nFoto: Olof Pettersson<\/p>\n","protected":false},"excerpt":{"rendered":"<p>Svenska Kickboxningsf\u00f6rbundet har utsett Jonas Jensen fr\u00e5n Lerum utanf\u00f6r G\u00f6teborg till ny f\u00f6rbundskapten f\u00f6r K1- och lowkicklandslaget.<br \/><br>Jonas Jensen, 38, fr\u00e5n klubben Fighter kickboxning i G\u00f6teborg blir ny f\u00f6rbundskapten f\u00f6r svenska landslaget i kickboxning inom stilarna K1 och lowkick.<br \/><br>&#8211; Det k\u00e4nns givetvis v\u00e4ldigt roligt och sp\u00e4nnande. En stor utmaning som jag ser fram emot, s\u00e4ger han till budokampsport.se.<\/p><br>","protected":false},"author":7,"featured_media":37722,"comment_status":"open","ping_status":"open","sticky":false,"template":"","format":"standard","meta":{"_acf_changed":false,"footnotes":""},"categories":[1],"tags":[],"class_list":["post-37719","post","type-post","status-publish","format-standard","has-post-thumbnail","hentry","category-okategoriserade"],"acf":[],"yoast_head":"<!-- This site is optimized with the Yoast SEO plugin v26.8 - https:\/\/yoast.com\/product\/yoast-seo-wordpress\/ -->\n<title>Jonas Jensen ny f\u00f6rbundskapten i kickboxning - Svenska Budo &amp; Kampsportsf\u00f6rbundet<\/title>\n<meta name=\"description\" content=\"Svenska Kickboxningsf\u00f6rbundet har utsett Jonas Jensen fr\u00e5n Lerum utanf\u00f6r G\u00f6teborg till ny f\u00f6rbundskapten f\u00f6r K1- och lowkicklandslaget.  Jonas Jensen, 38, fr\u00e5n klubben Fighter kickboxning i G\u00f6teborg blir ny f\u00f6rbundskapten f\u00f6r svenska landslaget i kickboxning inom stilarna K1 och lowkick. - Det k\u00e4nns givetvis v\u00e4ldigt roligt och sp\u00e4nnande. En stor utmaning som jag ser fram emot, s\u00e4ger han till budokampsport.se.\" \/>\n<meta name=\"robots\" content=\"index, follow, max-snippet:-1, max-image-preview:large, max-video-preview:-1\" \/>\n<link rel=\"canonical\" href=\"https:\/\/www.budokampsport.se\/2017\/01\/20\/jonas-jensen-ny-forbundskapten-kickboxning\/\" \/>\n<meta property=\"og:locale\" content=\"sv_SE\" \/>\n<meta property=\"og:type\" content=\"article\" \/>\n<meta property=\"og:title\" content=\"Jonas Jensen ny f\u00f6rbundskapten i kickboxning - Svenska Budo &amp; Kampsportsf\u00f6rbundet\" \/>\n<meta property=\"og:description\" content=\"Svenska Kickboxningsf\u00f6rbundet har utsett Jonas Jensen fr\u00e5n Lerum utanf\u00f6r G\u00f6teborg till ny f\u00f6rbundskapten f\u00f6r K1- och lowkicklandslaget.  Jonas Jensen, 38, fr\u00e5n klubben Fighter kickboxning i G\u00f6teborg blir ny f\u00f6rbundskapten f\u00f6r svenska landslaget i kickboxning inom stilarna K1 och lowkick. - Det k\u00e4nns givetvis v\u00e4ldigt roligt och sp\u00e4nnande. En stor utmaning som jag ser fram emot, s\u00e4ger han till budokampsport.se.\" \/>\n<meta property=\"og:url\" content=\"https:\/\/www.budokampsport.se\/2017\/01\/20\/jonas-jensen-ny-forbundskapten-kickboxning\/\" \/>\n<meta property=\"og:site_name\" content=\"Svenska Budo &amp; Kampsportsf\u00f6rbundet\" \/>\n<meta property=\"article:author\" content=\"https:\/\/www.facebook.com\/jonathan.broberg.7\" \/>\n<meta property=\"article:published_time\" content=\"2017-01-20T17:11:43+00:00\" \/>\n<meta property=\"og:image\" content=\"https:\/\/www.budokampsport.se\/wp-content\/uploads\/2017\/01\/Jonas-Jensen_front.jpg\" \/>\n\t<meta property=\"og:image:width\" content=\"480\" \/>\n\t<meta property=\"og:image:height\" content=\"369\" \/>\n\t<meta property=\"og:image:type\" content=\"image\/jpeg\" \/>\n<meta name=\"author\" content=\"Jonathan Broberg\" \/>\n<meta name=\"twitter:card\" content=\"summary_large_image\" \/>\n<meta name=\"twitter:label1\" content=\"Skriven av\" \/>\n\t<meta name=\"twitter:data1\" content=\"Jonathan Broberg\" \/>\n\t<meta name=\"twitter:label2\" content=\"Ber\u00e4knad l\u00e4stid\" \/>\n\t<meta name=\"twitter:data2\" content=\"3 minuter\" \/>\n<script type=\"application\/ld+json\" class=\"yoast-schema-graph\">{\"@context\":\"https:\/\/schema.org\",\"@graph\":[{\"@type\":\"Article\",\"@id\":\"https:\/\/www.budokampsport.se\/2017\/01\/20\/jonas-jensen-ny-forbundskapten-kickboxning\/#article\",\"isPartOf\":{\"@id\":\"https:\/\/www.budokampsport.se\/2017\/01\/20\/jonas-jensen-ny-forbundskapten-kickboxning\/\"},\"author\":{\"name\":\"Jonathan Broberg\",\"@id\":\"https:\/\/www.budokampsport.se\/#\/schema\/person\/5c06d81d14850e2a8ce5493386560145\"},\"headline\":\"Jonas Jensen ny f\u00f6rbundskapten i kickboxning\",\"datePublished\":\"2017-01-20T17:11:43+00:00\",\"mainEntityOfPage\":{\"@id\":\"https:\/\/www.budokampsport.se\/2017\/01\/20\/jonas-jensen-ny-forbundskapten-kickboxning\/\"},\"wordCount\":553,\"commentCount\":0,\"image\":{\"@id\":\"https:\/\/www.budokampsport.se\/2017\/01\/20\/jonas-jensen-ny-forbundskapten-kickboxning\/#primaryimage\"},\"thumbnailUrl\":\"https:\/\/www.budokampsport.se\/wp-content\/uploads\/2017\/01\/Jonas-Jensen_front.jpg\",\"inLanguage\":\"sv-SE\",\"potentialAction\":[{\"@type\":\"CommentAction\",\"name\":\"Comment\",\"target\":[\"https:\/\/www.budokampsport.se\/2017\/01\/20\/jonas-jensen-ny-forbundskapten-kickboxning\/#respond\"]}]},{\"@type\":\"WebPage\",\"@id\":\"https:\/\/www.budokampsport.se\/2017\/01\/20\/jonas-jensen-ny-forbundskapten-kickboxning\/\",\"url\":\"https:\/\/www.budokampsport.se\/2017\/01\/20\/jonas-jensen-ny-forbundskapten-kickboxning\/\",\"name\":\"Jonas Jensen ny f\u00f6rbundskapten i kickboxning - Svenska Budo &amp; Kampsportsf\u00f6rbundet\",\"isPartOf\":{\"@id\":\"https:\/\/www.budokampsport.se\/#website\"},\"primaryImageOfPage\":{\"@id\":\"https:\/\/www.budokampsport.se\/2017\/01\/20\/jonas-jensen-ny-forbundskapten-kickboxning\/#primaryimage\"},\"image\":{\"@id\":\"https:\/\/www.budokampsport.se\/2017\/01\/20\/jonas-jensen-ny-forbundskapten-kickboxning\/#primaryimage\"},\"thumbnailUrl\":\"https:\/\/www.budokampsport.se\/wp-content\/uploads\/2017\/01\/Jonas-Jensen_front.jpg\",\"datePublished\":\"2017-01-20T17:11:43+00:00\",\"author\":{\"@id\":\"https:\/\/www.budokampsport.se\/#\/schema\/person\/5c06d81d14850e2a8ce5493386560145\"},\"description\":\"Svenska Kickboxningsf\u00f6rbundet har utsett Jonas Jensen fr\u00e5n Lerum utanf\u00f6r G\u00f6teborg till ny f\u00f6rbundskapten f\u00f6r K1- och lowkicklandslaget. Jonas Jensen, 38, fr\u00e5n klubben Fighter kickboxning i G\u00f6teborg blir ny f\u00f6rbundskapten f\u00f6r svenska landslaget i kickboxning inom stilarna K1 och lowkick. - Det k\u00e4nns givetvis v\u00e4ldigt roligt och sp\u00e4nnande. En stor utmaning som jag ser fram emot, s\u00e4ger han till budokampsport.se.\",\"breadcrumb\":{\"@id\":\"https:\/\/www.budokampsport.se\/2017\/01\/20\/jonas-jensen-ny-forbundskapten-kickboxning\/#breadcrumb\"},\"inLanguage\":\"sv-SE\",\"potentialAction\":[{\"@type\":\"ReadAction\",\"target\":[\"https:\/\/www.budokampsport.se\/2017\/01\/20\/jonas-jensen-ny-forbundskapten-kickboxning\/\"]}]},{\"@type\":\"ImageObject\",\"inLanguage\":\"sv-SE\",\"@id\":\"https:\/\/www.budokampsport.se\/2017\/01\/20\/jonas-jensen-ny-forbundskapten-kickboxning\/#primaryimage\",\"url\":\"https:\/\/www.budokampsport.se\/wp-content\/uploads\/2017\/01\/Jonas-Jensen_front.jpg\",\"contentUrl\":\"https:\/\/www.budokampsport.se\/wp-content\/uploads\/2017\/01\/Jonas-Jensen_front.jpg\",\"width\":480,\"height\":369,\"caption\":\"Foto: Olof Pettersson\"},{\"@type\":\"BreadcrumbList\",\"@id\":\"https:\/\/www.budokampsport.se\/2017\/01\/20\/jonas-jensen-ny-forbundskapten-kickboxning\/#breadcrumb\",\"itemListElement\":[{\"@type\":\"ListItem\",\"position\":1,\"name\":\"Hem\",\"item\":\"https:\/\/www.budokampsport.se\/\"},{\"@type\":\"ListItem\",\"position\":2,\"name\":\"Jonas Jensen ny f\u00f6rbundskapten i kickboxning\"}]},{\"@type\":\"WebSite\",\"@id\":\"https:\/\/www.budokampsport.se\/#website\",\"url\":\"https:\/\/www.budokampsport.se\/\",\"name\":\"Svenska Budo &amp; Kampsportsf\u00f6rbundet\",\"description\":\"T\u00e4vling, Tr\u00e4ning, Tradition\",\"potentialAction\":[{\"@type\":\"SearchAction\",\"target\":{\"@type\":\"EntryPoint\",\"urlTemplate\":\"https:\/\/www.budokampsport.se\/?s={search_term_string}\"},\"query-input\":{\"@type\":\"PropertyValueSpecification\",\"valueRequired\":true,\"valueName\":\"search_term_string\"}}],\"inLanguage\":\"sv-SE\"},{\"@type\":\"Person\",\"@id\":\"https:\/\/www.budokampsport.se\/#\/schema\/person\/5c06d81d14850e2a8ce5493386560145\",\"name\":\"Jonathan Broberg\",\"image\":{\"@type\":\"ImageObject\",\"inLanguage\":\"sv-SE\",\"@id\":\"https:\/\/www.budokampsport.se\/#\/schema\/person\/image\/\",\"url\":\"https:\/\/secure.gravatar.com\/avatar\/a58041c6cea9128bd9c40ee2f26d4136?s=96&d=blank&r=g\",\"contentUrl\":\"https:\/\/secure.gravatar.com\/avatar\/a58041c6cea9128bd9c40ee2f26d4136?s=96&d=blank&r=g\",\"caption\":\"Jonathan Broberg\"},\"sameAs\":[\"https:\/\/www.facebook.com\/jonathan.broberg.7\"],\"url\":\"https:\/\/www.budokampsport.se\/author\/jonathan\/\"}]}<\/script>\n<!-- \/ Yoast SEO plugin. -->","yoast_head_json":{"title":"Jonas Jensen ny f\u00f6rbundskapten i kickboxning - Svenska Budo &amp; Kampsportsf\u00f6rbundet","description":"Svenska Kickboxningsf\u00f6rbundet har utsett Jonas Jensen fr\u00e5n Lerum utanf\u00f6r G\u00f6teborg till ny f\u00f6rbundskapten f\u00f6r K1- och lowkicklandslaget.  Jonas Jensen, 38, fr\u00e5n klubben Fighter kickboxning i G\u00f6teborg blir ny f\u00f6rbundskapten f\u00f6r svenska landslaget i kickboxning inom stilarna K1 och lowkick. - Det k\u00e4nns givetvis v\u00e4ldigt roligt och sp\u00e4nnande. En stor utmaning som jag ser fram emot, s\u00e4ger han till budokampsport.se.","robots":{"index":"index","follow":"follow","max-snippet":"max-snippet:-1","max-image-preview":"max-image-preview:large","max-video-preview":"max-video-preview:-1"},"canonical":"https:\/\/www.budokampsport.se\/2017\/01\/20\/jonas-jensen-ny-forbundskapten-kickboxning\/","og_locale":"sv_SE","og_type":"article","og_title":"Jonas Jensen ny f\u00f6rbundskapten i kickboxning - Svenska Budo &amp; Kampsportsf\u00f6rbundet","og_description":"Svenska Kickboxningsf\u00f6rbundet har utsett Jonas Jensen fr\u00e5n Lerum utanf\u00f6r G\u00f6teborg till ny f\u00f6rbundskapten f\u00f6r K1- och lowkicklandslaget.  Jonas Jensen, 38, fr\u00e5n klubben Fighter kickboxning i G\u00f6teborg blir ny f\u00f6rbundskapten f\u00f6r svenska landslaget i kickboxning inom stilarna K1 och lowkick. - Det k\u00e4nns givetvis v\u00e4ldigt roligt och sp\u00e4nnande. En stor utmaning som jag ser fram emot, s\u00e4ger han till budokampsport.se.","og_url":"https:\/\/www.budokampsport.se\/2017\/01\/20\/jonas-jensen-ny-forbundskapten-kickboxning\/","og_site_name":"Svenska Budo &amp; Kampsportsf\u00f6rbundet","article_author":"https:\/\/www.facebook.com\/jonathan.broberg.7","article_published_time":"2017-01-20T17:11:43+00:00","og_image":[{"width":480,"height":369,"url":"https:\/\/www.budokampsport.se\/wp-content\/uploads\/2017\/01\/Jonas-Jensen_front.jpg","type":"image\/jpeg"}],"author":"Jonathan Broberg","twitter_card":"summary_large_image","twitter_misc":{"Skriven av":"Jonathan Broberg","Ber\u00e4knad l\u00e4stid":"3 minuter"},"schema":{"@context":"https:\/\/schema.org","@graph":[{"@type":"Article","@id":"https:\/\/www.budokampsport.se\/2017\/01\/20\/jonas-jensen-ny-forbundskapten-kickboxning\/#article","isPartOf":{"@id":"https:\/\/www.budokampsport.se\/2017\/01\/20\/jonas-jensen-ny-forbundskapten-kickboxning\/"},"author":{"name":"Jonathan Broberg","@id":"https:\/\/www.budokampsport.se\/#\/schema\/person\/5c06d81d14850e2a8ce5493386560145"},"headline":"Jonas Jensen ny f\u00f6rbundskapten i kickboxning","datePublished":"2017-01-20T17:11:43+00:00","mainEntityOfPage":{"@id":"https:\/\/www.budokampsport.se\/2017\/01\/20\/jonas-jensen-ny-forbundskapten-kickboxning\/"},"wordCount":553,"commentCount":0,"image":{"@id":"https:\/\/www.budokampsport.se\/2017\/01\/20\/jonas-jensen-ny-forbundskapten-kickboxning\/#primaryimage"},"thumbnailUrl":"https:\/\/www.budokampsport.se\/wp-content\/uploads\/2017\/01\/Jonas-Jensen_front.jpg","inLanguage":"sv-SE","potentialAction":[{"@type":"CommentAction","name":"Comment","target":["https:\/\/www.budokampsport.se\/2017\/01\/20\/jonas-jensen-ny-forbundskapten-kickboxning\/#respond"]}]},{"@type":"WebPage","@id":"https:\/\/www.budokampsport.se\/2017\/01\/20\/jonas-jensen-ny-forbundskapten-kickboxning\/","url":"https:\/\/www.budokampsport.se\/2017\/01\/20\/jonas-jensen-ny-forbundskapten-kickboxning\/","name":"Jonas Jensen ny f\u00f6rbundskapten i kickboxning - Svenska Budo &amp; Kampsportsf\u00f6rbundet","isPartOf":{"@id":"https:\/\/www.budokampsport.se\/#website"},"primaryImageOfPage":{"@id":"https:\/\/www.budokampsport.se\/2017\/01\/20\/jonas-jensen-ny-forbundskapten-kickboxning\/#primaryimage"},"image":{"@id":"https:\/\/www.budokampsport.se\/2017\/01\/20\/jonas-jensen-ny-forbundskapten-kickboxning\/#primaryimage"},"thumbnailUrl":"https:\/\/www.budokampsport.se\/wp-content\/uploads\/2017\/01\/Jonas-Jensen_front.jpg","datePublished":"2017-01-20T17:11:43+00:00","author":{"@id":"https:\/\/www.budokampsport.se\/#\/schema\/person\/5c06d81d14850e2a8ce5493386560145"},"description":"Svenska Kickboxningsf\u00f6rbundet har utsett Jonas Jensen fr\u00e5n Lerum utanf\u00f6r G\u00f6teborg till ny f\u00f6rbundskapten f\u00f6r K1- och lowkicklandslaget. Jonas Jensen, 38, fr\u00e5n klubben Fighter kickboxning i G\u00f6teborg blir ny f\u00f6rbundskapten f\u00f6r svenska landslaget i kickboxning inom stilarna K1 och lowkick. - Det k\u00e4nns givetvis v\u00e4ldigt roligt och sp\u00e4nnande. En stor utmaning som jag ser fram emot, s\u00e4ger han till budokampsport.se.","breadcrumb":{"@id":"https:\/\/www.budokampsport.se\/2017\/01\/20\/jonas-jensen-ny-forbundskapten-kickboxning\/#breadcrumb"},"inLanguage":"sv-SE","potentialAction":[{"@type":"ReadAction","target":["https:\/\/www.budokampsport.se\/2017\/01\/20\/jonas-jensen-ny-forbundskapten-kickboxning\/"]}]},{"@type":"ImageObject","inLanguage":"sv-SE","@id":"https:\/\/www.budokampsport.se\/2017\/01\/20\/jonas-jensen-ny-forbundskapten-kickboxning\/#primaryimage","url":"https:\/\/www.budokampsport.se\/wp-content\/uploads\/2017\/01\/Jonas-Jensen_front.jpg","contentUrl":"https:\/\/www.budokampsport.se\/wp-content\/uploads\/2017\/01\/Jonas-Jensen_front.jpg","width":480,"height":369,"caption":"Foto: Olof Pettersson"},{"@type":"BreadcrumbList","@id":"https:\/\/www.budokampsport.se\/2017\/01\/20\/jonas-jensen-ny-forbundskapten-kickboxning\/#breadcrumb","itemListElement":[{"@type":"ListItem","position":1,"name":"Hem","item":"https:\/\/www.budokampsport.se\/"},{"@type":"ListItem","position":2,"name":"Jonas Jensen ny f\u00f6rbundskapten i kickboxning"}]},{"@type":"WebSite","@id":"https:\/\/www.budokampsport.se\/#website","url":"https:\/\/www.budokampsport.se\/","name":"Svenska Budo &amp; Kampsportsf\u00f6rbundet","description":"T\u00e4vling, Tr\u00e4ning, Tradition","potentialAction":[{"@type":"SearchAction","target":{"@type":"EntryPoint","urlTemplate":"https:\/\/www.budokampsport.se\/?s={search_term_string}"},"query-input":{"@type":"PropertyValueSpecification","valueRequired":true,"valueName":"search_term_string"}}],"inLanguage":"sv-SE"},{"@type":"Person","@id":"https:\/\/www.budokampsport.se\/#\/schema\/person\/5c06d81d14850e2a8ce5493386560145","name":"Jonathan Broberg","image":{"@type":"ImageObject","inLanguage":"sv-SE","@id":"https:\/\/www.budokampsport.se\/#\/schema\/person\/image\/","url":"https:\/\/secure.gravatar.com\/avatar\/a58041c6cea9128bd9c40ee2f26d4136?s=96&d=blank&r=g","contentUrl":"https:\/\/secure.gravatar.com\/avatar\/a58041c6cea9128bd9c40ee2f26d4136?s=96&d=blank&r=g","caption":"Jonathan Broberg"},"sameAs":["https:\/\/www.facebook.com\/jonathan.broberg.7"],"url":"https:\/\/www.budokampsport.se\/author\/jonathan\/"}]}},"_links":{"self":[{"href":"https:\/\/www.budokampsport.se\/api\/wp\/v2\/posts\/37719","targetHints":{"allow":["GET"]}}],"collection":[{"href":"https:\/\/www.budokampsport.se\/api\/wp\/v2\/posts"}],"about":[{"href":"https:\/\/www.budokampsport.se\/api\/wp\/v2\/types\/post"}],"author":[{"embeddable":true,"href":"https:\/\/www.budokampsport.se\/api\/wp\/v2\/users\/7"}],"replies":[{"embeddable":true,"href":"https:\/\/www.budokampsport.se\/api\/wp\/v2\/comments?post=37719"}],"version-history":[{"count":0,"href":"https:\/\/www.budokampsport.se\/api\/wp\/v2\/posts\/37719\/revisions"}],"wp:featuredmedia":[{"embeddable":true,"href":"https:\/\/www.budokampsport.se\/api\/wp\/v2\/media\/37722"}],"wp:attachment":[{"href":"https:\/\/www.budokampsport.se\/api\/wp\/v2\/media?parent=37719"}],"wp:term":[{"taxonomy":"category","embeddable":true,"href":"https:\/\/www.budokampsport.se\/api\/wp\/v2\/categories?post=37719"},{"taxonomy":"post_tag","embeddable":true,"href":"https:\/\/www.budokampsport.se\/api\/wp\/v2\/tags?post=37719"}],"curies":[{"name":"wp","href":"https:\/\/api.w.org\/{rel}","templated":true}]}}