{"id":3773,"date":"2011-04-18T13:43:54","date_gmt":"2011-04-18T11:43:54","guid":{"rendered":"http:\/\/budo.wordpress.dev\/2011\/04\/18\/superior-challenge-tar-ytterligare-kliv\/"},"modified":"2016-12-06T22:32:58","modified_gmt":"2016-12-06T21:32:58","slug":"superior-challenge-tar-ytterligare-kliv","status":"publish","type":"post","link":"https:\/\/www.budokampsport.se\/2011\/04\/18\/superior-challenge-tar-ytterligare-kliv\/","title":{"rendered":"Superior Challenge tar ytterligare kliv"},"content":{"rendered":"<p><P><STRONG><IMG alt=\"\" align=middle src=\"http:\/\/www.budokampsport.se\/sites\/default\/files\/Babak.jpg\" width=430 height=219><BR>Med lite drygt tv\u00e5 veckor kvar till den sjunde upplagan av MMA-galan Superior Challenge \u00e4r det br\u00e5da daga f\u00f6r arrang\u00f6r Babak Aghavali.<BR>\u00a0\u00a0 &#8211; Vi tycker sj\u00e4lva att det \u00e4r den kvalitetsm\u00e4ssigt \u00f6verl\u00e4gset b\u00e4sta uppst\u00e4llning vi har haft. Det blir ruskigt intressant att se, s\u00e4ger han till budokampsport.se.<BR><!--break--><BR><\/STRONG>Det \u00e4r en helt vanlig torsdag i Stockholm. Eller inte helt vanlig. Solens v\u00e5rstr\u00e5lar f\u00e5r temperaturen att str\u00e4cka sig upp mot 15 grader. Det \u00e4r f\u00f6rsta g\u00e5ngen f\u00f6r 2011.<BR><BR>Men det \u00e4r inte enbart v\u00e5rens klimat som blivit varmare. Kampsportstermometern b\u00f6rjar snart n\u00e4rma sig kokpunkten. Det \u00e4r mycket tack vare Superior Challenge som \u00e5terkommer till Hovet f\u00f6r den sjunde upplagan den 30:e april.<BR>\u00a0\u00a0 &#8211; Jag tycker det ser otroligt sp\u00e4nnande ut p\u00e5 f\u00f6rhand. Vi har lyckats lyfta galan en niv\u00e5 till fr\u00e5n f\u00f6rra g\u00e5ngen. Kvalitetsm\u00e4ssigt skulle jag s\u00e4ga att det \u00e4r Europas mest meriterade fightcard hittills, f\u00f6rutom UFC.<BR><BR><STRONG>&#8220;\u00d6kar ett sn\u00e4pp&#8221;<\/STRONG><BR>Superior Challenge har haft en stigande utvecklingskurva. Och vision\u00e4ren Babak Aghavali vet vad som kr\u00e4vs f\u00f6r att \u00f6vertr\u00e4ffa sig sj\u00e4lv.<BR>\u00a0\u00a0\u00a0 &#8211; Gala 1-5 tog vi ett litet kliv fram\u00e5t hela tiden. F\u00f6rra galan, den sj\u00e4tte, tog vi ett j\u00e4ttekliv. V\u00e5r PR-byr\u00e5 r\u00e4knade p\u00e5 att galans hade ett PR-v\u00e4rde p\u00e5 18 miljoner kronor. Till den h\u00e4r galan \u00f6kar vi ett sn\u00e4pp till. <BR><BR>Dock st\u00f6r ett sent avhopp. Magnus Cedenblad \u00e4r sjuk och ers\u00e4tts av Bruno Caravalho. <BR>\u00a0\u00a0 &#8211; Ja, det var synd att Magnus och Navid blev sjuka och skadade, men vi hittade ers\u00e4ttare till dem p\u00e5 v\u00e4ldigt kort varsel. Det finns m\u00e5nga toppmatcher p\u00e5 det h\u00e4r cardet, varav totalt tre titelmatcher. Thales Leites mot Jeremy Horn. Thales \u00e4r rankad p\u00e5 17:e plats i v\u00e4rlden och t\u00e4vlade om UFC-titeln f\u00f6r ca ett \u00e5r sedan mot Anderson Silva. Jeremy Horn \u00e4r en legend inom sporten med \u00f6ver 112 matcher och har t\u00e4vlat om UFC titeln tv\u00e5 g\u00e5nger. Sen har vi Reza Madadi mot Rich Clementi som g\u00e5tt 10 UFC matcher, och Diego Gonzalez som utmanar den regerande titelh\u00e5llare Daniel Acacio. <BR>\u00a0\u00a0 &#8211; Ut\u00f6ver Dessa matcher s\u00e5 tar sig David Bielkheden an Deeps champion och rutinerade Yuya Shirai, Matti M\u00e4kel\u00e4 mot Ufc fightern Hector Ramirez och Assan Njie ska t\u00e4vla mot Beslan Isaev. Jag ser \u00e4ven fram emot Bruno Carvalho mot Kyacey Uscola och Lina Eklunds proffs debut. Det \u00e4r ett fantastiskt fightcard med tunga namn.<BR><BR><STRONG>Babak, om du skulle vilja likna galan vid n\u00e5got, vad skulle det bli d\u00e5?<BR><\/STRONG>\u00a0\u00a0 &#8211; Vi har f\u00e5tt s\u00e5dan kvalitet p\u00e5 idrottarna till den h\u00e4r galan att det \u00e4r som om La Liga skulle komma till Sverige. Jag skulle \u00f6nska att alla verkligen f\u00f6rstod vilket unikt tillf\u00e4lle det \u00e4r att se s\u00e5dan h\u00e4r kvalitetsidrott p\u00e5 n\u00e4ra nog yttersta niv\u00e5. Att vi i lilla Sverige kan ha det, det \u00e4r jag glad att kunna bidra till.<BR><BR>Biljetter till Superior Challenge k\u00f6pes via ticnet.<BR><A href=\"http:\/\/www.superiorchallenge.com\/index.php?p=sc&#038;u=fightcard\">F\u00f6r hela fightcardet, se l\u00e4nken.<\/A><BR><BR>Text och foto: Jonathan Broberg<\/P><\/p>\n","protected":false},"excerpt":{"rendered":"<p><P><STRONG><IMG alt=\"\" align=middle src=\"http:\/\/www.budokampsport.se\/sites\/default\/files\/Babak.jpg\" width=430 height=219><BR>Med lite drygt tv\u00e5 veckor kvar till den sjunde upplagan av MMA-galan Superior Challenge \u00e4r det br\u00e5da daga f\u00f6r arrang\u00f6r Babak Aghavali.<BR>\u00a0\u00a0 &#8211; Vi tycker sj\u00e4lva att det \u00e4r den kvalitetsm\u00e4ssigt \u00f6verl\u00e4gset b\u00e4sta uppst\u00e4llning vi har haft. Det blir ruskigt intressant att se, s\u00e4ger han till budokampsport.se.<BR><\/p><br>","protected":false},"author":7,"featured_media":0,"comment_status":"closed","ping_status":"closed","sticky":false,"template":"","format":"standard","meta":{"_acf_changed":false,"footnotes":""},"categories":[1],"tags":[],"class_list":["post-3773","post","type-post","status-publish","format-standard","hentry","category-okategoriserade"],"acf":[],"yoast_head":"<!-- This site is optimized with the Yoast SEO plugin v26.8 - https:\/\/yoast.com\/product\/yoast-seo-wordpress\/ -->\n<title>Superior Challenge tar ytterligare kliv - Svenska Budo &amp; Kampsportsf\u00f6rbundet<\/title>\n<meta name=\"description\" content=\"Med lite drygt tv\u00e5 veckor kvar till den sjunde upplagan av MMA-galan Superior Challenge \u00e4r det br\u00e5da daga f\u00f6r arrang\u00f6r Babak Aghavali.\u00a0\u00a0 - Vi tycker sj\u00e4lva att det \u00e4r den kvalitetsm\u00e4ssigt \u00f6verl\u00e4gset b\u00e4sta uppst\u00e4llning vi har haft. Det blir ruskigt intressant att se, s\u00e4ger han till budokampsport.se.\" \/>\n<meta name=\"robots\" content=\"index, follow, max-snippet:-1, max-image-preview:large, max-video-preview:-1\" \/>\n<link rel=\"canonical\" href=\"https:\/\/www.budokampsport.se\/2011\/04\/18\/superior-challenge-tar-ytterligare-kliv\/\" \/>\n<meta property=\"og:locale\" content=\"sv_SE\" \/>\n<meta property=\"og:type\" content=\"article\" \/>\n<meta property=\"og:title\" content=\"Superior Challenge tar ytterligare kliv - Svenska Budo &amp; Kampsportsf\u00f6rbundet\" \/>\n<meta property=\"og:description\" content=\"Med lite drygt tv\u00e5 veckor kvar till den sjunde upplagan av MMA-galan Superior Challenge \u00e4r det br\u00e5da daga f\u00f6r arrang\u00f6r Babak Aghavali.\u00a0\u00a0 - Vi tycker sj\u00e4lva att det \u00e4r den kvalitetsm\u00e4ssigt \u00f6verl\u00e4gset b\u00e4sta uppst\u00e4llning vi har haft. Det blir ruskigt intressant att se, s\u00e4ger han till budokampsport.se.\" \/>\n<meta property=\"og:url\" content=\"https:\/\/www.budokampsport.se\/2011\/04\/18\/superior-challenge-tar-ytterligare-kliv\/\" \/>\n<meta property=\"og:site_name\" content=\"Svenska Budo &amp; Kampsportsf\u00f6rbundet\" \/>\n<meta property=\"article:author\" content=\"https:\/\/www.facebook.com\/jonathan.broberg.7\" \/>\n<meta property=\"article:published_time\" content=\"2011-04-18T11:43:54+00:00\" \/>\n<meta property=\"article:modified_time\" content=\"2016-12-06T21:32:58+00:00\" \/>\n<meta name=\"author\" content=\"Jonathan Broberg\" \/>\n<meta name=\"twitter:card\" content=\"summary_large_image\" \/>\n<meta name=\"twitter:label1\" content=\"Skriven av\" \/>\n\t<meta name=\"twitter:data1\" content=\"Jonathan Broberg\" \/>\n\t<meta name=\"twitter:label2\" content=\"Ber\u00e4knad l\u00e4stid\" \/>\n\t<meta name=\"twitter:data2\" content=\"3 minuter\" \/>\n<script type=\"application\/ld+json\" class=\"yoast-schema-graph\">{\"@context\":\"https:\/\/schema.org\",\"@graph\":[{\"@type\":\"Article\",\"@id\":\"https:\/\/www.budokampsport.se\/2011\/04\/18\/superior-challenge-tar-ytterligare-kliv\/#article\",\"isPartOf\":{\"@id\":\"https:\/\/www.budokampsport.se\/2011\/04\/18\/superior-challenge-tar-ytterligare-kliv\/\"},\"author\":{\"name\":\"Jonathan Broberg\",\"@id\":\"https:\/\/www.budokampsport.se\/#\/schema\/person\/5c06d81d14850e2a8ce5493386560145\"},\"headline\":\"Superior Challenge tar ytterligare kliv\",\"datePublished\":\"2011-04-18T11:43:54+00:00\",\"dateModified\":\"2016-12-06T21:32:58+00:00\",\"mainEntityOfPage\":{\"@id\":\"https:\/\/www.budokampsport.se\/2011\/04\/18\/superior-challenge-tar-ytterligare-kliv\/\"},\"wordCount\":543,\"inLanguage\":\"sv-SE\"},{\"@type\":\"WebPage\",\"@id\":\"https:\/\/www.budokampsport.se\/2011\/04\/18\/superior-challenge-tar-ytterligare-kliv\/\",\"url\":\"https:\/\/www.budokampsport.se\/2011\/04\/18\/superior-challenge-tar-ytterligare-kliv\/\",\"name\":\"Superior Challenge tar ytterligare kliv - Svenska Budo &amp; Kampsportsf\u00f6rbundet\",\"isPartOf\":{\"@id\":\"https:\/\/www.budokampsport.se\/#website\"},\"datePublished\":\"2011-04-18T11:43:54+00:00\",\"dateModified\":\"2016-12-06T21:32:58+00:00\",\"author\":{\"@id\":\"https:\/\/www.budokampsport.se\/#\/schema\/person\/5c06d81d14850e2a8ce5493386560145\"},\"description\":\"Med lite drygt tv\u00e5 veckor kvar till den sjunde upplagan av MMA-galan Superior Challenge \u00e4r det br\u00e5da daga f\u00f6r arrang\u00f6r Babak Aghavali.\u00a0\u00a0 - Vi tycker sj\u00e4lva att det \u00e4r den kvalitetsm\u00e4ssigt \u00f6verl\u00e4gset b\u00e4sta uppst\u00e4llning vi har haft. Det blir ruskigt intressant att se, s\u00e4ger han till budokampsport.se.\",\"breadcrumb\":{\"@id\":\"https:\/\/www.budokampsport.se\/2011\/04\/18\/superior-challenge-tar-ytterligare-kliv\/#breadcrumb\"},\"inLanguage\":\"sv-SE\",\"potentialAction\":[{\"@type\":\"ReadAction\",\"target\":[\"https:\/\/www.budokampsport.se\/2011\/04\/18\/superior-challenge-tar-ytterligare-kliv\/\"]}]},{\"@type\":\"BreadcrumbList\",\"@id\":\"https:\/\/www.budokampsport.se\/2011\/04\/18\/superior-challenge-tar-ytterligare-kliv\/#breadcrumb\",\"itemListElement\":[{\"@type\":\"ListItem\",\"position\":1,\"name\":\"Hem\",\"item\":\"https:\/\/www.budokampsport.se\/\"},{\"@type\":\"ListItem\",\"position\":2,\"name\":\"Superior Challenge tar ytterligare kliv\"}]},{\"@type\":\"WebSite\",\"@id\":\"https:\/\/www.budokampsport.se\/#website\",\"url\":\"https:\/\/www.budokampsport.se\/\",\"name\":\"Svenska Budo &amp; Kampsportsf\u00f6rbundet\",\"description\":\"T\u00e4vling, Tr\u00e4ning, Tradition\",\"potentialAction\":[{\"@type\":\"SearchAction\",\"target\":{\"@type\":\"EntryPoint\",\"urlTemplate\":\"https:\/\/www.budokampsport.se\/?s={search_term_string}\"},\"query-input\":{\"@type\":\"PropertyValueSpecification\",\"valueRequired\":true,\"valueName\":\"search_term_string\"}}],\"inLanguage\":\"sv-SE\"},{\"@type\":\"Person\",\"@id\":\"https:\/\/www.budokampsport.se\/#\/schema\/person\/5c06d81d14850e2a8ce5493386560145\",\"name\":\"Jonathan Broberg\",\"image\":{\"@type\":\"ImageObject\",\"inLanguage\":\"sv-SE\",\"@id\":\"https:\/\/www.budokampsport.se\/#\/schema\/person\/image\/\",\"url\":\"https:\/\/secure.gravatar.com\/avatar\/a58041c6cea9128bd9c40ee2f26d4136?s=96&d=blank&r=g\",\"contentUrl\":\"https:\/\/secure.gravatar.com\/avatar\/a58041c6cea9128bd9c40ee2f26d4136?s=96&d=blank&r=g\",\"caption\":\"Jonathan Broberg\"},\"sameAs\":[\"https:\/\/www.facebook.com\/jonathan.broberg.7\"],\"url\":\"https:\/\/www.budokampsport.se\/author\/jonathan\/\"}]}<\/script>\n<!-- \/ Yoast SEO plugin. -->","yoast_head_json":{"title":"Superior Challenge tar ytterligare kliv - Svenska Budo &amp; Kampsportsf\u00f6rbundet","description":"Med lite drygt tv\u00e5 veckor kvar till den sjunde upplagan av MMA-galan Superior Challenge \u00e4r det br\u00e5da daga f\u00f6r arrang\u00f6r Babak Aghavali.\u00a0\u00a0 - Vi tycker sj\u00e4lva att det \u00e4r den kvalitetsm\u00e4ssigt \u00f6verl\u00e4gset b\u00e4sta uppst\u00e4llning vi har haft. Det blir ruskigt intressant att se, s\u00e4ger han till budokampsport.se.","robots":{"index":"index","follow":"follow","max-snippet":"max-snippet:-1","max-image-preview":"max-image-preview:large","max-video-preview":"max-video-preview:-1"},"canonical":"https:\/\/www.budokampsport.se\/2011\/04\/18\/superior-challenge-tar-ytterligare-kliv\/","og_locale":"sv_SE","og_type":"article","og_title":"Superior Challenge tar ytterligare kliv - Svenska Budo &amp; Kampsportsf\u00f6rbundet","og_description":"Med lite drygt tv\u00e5 veckor kvar till den sjunde upplagan av MMA-galan Superior Challenge \u00e4r det br\u00e5da daga f\u00f6r arrang\u00f6r Babak Aghavali.\u00a0\u00a0 - Vi tycker sj\u00e4lva att det \u00e4r den kvalitetsm\u00e4ssigt \u00f6verl\u00e4gset b\u00e4sta uppst\u00e4llning vi har haft. Det blir ruskigt intressant att se, s\u00e4ger han till budokampsport.se.","og_url":"https:\/\/www.budokampsport.se\/2011\/04\/18\/superior-challenge-tar-ytterligare-kliv\/","og_site_name":"Svenska Budo &amp; Kampsportsf\u00f6rbundet","article_author":"https:\/\/www.facebook.com\/jonathan.broberg.7","article_published_time":"2011-04-18T11:43:54+00:00","article_modified_time":"2016-12-06T21:32:58+00:00","author":"Jonathan Broberg","twitter_card":"summary_large_image","twitter_misc":{"Skriven av":"Jonathan Broberg","Ber\u00e4knad l\u00e4stid":"3 minuter"},"schema":{"@context":"https:\/\/schema.org","@graph":[{"@type":"Article","@id":"https:\/\/www.budokampsport.se\/2011\/04\/18\/superior-challenge-tar-ytterligare-kliv\/#article","isPartOf":{"@id":"https:\/\/www.budokampsport.se\/2011\/04\/18\/superior-challenge-tar-ytterligare-kliv\/"},"author":{"name":"Jonathan Broberg","@id":"https:\/\/www.budokampsport.se\/#\/schema\/person\/5c06d81d14850e2a8ce5493386560145"},"headline":"Superior Challenge tar ytterligare kliv","datePublished":"2011-04-18T11:43:54+00:00","dateModified":"2016-12-06T21:32:58+00:00","mainEntityOfPage":{"@id":"https:\/\/www.budokampsport.se\/2011\/04\/18\/superior-challenge-tar-ytterligare-kliv\/"},"wordCount":543,"inLanguage":"sv-SE"},{"@type":"WebPage","@id":"https:\/\/www.budokampsport.se\/2011\/04\/18\/superior-challenge-tar-ytterligare-kliv\/","url":"https:\/\/www.budokampsport.se\/2011\/04\/18\/superior-challenge-tar-ytterligare-kliv\/","name":"Superior Challenge tar ytterligare kliv - Svenska Budo &amp; Kampsportsf\u00f6rbundet","isPartOf":{"@id":"https:\/\/www.budokampsport.se\/#website"},"datePublished":"2011-04-18T11:43:54+00:00","dateModified":"2016-12-06T21:32:58+00:00","author":{"@id":"https:\/\/www.budokampsport.se\/#\/schema\/person\/5c06d81d14850e2a8ce5493386560145"},"description":"Med lite drygt tv\u00e5 veckor kvar till den sjunde upplagan av MMA-galan Superior Challenge \u00e4r det br\u00e5da daga f\u00f6r arrang\u00f6r Babak Aghavali.\u00a0\u00a0 - Vi tycker sj\u00e4lva att det \u00e4r den kvalitetsm\u00e4ssigt \u00f6verl\u00e4gset b\u00e4sta uppst\u00e4llning vi har haft. Det blir ruskigt intressant att se, s\u00e4ger han till budokampsport.se.","breadcrumb":{"@id":"https:\/\/www.budokampsport.se\/2011\/04\/18\/superior-challenge-tar-ytterligare-kliv\/#breadcrumb"},"inLanguage":"sv-SE","potentialAction":[{"@type":"ReadAction","target":["https:\/\/www.budokampsport.se\/2011\/04\/18\/superior-challenge-tar-ytterligare-kliv\/"]}]},{"@type":"BreadcrumbList","@id":"https:\/\/www.budokampsport.se\/2011\/04\/18\/superior-challenge-tar-ytterligare-kliv\/#breadcrumb","itemListElement":[{"@type":"ListItem","position":1,"name":"Hem","item":"https:\/\/www.budokampsport.se\/"},{"@type":"ListItem","position":2,"name":"Superior Challenge tar ytterligare kliv"}]},{"@type":"WebSite","@id":"https:\/\/www.budokampsport.se\/#website","url":"https:\/\/www.budokampsport.se\/","name":"Svenska Budo &amp; Kampsportsf\u00f6rbundet","description":"T\u00e4vling, Tr\u00e4ning, Tradition","potentialAction":[{"@type":"SearchAction","target":{"@type":"EntryPoint","urlTemplate":"https:\/\/www.budokampsport.se\/?s={search_term_string}"},"query-input":{"@type":"PropertyValueSpecification","valueRequired":true,"valueName":"search_term_string"}}],"inLanguage":"sv-SE"},{"@type":"Person","@id":"https:\/\/www.budokampsport.se\/#\/schema\/person\/5c06d81d14850e2a8ce5493386560145","name":"Jonathan Broberg","image":{"@type":"ImageObject","inLanguage":"sv-SE","@id":"https:\/\/www.budokampsport.se\/#\/schema\/person\/image\/","url":"https:\/\/secure.gravatar.com\/avatar\/a58041c6cea9128bd9c40ee2f26d4136?s=96&d=blank&r=g","contentUrl":"https:\/\/secure.gravatar.com\/avatar\/a58041c6cea9128bd9c40ee2f26d4136?s=96&d=blank&r=g","caption":"Jonathan Broberg"},"sameAs":["https:\/\/www.facebook.com\/jonathan.broberg.7"],"url":"https:\/\/www.budokampsport.se\/author\/jonathan\/"}]}},"_links":{"self":[{"href":"https:\/\/www.budokampsport.se\/api\/wp\/v2\/posts\/3773","targetHints":{"allow":["GET"]}}],"collection":[{"href":"https:\/\/www.budokampsport.se\/api\/wp\/v2\/posts"}],"about":[{"href":"https:\/\/www.budokampsport.se\/api\/wp\/v2\/types\/post"}],"author":[{"embeddable":true,"href":"https:\/\/www.budokampsport.se\/api\/wp\/v2\/users\/7"}],"replies":[{"embeddable":true,"href":"https:\/\/www.budokampsport.se\/api\/wp\/v2\/comments?post=3773"}],"version-history":[{"count":0,"href":"https:\/\/www.budokampsport.se\/api\/wp\/v2\/posts\/3773\/revisions"}],"wp:attachment":[{"href":"https:\/\/www.budokampsport.se\/api\/wp\/v2\/media?parent=3773"}],"wp:term":[{"taxonomy":"category","embeddable":true,"href":"https:\/\/www.budokampsport.se\/api\/wp\/v2\/categories?post=3773"},{"taxonomy":"post_tag","embeddable":true,"href":"https:\/\/www.budokampsport.se\/api\/wp\/v2\/tags?post=3773"}],"curies":[{"name":"wp","href":"https:\/\/api.w.org\/{rel}","templated":true}]}}