{"id":3775,"date":"2011-04-18T14:36:24","date_gmt":"2011-04-18T12:36:24","guid":{"rendered":"http:\/\/budo.wordpress.dev\/2011\/04\/18\/sara-widgren-tvaa-pa-paris-open\/"},"modified":"2016-12-06T22:32:58","modified_gmt":"2016-12-06T21:32:58","slug":"sara-widgren-tvaa-pa-paris-open","status":"publish","type":"post","link":"https:\/\/www.budokampsport.se\/2011\/04\/18\/sara-widgren-tvaa-pa-paris-open\/","title":{"rendered":"Sara Widgren tv\u00e5a p\u00e5 Paris Open"},"content":{"rendered":"<p><P><STRONG><IMG alt=\"\" align=middle src=\"http:\/\/www.budokampsport.se\/sites\/default\/files\/widgren_ett.jpg\" width=430 height=287><BR>Sara Widgren passade p\u00e5 att leverera Sveriges f\u00f6rsta medalj p\u00e5 Paris Open. T\u00e4vlingen \u00e4r en av v\u00e4rldens mest prestigefyllda t\u00e4vlingar, och en klar v\u00e4rdem\u00e4tare inf\u00f6r Europeiska M\u00e4sterskapen i juni.\u00a0<\/STRONG><BR>\u00a0<!--break--><BR>Under l\u00f6rdagen gick Paris Open av stapeln, en t\u00e4vling som lockat alla v\u00e4rldsnationer inom ju jutsu f\u00f6r att m\u00e4ta krafterna inf\u00f6r EM senare i v\u00e5r. Sverige hade ett starkt team nere och det gick bra redan fr\u00e5n f\u00f6rsta matchen f\u00f6r Sara Widgren. Fr\u00e5n att vara en lovande talang p\u00e5 juniorsidan tog hon klivet upp till senior i h\u00f6stas och placerade sig femma p\u00e5 VM i h\u00f6stas. <BR>\u00a0<BR>Genom klara vinster tog sig Sara Widgren till final i viktklassen -62 kg och m\u00f6tte sin baneman Carina Neupert. De m\u00f6ttes s\u00e5 sent som p\u00e5 VM d\u00e4r tyskan vann \u00f6ver Sara. Denna g\u00e5ng blev matchen s\u00e5 j\u00e4mn den kunde bli genom att sluta 14 lika i po\u00e4ng. Men eftersom tyskan hade en ippon mer \u00e4n Sara blev medaljen ett silver f\u00f6r Sara.<BR>\u00a0\u00a0\u00a0&#8211; Hon b\u00f6rjar bli riktigt duktig p\u00e5 kastdelen och det m\u00e4rks att hennes tid i Paris redan gett utdelning, s\u00e4ger landslagscoachen Martin Ingholt.\u00a0<BR><BR><STRONG>&#8220;B\u00e5dar gott inf\u00f6r EM&#8221;\u00a0<\/STRONG><BR>Sara har spenderat n\u00e5gra veckor i Paris och tr\u00e4nat judo med de b\u00e4sta i Frankrike f\u00f6r att f\u00f6rb\u00e4ttra sitt game i kastdelen i ju jutsu. N\u00e5got som allts\u00e5 gav utdelning fort. <BR>\u00a0<BR>\u00d6vriga svenskar p\u00e5 plats gjorde ocks\u00e5 bra insatser men ingen som lyckades n\u00e5 en medaljfinal.\u00a0<BR>\u00a0\u00a0\u00a0&#8211;\u00a0Alla fajtas bra \u00e4ven mot bra motst\u00e5nd, och det b\u00e5dar gott inf\u00f6r EM, s\u00e4ger Martin Ingholt. <BR>\u00a0<BR>\u00c4ven svenska duoparet Eriksson\/Persson var p\u00e5 plats men lyckades inte ta medalj. Dock med medaljen fr\u00e5n Hamburg Open tidigare i \u00e5r \u00e4r de uttagna av duocoachen Isabelle Sarfati uttagna till att representera Sverige p\u00e5 EM. <BR><BR>Text: Helena Hugosson\/Ju-jutsufederationen<BR>Foto: Jonathan Broberg<\/P><\/p>\n","protected":false},"excerpt":{"rendered":"<p><P><STRONG><IMG alt=\"\" align=middle src=\"http:\/\/www.budokampsport.se\/sites\/default\/files\/widgren_ett.jpg\" width=430 height=287><BR>Sara Widgren passade p\u00e5 att leverera Sveriges f\u00f6rsta medalj p\u00e5 Paris Open. T\u00e4vlingen \u00e4r en av v\u00e4rldens mest prestigefyllda t\u00e4vlingar, och en klar v\u00e4rdem\u00e4tare inf\u00f6r Europeiska M\u00e4sterskapen i juni.\u00a0<\/STRONG><BR>\u00a0<\/p><br>","protected":false},"author":7,"featured_media":0,"comment_status":"closed","ping_status":"closed","sticky":false,"template":"","format":"standard","meta":{"_acf_changed":false,"footnotes":""},"categories":[1],"tags":[],"class_list":["post-3775","post","type-post","status-publish","format-standard","hentry","category-okategoriserade"],"acf":[],"yoast_head":"<!-- This site is optimized with the Yoast SEO plugin v26.8 - https:\/\/yoast.com\/product\/yoast-seo-wordpress\/ -->\n<title>Sara Widgren tv\u00e5a p\u00e5 Paris Open - Svenska Budo &amp; Kampsportsf\u00f6rbundet<\/title>\n<meta name=\"description\" content=\"Sara Widgren passade p\u00e5 att leverera Sveriges f\u00f6rsta medalj p\u00e5 Paris Open. T\u00e4vlingen \u00e4r en av v\u00e4rldens mest prestigefyllda t\u00e4vlingar, och en klar v\u00e4rdem\u00e4tare inf\u00f6r Europeiska M\u00e4sterskapen i juni.\u00a0\u00a0\" \/>\n<meta name=\"robots\" content=\"index, follow, max-snippet:-1, max-image-preview:large, max-video-preview:-1\" \/>\n<link rel=\"canonical\" href=\"https:\/\/www.budokampsport.se\/2011\/04\/18\/sara-widgren-tvaa-pa-paris-open\/\" \/>\n<meta property=\"og:locale\" content=\"sv_SE\" \/>\n<meta property=\"og:type\" content=\"article\" \/>\n<meta property=\"og:title\" content=\"Sara Widgren tv\u00e5a p\u00e5 Paris Open - Svenska Budo &amp; Kampsportsf\u00f6rbundet\" \/>\n<meta property=\"og:description\" content=\"Sara Widgren passade p\u00e5 att leverera Sveriges f\u00f6rsta medalj p\u00e5 Paris Open. T\u00e4vlingen \u00e4r en av v\u00e4rldens mest prestigefyllda t\u00e4vlingar, och en klar v\u00e4rdem\u00e4tare inf\u00f6r Europeiska M\u00e4sterskapen i juni.\u00a0\u00a0\" \/>\n<meta property=\"og:url\" content=\"https:\/\/www.budokampsport.se\/2011\/04\/18\/sara-widgren-tvaa-pa-paris-open\/\" \/>\n<meta property=\"og:site_name\" content=\"Svenska Budo &amp; Kampsportsf\u00f6rbundet\" \/>\n<meta property=\"article:author\" content=\"https:\/\/www.facebook.com\/jonathan.broberg.7\" \/>\n<meta property=\"article:published_time\" content=\"2011-04-18T12:36:24+00:00\" \/>\n<meta property=\"article:modified_time\" content=\"2016-12-06T21:32:58+00:00\" \/>\n<meta name=\"author\" content=\"Jonathan Broberg\" \/>\n<meta name=\"twitter:card\" content=\"summary_large_image\" \/>\n<meta name=\"twitter:label1\" content=\"Skriven av\" \/>\n\t<meta name=\"twitter:data1\" content=\"Jonathan Broberg\" \/>\n\t<meta name=\"twitter:label2\" content=\"Ber\u00e4knad l\u00e4stid\" \/>\n\t<meta name=\"twitter:data2\" content=\"2 minuter\" \/>\n<script type=\"application\/ld+json\" class=\"yoast-schema-graph\">{\"@context\":\"https:\/\/schema.org\",\"@graph\":[{\"@type\":\"Article\",\"@id\":\"https:\/\/www.budokampsport.se\/2011\/04\/18\/sara-widgren-tvaa-pa-paris-open\/#article\",\"isPartOf\":{\"@id\":\"https:\/\/www.budokampsport.se\/2011\/04\/18\/sara-widgren-tvaa-pa-paris-open\/\"},\"author\":{\"name\":\"Jonathan Broberg\",\"@id\":\"https:\/\/www.budokampsport.se\/#\/schema\/person\/5c06d81d14850e2a8ce5493386560145\"},\"headline\":\"Sara Widgren tv\u00e5a p\u00e5 Paris Open\",\"datePublished\":\"2011-04-18T12:36:24+00:00\",\"dateModified\":\"2016-12-06T21:32:58+00:00\",\"mainEntityOfPage\":{\"@id\":\"https:\/\/www.budokampsport.se\/2011\/04\/18\/sara-widgren-tvaa-pa-paris-open\/\"},\"wordCount\":340,\"inLanguage\":\"sv-SE\"},{\"@type\":\"WebPage\",\"@id\":\"https:\/\/www.budokampsport.se\/2011\/04\/18\/sara-widgren-tvaa-pa-paris-open\/\",\"url\":\"https:\/\/www.budokampsport.se\/2011\/04\/18\/sara-widgren-tvaa-pa-paris-open\/\",\"name\":\"Sara Widgren tv\u00e5a p\u00e5 Paris Open - Svenska Budo &amp; Kampsportsf\u00f6rbundet\",\"isPartOf\":{\"@id\":\"https:\/\/www.budokampsport.se\/#website\"},\"datePublished\":\"2011-04-18T12:36:24+00:00\",\"dateModified\":\"2016-12-06T21:32:58+00:00\",\"author\":{\"@id\":\"https:\/\/www.budokampsport.se\/#\/schema\/person\/5c06d81d14850e2a8ce5493386560145\"},\"description\":\"Sara Widgren passade p\u00e5 att leverera Sveriges f\u00f6rsta medalj p\u00e5 Paris Open. T\u00e4vlingen \u00e4r en av v\u00e4rldens mest prestigefyllda t\u00e4vlingar, och en klar v\u00e4rdem\u00e4tare inf\u00f6r Europeiska M\u00e4sterskapen i juni.\u00a0\u00a0\",\"breadcrumb\":{\"@id\":\"https:\/\/www.budokampsport.se\/2011\/04\/18\/sara-widgren-tvaa-pa-paris-open\/#breadcrumb\"},\"inLanguage\":\"sv-SE\",\"potentialAction\":[{\"@type\":\"ReadAction\",\"target\":[\"https:\/\/www.budokampsport.se\/2011\/04\/18\/sara-widgren-tvaa-pa-paris-open\/\"]}]},{\"@type\":\"BreadcrumbList\",\"@id\":\"https:\/\/www.budokampsport.se\/2011\/04\/18\/sara-widgren-tvaa-pa-paris-open\/#breadcrumb\",\"itemListElement\":[{\"@type\":\"ListItem\",\"position\":1,\"name\":\"Hem\",\"item\":\"https:\/\/www.budokampsport.se\/\"},{\"@type\":\"ListItem\",\"position\":2,\"name\":\"Sara Widgren tv\u00e5a p\u00e5 Paris Open\"}]},{\"@type\":\"WebSite\",\"@id\":\"https:\/\/www.budokampsport.se\/#website\",\"url\":\"https:\/\/www.budokampsport.se\/\",\"name\":\"Svenska Budo &amp; Kampsportsf\u00f6rbundet\",\"description\":\"T\u00e4vling, Tr\u00e4ning, Tradition\",\"potentialAction\":[{\"@type\":\"SearchAction\",\"target\":{\"@type\":\"EntryPoint\",\"urlTemplate\":\"https:\/\/www.budokampsport.se\/?s={search_term_string}\"},\"query-input\":{\"@type\":\"PropertyValueSpecification\",\"valueRequired\":true,\"valueName\":\"search_term_string\"}}],\"inLanguage\":\"sv-SE\"},{\"@type\":\"Person\",\"@id\":\"https:\/\/www.budokampsport.se\/#\/schema\/person\/5c06d81d14850e2a8ce5493386560145\",\"name\":\"Jonathan Broberg\",\"image\":{\"@type\":\"ImageObject\",\"inLanguage\":\"sv-SE\",\"@id\":\"https:\/\/www.budokampsport.se\/#\/schema\/person\/image\/\",\"url\":\"https:\/\/secure.gravatar.com\/avatar\/a58041c6cea9128bd9c40ee2f26d4136?s=96&d=blank&r=g\",\"contentUrl\":\"https:\/\/secure.gravatar.com\/avatar\/a58041c6cea9128bd9c40ee2f26d4136?s=96&d=blank&r=g\",\"caption\":\"Jonathan Broberg\"},\"sameAs\":[\"https:\/\/www.facebook.com\/jonathan.broberg.7\"],\"url\":\"https:\/\/www.budokampsport.se\/author\/jonathan\/\"}]}<\/script>\n<!-- \/ Yoast SEO plugin. -->","yoast_head_json":{"title":"Sara Widgren tv\u00e5a p\u00e5 Paris Open - Svenska Budo &amp; Kampsportsf\u00f6rbundet","description":"Sara Widgren passade p\u00e5 att leverera Sveriges f\u00f6rsta medalj p\u00e5 Paris Open. T\u00e4vlingen \u00e4r en av v\u00e4rldens mest prestigefyllda t\u00e4vlingar, och en klar v\u00e4rdem\u00e4tare inf\u00f6r Europeiska M\u00e4sterskapen i juni.\u00a0\u00a0","robots":{"index":"index","follow":"follow","max-snippet":"max-snippet:-1","max-image-preview":"max-image-preview:large","max-video-preview":"max-video-preview:-1"},"canonical":"https:\/\/www.budokampsport.se\/2011\/04\/18\/sara-widgren-tvaa-pa-paris-open\/","og_locale":"sv_SE","og_type":"article","og_title":"Sara Widgren tv\u00e5a p\u00e5 Paris Open - Svenska Budo &amp; Kampsportsf\u00f6rbundet","og_description":"Sara Widgren passade p\u00e5 att leverera Sveriges f\u00f6rsta medalj p\u00e5 Paris Open. T\u00e4vlingen \u00e4r en av v\u00e4rldens mest prestigefyllda t\u00e4vlingar, och en klar v\u00e4rdem\u00e4tare inf\u00f6r Europeiska M\u00e4sterskapen i juni.\u00a0\u00a0","og_url":"https:\/\/www.budokampsport.se\/2011\/04\/18\/sara-widgren-tvaa-pa-paris-open\/","og_site_name":"Svenska Budo &amp; Kampsportsf\u00f6rbundet","article_author":"https:\/\/www.facebook.com\/jonathan.broberg.7","article_published_time":"2011-04-18T12:36:24+00:00","article_modified_time":"2016-12-06T21:32:58+00:00","author":"Jonathan Broberg","twitter_card":"summary_large_image","twitter_misc":{"Skriven av":"Jonathan Broberg","Ber\u00e4knad l\u00e4stid":"2 minuter"},"schema":{"@context":"https:\/\/schema.org","@graph":[{"@type":"Article","@id":"https:\/\/www.budokampsport.se\/2011\/04\/18\/sara-widgren-tvaa-pa-paris-open\/#article","isPartOf":{"@id":"https:\/\/www.budokampsport.se\/2011\/04\/18\/sara-widgren-tvaa-pa-paris-open\/"},"author":{"name":"Jonathan Broberg","@id":"https:\/\/www.budokampsport.se\/#\/schema\/person\/5c06d81d14850e2a8ce5493386560145"},"headline":"Sara Widgren tv\u00e5a p\u00e5 Paris Open","datePublished":"2011-04-18T12:36:24+00:00","dateModified":"2016-12-06T21:32:58+00:00","mainEntityOfPage":{"@id":"https:\/\/www.budokampsport.se\/2011\/04\/18\/sara-widgren-tvaa-pa-paris-open\/"},"wordCount":340,"inLanguage":"sv-SE"},{"@type":"WebPage","@id":"https:\/\/www.budokampsport.se\/2011\/04\/18\/sara-widgren-tvaa-pa-paris-open\/","url":"https:\/\/www.budokampsport.se\/2011\/04\/18\/sara-widgren-tvaa-pa-paris-open\/","name":"Sara Widgren tv\u00e5a p\u00e5 Paris Open - Svenska Budo &amp; Kampsportsf\u00f6rbundet","isPartOf":{"@id":"https:\/\/www.budokampsport.se\/#website"},"datePublished":"2011-04-18T12:36:24+00:00","dateModified":"2016-12-06T21:32:58+00:00","author":{"@id":"https:\/\/www.budokampsport.se\/#\/schema\/person\/5c06d81d14850e2a8ce5493386560145"},"description":"Sara Widgren passade p\u00e5 att leverera Sveriges f\u00f6rsta medalj p\u00e5 Paris Open. T\u00e4vlingen \u00e4r en av v\u00e4rldens mest prestigefyllda t\u00e4vlingar, och en klar v\u00e4rdem\u00e4tare inf\u00f6r Europeiska M\u00e4sterskapen i juni.\u00a0\u00a0","breadcrumb":{"@id":"https:\/\/www.budokampsport.se\/2011\/04\/18\/sara-widgren-tvaa-pa-paris-open\/#breadcrumb"},"inLanguage":"sv-SE","potentialAction":[{"@type":"ReadAction","target":["https:\/\/www.budokampsport.se\/2011\/04\/18\/sara-widgren-tvaa-pa-paris-open\/"]}]},{"@type":"BreadcrumbList","@id":"https:\/\/www.budokampsport.se\/2011\/04\/18\/sara-widgren-tvaa-pa-paris-open\/#breadcrumb","itemListElement":[{"@type":"ListItem","position":1,"name":"Hem","item":"https:\/\/www.budokampsport.se\/"},{"@type":"ListItem","position":2,"name":"Sara Widgren tv\u00e5a p\u00e5 Paris Open"}]},{"@type":"WebSite","@id":"https:\/\/www.budokampsport.se\/#website","url":"https:\/\/www.budokampsport.se\/","name":"Svenska Budo &amp; Kampsportsf\u00f6rbundet","description":"T\u00e4vling, Tr\u00e4ning, Tradition","potentialAction":[{"@type":"SearchAction","target":{"@type":"EntryPoint","urlTemplate":"https:\/\/www.budokampsport.se\/?s={search_term_string}"},"query-input":{"@type":"PropertyValueSpecification","valueRequired":true,"valueName":"search_term_string"}}],"inLanguage":"sv-SE"},{"@type":"Person","@id":"https:\/\/www.budokampsport.se\/#\/schema\/person\/5c06d81d14850e2a8ce5493386560145","name":"Jonathan Broberg","image":{"@type":"ImageObject","inLanguage":"sv-SE","@id":"https:\/\/www.budokampsport.se\/#\/schema\/person\/image\/","url":"https:\/\/secure.gravatar.com\/avatar\/a58041c6cea9128bd9c40ee2f26d4136?s=96&d=blank&r=g","contentUrl":"https:\/\/secure.gravatar.com\/avatar\/a58041c6cea9128bd9c40ee2f26d4136?s=96&d=blank&r=g","caption":"Jonathan Broberg"},"sameAs":["https:\/\/www.facebook.com\/jonathan.broberg.7"],"url":"https:\/\/www.budokampsport.se\/author\/jonathan\/"}]}},"_links":{"self":[{"href":"https:\/\/www.budokampsport.se\/api\/wp\/v2\/posts\/3775","targetHints":{"allow":["GET"]}}],"collection":[{"href":"https:\/\/www.budokampsport.se\/api\/wp\/v2\/posts"}],"about":[{"href":"https:\/\/www.budokampsport.se\/api\/wp\/v2\/types\/post"}],"author":[{"embeddable":true,"href":"https:\/\/www.budokampsport.se\/api\/wp\/v2\/users\/7"}],"replies":[{"embeddable":true,"href":"https:\/\/www.budokampsport.se\/api\/wp\/v2\/comments?post=3775"}],"version-history":[{"count":0,"href":"https:\/\/www.budokampsport.se\/api\/wp\/v2\/posts\/3775\/revisions"}],"wp:attachment":[{"href":"https:\/\/www.budokampsport.se\/api\/wp\/v2\/media?parent=3775"}],"wp:term":[{"taxonomy":"category","embeddable":true,"href":"https:\/\/www.budokampsport.se\/api\/wp\/v2\/categories?post=3775"},{"taxonomy":"post_tag","embeddable":true,"href":"https:\/\/www.budokampsport.se\/api\/wp\/v2\/tags?post=3775"}],"curies":[{"name":"wp","href":"https:\/\/api.w.org\/{rel}","templated":true}]}}