{"id":3779,"date":"2011-04-19T11:46:48","date_gmt":"2011-04-19T09:46:48","guid":{"rendered":"http:\/\/budo.wordpress.dev\/2011\/04\/19\/sw-forbundet-satsar-pa-domare\/"},"modified":"2016-12-06T22:32:59","modified_gmt":"2016-12-06T21:32:59","slug":"sw-forbundet-satsar-pa-domare","status":"publish","type":"post","link":"https:\/\/www.budokampsport.se\/2011\/04\/19\/sw-forbundet-satsar-pa-domare\/","title":{"rendered":"SW-f\u00f6rbundet satsar p\u00e5 domare"},"content":{"rendered":"<p><P><STRONG><IMG alt=\"\" src=\"http:\/\/www.budokampsport.se\/sites\/default\/files\/submission.jpg\" width=430 height=50><BR>N\u00e4r svenska landslaget \u00e5ker iv\u00e4g till EM och VM under \u00e5ret \u00e4r tanken att Sverige \u00e4ven ska skicka med domare till m\u00e4sterskapen. D\u00e4rf\u00f6r kommer f\u00f6rbundet nu att b\u00f6rja utbilda domarna i FILA:s regelverk.<BR><!--break--><BR><\/STRONG>Kursen kommer att h\u00e5llas i Martigny i Schweiz den 7-8 maj i samband med FILA Grand Prix tournament.<BR><BR>F\u00f6r att anm\u00e4la sig till utbildningen, skicka mejl till <A href=\"mailto:postmaster@subwrestling.se\">postmaster@subwrestling.se<\/A>. <BR>\u00a0<\/P><\/p>\n","protected":false},"excerpt":{"rendered":"<p><P><STRONG><IMG alt=\"\" src=\"http:\/\/www.budokampsport.se\/sites\/default\/files\/submission.jpg\" width=430 height=50><BR>N\u00e4r svenska landslaget \u00e5ker iv\u00e4g till EM och VM under \u00e5ret \u00e4r tanken att Sverige \u00e4ven ska skicka med domare till m\u00e4sterskapen. D\u00e4rf\u00f6r kommer f\u00f6rbundet nu att b\u00f6rja utbilda domarna i FILA:s regelverk.<BR><\/p><br>","protected":false},"author":7,"featured_media":0,"comment_status":"closed","ping_status":"closed","sticky":false,"template":"","format":"standard","meta":{"_acf_changed":false,"footnotes":""},"categories":[1],"tags":[],"class_list":["post-3779","post","type-post","status-publish","format-standard","hentry","category-okategoriserade"],"acf":[],"yoast_head":"<!-- This site is optimized with the Yoast SEO plugin v26.8 - https:\/\/yoast.com\/product\/yoast-seo-wordpress\/ -->\n<title>SW-f\u00f6rbundet satsar p\u00e5 domare - Svenska Budo &amp; Kampsportsf\u00f6rbundet<\/title>\n<meta name=\"description\" content=\"N\u00e4r svenska landslaget \u00e5ker iv\u00e4g till EM och VM under \u00e5ret \u00e4r tanken att Sverige \u00e4ven ska skicka med domare till m\u00e4sterskapen. D\u00e4rf\u00f6r kommer f\u00f6rbundet nu att b\u00f6rja utbilda domarna i FILA:s regelverk.\" \/>\n<meta name=\"robots\" content=\"index, follow, max-snippet:-1, max-image-preview:large, max-video-preview:-1\" \/>\n<link rel=\"canonical\" href=\"https:\/\/www.budokampsport.se\/2011\/04\/19\/sw-forbundet-satsar-pa-domare\/\" \/>\n<meta property=\"og:locale\" content=\"sv_SE\" \/>\n<meta property=\"og:type\" content=\"article\" \/>\n<meta property=\"og:title\" content=\"SW-f\u00f6rbundet satsar p\u00e5 domare - Svenska Budo &amp; Kampsportsf\u00f6rbundet\" \/>\n<meta property=\"og:description\" content=\"N\u00e4r svenska landslaget \u00e5ker iv\u00e4g till EM och VM under \u00e5ret \u00e4r tanken att Sverige \u00e4ven ska skicka med domare till m\u00e4sterskapen. D\u00e4rf\u00f6r kommer f\u00f6rbundet nu att b\u00f6rja utbilda domarna i FILA:s regelverk.\" \/>\n<meta property=\"og:url\" content=\"https:\/\/www.budokampsport.se\/2011\/04\/19\/sw-forbundet-satsar-pa-domare\/\" \/>\n<meta property=\"og:site_name\" content=\"Svenska Budo &amp; Kampsportsf\u00f6rbundet\" \/>\n<meta property=\"article:author\" content=\"https:\/\/www.facebook.com\/jonathan.broberg.7\" \/>\n<meta property=\"article:published_time\" content=\"2011-04-19T09:46:48+00:00\" \/>\n<meta property=\"article:modified_time\" content=\"2016-12-06T21:32:59+00:00\" \/>\n<meta name=\"author\" content=\"Jonathan Broberg\" \/>\n<meta name=\"twitter:card\" content=\"summary_large_image\" \/>\n<meta name=\"twitter:label1\" content=\"Skriven av\" \/>\n\t<meta name=\"twitter:data1\" content=\"Jonathan Broberg\" \/>\n<script type=\"application\/ld+json\" class=\"yoast-schema-graph\">{\"@context\":\"https:\/\/schema.org\",\"@graph\":[{\"@type\":\"Article\",\"@id\":\"https:\/\/www.budokampsport.se\/2011\/04\/19\/sw-forbundet-satsar-pa-domare\/#article\",\"isPartOf\":{\"@id\":\"https:\/\/www.budokampsport.se\/2011\/04\/19\/sw-forbundet-satsar-pa-domare\/\"},\"author\":{\"name\":\"Jonathan Broberg\",\"@id\":\"https:\/\/www.budokampsport.se\/#\/schema\/person\/5c06d81d14850e2a8ce5493386560145\"},\"headline\":\"SW-f\u00f6rbundet satsar p\u00e5 domare\",\"datePublished\":\"2011-04-19T09:46:48+00:00\",\"dateModified\":\"2016-12-06T21:32:59+00:00\",\"mainEntityOfPage\":{\"@id\":\"https:\/\/www.budokampsport.se\/2011\/04\/19\/sw-forbundet-satsar-pa-domare\/\"},\"wordCount\":79,\"inLanguage\":\"sv-SE\"},{\"@type\":\"WebPage\",\"@id\":\"https:\/\/www.budokampsport.se\/2011\/04\/19\/sw-forbundet-satsar-pa-domare\/\",\"url\":\"https:\/\/www.budokampsport.se\/2011\/04\/19\/sw-forbundet-satsar-pa-domare\/\",\"name\":\"SW-f\u00f6rbundet satsar p\u00e5 domare - Svenska Budo &amp; Kampsportsf\u00f6rbundet\",\"isPartOf\":{\"@id\":\"https:\/\/www.budokampsport.se\/#website\"},\"datePublished\":\"2011-04-19T09:46:48+00:00\",\"dateModified\":\"2016-12-06T21:32:59+00:00\",\"author\":{\"@id\":\"https:\/\/www.budokampsport.se\/#\/schema\/person\/5c06d81d14850e2a8ce5493386560145\"},\"description\":\"N\u00e4r svenska landslaget \u00e5ker iv\u00e4g till EM och VM under \u00e5ret \u00e4r tanken att Sverige \u00e4ven ska skicka med domare till m\u00e4sterskapen. D\u00e4rf\u00f6r kommer f\u00f6rbundet nu att b\u00f6rja utbilda domarna i FILA:s regelverk.\",\"breadcrumb\":{\"@id\":\"https:\/\/www.budokampsport.se\/2011\/04\/19\/sw-forbundet-satsar-pa-domare\/#breadcrumb\"},\"inLanguage\":\"sv-SE\",\"potentialAction\":[{\"@type\":\"ReadAction\",\"target\":[\"https:\/\/www.budokampsport.se\/2011\/04\/19\/sw-forbundet-satsar-pa-domare\/\"]}]},{\"@type\":\"BreadcrumbList\",\"@id\":\"https:\/\/www.budokampsport.se\/2011\/04\/19\/sw-forbundet-satsar-pa-domare\/#breadcrumb\",\"itemListElement\":[{\"@type\":\"ListItem\",\"position\":1,\"name\":\"Hem\",\"item\":\"https:\/\/www.budokampsport.se\/\"},{\"@type\":\"ListItem\",\"position\":2,\"name\":\"SW-f\u00f6rbundet satsar p\u00e5 domare\"}]},{\"@type\":\"WebSite\",\"@id\":\"https:\/\/www.budokampsport.se\/#website\",\"url\":\"https:\/\/www.budokampsport.se\/\",\"name\":\"Svenska Budo &amp; Kampsportsf\u00f6rbundet\",\"description\":\"T\u00e4vling, Tr\u00e4ning, Tradition\",\"potentialAction\":[{\"@type\":\"SearchAction\",\"target\":{\"@type\":\"EntryPoint\",\"urlTemplate\":\"https:\/\/www.budokampsport.se\/?s={search_term_string}\"},\"query-input\":{\"@type\":\"PropertyValueSpecification\",\"valueRequired\":true,\"valueName\":\"search_term_string\"}}],\"inLanguage\":\"sv-SE\"},{\"@type\":\"Person\",\"@id\":\"https:\/\/www.budokampsport.se\/#\/schema\/person\/5c06d81d14850e2a8ce5493386560145\",\"name\":\"Jonathan Broberg\",\"image\":{\"@type\":\"ImageObject\",\"inLanguage\":\"sv-SE\",\"@id\":\"https:\/\/www.budokampsport.se\/#\/schema\/person\/image\/\",\"url\":\"https:\/\/secure.gravatar.com\/avatar\/a58041c6cea9128bd9c40ee2f26d4136?s=96&d=blank&r=g\",\"contentUrl\":\"https:\/\/secure.gravatar.com\/avatar\/a58041c6cea9128bd9c40ee2f26d4136?s=96&d=blank&r=g\",\"caption\":\"Jonathan Broberg\"},\"sameAs\":[\"https:\/\/www.facebook.com\/jonathan.broberg.7\"],\"url\":\"https:\/\/www.budokampsport.se\/author\/jonathan\/\"}]}<\/script>\n<!-- \/ Yoast SEO plugin. -->","yoast_head_json":{"title":"SW-f\u00f6rbundet satsar p\u00e5 domare - Svenska Budo &amp; Kampsportsf\u00f6rbundet","description":"N\u00e4r svenska landslaget \u00e5ker iv\u00e4g till EM och VM under \u00e5ret \u00e4r tanken att Sverige \u00e4ven ska skicka med domare till m\u00e4sterskapen. D\u00e4rf\u00f6r kommer f\u00f6rbundet nu att b\u00f6rja utbilda domarna i FILA:s regelverk.","robots":{"index":"index","follow":"follow","max-snippet":"max-snippet:-1","max-image-preview":"max-image-preview:large","max-video-preview":"max-video-preview:-1"},"canonical":"https:\/\/www.budokampsport.se\/2011\/04\/19\/sw-forbundet-satsar-pa-domare\/","og_locale":"sv_SE","og_type":"article","og_title":"SW-f\u00f6rbundet satsar p\u00e5 domare - Svenska Budo &amp; Kampsportsf\u00f6rbundet","og_description":"N\u00e4r svenska landslaget \u00e5ker iv\u00e4g till EM och VM under \u00e5ret \u00e4r tanken att Sverige \u00e4ven ska skicka med domare till m\u00e4sterskapen. D\u00e4rf\u00f6r kommer f\u00f6rbundet nu att b\u00f6rja utbilda domarna i FILA:s regelverk.","og_url":"https:\/\/www.budokampsport.se\/2011\/04\/19\/sw-forbundet-satsar-pa-domare\/","og_site_name":"Svenska Budo &amp; Kampsportsf\u00f6rbundet","article_author":"https:\/\/www.facebook.com\/jonathan.broberg.7","article_published_time":"2011-04-19T09:46:48+00:00","article_modified_time":"2016-12-06T21:32:59+00:00","author":"Jonathan Broberg","twitter_card":"summary_large_image","twitter_misc":{"Skriven av":"Jonathan Broberg"},"schema":{"@context":"https:\/\/schema.org","@graph":[{"@type":"Article","@id":"https:\/\/www.budokampsport.se\/2011\/04\/19\/sw-forbundet-satsar-pa-domare\/#article","isPartOf":{"@id":"https:\/\/www.budokampsport.se\/2011\/04\/19\/sw-forbundet-satsar-pa-domare\/"},"author":{"name":"Jonathan Broberg","@id":"https:\/\/www.budokampsport.se\/#\/schema\/person\/5c06d81d14850e2a8ce5493386560145"},"headline":"SW-f\u00f6rbundet satsar p\u00e5 domare","datePublished":"2011-04-19T09:46:48+00:00","dateModified":"2016-12-06T21:32:59+00:00","mainEntityOfPage":{"@id":"https:\/\/www.budokampsport.se\/2011\/04\/19\/sw-forbundet-satsar-pa-domare\/"},"wordCount":79,"inLanguage":"sv-SE"},{"@type":"WebPage","@id":"https:\/\/www.budokampsport.se\/2011\/04\/19\/sw-forbundet-satsar-pa-domare\/","url":"https:\/\/www.budokampsport.se\/2011\/04\/19\/sw-forbundet-satsar-pa-domare\/","name":"SW-f\u00f6rbundet satsar p\u00e5 domare - Svenska Budo &amp; Kampsportsf\u00f6rbundet","isPartOf":{"@id":"https:\/\/www.budokampsport.se\/#website"},"datePublished":"2011-04-19T09:46:48+00:00","dateModified":"2016-12-06T21:32:59+00:00","author":{"@id":"https:\/\/www.budokampsport.se\/#\/schema\/person\/5c06d81d14850e2a8ce5493386560145"},"description":"N\u00e4r svenska landslaget \u00e5ker iv\u00e4g till EM och VM under \u00e5ret \u00e4r tanken att Sverige \u00e4ven ska skicka med domare till m\u00e4sterskapen. D\u00e4rf\u00f6r kommer f\u00f6rbundet nu att b\u00f6rja utbilda domarna i FILA:s regelverk.","breadcrumb":{"@id":"https:\/\/www.budokampsport.se\/2011\/04\/19\/sw-forbundet-satsar-pa-domare\/#breadcrumb"},"inLanguage":"sv-SE","potentialAction":[{"@type":"ReadAction","target":["https:\/\/www.budokampsport.se\/2011\/04\/19\/sw-forbundet-satsar-pa-domare\/"]}]},{"@type":"BreadcrumbList","@id":"https:\/\/www.budokampsport.se\/2011\/04\/19\/sw-forbundet-satsar-pa-domare\/#breadcrumb","itemListElement":[{"@type":"ListItem","position":1,"name":"Hem","item":"https:\/\/www.budokampsport.se\/"},{"@type":"ListItem","position":2,"name":"SW-f\u00f6rbundet satsar p\u00e5 domare"}]},{"@type":"WebSite","@id":"https:\/\/www.budokampsport.se\/#website","url":"https:\/\/www.budokampsport.se\/","name":"Svenska Budo &amp; Kampsportsf\u00f6rbundet","description":"T\u00e4vling, Tr\u00e4ning, Tradition","potentialAction":[{"@type":"SearchAction","target":{"@type":"EntryPoint","urlTemplate":"https:\/\/www.budokampsport.se\/?s={search_term_string}"},"query-input":{"@type":"PropertyValueSpecification","valueRequired":true,"valueName":"search_term_string"}}],"inLanguage":"sv-SE"},{"@type":"Person","@id":"https:\/\/www.budokampsport.se\/#\/schema\/person\/5c06d81d14850e2a8ce5493386560145","name":"Jonathan Broberg","image":{"@type":"ImageObject","inLanguage":"sv-SE","@id":"https:\/\/www.budokampsport.se\/#\/schema\/person\/image\/","url":"https:\/\/secure.gravatar.com\/avatar\/a58041c6cea9128bd9c40ee2f26d4136?s=96&d=blank&r=g","contentUrl":"https:\/\/secure.gravatar.com\/avatar\/a58041c6cea9128bd9c40ee2f26d4136?s=96&d=blank&r=g","caption":"Jonathan Broberg"},"sameAs":["https:\/\/www.facebook.com\/jonathan.broberg.7"],"url":"https:\/\/www.budokampsport.se\/author\/jonathan\/"}]}},"_links":{"self":[{"href":"https:\/\/www.budokampsport.se\/api\/wp\/v2\/posts\/3779","targetHints":{"allow":["GET"]}}],"collection":[{"href":"https:\/\/www.budokampsport.se\/api\/wp\/v2\/posts"}],"about":[{"href":"https:\/\/www.budokampsport.se\/api\/wp\/v2\/types\/post"}],"author":[{"embeddable":true,"href":"https:\/\/www.budokampsport.se\/api\/wp\/v2\/users\/7"}],"replies":[{"embeddable":true,"href":"https:\/\/www.budokampsport.se\/api\/wp\/v2\/comments?post=3779"}],"version-history":[{"count":0,"href":"https:\/\/www.budokampsport.se\/api\/wp\/v2\/posts\/3779\/revisions"}],"wp:attachment":[{"href":"https:\/\/www.budokampsport.se\/api\/wp\/v2\/media?parent=3779"}],"wp:term":[{"taxonomy":"category","embeddable":true,"href":"https:\/\/www.budokampsport.se\/api\/wp\/v2\/categories?post=3779"},{"taxonomy":"post_tag","embeddable":true,"href":"https:\/\/www.budokampsport.se\/api\/wp\/v2\/tags?post=3779"}],"curies":[{"name":"wp","href":"https:\/\/api.w.org\/{rel}","templated":true}]}}