{"id":3813,"date":"2011-05-17T11:45:56","date_gmt":"2011-05-17T09:45:56","guid":{"rendered":"http:\/\/budo.wordpress.dev\/2011\/05\/17\/kickboxnings-sm-narmar-sig-med-stormsteg\/"},"modified":"2016-12-06T22:33:07","modified_gmt":"2016-12-06T21:33:07","slug":"kickboxnings-sm-narmar-sig-med-stormsteg","status":"publish","type":"post","link":"https:\/\/www.budokampsport.se\/2011\/05\/17\/kickboxnings-sm-narmar-sig-med-stormsteg\/","title":{"rendered":"Kickboxnings-SM n\u00e4rmar sig med stormsteg"},"content":{"rendered":"<p><P><STRONG><IMG alt=\"\" align=middle src=\"http:\/\/www.budokampsport.se\/sites\/default\/files\/kicksm_0.jpg\" width=435 height=156><BR>Det \u00e4r br\u00e5da dagar i G\u00f6teborg f\u00f6r Bj\u00f6rn Rhodin, en av arrang\u00f6rerna utav SM i kickboxning. Om mindre \u00e4n tv\u00e5 veckor \u00e4r det dags f\u00f6r \u00e5rets SM \u2013 ett m\u00e4sterskap som Rhodin tror blir n\u00e5got alldeles extra.<BR>\u00a0\u00a0 &#8211; Det blir ett mycket intressant m\u00e4sterskap. Det \u00e4r m\u00e5nga som anm\u00e4lt sig och det blir ett v\u00e4ldigt starkt startf\u00e4lt, s\u00e4ger Rhodin till budokampsport.se.<BR><!--break--><BR><\/STRONG>Det \u00e4r tolv dagar kvar till svensk kickboxnings stora h\u00e4ndelse \u2013 SM i G\u00f6teborg. Det inneb\u00e4r f\u00e5 sovtimmar f\u00f6r arrang\u00f6r Bj\u00f6rn Rhodin.<BR><BR><IMG alt=\"\" align=right src=\"http:\/\/www.budokampsport.se\/sites\/default\/files\/bjorn_rhodin.jpg\" width=200 height=301>Trots det \u00e4r Rhodin \u00f6vertygad om att SM i kickboxning 2011 blir n\u00e5got ut\u00f6ver det vanliga.<BR>\u00a0\u00a0 &#8211; Ja, det \u00e4r \u00e5tminstone det vi siktar p\u00e5. Vi har f\u00e5tt en k\u00e4nsla av att m\u00e4nniskor verkligen bryr sig om detta m\u00e4sterskap och vi ska f\u00f6rs\u00f6ka infria alla f\u00f6rv\u00e4ntningar.<BR><BR><STRONG>Nils Widlund m\u00f6ter Daniel Teymur<\/STRONG><BR>Och visst, intresset har varit stort fr\u00e5n de t\u00e4vlande. \u00d6ver 75 fighters har anm\u00e4lt sig.<BR>\u00a0\u00a0 &#8211; Det intressanta \u00e4r att det \u00e4r fler anm\u00e4lda i full kontakt \u00e4n i light kontakten. Det brukar mer eller mindre alltid vara tv\u00e4rtom. Nu har vi 14 viktklasser i full kontakt och bara nio i lightkontakten. Jag tror personligen att det beror p\u00e5 att kickboxningen rider lite p\u00e5 thaiboxningsv\u00e5gen just nu. Det \u00e4r skitkul, tycker jag.<BR><BR>En\u00a0kittlande match som nyligen sl\u00e4pptes \u00e4r den mellan Nils Widlund och Daniel Teymur.<BR>\u00a0\u00a0 &#8211; Det \u00e4r en match god nog \u00e5t en superfight, men den g\u00e5r inom viktklasserna f\u00f6r SM och blir en direktfinal. Det ska verkligen bli sp\u00e4nnande att se den matchen. Det kommer bli full fart.<BR><BR>F\u00f6r den som undrar om biljettsl\u00e4pp till t\u00e4vlingarna sker inget i f\u00f6rk\u00f6p. Alla biljetter s\u00e4ljs i d\u00f6rren p\u00e5 plats.<BR>\u00a0\u00a0 &#8211; Vi har inte budgeterat med biljettint\u00e4kter. Det viktiga f\u00f6r oss \u00e4r att det kommer mycket folk och bidrar till en unik inramning, vilket vi g\u00f6teborgare f\u00f6r \u00f6vrigt brukar vara v\u00e4ldigt bra p\u00e5. Vi har pressat priserna enormt p\u00e5 biljetterna och hoppas att alla g\u00e5r man ur huse f\u00f6r att uppleva detta SM.<BR><BR><STRONG>Bj\u00f6rn, vad \u00e4r din spontana k\u00e4nsla s\u00e5 h\u00e4r knappt tv\u00e5 veckor innan SM?<\/STRONG><BR>\u00a0\u00a0 &#8211; Att, kom igen bara. Nu j\u00e4vlar k\u00f6r vi! Vi har en bra stab i crewet som jobbar med detta. Alla har varit oerh\u00f6rt l\u00e4tta att arbeta med och har verkligen levererat. Vi har ocks\u00e5 en facebooksida d\u00e4r vi postar mycket nyheter och m\u00e5nga som bes\u00f6kt, vilket \u00e4r roligt. Sist men inte minst vill jag lyfta fram Martin Eisengarten som gjort ett otroligt jobb med att f\u00e5 ihop matcherna och logistiken kring det. Han \u00e4r en klippa.<BR><BR>SM i kickboxning h\u00e5lls den 28:e maj i Valhallahallen i G\u00f6teborg. Biljetter s\u00e4ljs direkt i d\u00f6rren p\u00e5 plats. F\u00f6r mer information <A href=\"http:\/\/www.kicksm2011.se\/\">www.kicksm2011.se<\/A>.<BR><BR>Text: Jonathan Broberg<BR>Foto: Terese Rhodin<BR>\u00a0<\/P><\/p>\n","protected":false},"excerpt":{"rendered":"<p><P><STRONG><IMG alt=\"\" align=middle src=\"http:\/\/www.budokampsport.se\/sites\/default\/files\/kicksm_0.jpg\" width=435 height=156><BR>Det \u00e4r br\u00e5da dagar i G\u00f6teborg f\u00f6r Bj\u00f6rn Rhodin, en av arrang\u00f6rerna utav SM i kickboxning. Om mindre \u00e4n tv\u00e5 veckor \u00e4r det dags f\u00f6r \u00e5rets SM \u2013 ett m\u00e4sterskap som Rhodin tror blir n\u00e5got alldeles extra.<BR>\u00a0\u00a0 &#8211; Det blir ett mycket intressant m\u00e4sterskap. Det \u00e4r m\u00e5nga som anm\u00e4lt sig och det blir ett v\u00e4ldigt starkt startf\u00e4lt, s\u00e4ger Rhodin till budokampsport.se.<BR><\/p><br>","protected":false},"author":7,"featured_media":0,"comment_status":"closed","ping_status":"closed","sticky":false,"template":"","format":"standard","meta":{"_acf_changed":false,"footnotes":""},"categories":[1],"tags":[],"class_list":["post-3813","post","type-post","status-publish","format-standard","hentry","category-okategoriserade"],"acf":[],"yoast_head":"<!-- This site is optimized with the Yoast SEO plugin v26.8 - https:\/\/yoast.com\/product\/yoast-seo-wordpress\/ -->\n<title>Kickboxnings-SM n\u00e4rmar sig med stormsteg - Svenska Budo &amp; Kampsportsf\u00f6rbundet<\/title>\n<meta name=\"description\" content=\"Det \u00e4r br\u00e5da dagar i G\u00f6teborg f\u00f6r Bj\u00f6rn Rhodin, en av arrang\u00f6rerna utav SM i kickboxning. Om mindre \u00e4n tv\u00e5 veckor \u00e4r det dags f\u00f6r \u00e5rets SM \u2013 ett m\u00e4sterskap som Rhodin tror blir n\u00e5got alldeles extra.\u00a0\u00a0 - Det blir ett mycket intressant m\u00e4sterskap. Det \u00e4r m\u00e5nga som anm\u00e4lt sig och det blir ett v\u00e4ldigt starkt startf\u00e4lt, s\u00e4ger Rhodin till budokampsport.se.\" \/>\n<meta name=\"robots\" content=\"index, follow, max-snippet:-1, max-image-preview:large, max-video-preview:-1\" \/>\n<link rel=\"canonical\" href=\"https:\/\/www.budokampsport.se\/2011\/05\/17\/kickboxnings-sm-narmar-sig-med-stormsteg\/\" \/>\n<meta property=\"og:locale\" content=\"sv_SE\" \/>\n<meta property=\"og:type\" content=\"article\" \/>\n<meta property=\"og:title\" content=\"Kickboxnings-SM n\u00e4rmar sig med stormsteg - Svenska Budo &amp; Kampsportsf\u00f6rbundet\" \/>\n<meta property=\"og:description\" content=\"Det \u00e4r br\u00e5da dagar i G\u00f6teborg f\u00f6r Bj\u00f6rn Rhodin, en av arrang\u00f6rerna utav SM i kickboxning. Om mindre \u00e4n tv\u00e5 veckor \u00e4r det dags f\u00f6r \u00e5rets SM \u2013 ett m\u00e4sterskap som Rhodin tror blir n\u00e5got alldeles extra.\u00a0\u00a0 - Det blir ett mycket intressant m\u00e4sterskap. Det \u00e4r m\u00e5nga som anm\u00e4lt sig och det blir ett v\u00e4ldigt starkt startf\u00e4lt, s\u00e4ger Rhodin till budokampsport.se.\" \/>\n<meta property=\"og:url\" content=\"https:\/\/www.budokampsport.se\/2011\/05\/17\/kickboxnings-sm-narmar-sig-med-stormsteg\/\" \/>\n<meta property=\"og:site_name\" content=\"Svenska Budo &amp; Kampsportsf\u00f6rbundet\" \/>\n<meta property=\"article:author\" content=\"https:\/\/www.facebook.com\/jonathan.broberg.7\" \/>\n<meta property=\"article:published_time\" content=\"2011-05-17T09:45:56+00:00\" \/>\n<meta property=\"article:modified_time\" content=\"2016-12-06T21:33:07+00:00\" \/>\n<meta name=\"author\" content=\"Jonathan Broberg\" \/>\n<meta name=\"twitter:card\" content=\"summary_large_image\" \/>\n<meta name=\"twitter:label1\" content=\"Skriven av\" \/>\n\t<meta name=\"twitter:data1\" content=\"Jonathan Broberg\" \/>\n\t<meta name=\"twitter:label2\" content=\"Ber\u00e4knad l\u00e4stid\" \/>\n\t<meta name=\"twitter:data2\" content=\"3 minuter\" \/>\n<script type=\"application\/ld+json\" class=\"yoast-schema-graph\">{\"@context\":\"https:\/\/schema.org\",\"@graph\":[{\"@type\":\"Article\",\"@id\":\"https:\/\/www.budokampsport.se\/2011\/05\/17\/kickboxnings-sm-narmar-sig-med-stormsteg\/#article\",\"isPartOf\":{\"@id\":\"https:\/\/www.budokampsport.se\/2011\/05\/17\/kickboxnings-sm-narmar-sig-med-stormsteg\/\"},\"author\":{\"name\":\"Jonathan Broberg\",\"@id\":\"https:\/\/www.budokampsport.se\/#\/schema\/person\/5c06d81d14850e2a8ce5493386560145\"},\"headline\":\"Kickboxnings-SM n\u00e4rmar sig med stormsteg\",\"datePublished\":\"2011-05-17T09:45:56+00:00\",\"dateModified\":\"2016-12-06T21:33:07+00:00\",\"mainEntityOfPage\":{\"@id\":\"https:\/\/www.budokampsport.se\/2011\/05\/17\/kickboxnings-sm-narmar-sig-med-stormsteg\/\"},\"wordCount\":518,\"inLanguage\":\"sv-SE\"},{\"@type\":\"WebPage\",\"@id\":\"https:\/\/www.budokampsport.se\/2011\/05\/17\/kickboxnings-sm-narmar-sig-med-stormsteg\/\",\"url\":\"https:\/\/www.budokampsport.se\/2011\/05\/17\/kickboxnings-sm-narmar-sig-med-stormsteg\/\",\"name\":\"Kickboxnings-SM n\u00e4rmar sig med stormsteg - Svenska Budo &amp; Kampsportsf\u00f6rbundet\",\"isPartOf\":{\"@id\":\"https:\/\/www.budokampsport.se\/#website\"},\"datePublished\":\"2011-05-17T09:45:56+00:00\",\"dateModified\":\"2016-12-06T21:33:07+00:00\",\"author\":{\"@id\":\"https:\/\/www.budokampsport.se\/#\/schema\/person\/5c06d81d14850e2a8ce5493386560145\"},\"description\":\"Det \u00e4r br\u00e5da dagar i G\u00f6teborg f\u00f6r Bj\u00f6rn Rhodin, en av arrang\u00f6rerna utav SM i kickboxning. Om mindre \u00e4n tv\u00e5 veckor \u00e4r det dags f\u00f6r \u00e5rets SM \u2013 ett m\u00e4sterskap som Rhodin tror blir n\u00e5got alldeles extra.\u00a0\u00a0 - Det blir ett mycket intressant m\u00e4sterskap. Det \u00e4r m\u00e5nga som anm\u00e4lt sig och det blir ett v\u00e4ldigt starkt startf\u00e4lt, s\u00e4ger Rhodin till budokampsport.se.\",\"breadcrumb\":{\"@id\":\"https:\/\/www.budokampsport.se\/2011\/05\/17\/kickboxnings-sm-narmar-sig-med-stormsteg\/#breadcrumb\"},\"inLanguage\":\"sv-SE\",\"potentialAction\":[{\"@type\":\"ReadAction\",\"target\":[\"https:\/\/www.budokampsport.se\/2011\/05\/17\/kickboxnings-sm-narmar-sig-med-stormsteg\/\"]}]},{\"@type\":\"BreadcrumbList\",\"@id\":\"https:\/\/www.budokampsport.se\/2011\/05\/17\/kickboxnings-sm-narmar-sig-med-stormsteg\/#breadcrumb\",\"itemListElement\":[{\"@type\":\"ListItem\",\"position\":1,\"name\":\"Hem\",\"item\":\"https:\/\/www.budokampsport.se\/\"},{\"@type\":\"ListItem\",\"position\":2,\"name\":\"Kickboxnings-SM n\u00e4rmar sig med stormsteg\"}]},{\"@type\":\"WebSite\",\"@id\":\"https:\/\/www.budokampsport.se\/#website\",\"url\":\"https:\/\/www.budokampsport.se\/\",\"name\":\"Svenska Budo &amp; Kampsportsf\u00f6rbundet\",\"description\":\"T\u00e4vling, Tr\u00e4ning, Tradition\",\"potentialAction\":[{\"@type\":\"SearchAction\",\"target\":{\"@type\":\"EntryPoint\",\"urlTemplate\":\"https:\/\/www.budokampsport.se\/?s={search_term_string}\"},\"query-input\":{\"@type\":\"PropertyValueSpecification\",\"valueRequired\":true,\"valueName\":\"search_term_string\"}}],\"inLanguage\":\"sv-SE\"},{\"@type\":\"Person\",\"@id\":\"https:\/\/www.budokampsport.se\/#\/schema\/person\/5c06d81d14850e2a8ce5493386560145\",\"name\":\"Jonathan Broberg\",\"image\":{\"@type\":\"ImageObject\",\"inLanguage\":\"sv-SE\",\"@id\":\"https:\/\/www.budokampsport.se\/#\/schema\/person\/image\/\",\"url\":\"https:\/\/secure.gravatar.com\/avatar\/a58041c6cea9128bd9c40ee2f26d4136?s=96&d=blank&r=g\",\"contentUrl\":\"https:\/\/secure.gravatar.com\/avatar\/a58041c6cea9128bd9c40ee2f26d4136?s=96&d=blank&r=g\",\"caption\":\"Jonathan Broberg\"},\"sameAs\":[\"https:\/\/www.facebook.com\/jonathan.broberg.7\"],\"url\":\"https:\/\/www.budokampsport.se\/author\/jonathan\/\"}]}<\/script>\n<!-- \/ Yoast SEO plugin. -->","yoast_head_json":{"title":"Kickboxnings-SM n\u00e4rmar sig med stormsteg - Svenska Budo &amp; Kampsportsf\u00f6rbundet","description":"Det \u00e4r br\u00e5da dagar i G\u00f6teborg f\u00f6r Bj\u00f6rn Rhodin, en av arrang\u00f6rerna utav SM i kickboxning. Om mindre \u00e4n tv\u00e5 veckor \u00e4r det dags f\u00f6r \u00e5rets SM \u2013 ett m\u00e4sterskap som Rhodin tror blir n\u00e5got alldeles extra.\u00a0\u00a0 - Det blir ett mycket intressant m\u00e4sterskap. Det \u00e4r m\u00e5nga som anm\u00e4lt sig och det blir ett v\u00e4ldigt starkt startf\u00e4lt, s\u00e4ger Rhodin till budokampsport.se.","robots":{"index":"index","follow":"follow","max-snippet":"max-snippet:-1","max-image-preview":"max-image-preview:large","max-video-preview":"max-video-preview:-1"},"canonical":"https:\/\/www.budokampsport.se\/2011\/05\/17\/kickboxnings-sm-narmar-sig-med-stormsteg\/","og_locale":"sv_SE","og_type":"article","og_title":"Kickboxnings-SM n\u00e4rmar sig med stormsteg - Svenska Budo &amp; Kampsportsf\u00f6rbundet","og_description":"Det \u00e4r br\u00e5da dagar i G\u00f6teborg f\u00f6r Bj\u00f6rn Rhodin, en av arrang\u00f6rerna utav SM i kickboxning. Om mindre \u00e4n tv\u00e5 veckor \u00e4r det dags f\u00f6r \u00e5rets SM \u2013 ett m\u00e4sterskap som Rhodin tror blir n\u00e5got alldeles extra.\u00a0\u00a0 - Det blir ett mycket intressant m\u00e4sterskap. Det \u00e4r m\u00e5nga som anm\u00e4lt sig och det blir ett v\u00e4ldigt starkt startf\u00e4lt, s\u00e4ger Rhodin till budokampsport.se.","og_url":"https:\/\/www.budokampsport.se\/2011\/05\/17\/kickboxnings-sm-narmar-sig-med-stormsteg\/","og_site_name":"Svenska Budo &amp; Kampsportsf\u00f6rbundet","article_author":"https:\/\/www.facebook.com\/jonathan.broberg.7","article_published_time":"2011-05-17T09:45:56+00:00","article_modified_time":"2016-12-06T21:33:07+00:00","author":"Jonathan Broberg","twitter_card":"summary_large_image","twitter_misc":{"Skriven av":"Jonathan Broberg","Ber\u00e4knad l\u00e4stid":"3 minuter"},"schema":{"@context":"https:\/\/schema.org","@graph":[{"@type":"Article","@id":"https:\/\/www.budokampsport.se\/2011\/05\/17\/kickboxnings-sm-narmar-sig-med-stormsteg\/#article","isPartOf":{"@id":"https:\/\/www.budokampsport.se\/2011\/05\/17\/kickboxnings-sm-narmar-sig-med-stormsteg\/"},"author":{"name":"Jonathan Broberg","@id":"https:\/\/www.budokampsport.se\/#\/schema\/person\/5c06d81d14850e2a8ce5493386560145"},"headline":"Kickboxnings-SM n\u00e4rmar sig med stormsteg","datePublished":"2011-05-17T09:45:56+00:00","dateModified":"2016-12-06T21:33:07+00:00","mainEntityOfPage":{"@id":"https:\/\/www.budokampsport.se\/2011\/05\/17\/kickboxnings-sm-narmar-sig-med-stormsteg\/"},"wordCount":518,"inLanguage":"sv-SE"},{"@type":"WebPage","@id":"https:\/\/www.budokampsport.se\/2011\/05\/17\/kickboxnings-sm-narmar-sig-med-stormsteg\/","url":"https:\/\/www.budokampsport.se\/2011\/05\/17\/kickboxnings-sm-narmar-sig-med-stormsteg\/","name":"Kickboxnings-SM n\u00e4rmar sig med stormsteg - Svenska Budo &amp; Kampsportsf\u00f6rbundet","isPartOf":{"@id":"https:\/\/www.budokampsport.se\/#website"},"datePublished":"2011-05-17T09:45:56+00:00","dateModified":"2016-12-06T21:33:07+00:00","author":{"@id":"https:\/\/www.budokampsport.se\/#\/schema\/person\/5c06d81d14850e2a8ce5493386560145"},"description":"Det \u00e4r br\u00e5da dagar i G\u00f6teborg f\u00f6r Bj\u00f6rn Rhodin, en av arrang\u00f6rerna utav SM i kickboxning. Om mindre \u00e4n tv\u00e5 veckor \u00e4r det dags f\u00f6r \u00e5rets SM \u2013 ett m\u00e4sterskap som Rhodin tror blir n\u00e5got alldeles extra.\u00a0\u00a0 - Det blir ett mycket intressant m\u00e4sterskap. Det \u00e4r m\u00e5nga som anm\u00e4lt sig och det blir ett v\u00e4ldigt starkt startf\u00e4lt, s\u00e4ger Rhodin till budokampsport.se.","breadcrumb":{"@id":"https:\/\/www.budokampsport.se\/2011\/05\/17\/kickboxnings-sm-narmar-sig-med-stormsteg\/#breadcrumb"},"inLanguage":"sv-SE","potentialAction":[{"@type":"ReadAction","target":["https:\/\/www.budokampsport.se\/2011\/05\/17\/kickboxnings-sm-narmar-sig-med-stormsteg\/"]}]},{"@type":"BreadcrumbList","@id":"https:\/\/www.budokampsport.se\/2011\/05\/17\/kickboxnings-sm-narmar-sig-med-stormsteg\/#breadcrumb","itemListElement":[{"@type":"ListItem","position":1,"name":"Hem","item":"https:\/\/www.budokampsport.se\/"},{"@type":"ListItem","position":2,"name":"Kickboxnings-SM n\u00e4rmar sig med stormsteg"}]},{"@type":"WebSite","@id":"https:\/\/www.budokampsport.se\/#website","url":"https:\/\/www.budokampsport.se\/","name":"Svenska Budo &amp; Kampsportsf\u00f6rbundet","description":"T\u00e4vling, Tr\u00e4ning, Tradition","potentialAction":[{"@type":"SearchAction","target":{"@type":"EntryPoint","urlTemplate":"https:\/\/www.budokampsport.se\/?s={search_term_string}"},"query-input":{"@type":"PropertyValueSpecification","valueRequired":true,"valueName":"search_term_string"}}],"inLanguage":"sv-SE"},{"@type":"Person","@id":"https:\/\/www.budokampsport.se\/#\/schema\/person\/5c06d81d14850e2a8ce5493386560145","name":"Jonathan Broberg","image":{"@type":"ImageObject","inLanguage":"sv-SE","@id":"https:\/\/www.budokampsport.se\/#\/schema\/person\/image\/","url":"https:\/\/secure.gravatar.com\/avatar\/a58041c6cea9128bd9c40ee2f26d4136?s=96&d=blank&r=g","contentUrl":"https:\/\/secure.gravatar.com\/avatar\/a58041c6cea9128bd9c40ee2f26d4136?s=96&d=blank&r=g","caption":"Jonathan Broberg"},"sameAs":["https:\/\/www.facebook.com\/jonathan.broberg.7"],"url":"https:\/\/www.budokampsport.se\/author\/jonathan\/"}]}},"_links":{"self":[{"href":"https:\/\/www.budokampsport.se\/api\/wp\/v2\/posts\/3813","targetHints":{"allow":["GET"]}}],"collection":[{"href":"https:\/\/www.budokampsport.se\/api\/wp\/v2\/posts"}],"about":[{"href":"https:\/\/www.budokampsport.se\/api\/wp\/v2\/types\/post"}],"author":[{"embeddable":true,"href":"https:\/\/www.budokampsport.se\/api\/wp\/v2\/users\/7"}],"replies":[{"embeddable":true,"href":"https:\/\/www.budokampsport.se\/api\/wp\/v2\/comments?post=3813"}],"version-history":[{"count":0,"href":"https:\/\/www.budokampsport.se\/api\/wp\/v2\/posts\/3813\/revisions"}],"wp:attachment":[{"href":"https:\/\/www.budokampsport.se\/api\/wp\/v2\/media?parent=3813"}],"wp:term":[{"taxonomy":"category","embeddable":true,"href":"https:\/\/www.budokampsport.se\/api\/wp\/v2\/categories?post=3813"},{"taxonomy":"post_tag","embeddable":true,"href":"https:\/\/www.budokampsport.se\/api\/wp\/v2\/tags?post=3813"}],"curies":[{"name":"wp","href":"https:\/\/api.w.org\/{rel}","templated":true}]}}