{"id":38284,"date":"2017-02-02T12:42:27","date_gmt":"2017-02-02T11:42:27","guid":{"rendered":"http:\/\/www.budokampsport.se\/?p=38284"},"modified":"2017-02-02T12:52:15","modified_gmt":"2017-02-02T11:52:15","slug":"william-seth-wentzel-mot-fredrik-widgren","status":"publish","type":"post","link":"https:\/\/www.budokampsport.se\/2017\/02\/02\/william-seth-wentzel-mot-fredrik-widgren\/","title":{"rendered":"William Seth-Wenzel mot Fredrik Widgren?"},"content":{"rendered":"<p>2011 under VM i Wien tog en d\u00e5 18-\u00e5rig Fredrik Widgren v\u00e4rlden med storm och vann ett VM-silver. Sedan dess har Widgren varit svensk jujutsus st\u00f6rste stj\u00e4rna p\u00e5 herrsidan, och i fjol vann han European Open och ett VM-brons.<\/p>\n<p>Samtidigt har en ny stj\u00e4rna tillkommit. Under VM i Bangkok 2015 vann William Seth-Wenzel, d\u00e5 18 \u00e5r, VM-brons. Det bronset f\u00f6ljde han upp med \u00e4nnu ett brons i VM 2016. Och den unga talangen fr\u00e5n Nacka Dojo IF, klubbkamrat med Fredrik Widgren, har vuxit till en fullfj\u00e4drad storstj\u00e4rna.<br \/>\n&#8211; Jag hade ett bra \u00e5r ifjol och jag k\u00e4nner mig stark inf\u00f6r i \u00e5r. Det kommer att bli en hektisk s\u00e4song med mycket t\u00e4vlingar. Det ska bli kul att t\u00e4vla hemma i Sverige igen och det ska bli roligt att f\u00e5 m\u00f6jlighet att \u00a0kanske m\u00f6ta \u201dFreddan\u201d.<\/p>\n<p><strong>Siktar redan nu p\u00e5 VM 2018 i Malm\u00f6<\/strong><br \/>\nDe b\u00e5da klubbkompisarna, och v\u00e4nnerna i stort, har stabiliserat sig i v\u00e4rldstoppen. Och Seth-Wenzel erk\u00e4nner att det kan bli lite extra prestige om de nu f\u00e5r m\u00f6tas.<br \/>\n&#8211; Allts\u00e5, ja det \u00e4r klart att det kan bli det. Vi \u00e4r v\u00e4ldigt bra v\u00e4nner och vi tr\u00e4nar varje dag tillsammans, men n\u00e4r jag kliver ut p\u00e5 mattan vill jag alltid vinna.<br \/>\n&#8211; Samtidigt ska man inte underskatta de vi m\u00f6ter i semifinal. Konkurrensen \u00e4r bra i Sverige men jag k\u00e4nner att b\u00e5de jag och Freddan tar oss till final om vi g\u00f6r det vi ska.<\/p>\n<p>Under 2017 v\u00e4ntar annars stora landslagsuppdrag f\u00f6r William, men det \u00e4r VM p\u00e5 hemmaplan 2018 som lockar mest n\u00e4r han kikar ut \u00f6ver jujutsuhorisonten.<br \/>\n&#8211; Oh, ja. Det \u00e4r dit jag siktar, det \u00e4r VM i Malm\u00f6 som jag ska vara som allra b\u00e4st och allt jag g\u00f6r just nu \u00e4r f\u00f6r att vara just b\u00e4st d\u00e4r och d\u00e5. Det blir en j\u00e4tteh\u00e4ftig upplevelse.<\/p>\n<p>Men f\u00f6rst \u00e4r det SM i S\u00f6derhamn under SM-veckan som g\u00e4ller.<br \/>\n&#8211; Det \u00e4r s\u00e4songens f\u00f6rsta t\u00e4vling och jag tycker det ska bli j\u00e4tteroligt. Det blir mycket t\u00e4vlande f\u00f6r mig under \u00e5ret, eftersom jag ocks\u00e5 \u00e4r sista\u00e5rsjunior och kommer att t\u00e4vla p\u00e5 juniorm\u00e4sterskapen ocks\u00e5. S\u00e5 det blir kul att smygstarta s\u00e4songen med ett SM.<\/p>\n<p>SM i jujutsu s\u00e4nds p\u00e5 SVTplay p\u00e5 s\u00f6ndag med start 14.00.<\/p>\n<p>Text och foto: Jonathan Broberg<\/p>\n","protected":false},"excerpt":{"rendered":"<p>SM i jujutsu n\u00e4rmar sig. P\u00e5 s\u00f6ndag i S\u00f6derhamn riktas blickarna, framf\u00f6rallt kanske mot herrarnas -85-kilosklass d\u00e4r v\u00e4rldsstj\u00e4rnorna Fredrik Widgren och William Seth-Wenzel kan st\u00e4llas mot varandra i en eventuell final.<br \/><br>&#8211; Det hade varit grymt kul att m\u00f6ta \u201dFreddan\u201d, s\u00e4ger Seth-Wenzel till budokampsport.se.<\/p><br>","protected":false},"author":7,"featured_media":38285,"comment_status":"open","ping_status":"open","sticky":false,"template":"","format":"standard","meta":{"_acf_changed":false,"footnotes":""},"categories":[1],"tags":[],"class_list":["post-38284","post","type-post","status-publish","format-standard","has-post-thumbnail","hentry","category-okategoriserade"],"acf":[],"yoast_head":"<!-- This site is optimized with the Yoast SEO plugin v26.8 - https:\/\/yoast.com\/product\/yoast-seo-wordpress\/ -->\n<title>William Seth-Wenzel mot Fredrik Widgren? - Svenska Budo &amp; Kampsportsf\u00f6rbundet<\/title>\n<meta name=\"description\" content=\"SM i jujutsu n\u00e4rmar sig. P\u00e5 s\u00f6ndag i S\u00f6derhamn riktas blickarna, framf\u00f6rallt kanske mot herrarnas -85-kilosklass d\u00e4r v\u00e4rldsstj\u00e4rnorna Fredrik Widgren och William Seth-Wenzel kan st\u00e4llas mot varandra i en eventuell final. - Det hade varit grymt kul att m\u00f6ta \u201dFreddan\u201d, s\u00e4ger Seth-Wenzel till budokampsport.se.\" \/>\n<meta name=\"robots\" content=\"index, follow, max-snippet:-1, max-image-preview:large, max-video-preview:-1\" \/>\n<link rel=\"canonical\" href=\"https:\/\/www.budokampsport.se\/2017\/02\/02\/william-seth-wentzel-mot-fredrik-widgren\/\" \/>\n<meta property=\"og:locale\" content=\"sv_SE\" \/>\n<meta property=\"og:type\" content=\"article\" \/>\n<meta property=\"og:title\" content=\"William Seth-Wenzel mot Fredrik Widgren? - Svenska Budo &amp; Kampsportsf\u00f6rbundet\" \/>\n<meta property=\"og:description\" content=\"SM i jujutsu n\u00e4rmar sig. P\u00e5 s\u00f6ndag i S\u00f6derhamn riktas blickarna, framf\u00f6rallt kanske mot herrarnas -85-kilosklass d\u00e4r v\u00e4rldsstj\u00e4rnorna Fredrik Widgren och William Seth-Wenzel kan st\u00e4llas mot varandra i en eventuell final. - Det hade varit grymt kul att m\u00f6ta \u201dFreddan\u201d, s\u00e4ger Seth-Wenzel till budokampsport.se.\" \/>\n<meta property=\"og:url\" content=\"https:\/\/www.budokampsport.se\/2017\/02\/02\/william-seth-wentzel-mot-fredrik-widgren\/\" \/>\n<meta property=\"og:site_name\" content=\"Svenska Budo &amp; Kampsportsf\u00f6rbundet\" \/>\n<meta property=\"article:author\" content=\"https:\/\/www.facebook.com\/jonathan.broberg.7\" \/>\n<meta property=\"article:published_time\" content=\"2017-02-02T11:42:27+00:00\" \/>\n<meta property=\"article:modified_time\" content=\"2017-02-02T11:52:15+00:00\" \/>\n<meta property=\"og:image\" content=\"https:\/\/www.budokampsport.se\/wp-content\/uploads\/2017\/02\/william_freddan.jpg\" \/>\n\t<meta property=\"og:image:width\" content=\"850\" \/>\n\t<meta property=\"og:image:height\" content=\"563\" \/>\n\t<meta property=\"og:image:type\" content=\"image\/jpeg\" \/>\n<meta name=\"author\" content=\"Jonathan Broberg\" \/>\n<meta name=\"twitter:card\" content=\"summary_large_image\" \/>\n<meta name=\"twitter:label1\" content=\"Skriven av\" \/>\n\t<meta name=\"twitter:data1\" content=\"Jonathan Broberg\" \/>\n\t<meta name=\"twitter:label2\" content=\"Ber\u00e4knad l\u00e4stid\" \/>\n\t<meta name=\"twitter:data2\" content=\"2 minuter\" \/>\n<script type=\"application\/ld+json\" class=\"yoast-schema-graph\">{\"@context\":\"https:\/\/schema.org\",\"@graph\":[{\"@type\":\"Article\",\"@id\":\"https:\/\/www.budokampsport.se\/2017\/02\/02\/william-seth-wentzel-mot-fredrik-widgren\/#article\",\"isPartOf\":{\"@id\":\"https:\/\/www.budokampsport.se\/2017\/02\/02\/william-seth-wentzel-mot-fredrik-widgren\/\"},\"author\":{\"name\":\"Jonathan Broberg\",\"@id\":\"https:\/\/www.budokampsport.se\/#\/schema\/person\/5c06d81d14850e2a8ce5493386560145\"},\"headline\":\"William Seth-Wenzel mot Fredrik Widgren?\",\"datePublished\":\"2017-02-02T11:42:27+00:00\",\"dateModified\":\"2017-02-02T11:52:15+00:00\",\"mainEntityOfPage\":{\"@id\":\"https:\/\/www.budokampsport.se\/2017\/02\/02\/william-seth-wentzel-mot-fredrik-widgren\/\"},\"wordCount\":422,\"commentCount\":1,\"image\":{\"@id\":\"https:\/\/www.budokampsport.se\/2017\/02\/02\/william-seth-wentzel-mot-fredrik-widgren\/#primaryimage\"},\"thumbnailUrl\":\"https:\/\/www.budokampsport.se\/wp-content\/uploads\/2017\/02\/william_freddan.jpg\",\"inLanguage\":\"sv-SE\",\"potentialAction\":[{\"@type\":\"CommentAction\",\"name\":\"Comment\",\"target\":[\"https:\/\/www.budokampsport.se\/2017\/02\/02\/william-seth-wentzel-mot-fredrik-widgren\/#respond\"]}]},{\"@type\":\"WebPage\",\"@id\":\"https:\/\/www.budokampsport.se\/2017\/02\/02\/william-seth-wentzel-mot-fredrik-widgren\/\",\"url\":\"https:\/\/www.budokampsport.se\/2017\/02\/02\/william-seth-wentzel-mot-fredrik-widgren\/\",\"name\":\"William Seth-Wenzel mot Fredrik Widgren? - Svenska Budo &amp; Kampsportsf\u00f6rbundet\",\"isPartOf\":{\"@id\":\"https:\/\/www.budokampsport.se\/#website\"},\"primaryImageOfPage\":{\"@id\":\"https:\/\/www.budokampsport.se\/2017\/02\/02\/william-seth-wentzel-mot-fredrik-widgren\/#primaryimage\"},\"image\":{\"@id\":\"https:\/\/www.budokampsport.se\/2017\/02\/02\/william-seth-wentzel-mot-fredrik-widgren\/#primaryimage\"},\"thumbnailUrl\":\"https:\/\/www.budokampsport.se\/wp-content\/uploads\/2017\/02\/william_freddan.jpg\",\"datePublished\":\"2017-02-02T11:42:27+00:00\",\"dateModified\":\"2017-02-02T11:52:15+00:00\",\"author\":{\"@id\":\"https:\/\/www.budokampsport.se\/#\/schema\/person\/5c06d81d14850e2a8ce5493386560145\"},\"description\":\"SM i jujutsu n\u00e4rmar sig. P\u00e5 s\u00f6ndag i S\u00f6derhamn riktas blickarna, framf\u00f6rallt kanske mot herrarnas -85-kilosklass d\u00e4r v\u00e4rldsstj\u00e4rnorna Fredrik Widgren och William Seth-Wenzel kan st\u00e4llas mot varandra i en eventuell final. - Det hade varit grymt kul att m\u00f6ta \u201dFreddan\u201d, s\u00e4ger Seth-Wenzel till budokampsport.se.\",\"breadcrumb\":{\"@id\":\"https:\/\/www.budokampsport.se\/2017\/02\/02\/william-seth-wentzel-mot-fredrik-widgren\/#breadcrumb\"},\"inLanguage\":\"sv-SE\",\"potentialAction\":[{\"@type\":\"ReadAction\",\"target\":[\"https:\/\/www.budokampsport.se\/2017\/02\/02\/william-seth-wentzel-mot-fredrik-widgren\/\"]}]},{\"@type\":\"ImageObject\",\"inLanguage\":\"sv-SE\",\"@id\":\"https:\/\/www.budokampsport.se\/2017\/02\/02\/william-seth-wentzel-mot-fredrik-widgren\/#primaryimage\",\"url\":\"https:\/\/www.budokampsport.se\/wp-content\/uploads\/2017\/02\/william_freddan.jpg\",\"contentUrl\":\"https:\/\/www.budokampsport.se\/wp-content\/uploads\/2017\/02\/william_freddan.jpg\",\"width\":850,\"height\":563,\"caption\":\"Foto: Jonathan Broberg\"},{\"@type\":\"BreadcrumbList\",\"@id\":\"https:\/\/www.budokampsport.se\/2017\/02\/02\/william-seth-wentzel-mot-fredrik-widgren\/#breadcrumb\",\"itemListElement\":[{\"@type\":\"ListItem\",\"position\":1,\"name\":\"Hem\",\"item\":\"https:\/\/www.budokampsport.se\/\"},{\"@type\":\"ListItem\",\"position\":2,\"name\":\"William Seth-Wenzel mot Fredrik Widgren?\"}]},{\"@type\":\"WebSite\",\"@id\":\"https:\/\/www.budokampsport.se\/#website\",\"url\":\"https:\/\/www.budokampsport.se\/\",\"name\":\"Svenska Budo &amp; Kampsportsf\u00f6rbundet\",\"description\":\"T\u00e4vling, Tr\u00e4ning, Tradition\",\"potentialAction\":[{\"@type\":\"SearchAction\",\"target\":{\"@type\":\"EntryPoint\",\"urlTemplate\":\"https:\/\/www.budokampsport.se\/?s={search_term_string}\"},\"query-input\":{\"@type\":\"PropertyValueSpecification\",\"valueRequired\":true,\"valueName\":\"search_term_string\"}}],\"inLanguage\":\"sv-SE\"},{\"@type\":\"Person\",\"@id\":\"https:\/\/www.budokampsport.se\/#\/schema\/person\/5c06d81d14850e2a8ce5493386560145\",\"name\":\"Jonathan Broberg\",\"image\":{\"@type\":\"ImageObject\",\"inLanguage\":\"sv-SE\",\"@id\":\"https:\/\/www.budokampsport.se\/#\/schema\/person\/image\/\",\"url\":\"https:\/\/secure.gravatar.com\/avatar\/a58041c6cea9128bd9c40ee2f26d4136?s=96&d=blank&r=g\",\"contentUrl\":\"https:\/\/secure.gravatar.com\/avatar\/a58041c6cea9128bd9c40ee2f26d4136?s=96&d=blank&r=g\",\"caption\":\"Jonathan Broberg\"},\"sameAs\":[\"https:\/\/www.facebook.com\/jonathan.broberg.7\"],\"url\":\"https:\/\/www.budokampsport.se\/author\/jonathan\/\"}]}<\/script>\n<!-- \/ Yoast SEO plugin. -->","yoast_head_json":{"title":"William Seth-Wenzel mot Fredrik Widgren? - Svenska Budo &amp; Kampsportsf\u00f6rbundet","description":"SM i jujutsu n\u00e4rmar sig. P\u00e5 s\u00f6ndag i S\u00f6derhamn riktas blickarna, framf\u00f6rallt kanske mot herrarnas -85-kilosklass d\u00e4r v\u00e4rldsstj\u00e4rnorna Fredrik Widgren och William Seth-Wenzel kan st\u00e4llas mot varandra i en eventuell final. - Det hade varit grymt kul att m\u00f6ta \u201dFreddan\u201d, s\u00e4ger Seth-Wenzel till budokampsport.se.","robots":{"index":"index","follow":"follow","max-snippet":"max-snippet:-1","max-image-preview":"max-image-preview:large","max-video-preview":"max-video-preview:-1"},"canonical":"https:\/\/www.budokampsport.se\/2017\/02\/02\/william-seth-wentzel-mot-fredrik-widgren\/","og_locale":"sv_SE","og_type":"article","og_title":"William Seth-Wenzel mot Fredrik Widgren? - Svenska Budo &amp; Kampsportsf\u00f6rbundet","og_description":"SM i jujutsu n\u00e4rmar sig. P\u00e5 s\u00f6ndag i S\u00f6derhamn riktas blickarna, framf\u00f6rallt kanske mot herrarnas -85-kilosklass d\u00e4r v\u00e4rldsstj\u00e4rnorna Fredrik Widgren och William Seth-Wenzel kan st\u00e4llas mot varandra i en eventuell final. - Det hade varit grymt kul att m\u00f6ta \u201dFreddan\u201d, s\u00e4ger Seth-Wenzel till budokampsport.se.","og_url":"https:\/\/www.budokampsport.se\/2017\/02\/02\/william-seth-wentzel-mot-fredrik-widgren\/","og_site_name":"Svenska Budo &amp; Kampsportsf\u00f6rbundet","article_author":"https:\/\/www.facebook.com\/jonathan.broberg.7","article_published_time":"2017-02-02T11:42:27+00:00","article_modified_time":"2017-02-02T11:52:15+00:00","og_image":[{"width":850,"height":563,"url":"https:\/\/www.budokampsport.se\/wp-content\/uploads\/2017\/02\/william_freddan.jpg","type":"image\/jpeg"}],"author":"Jonathan Broberg","twitter_card":"summary_large_image","twitter_misc":{"Skriven av":"Jonathan Broberg","Ber\u00e4knad l\u00e4stid":"2 minuter"},"schema":{"@context":"https:\/\/schema.org","@graph":[{"@type":"Article","@id":"https:\/\/www.budokampsport.se\/2017\/02\/02\/william-seth-wentzel-mot-fredrik-widgren\/#article","isPartOf":{"@id":"https:\/\/www.budokampsport.se\/2017\/02\/02\/william-seth-wentzel-mot-fredrik-widgren\/"},"author":{"name":"Jonathan Broberg","@id":"https:\/\/www.budokampsport.se\/#\/schema\/person\/5c06d81d14850e2a8ce5493386560145"},"headline":"William Seth-Wenzel mot Fredrik Widgren?","datePublished":"2017-02-02T11:42:27+00:00","dateModified":"2017-02-02T11:52:15+00:00","mainEntityOfPage":{"@id":"https:\/\/www.budokampsport.se\/2017\/02\/02\/william-seth-wentzel-mot-fredrik-widgren\/"},"wordCount":422,"commentCount":1,"image":{"@id":"https:\/\/www.budokampsport.se\/2017\/02\/02\/william-seth-wentzel-mot-fredrik-widgren\/#primaryimage"},"thumbnailUrl":"https:\/\/www.budokampsport.se\/wp-content\/uploads\/2017\/02\/william_freddan.jpg","inLanguage":"sv-SE","potentialAction":[{"@type":"CommentAction","name":"Comment","target":["https:\/\/www.budokampsport.se\/2017\/02\/02\/william-seth-wentzel-mot-fredrik-widgren\/#respond"]}]},{"@type":"WebPage","@id":"https:\/\/www.budokampsport.se\/2017\/02\/02\/william-seth-wentzel-mot-fredrik-widgren\/","url":"https:\/\/www.budokampsport.se\/2017\/02\/02\/william-seth-wentzel-mot-fredrik-widgren\/","name":"William Seth-Wenzel mot Fredrik Widgren? - Svenska Budo &amp; Kampsportsf\u00f6rbundet","isPartOf":{"@id":"https:\/\/www.budokampsport.se\/#website"},"primaryImageOfPage":{"@id":"https:\/\/www.budokampsport.se\/2017\/02\/02\/william-seth-wentzel-mot-fredrik-widgren\/#primaryimage"},"image":{"@id":"https:\/\/www.budokampsport.se\/2017\/02\/02\/william-seth-wentzel-mot-fredrik-widgren\/#primaryimage"},"thumbnailUrl":"https:\/\/www.budokampsport.se\/wp-content\/uploads\/2017\/02\/william_freddan.jpg","datePublished":"2017-02-02T11:42:27+00:00","dateModified":"2017-02-02T11:52:15+00:00","author":{"@id":"https:\/\/www.budokampsport.se\/#\/schema\/person\/5c06d81d14850e2a8ce5493386560145"},"description":"SM i jujutsu n\u00e4rmar sig. P\u00e5 s\u00f6ndag i S\u00f6derhamn riktas blickarna, framf\u00f6rallt kanske mot herrarnas -85-kilosklass d\u00e4r v\u00e4rldsstj\u00e4rnorna Fredrik Widgren och William Seth-Wenzel kan st\u00e4llas mot varandra i en eventuell final. - Det hade varit grymt kul att m\u00f6ta \u201dFreddan\u201d, s\u00e4ger Seth-Wenzel till budokampsport.se.","breadcrumb":{"@id":"https:\/\/www.budokampsport.se\/2017\/02\/02\/william-seth-wentzel-mot-fredrik-widgren\/#breadcrumb"},"inLanguage":"sv-SE","potentialAction":[{"@type":"ReadAction","target":["https:\/\/www.budokampsport.se\/2017\/02\/02\/william-seth-wentzel-mot-fredrik-widgren\/"]}]},{"@type":"ImageObject","inLanguage":"sv-SE","@id":"https:\/\/www.budokampsport.se\/2017\/02\/02\/william-seth-wentzel-mot-fredrik-widgren\/#primaryimage","url":"https:\/\/www.budokampsport.se\/wp-content\/uploads\/2017\/02\/william_freddan.jpg","contentUrl":"https:\/\/www.budokampsport.se\/wp-content\/uploads\/2017\/02\/william_freddan.jpg","width":850,"height":563,"caption":"Foto: Jonathan Broberg"},{"@type":"BreadcrumbList","@id":"https:\/\/www.budokampsport.se\/2017\/02\/02\/william-seth-wentzel-mot-fredrik-widgren\/#breadcrumb","itemListElement":[{"@type":"ListItem","position":1,"name":"Hem","item":"https:\/\/www.budokampsport.se\/"},{"@type":"ListItem","position":2,"name":"William Seth-Wenzel mot Fredrik Widgren?"}]},{"@type":"WebSite","@id":"https:\/\/www.budokampsport.se\/#website","url":"https:\/\/www.budokampsport.se\/","name":"Svenska Budo &amp; Kampsportsf\u00f6rbundet","description":"T\u00e4vling, Tr\u00e4ning, Tradition","potentialAction":[{"@type":"SearchAction","target":{"@type":"EntryPoint","urlTemplate":"https:\/\/www.budokampsport.se\/?s={search_term_string}"},"query-input":{"@type":"PropertyValueSpecification","valueRequired":true,"valueName":"search_term_string"}}],"inLanguage":"sv-SE"},{"@type":"Person","@id":"https:\/\/www.budokampsport.se\/#\/schema\/person\/5c06d81d14850e2a8ce5493386560145","name":"Jonathan Broberg","image":{"@type":"ImageObject","inLanguage":"sv-SE","@id":"https:\/\/www.budokampsport.se\/#\/schema\/person\/image\/","url":"https:\/\/secure.gravatar.com\/avatar\/a58041c6cea9128bd9c40ee2f26d4136?s=96&d=blank&r=g","contentUrl":"https:\/\/secure.gravatar.com\/avatar\/a58041c6cea9128bd9c40ee2f26d4136?s=96&d=blank&r=g","caption":"Jonathan Broberg"},"sameAs":["https:\/\/www.facebook.com\/jonathan.broberg.7"],"url":"https:\/\/www.budokampsport.se\/author\/jonathan\/"}]}},"_links":{"self":[{"href":"https:\/\/www.budokampsport.se\/api\/wp\/v2\/posts\/38284","targetHints":{"allow":["GET"]}}],"collection":[{"href":"https:\/\/www.budokampsport.se\/api\/wp\/v2\/posts"}],"about":[{"href":"https:\/\/www.budokampsport.se\/api\/wp\/v2\/types\/post"}],"author":[{"embeddable":true,"href":"https:\/\/www.budokampsport.se\/api\/wp\/v2\/users\/7"}],"replies":[{"embeddable":true,"href":"https:\/\/www.budokampsport.se\/api\/wp\/v2\/comments?post=38284"}],"version-history":[{"count":0,"href":"https:\/\/www.budokampsport.se\/api\/wp\/v2\/posts\/38284\/revisions"}],"wp:featuredmedia":[{"embeddable":true,"href":"https:\/\/www.budokampsport.se\/api\/wp\/v2\/media\/38285"}],"wp:attachment":[{"href":"https:\/\/www.budokampsport.se\/api\/wp\/v2\/media?parent=38284"}],"wp:term":[{"taxonomy":"category","embeddable":true,"href":"https:\/\/www.budokampsport.se\/api\/wp\/v2\/categories?post=38284"},{"taxonomy":"post_tag","embeddable":true,"href":"https:\/\/www.budokampsport.se\/api\/wp\/v2\/tags?post=38284"}],"curies":[{"name":"wp","href":"https:\/\/api.w.org\/{rel}","templated":true}]}}