{"id":3830,"date":"2011-06-05T11:12:43","date_gmt":"2011-06-05T09:12:43","guid":{"rendered":"http:\/\/budo.wordpress.dev\/2011\/06\/05\/svenskt-vm-silver-i-bjj\/"},"modified":"2016-12-06T22:33:11","modified_gmt":"2016-12-06T21:33:11","slug":"svenskt-vm-silver-i-bjj","status":"publish","type":"post","link":"https:\/\/www.budokampsport.se\/2011\/06\/05\/svenskt-vm-silver-i-bjj\/","title":{"rendered":"Svenskt VM-silver i BJJ"},"content":{"rendered":"<p>\u00a0<\/p>\n<p><strong>Mikael Marffy fr\u00e5n G\u00f6teborg har svarat f\u00f6r en av svensk BJJ:s st\u00f6rsta internationella framg\u00e5ngar hittills, d\u00e5 han i adultklassen p\u00e5 VM i BJJ f\u00f6r bara en liten stund sedan vann VM-silver.<\/strong><br \/><!--break--><br \/>Marffy inledde VM-\u00e4ventyret med att besegra den regerande m\u00e4staren James Puopolo, efter den segern kom tv\u00e5 raka segrar till och finalplatsen var s\u00e4krad.<\/p>\n<p>V\u00e4l d\u00e4r blev det dock f\u00f6rlust i en match d\u00e4r Marffy hamnade i ett axell\u00e5s. Men en av svensk BJJ:s st\u00f6rsta internationella framg\u00e5ngar n\u00e5gonsin \u00e4r ett faktum.<\/p>\n<p>\u00a0<\/p>\n<p>Text: Jonathan Broberg<br \/>\u00a0<\/p>\n","protected":false},"excerpt":{"rendered":"<p>\u00a0<\/p><br><p><strong>Mikael Marffy fr\u00e5n G\u00f6teborg har svarat f\u00f6r en av svensk BJJ:s st\u00f6rsta internationella framg\u00e5ngar hittills, d\u00e5 han i adultklassen p\u00e5 VM i BJJ f\u00f6r bara en liten stund sedan vann VM-silver.<\/strong><\/p><br>","protected":false},"author":7,"featured_media":0,"comment_status":"closed","ping_status":"closed","sticky":false,"template":"","format":"standard","meta":{"_acf_changed":false,"footnotes":""},"categories":[1],"tags":[],"class_list":["post-3830","post","type-post","status-publish","format-standard","hentry","category-okategoriserade"],"acf":[],"yoast_head":"<!-- This site is optimized with the Yoast SEO plugin v26.8 - https:\/\/yoast.com\/product\/yoast-seo-wordpress\/ -->\n<title>Svenskt VM-silver i BJJ - Svenska Budo &amp; Kampsportsf\u00f6rbundet<\/title>\n<meta name=\"description\" content=\"\u00a0Mikael Marffy fr\u00e5n G\u00f6teborg har svarat f\u00f6r en av svensk BJJ:s st\u00f6rsta internationella framg\u00e5ngar hittills, d\u00e5 han i adultklassen p\u00e5 VM i BJJ f\u00f6r bara en liten stund sedan vann VM-silver.\" \/>\n<meta name=\"robots\" content=\"index, follow, max-snippet:-1, max-image-preview:large, max-video-preview:-1\" \/>\n<link rel=\"canonical\" href=\"https:\/\/www.budokampsport.se\/2011\/06\/05\/svenskt-vm-silver-i-bjj\/\" \/>\n<meta property=\"og:locale\" content=\"sv_SE\" \/>\n<meta property=\"og:type\" content=\"article\" \/>\n<meta property=\"og:title\" content=\"Svenskt VM-silver i BJJ - Svenska Budo &amp; Kampsportsf\u00f6rbundet\" \/>\n<meta property=\"og:description\" content=\"\u00a0Mikael Marffy fr\u00e5n G\u00f6teborg har svarat f\u00f6r en av svensk BJJ:s st\u00f6rsta internationella framg\u00e5ngar hittills, d\u00e5 han i adultklassen p\u00e5 VM i BJJ f\u00f6r bara en liten stund sedan vann VM-silver.\" \/>\n<meta property=\"og:url\" content=\"https:\/\/www.budokampsport.se\/2011\/06\/05\/svenskt-vm-silver-i-bjj\/\" \/>\n<meta property=\"og:site_name\" content=\"Svenska Budo &amp; Kampsportsf\u00f6rbundet\" \/>\n<meta property=\"article:author\" content=\"https:\/\/www.facebook.com\/jonathan.broberg.7\" \/>\n<meta property=\"article:published_time\" content=\"2011-06-05T09:12:43+00:00\" \/>\n<meta property=\"article:modified_time\" content=\"2016-12-06T21:33:11+00:00\" \/>\n<meta name=\"author\" content=\"Jonathan Broberg\" \/>\n<meta name=\"twitter:card\" content=\"summary_large_image\" \/>\n<meta name=\"twitter:label1\" content=\"Skriven av\" \/>\n\t<meta name=\"twitter:data1\" content=\"Jonathan Broberg\" \/>\n\t<meta name=\"twitter:label2\" content=\"Ber\u00e4knad l\u00e4stid\" \/>\n\t<meta name=\"twitter:data2\" content=\"1 minut\" \/>\n<script type=\"application\/ld+json\" class=\"yoast-schema-graph\">{\"@context\":\"https:\/\/schema.org\",\"@graph\":[{\"@type\":\"Article\",\"@id\":\"https:\/\/www.budokampsport.se\/2011\/06\/05\/svenskt-vm-silver-i-bjj\/#article\",\"isPartOf\":{\"@id\":\"https:\/\/www.budokampsport.se\/2011\/06\/05\/svenskt-vm-silver-i-bjj\/\"},\"author\":{\"name\":\"Jonathan Broberg\",\"@id\":\"https:\/\/www.budokampsport.se\/#\/schema\/person\/5c06d81d14850e2a8ce5493386560145\"},\"headline\":\"Svenskt VM-silver i BJJ\",\"datePublished\":\"2011-06-05T09:12:43+00:00\",\"dateModified\":\"2016-12-06T21:33:11+00:00\",\"mainEntityOfPage\":{\"@id\":\"https:\/\/www.budokampsport.se\/2011\/06\/05\/svenskt-vm-silver-i-bjj\/\"},\"wordCount\":107,\"inLanguage\":\"sv-SE\"},{\"@type\":\"WebPage\",\"@id\":\"https:\/\/www.budokampsport.se\/2011\/06\/05\/svenskt-vm-silver-i-bjj\/\",\"url\":\"https:\/\/www.budokampsport.se\/2011\/06\/05\/svenskt-vm-silver-i-bjj\/\",\"name\":\"Svenskt VM-silver i BJJ - Svenska Budo &amp; Kampsportsf\u00f6rbundet\",\"isPartOf\":{\"@id\":\"https:\/\/www.budokampsport.se\/#website\"},\"datePublished\":\"2011-06-05T09:12:43+00:00\",\"dateModified\":\"2016-12-06T21:33:11+00:00\",\"author\":{\"@id\":\"https:\/\/www.budokampsport.se\/#\/schema\/person\/5c06d81d14850e2a8ce5493386560145\"},\"description\":\"\u00a0Mikael Marffy fr\u00e5n G\u00f6teborg har svarat f\u00f6r en av svensk BJJ:s st\u00f6rsta internationella framg\u00e5ngar hittills, d\u00e5 han i adultklassen p\u00e5 VM i BJJ f\u00f6r bara en liten stund sedan vann VM-silver.\",\"breadcrumb\":{\"@id\":\"https:\/\/www.budokampsport.se\/2011\/06\/05\/svenskt-vm-silver-i-bjj\/#breadcrumb\"},\"inLanguage\":\"sv-SE\",\"potentialAction\":[{\"@type\":\"ReadAction\",\"target\":[\"https:\/\/www.budokampsport.se\/2011\/06\/05\/svenskt-vm-silver-i-bjj\/\"]}]},{\"@type\":\"BreadcrumbList\",\"@id\":\"https:\/\/www.budokampsport.se\/2011\/06\/05\/svenskt-vm-silver-i-bjj\/#breadcrumb\",\"itemListElement\":[{\"@type\":\"ListItem\",\"position\":1,\"name\":\"Hem\",\"item\":\"https:\/\/www.budokampsport.se\/\"},{\"@type\":\"ListItem\",\"position\":2,\"name\":\"Svenskt VM-silver i BJJ\"}]},{\"@type\":\"WebSite\",\"@id\":\"https:\/\/www.budokampsport.se\/#website\",\"url\":\"https:\/\/www.budokampsport.se\/\",\"name\":\"Svenska Budo &amp; Kampsportsf\u00f6rbundet\",\"description\":\"T\u00e4vling, Tr\u00e4ning, Tradition\",\"potentialAction\":[{\"@type\":\"SearchAction\",\"target\":{\"@type\":\"EntryPoint\",\"urlTemplate\":\"https:\/\/www.budokampsport.se\/?s={search_term_string}\"},\"query-input\":{\"@type\":\"PropertyValueSpecification\",\"valueRequired\":true,\"valueName\":\"search_term_string\"}}],\"inLanguage\":\"sv-SE\"},{\"@type\":\"Person\",\"@id\":\"https:\/\/www.budokampsport.se\/#\/schema\/person\/5c06d81d14850e2a8ce5493386560145\",\"name\":\"Jonathan Broberg\",\"image\":{\"@type\":\"ImageObject\",\"inLanguage\":\"sv-SE\",\"@id\":\"https:\/\/www.budokampsport.se\/#\/schema\/person\/image\/\",\"url\":\"https:\/\/secure.gravatar.com\/avatar\/a58041c6cea9128bd9c40ee2f26d4136?s=96&d=blank&r=g\",\"contentUrl\":\"https:\/\/secure.gravatar.com\/avatar\/a58041c6cea9128bd9c40ee2f26d4136?s=96&d=blank&r=g\",\"caption\":\"Jonathan Broberg\"},\"sameAs\":[\"https:\/\/www.facebook.com\/jonathan.broberg.7\"],\"url\":\"https:\/\/www.budokampsport.se\/author\/jonathan\/\"}]}<\/script>\n<!-- \/ Yoast SEO plugin. -->","yoast_head_json":{"title":"Svenskt VM-silver i BJJ - Svenska Budo &amp; Kampsportsf\u00f6rbundet","description":"\u00a0Mikael Marffy fr\u00e5n G\u00f6teborg har svarat f\u00f6r en av svensk BJJ:s st\u00f6rsta internationella framg\u00e5ngar hittills, d\u00e5 han i adultklassen p\u00e5 VM i BJJ f\u00f6r bara en liten stund sedan vann VM-silver.","robots":{"index":"index","follow":"follow","max-snippet":"max-snippet:-1","max-image-preview":"max-image-preview:large","max-video-preview":"max-video-preview:-1"},"canonical":"https:\/\/www.budokampsport.se\/2011\/06\/05\/svenskt-vm-silver-i-bjj\/","og_locale":"sv_SE","og_type":"article","og_title":"Svenskt VM-silver i BJJ - Svenska Budo &amp; Kampsportsf\u00f6rbundet","og_description":"\u00a0Mikael Marffy fr\u00e5n G\u00f6teborg har svarat f\u00f6r en av svensk BJJ:s st\u00f6rsta internationella framg\u00e5ngar hittills, d\u00e5 han i adultklassen p\u00e5 VM i BJJ f\u00f6r bara en liten stund sedan vann VM-silver.","og_url":"https:\/\/www.budokampsport.se\/2011\/06\/05\/svenskt-vm-silver-i-bjj\/","og_site_name":"Svenska Budo &amp; Kampsportsf\u00f6rbundet","article_author":"https:\/\/www.facebook.com\/jonathan.broberg.7","article_published_time":"2011-06-05T09:12:43+00:00","article_modified_time":"2016-12-06T21:33:11+00:00","author":"Jonathan Broberg","twitter_card":"summary_large_image","twitter_misc":{"Skriven av":"Jonathan Broberg","Ber\u00e4knad l\u00e4stid":"1 minut"},"schema":{"@context":"https:\/\/schema.org","@graph":[{"@type":"Article","@id":"https:\/\/www.budokampsport.se\/2011\/06\/05\/svenskt-vm-silver-i-bjj\/#article","isPartOf":{"@id":"https:\/\/www.budokampsport.se\/2011\/06\/05\/svenskt-vm-silver-i-bjj\/"},"author":{"name":"Jonathan Broberg","@id":"https:\/\/www.budokampsport.se\/#\/schema\/person\/5c06d81d14850e2a8ce5493386560145"},"headline":"Svenskt VM-silver i BJJ","datePublished":"2011-06-05T09:12:43+00:00","dateModified":"2016-12-06T21:33:11+00:00","mainEntityOfPage":{"@id":"https:\/\/www.budokampsport.se\/2011\/06\/05\/svenskt-vm-silver-i-bjj\/"},"wordCount":107,"inLanguage":"sv-SE"},{"@type":"WebPage","@id":"https:\/\/www.budokampsport.se\/2011\/06\/05\/svenskt-vm-silver-i-bjj\/","url":"https:\/\/www.budokampsport.se\/2011\/06\/05\/svenskt-vm-silver-i-bjj\/","name":"Svenskt VM-silver i BJJ - Svenska Budo &amp; Kampsportsf\u00f6rbundet","isPartOf":{"@id":"https:\/\/www.budokampsport.se\/#website"},"datePublished":"2011-06-05T09:12:43+00:00","dateModified":"2016-12-06T21:33:11+00:00","author":{"@id":"https:\/\/www.budokampsport.se\/#\/schema\/person\/5c06d81d14850e2a8ce5493386560145"},"description":"\u00a0Mikael Marffy fr\u00e5n G\u00f6teborg har svarat f\u00f6r en av svensk BJJ:s st\u00f6rsta internationella framg\u00e5ngar hittills, d\u00e5 han i adultklassen p\u00e5 VM i BJJ f\u00f6r bara en liten stund sedan vann VM-silver.","breadcrumb":{"@id":"https:\/\/www.budokampsport.se\/2011\/06\/05\/svenskt-vm-silver-i-bjj\/#breadcrumb"},"inLanguage":"sv-SE","potentialAction":[{"@type":"ReadAction","target":["https:\/\/www.budokampsport.se\/2011\/06\/05\/svenskt-vm-silver-i-bjj\/"]}]},{"@type":"BreadcrumbList","@id":"https:\/\/www.budokampsport.se\/2011\/06\/05\/svenskt-vm-silver-i-bjj\/#breadcrumb","itemListElement":[{"@type":"ListItem","position":1,"name":"Hem","item":"https:\/\/www.budokampsport.se\/"},{"@type":"ListItem","position":2,"name":"Svenskt VM-silver i BJJ"}]},{"@type":"WebSite","@id":"https:\/\/www.budokampsport.se\/#website","url":"https:\/\/www.budokampsport.se\/","name":"Svenska Budo &amp; Kampsportsf\u00f6rbundet","description":"T\u00e4vling, Tr\u00e4ning, Tradition","potentialAction":[{"@type":"SearchAction","target":{"@type":"EntryPoint","urlTemplate":"https:\/\/www.budokampsport.se\/?s={search_term_string}"},"query-input":{"@type":"PropertyValueSpecification","valueRequired":true,"valueName":"search_term_string"}}],"inLanguage":"sv-SE"},{"@type":"Person","@id":"https:\/\/www.budokampsport.se\/#\/schema\/person\/5c06d81d14850e2a8ce5493386560145","name":"Jonathan Broberg","image":{"@type":"ImageObject","inLanguage":"sv-SE","@id":"https:\/\/www.budokampsport.se\/#\/schema\/person\/image\/","url":"https:\/\/secure.gravatar.com\/avatar\/a58041c6cea9128bd9c40ee2f26d4136?s=96&d=blank&r=g","contentUrl":"https:\/\/secure.gravatar.com\/avatar\/a58041c6cea9128bd9c40ee2f26d4136?s=96&d=blank&r=g","caption":"Jonathan Broberg"},"sameAs":["https:\/\/www.facebook.com\/jonathan.broberg.7"],"url":"https:\/\/www.budokampsport.se\/author\/jonathan\/"}]}},"_links":{"self":[{"href":"https:\/\/www.budokampsport.se\/api\/wp\/v2\/posts\/3830","targetHints":{"allow":["GET"]}}],"collection":[{"href":"https:\/\/www.budokampsport.se\/api\/wp\/v2\/posts"}],"about":[{"href":"https:\/\/www.budokampsport.se\/api\/wp\/v2\/types\/post"}],"author":[{"embeddable":true,"href":"https:\/\/www.budokampsport.se\/api\/wp\/v2\/users\/7"}],"replies":[{"embeddable":true,"href":"https:\/\/www.budokampsport.se\/api\/wp\/v2\/comments?post=3830"}],"version-history":[{"count":0,"href":"https:\/\/www.budokampsport.se\/api\/wp\/v2\/posts\/3830\/revisions"}],"wp:attachment":[{"href":"https:\/\/www.budokampsport.se\/api\/wp\/v2\/media?parent=3830"}],"wp:term":[{"taxonomy":"category","embeddable":true,"href":"https:\/\/www.budokampsport.se\/api\/wp\/v2\/categories?post=3830"},{"taxonomy":"post_tag","embeddable":true,"href":"https:\/\/www.budokampsport.se\/api\/wp\/v2\/tags?post=3830"}],"curies":[{"name":"wp","href":"https:\/\/api.w.org\/{rel}","templated":true}]}}