{"id":38315,"date":"2017-02-03T10:51:23","date_gmt":"2017-02-03T09:51:23","guid":{"rendered":"http:\/\/www.budokampsport.se\/?p=38315"},"modified":"2017-02-03T10:51:23","modified_gmt":"2017-02-03T09:51:23","slug":"sm-kickboxning-till-mellerud","status":"publish","type":"post","link":"https:\/\/www.budokampsport.se\/2017\/02\/03\/sm-kickboxning-till-mellerud\/","title":{"rendered":"SM i kickboxning till Mellerud"},"content":{"rendered":"<p>Den arrangerande klubben blir Fox Fight Club.<br \/>\n&#8211; Det \u00e4r ett sp\u00e4nnande och f\u00f6r m\u00e5nga \u00e4ven ov\u00e4ntat val eftersom den arrangerande klubben \u00e4r s\u00e5 pass liten men vi har tagit del av deras planer f\u00f6r arrangemanget och \u00e4r \u00f6vertygade om att det kommer att bli riktigt bra.<\/p>\n<p>Enligt Ankargren finns det m\u00e5nga f\u00f6rdelar med att f\u00f6rl\u00e4gga SM just i Mellerud.<br \/>\n&#8211; Det finns m\u00e5nga f\u00f6rdelar med att l\u00e4gga arrangemanget p\u00e5 en mindre ort j\u00e4mf\u00f6rt med en st\u00f6rre stad. Vi anser att m\u00f6jligheterna att skapa uppm\u00e4rksamhet kring m\u00e4sterskapet \u00e4r b\u00e4ttre och dessutom har vi nu chansen att bjuda en helt ny publik p\u00e5 en riktigt sp\u00e4nnande kampsportsupplevelse.<\/p>\n<p>Nytt f\u00f6r i \u00e5r \u00e4r att man m\u00e5ste vinna SM f\u00f6r att bli uttagen till landslaget, men att vinna SM inneb\u00e4r inte per automatik en landslagsplats.<\/p>\n<p>Text och foto: Jonathan Broberg<\/p>\n","protected":false},"excerpt":{"rendered":"<p>Nu \u00e4r det klart att SM i kickboxning kommer att arrangeras i Mellerud i R\u00e5dahallen den 20:e maj.<br \/><br>&#8211; Vi \u00e4r \u00f6vertygade om att det kommer bli riktigt bra, s\u00e4ger Svenska Kickboxningsf\u00f6rbundets ordf\u00f6rande Emma Ankargren till budokampsport.se.<\/p><br>","protected":false},"author":7,"featured_media":38318,"comment_status":"open","ping_status":"open","sticky":false,"template":"","format":"standard","meta":{"_acf_changed":false,"footnotes":""},"categories":[1],"tags":[],"class_list":["post-38315","post","type-post","status-publish","format-standard","has-post-thumbnail","hentry","category-okategoriserade"],"acf":[],"yoast_head":"<!-- This site is optimized with the Yoast SEO plugin v26.8 - https:\/\/yoast.com\/product\/yoast-seo-wordpress\/ -->\n<title>SM i kickboxning till Mellerud - Svenska Budo &amp; Kampsportsf\u00f6rbundet<\/title>\n<meta name=\"description\" content=\"Nu \u00e4r det klart att SM i kickboxning kommer att arrangeras i Mellerud i R\u00e5dahallen den 20:e maj.  - Vi \u00e4r \u00f6vertygade om att det kommer bli riktigt bra, s\u00e4ger Svenska Kickboxningsf\u00f6rbundets ordf\u00f6rande Emma Ankargren till budokampsport.se.\" \/>\n<meta name=\"robots\" content=\"index, follow, max-snippet:-1, max-image-preview:large, max-video-preview:-1\" \/>\n<link rel=\"canonical\" href=\"https:\/\/www.budokampsport.se\/2017\/02\/03\/sm-kickboxning-till-mellerud\/\" \/>\n<meta property=\"og:locale\" content=\"sv_SE\" \/>\n<meta property=\"og:type\" content=\"article\" \/>\n<meta property=\"og:title\" content=\"SM i kickboxning till Mellerud - Svenska Budo &amp; Kampsportsf\u00f6rbundet\" \/>\n<meta property=\"og:description\" content=\"Nu \u00e4r det klart att SM i kickboxning kommer att arrangeras i Mellerud i R\u00e5dahallen den 20:e maj.  - Vi \u00e4r \u00f6vertygade om att det kommer bli riktigt bra, s\u00e4ger Svenska Kickboxningsf\u00f6rbundets ordf\u00f6rande Emma Ankargren till budokampsport.se.\" \/>\n<meta property=\"og:url\" content=\"https:\/\/www.budokampsport.se\/2017\/02\/03\/sm-kickboxning-till-mellerud\/\" \/>\n<meta property=\"og:site_name\" content=\"Svenska Budo &amp; Kampsportsf\u00f6rbundet\" \/>\n<meta property=\"article:author\" content=\"https:\/\/www.facebook.com\/jonathan.broberg.7\" \/>\n<meta property=\"article:published_time\" content=\"2017-02-03T09:51:23+00:00\" \/>\n<meta property=\"og:image\" content=\"https:\/\/www.budokampsport.se\/wp-content\/uploads\/2017\/02\/kickboxning.jpg\" \/>\n\t<meta property=\"og:image:width\" content=\"850\" \/>\n\t<meta property=\"og:image:height\" content=\"425\" \/>\n\t<meta property=\"og:image:type\" content=\"image\/jpeg\" \/>\n<meta name=\"author\" content=\"Jonathan Broberg\" \/>\n<meta name=\"twitter:card\" content=\"summary_large_image\" \/>\n<meta name=\"twitter:label1\" content=\"Skriven av\" \/>\n\t<meta name=\"twitter:data1\" content=\"Jonathan Broberg\" \/>\n\t<meta name=\"twitter:label2\" content=\"Ber\u00e4knad l\u00e4stid\" \/>\n\t<meta name=\"twitter:data2\" content=\"1 minut\" \/>\n<script type=\"application\/ld+json\" class=\"yoast-schema-graph\">{\"@context\":\"https:\/\/schema.org\",\"@graph\":[{\"@type\":\"Article\",\"@id\":\"https:\/\/www.budokampsport.se\/2017\/02\/03\/sm-kickboxning-till-mellerud\/#article\",\"isPartOf\":{\"@id\":\"https:\/\/www.budokampsport.se\/2017\/02\/03\/sm-kickboxning-till-mellerud\/\"},\"author\":{\"name\":\"Jonathan Broberg\",\"@id\":\"https:\/\/www.budokampsport.se\/#\/schema\/person\/5c06d81d14850e2a8ce5493386560145\"},\"headline\":\"SM i kickboxning till Mellerud\",\"datePublished\":\"2017-02-03T09:51:23+00:00\",\"mainEntityOfPage\":{\"@id\":\"https:\/\/www.budokampsport.se\/2017\/02\/03\/sm-kickboxning-till-mellerud\/\"},\"wordCount\":166,\"commentCount\":0,\"image\":{\"@id\":\"https:\/\/www.budokampsport.se\/2017\/02\/03\/sm-kickboxning-till-mellerud\/#primaryimage\"},\"thumbnailUrl\":\"https:\/\/www.budokampsport.se\/wp-content\/uploads\/2017\/02\/kickboxning.jpg\",\"inLanguage\":\"sv-SE\",\"potentialAction\":[{\"@type\":\"CommentAction\",\"name\":\"Comment\",\"target\":[\"https:\/\/www.budokampsport.se\/2017\/02\/03\/sm-kickboxning-till-mellerud\/#respond\"]}]},{\"@type\":\"WebPage\",\"@id\":\"https:\/\/www.budokampsport.se\/2017\/02\/03\/sm-kickboxning-till-mellerud\/\",\"url\":\"https:\/\/www.budokampsport.se\/2017\/02\/03\/sm-kickboxning-till-mellerud\/\",\"name\":\"SM i kickboxning till Mellerud - Svenska Budo &amp; Kampsportsf\u00f6rbundet\",\"isPartOf\":{\"@id\":\"https:\/\/www.budokampsport.se\/#website\"},\"primaryImageOfPage\":{\"@id\":\"https:\/\/www.budokampsport.se\/2017\/02\/03\/sm-kickboxning-till-mellerud\/#primaryimage\"},\"image\":{\"@id\":\"https:\/\/www.budokampsport.se\/2017\/02\/03\/sm-kickboxning-till-mellerud\/#primaryimage\"},\"thumbnailUrl\":\"https:\/\/www.budokampsport.se\/wp-content\/uploads\/2017\/02\/kickboxning.jpg\",\"datePublished\":\"2017-02-03T09:51:23+00:00\",\"author\":{\"@id\":\"https:\/\/www.budokampsport.se\/#\/schema\/person\/5c06d81d14850e2a8ce5493386560145\"},\"description\":\"Nu \u00e4r det klart att SM i kickboxning kommer att arrangeras i Mellerud i R\u00e5dahallen den 20:e maj. - Vi \u00e4r \u00f6vertygade om att det kommer bli riktigt bra, s\u00e4ger Svenska Kickboxningsf\u00f6rbundets ordf\u00f6rande Emma Ankargren till budokampsport.se.\",\"breadcrumb\":{\"@id\":\"https:\/\/www.budokampsport.se\/2017\/02\/03\/sm-kickboxning-till-mellerud\/#breadcrumb\"},\"inLanguage\":\"sv-SE\",\"potentialAction\":[{\"@type\":\"ReadAction\",\"target\":[\"https:\/\/www.budokampsport.se\/2017\/02\/03\/sm-kickboxning-till-mellerud\/\"]}]},{\"@type\":\"ImageObject\",\"inLanguage\":\"sv-SE\",\"@id\":\"https:\/\/www.budokampsport.se\/2017\/02\/03\/sm-kickboxning-till-mellerud\/#primaryimage\",\"url\":\"https:\/\/www.budokampsport.se\/wp-content\/uploads\/2017\/02\/kickboxning.jpg\",\"contentUrl\":\"https:\/\/www.budokampsport.se\/wp-content\/uploads\/2017\/02\/kickboxning.jpg\",\"width\":850,\"height\":425,\"caption\":\"Foto: Jonathan Broberg\"},{\"@type\":\"BreadcrumbList\",\"@id\":\"https:\/\/www.budokampsport.se\/2017\/02\/03\/sm-kickboxning-till-mellerud\/#breadcrumb\",\"itemListElement\":[{\"@type\":\"ListItem\",\"position\":1,\"name\":\"Hem\",\"item\":\"https:\/\/www.budokampsport.se\/\"},{\"@type\":\"ListItem\",\"position\":2,\"name\":\"SM i kickboxning till Mellerud\"}]},{\"@type\":\"WebSite\",\"@id\":\"https:\/\/www.budokampsport.se\/#website\",\"url\":\"https:\/\/www.budokampsport.se\/\",\"name\":\"Svenska Budo &amp; Kampsportsf\u00f6rbundet\",\"description\":\"T\u00e4vling, Tr\u00e4ning, Tradition\",\"potentialAction\":[{\"@type\":\"SearchAction\",\"target\":{\"@type\":\"EntryPoint\",\"urlTemplate\":\"https:\/\/www.budokampsport.se\/?s={search_term_string}\"},\"query-input\":{\"@type\":\"PropertyValueSpecification\",\"valueRequired\":true,\"valueName\":\"search_term_string\"}}],\"inLanguage\":\"sv-SE\"},{\"@type\":\"Person\",\"@id\":\"https:\/\/www.budokampsport.se\/#\/schema\/person\/5c06d81d14850e2a8ce5493386560145\",\"name\":\"Jonathan Broberg\",\"image\":{\"@type\":\"ImageObject\",\"inLanguage\":\"sv-SE\",\"@id\":\"https:\/\/www.budokampsport.se\/#\/schema\/person\/image\/\",\"url\":\"https:\/\/secure.gravatar.com\/avatar\/a58041c6cea9128bd9c40ee2f26d4136?s=96&d=blank&r=g\",\"contentUrl\":\"https:\/\/secure.gravatar.com\/avatar\/a58041c6cea9128bd9c40ee2f26d4136?s=96&d=blank&r=g\",\"caption\":\"Jonathan Broberg\"},\"sameAs\":[\"https:\/\/www.facebook.com\/jonathan.broberg.7\"],\"url\":\"https:\/\/www.budokampsport.se\/author\/jonathan\/\"}]}<\/script>\n<!-- \/ Yoast SEO plugin. -->","yoast_head_json":{"title":"SM i kickboxning till Mellerud - Svenska Budo &amp; Kampsportsf\u00f6rbundet","description":"Nu \u00e4r det klart att SM i kickboxning kommer att arrangeras i Mellerud i R\u00e5dahallen den 20:e maj.  - Vi \u00e4r \u00f6vertygade om att det kommer bli riktigt bra, s\u00e4ger Svenska Kickboxningsf\u00f6rbundets ordf\u00f6rande Emma Ankargren till budokampsport.se.","robots":{"index":"index","follow":"follow","max-snippet":"max-snippet:-1","max-image-preview":"max-image-preview:large","max-video-preview":"max-video-preview:-1"},"canonical":"https:\/\/www.budokampsport.se\/2017\/02\/03\/sm-kickboxning-till-mellerud\/","og_locale":"sv_SE","og_type":"article","og_title":"SM i kickboxning till Mellerud - Svenska Budo &amp; Kampsportsf\u00f6rbundet","og_description":"Nu \u00e4r det klart att SM i kickboxning kommer att arrangeras i Mellerud i R\u00e5dahallen den 20:e maj.  - Vi \u00e4r \u00f6vertygade om att det kommer bli riktigt bra, s\u00e4ger Svenska Kickboxningsf\u00f6rbundets ordf\u00f6rande Emma Ankargren till budokampsport.se.","og_url":"https:\/\/www.budokampsport.se\/2017\/02\/03\/sm-kickboxning-till-mellerud\/","og_site_name":"Svenska Budo &amp; Kampsportsf\u00f6rbundet","article_author":"https:\/\/www.facebook.com\/jonathan.broberg.7","article_published_time":"2017-02-03T09:51:23+00:00","og_image":[{"width":850,"height":425,"url":"https:\/\/www.budokampsport.se\/wp-content\/uploads\/2017\/02\/kickboxning.jpg","type":"image\/jpeg"}],"author":"Jonathan Broberg","twitter_card":"summary_large_image","twitter_misc":{"Skriven av":"Jonathan Broberg","Ber\u00e4knad l\u00e4stid":"1 minut"},"schema":{"@context":"https:\/\/schema.org","@graph":[{"@type":"Article","@id":"https:\/\/www.budokampsport.se\/2017\/02\/03\/sm-kickboxning-till-mellerud\/#article","isPartOf":{"@id":"https:\/\/www.budokampsport.se\/2017\/02\/03\/sm-kickboxning-till-mellerud\/"},"author":{"name":"Jonathan Broberg","@id":"https:\/\/www.budokampsport.se\/#\/schema\/person\/5c06d81d14850e2a8ce5493386560145"},"headline":"SM i kickboxning till Mellerud","datePublished":"2017-02-03T09:51:23+00:00","mainEntityOfPage":{"@id":"https:\/\/www.budokampsport.se\/2017\/02\/03\/sm-kickboxning-till-mellerud\/"},"wordCount":166,"commentCount":0,"image":{"@id":"https:\/\/www.budokampsport.se\/2017\/02\/03\/sm-kickboxning-till-mellerud\/#primaryimage"},"thumbnailUrl":"https:\/\/www.budokampsport.se\/wp-content\/uploads\/2017\/02\/kickboxning.jpg","inLanguage":"sv-SE","potentialAction":[{"@type":"CommentAction","name":"Comment","target":["https:\/\/www.budokampsport.se\/2017\/02\/03\/sm-kickboxning-till-mellerud\/#respond"]}]},{"@type":"WebPage","@id":"https:\/\/www.budokampsport.se\/2017\/02\/03\/sm-kickboxning-till-mellerud\/","url":"https:\/\/www.budokampsport.se\/2017\/02\/03\/sm-kickboxning-till-mellerud\/","name":"SM i kickboxning till Mellerud - Svenska Budo &amp; Kampsportsf\u00f6rbundet","isPartOf":{"@id":"https:\/\/www.budokampsport.se\/#website"},"primaryImageOfPage":{"@id":"https:\/\/www.budokampsport.se\/2017\/02\/03\/sm-kickboxning-till-mellerud\/#primaryimage"},"image":{"@id":"https:\/\/www.budokampsport.se\/2017\/02\/03\/sm-kickboxning-till-mellerud\/#primaryimage"},"thumbnailUrl":"https:\/\/www.budokampsport.se\/wp-content\/uploads\/2017\/02\/kickboxning.jpg","datePublished":"2017-02-03T09:51:23+00:00","author":{"@id":"https:\/\/www.budokampsport.se\/#\/schema\/person\/5c06d81d14850e2a8ce5493386560145"},"description":"Nu \u00e4r det klart att SM i kickboxning kommer att arrangeras i Mellerud i R\u00e5dahallen den 20:e maj. - Vi \u00e4r \u00f6vertygade om att det kommer bli riktigt bra, s\u00e4ger Svenska Kickboxningsf\u00f6rbundets ordf\u00f6rande Emma Ankargren till budokampsport.se.","breadcrumb":{"@id":"https:\/\/www.budokampsport.se\/2017\/02\/03\/sm-kickboxning-till-mellerud\/#breadcrumb"},"inLanguage":"sv-SE","potentialAction":[{"@type":"ReadAction","target":["https:\/\/www.budokampsport.se\/2017\/02\/03\/sm-kickboxning-till-mellerud\/"]}]},{"@type":"ImageObject","inLanguage":"sv-SE","@id":"https:\/\/www.budokampsport.se\/2017\/02\/03\/sm-kickboxning-till-mellerud\/#primaryimage","url":"https:\/\/www.budokampsport.se\/wp-content\/uploads\/2017\/02\/kickboxning.jpg","contentUrl":"https:\/\/www.budokampsport.se\/wp-content\/uploads\/2017\/02\/kickboxning.jpg","width":850,"height":425,"caption":"Foto: Jonathan Broberg"},{"@type":"BreadcrumbList","@id":"https:\/\/www.budokampsport.se\/2017\/02\/03\/sm-kickboxning-till-mellerud\/#breadcrumb","itemListElement":[{"@type":"ListItem","position":1,"name":"Hem","item":"https:\/\/www.budokampsport.se\/"},{"@type":"ListItem","position":2,"name":"SM i kickboxning till Mellerud"}]},{"@type":"WebSite","@id":"https:\/\/www.budokampsport.se\/#website","url":"https:\/\/www.budokampsport.se\/","name":"Svenska Budo &amp; Kampsportsf\u00f6rbundet","description":"T\u00e4vling, Tr\u00e4ning, Tradition","potentialAction":[{"@type":"SearchAction","target":{"@type":"EntryPoint","urlTemplate":"https:\/\/www.budokampsport.se\/?s={search_term_string}"},"query-input":{"@type":"PropertyValueSpecification","valueRequired":true,"valueName":"search_term_string"}}],"inLanguage":"sv-SE"},{"@type":"Person","@id":"https:\/\/www.budokampsport.se\/#\/schema\/person\/5c06d81d14850e2a8ce5493386560145","name":"Jonathan Broberg","image":{"@type":"ImageObject","inLanguage":"sv-SE","@id":"https:\/\/www.budokampsport.se\/#\/schema\/person\/image\/","url":"https:\/\/secure.gravatar.com\/avatar\/a58041c6cea9128bd9c40ee2f26d4136?s=96&d=blank&r=g","contentUrl":"https:\/\/secure.gravatar.com\/avatar\/a58041c6cea9128bd9c40ee2f26d4136?s=96&d=blank&r=g","caption":"Jonathan Broberg"},"sameAs":["https:\/\/www.facebook.com\/jonathan.broberg.7"],"url":"https:\/\/www.budokampsport.se\/author\/jonathan\/"}]}},"_links":{"self":[{"href":"https:\/\/www.budokampsport.se\/api\/wp\/v2\/posts\/38315","targetHints":{"allow":["GET"]}}],"collection":[{"href":"https:\/\/www.budokampsport.se\/api\/wp\/v2\/posts"}],"about":[{"href":"https:\/\/www.budokampsport.se\/api\/wp\/v2\/types\/post"}],"author":[{"embeddable":true,"href":"https:\/\/www.budokampsport.se\/api\/wp\/v2\/users\/7"}],"replies":[{"embeddable":true,"href":"https:\/\/www.budokampsport.se\/api\/wp\/v2\/comments?post=38315"}],"version-history":[{"count":0,"href":"https:\/\/www.budokampsport.se\/api\/wp\/v2\/posts\/38315\/revisions"}],"wp:featuredmedia":[{"embeddable":true,"href":"https:\/\/www.budokampsport.se\/api\/wp\/v2\/media\/38318"}],"wp:attachment":[{"href":"https:\/\/www.budokampsport.se\/api\/wp\/v2\/media?parent=38315"}],"wp:term":[{"taxonomy":"category","embeddable":true,"href":"https:\/\/www.budokampsport.se\/api\/wp\/v2\/categories?post=38315"},{"taxonomy":"post_tag","embeddable":true,"href":"https:\/\/www.budokampsport.se\/api\/wp\/v2\/tags?post=38315"}],"curies":[{"name":"wp","href":"https:\/\/api.w.org\/{rel}","templated":true}]}}