{"id":3845,"date":"2011-06-14T13:01:09","date_gmt":"2011-06-14T11:01:09","guid":{"rendered":"http:\/\/budo.wordpress.dev\/2011\/06\/14\/tonaringen-som-ar-bast-i-europa\/"},"modified":"2016-12-06T22:33:14","modified_gmt":"2016-12-06T21:33:14","slug":"tonaringen-som-ar-bast-i-europa","status":"publish","type":"post","link":"https:\/\/www.budokampsport.se\/2011\/06\/14\/tonaringen-som-ar-bast-i-europa\/","title":{"rendered":"Ton\u00e5ringen som \u00e4r b\u00e4st i Europa"},"content":{"rendered":"<p><P><STRONG><IMG alt=\"\" align=middle src=\"http:\/\/www.budokampsport.se\/sites\/default\/files\/sara_0.jpg\" width=435 height=203><BR>Det \u00e4r drygt en vecka sedan Sara Widgren fr\u00e5n Nacka utanf\u00f6r Stockholm blev Europam\u00e4starinna i ju jutsu. Budokampsport.se st\u00e4mde tr\u00e4ff med Sveriges f\u00e4rskaste EM-guldmedalj\u00f6r f\u00f6r ett snack om vinsten, om v\u00e4gen till EM-guldet och om hur framtiden nu ser ut.<BR>\u00a0\u00a0 &#8211; Allt klaffade under EM. Helt underbart, s\u00e4ger hon till budokampsport.se.<BR><!--break--><BR><\/STRONG>Sara Widgren \u00e4r j\u00e4ttetalangen som vunnit i princip allt som g\u00e5r att vinna som junior inom ju jutsu. F\u00f6r n\u00e5gra m\u00e5nader sedan st\u00e4llde hon som 19-\u00e5ring upp i sitt f\u00f6rsta senior-VM \u2013 och blev femma, b\u00e4sta svensk.<BR><BR>Fortfarande kan hon, om hon vill, t\u00e4vla i juniorklasser. S\u00e5 ung \u00e4r hon. Men Sara Widgren \u00e4r inte som andra, hon \u00e4r som 19-\u00e5ring (fyller 20 om en m\u00e5nad) b\u00e4st i Europa.<BR>\u00a0\u00a0 &#8211; Det \u00e4r sv\u00e5rt att f\u00f6rst\u00e5. Jag tror det kommer ta lite l\u00e4ngre tid att sm\u00e4lta det hela, samtidigt som jag sj\u00e4lvklart k\u00e4nner mig oerh\u00f6rt glad och stolt.<BR><BR><STRONG>Fick en bra lottning<\/STRONG><BR>Sara laddade upp inf\u00f6r EM med en tr\u00e4ningsresa till Paris. N\u00e4r hon v\u00e4l kom till Maribor gjorde hon det inte enbart som en kampsportare med nya erfarenheter.<BR>\u00a0\u00a0 &#8211; Jag k\u00e4nde sj\u00e4lv att resan gav mig mycket mer \u00e4n s\u00e5. Jag fick livserfarenheter som jag \u00e4ven hade med mig in till idrotten. <BR><BR>V\u00e4l p\u00e5 plats i Maribor fick Widgren snabbt en sk\u00f6n k\u00e4nsla i kroppen. Hon k\u00e4nde att f\u00f6ruts\u00e4ttningarna f\u00f6r att EM skulle kunna bli n\u00e5got stort infann sig snabbt.<BR>\u00a0\u00a0 &#8211; Det var ett bra hotell, maten var bra och s\u00e5dant \u00e4r viktigt f\u00f6r att kunna vara helt avslappnad n\u00e4r v\u00e4l t\u00e4vlingarna b\u00f6rjar. Jag hade tur och blev seedad vilket medf\u00f6rde en bra lottning. S\u00e5 l\u00f6rdagen kunde jag bara coacha lite och ladda f\u00f6r mig sj\u00e4lv. P\u00e5 s\u00f6ndag vaknade jag pigg innan v\u00e4ckarklockan ringde. N\u00e4r jag sedan b\u00f6rjade uppv\u00e4rmningen k\u00e4nde jag mig otroligt stark, jag har nog aldrig gjort en s\u00e5 bra uppv\u00e4rmning.<BR><BR><IMG alt=\"\" align=right src=\"http:\/\/www.budokampsport.se\/sites\/default\/files\/sara_widgren.jpg\" width=269 height=185>Vid sidan om p\u00e5 l\u00f6rdagen kunde Sara i lugn och ro ocks\u00e5 scouta kommande motst\u00e5nd inf\u00f6r EM-debuten. Hon inledde ocks\u00e5 f\u00f6ljaktligen med en seger mot slovenska hemmahoppet Strnad.<BR>\u00a0\u00a0 &#8211; Det k\u00e4ndes sk\u00f6nt att vinna f\u00f6rsta matchen och p\u00e5 det s\u00e4ttet. Jag fick matchen precis dit jag ville och kunde plocka en hel del po\u00e4ng. I den andra matchen mot ryskan Useltova hade jag lite bekymmer inledningsvis, jag \u00e5kte p\u00e5 ett kast men lyckades ta mig ur situationen och ju l\u00e4ngre matchen led desto starkare k\u00e4nde jag mig.<BR><BR>Det blev final. D\u00e4r v\u00e4ntade v\u00e4lmeriterade spanjorskan Maria Merino. Med en liten paus mellan andra matchen och finalen fick Sara n\u00f6dv\u00e4ndig vila.<BR>\u00a0\u00a0 &#8211; Jag gick iv\u00e4g och lade mig p\u00e5 l\u00e4ktaren ett tag och vilade ut. Det blev en perfekt uppladdning och jag gjorde sedan \u00e5ter en grym uppv\u00e4rmning. N\u00e4r matchen b\u00f6rjade k\u00e4nde jag tidigt att detta kunde g\u00e5 v\u00e4gen. Jag var riktigt stark och efter ett tag k\u00e4nde jag att hon blev tr\u00f6tt. Det gav mig \u00e4nnu mer energi och jag vann r\u00e4ttvist, tycker jag.<BR><BR><STRONG>Sara, ber\u00e4tta om vad som h\u00e4nde inom dig n\u00e4r guldet var s\u00e4krat?<\/STRONG><BR>\u00a0\u00a0 &#8211; D\u00e5 bara sl\u00e4ppte allt. Jag blev obeskrivligt lycklig. N\u00e4r jag t\u00e4nker tillbaka p\u00e5 EM\u2026 nej, det \u00e4r s\u00e5 stort. B\u00e4st i Europa. Det k\u00e4nns overkligt, samtidigt som det \u00e4r ett bevis p\u00e5 att allt slit verkligen l\u00f6nat sig. Ibland st\u00e4ller man sig fr\u00e5gan varf\u00f6r man l\u00e4gger ner s\u00e5 mycket tid p\u00e5 det h\u00e4r \u2013 nu vet jag verkligen varf\u00f6r.<\/P> <P>Vad som h\u00e4nder inom framtiden har Sara koll p\u00e5. Fast just nu vill hon fokusera p\u00e5 sig sj\u00e4lv. Ju jutsus\u00e4songen \u00e4r \u00f6ver och en ny s\u00e4song tar vid efter sommaren. D\u00e5 med andra krav p\u00e5 Nackas guldklimp.<BR>\u00a0\u00a0 &#8211; Jag \u00e4r medveten om att andra s\u00e4kerligen kommer ha b\u00e4ttre koll p\u00e5 vem jag \u00e4r och f\u00f6r att lyckas beh\u00e5lla min position nu kommer det att kr\u00e4vas \u00e4nnu mer slit fram\u00f6ver. Men just nu vill jag bara njuta av nuet.<\/P> <P>N\u00e5got hon g\u00f6r som f\u00e5 andra. Som b\u00e4st i Europa \u2013 vid 19 \u00e5rs \u00e5lder.<BR><BR>Text: Jonathan Broberg<\/P><\/p>\n","protected":false},"excerpt":{"rendered":"<p><P><STRONG><IMG alt=\"\" align=middle src=\"http:\/\/www.budokampsport.se\/sites\/default\/files\/sara_0.jpg\" width=435 height=203><BR>Det \u00e4r drygt en vecka sedan Sara Widgren fr\u00e5n Nacka utanf\u00f6r Stockholm blev Europam\u00e4starinna i ju jutsu. Budokampsport.se st\u00e4mde tr\u00e4ff med Sveriges f\u00e4rskaste EM-guldmedalj\u00f6r f\u00f6r ett snack om vinsten, om v\u00e4gen till EM-guldet och om hur framtiden nu ser ut.<BR>\u00a0\u00a0 &#8211; Allt klaffade under EM. Helt underbart, s\u00e4ger hon till budokampsport.se.<BR><\/p><br>","protected":false},"author":7,"featured_media":0,"comment_status":"closed","ping_status":"closed","sticky":false,"template":"","format":"standard","meta":{"_acf_changed":false,"footnotes":""},"categories":[1],"tags":[],"class_list":["post-3845","post","type-post","status-publish","format-standard","hentry","category-okategoriserade"],"acf":[],"yoast_head":"<!-- This site is optimized with the Yoast SEO plugin v26.8 - https:\/\/yoast.com\/product\/yoast-seo-wordpress\/ -->\n<title>Ton\u00e5ringen som \u00e4r b\u00e4st i Europa - Svenska Budo &amp; Kampsportsf\u00f6rbundet<\/title>\n<meta name=\"description\" content=\"Det \u00e4r drygt en vecka sedan Sara Widgren fr\u00e5n Nacka utanf\u00f6r Stockholm blev Europam\u00e4starinna i ju jutsu. Budokampsport.se st\u00e4mde tr\u00e4ff med Sveriges f\u00e4rskaste EM-guldmedalj\u00f6r f\u00f6r ett snack om vinsten, om v\u00e4gen till EM-guldet och om hur framtiden nu ser ut.\u00a0\u00a0 - Allt klaffade under EM. Helt underbart, s\u00e4ger hon till budokampsport.se.\" \/>\n<meta name=\"robots\" content=\"index, follow, max-snippet:-1, max-image-preview:large, max-video-preview:-1\" \/>\n<link rel=\"canonical\" href=\"https:\/\/www.budokampsport.se\/2011\/06\/14\/tonaringen-som-ar-bast-i-europa\/\" \/>\n<meta property=\"og:locale\" content=\"sv_SE\" \/>\n<meta property=\"og:type\" content=\"article\" \/>\n<meta property=\"og:title\" content=\"Ton\u00e5ringen som \u00e4r b\u00e4st i Europa - Svenska Budo &amp; Kampsportsf\u00f6rbundet\" \/>\n<meta property=\"og:description\" content=\"Det \u00e4r drygt en vecka sedan Sara Widgren fr\u00e5n Nacka utanf\u00f6r Stockholm blev Europam\u00e4starinna i ju jutsu. Budokampsport.se st\u00e4mde tr\u00e4ff med Sveriges f\u00e4rskaste EM-guldmedalj\u00f6r f\u00f6r ett snack om vinsten, om v\u00e4gen till EM-guldet och om hur framtiden nu ser ut.\u00a0\u00a0 - Allt klaffade under EM. Helt underbart, s\u00e4ger hon till budokampsport.se.\" \/>\n<meta property=\"og:url\" content=\"https:\/\/www.budokampsport.se\/2011\/06\/14\/tonaringen-som-ar-bast-i-europa\/\" \/>\n<meta property=\"og:site_name\" content=\"Svenska Budo &amp; Kampsportsf\u00f6rbundet\" \/>\n<meta property=\"article:author\" content=\"https:\/\/www.facebook.com\/jonathan.broberg.7\" \/>\n<meta property=\"article:published_time\" content=\"2011-06-14T11:01:09+00:00\" \/>\n<meta property=\"article:modified_time\" content=\"2016-12-06T21:33:14+00:00\" \/>\n<meta name=\"author\" content=\"Jonathan Broberg\" \/>\n<meta name=\"twitter:card\" content=\"summary_large_image\" \/>\n<meta name=\"twitter:label1\" content=\"Skriven av\" \/>\n\t<meta name=\"twitter:data1\" content=\"Jonathan Broberg\" \/>\n\t<meta name=\"twitter:label2\" content=\"Ber\u00e4knad l\u00e4stid\" \/>\n\t<meta name=\"twitter:data2\" content=\"4 minuter\" \/>\n<script type=\"application\/ld+json\" class=\"yoast-schema-graph\">{\"@context\":\"https:\/\/schema.org\",\"@graph\":[{\"@type\":\"Article\",\"@id\":\"https:\/\/www.budokampsport.se\/2011\/06\/14\/tonaringen-som-ar-bast-i-europa\/#article\",\"isPartOf\":{\"@id\":\"https:\/\/www.budokampsport.se\/2011\/06\/14\/tonaringen-som-ar-bast-i-europa\/\"},\"author\":{\"name\":\"Jonathan Broberg\",\"@id\":\"https:\/\/www.budokampsport.se\/#\/schema\/person\/5c06d81d14850e2a8ce5493386560145\"},\"headline\":\"Ton\u00e5ringen som \u00e4r b\u00e4st i Europa\",\"datePublished\":\"2011-06-14T11:01:09+00:00\",\"dateModified\":\"2016-12-06T21:33:14+00:00\",\"mainEntityOfPage\":{\"@id\":\"https:\/\/www.budokampsport.se\/2011\/06\/14\/tonaringen-som-ar-bast-i-europa\/\"},\"wordCount\":766,\"inLanguage\":\"sv-SE\"},{\"@type\":\"WebPage\",\"@id\":\"https:\/\/www.budokampsport.se\/2011\/06\/14\/tonaringen-som-ar-bast-i-europa\/\",\"url\":\"https:\/\/www.budokampsport.se\/2011\/06\/14\/tonaringen-som-ar-bast-i-europa\/\",\"name\":\"Ton\u00e5ringen som \u00e4r b\u00e4st i Europa - Svenska Budo &amp; Kampsportsf\u00f6rbundet\",\"isPartOf\":{\"@id\":\"https:\/\/www.budokampsport.se\/#website\"},\"datePublished\":\"2011-06-14T11:01:09+00:00\",\"dateModified\":\"2016-12-06T21:33:14+00:00\",\"author\":{\"@id\":\"https:\/\/www.budokampsport.se\/#\/schema\/person\/5c06d81d14850e2a8ce5493386560145\"},\"description\":\"Det \u00e4r drygt en vecka sedan Sara Widgren fr\u00e5n Nacka utanf\u00f6r Stockholm blev Europam\u00e4starinna i ju jutsu. Budokampsport.se st\u00e4mde tr\u00e4ff med Sveriges f\u00e4rskaste EM-guldmedalj\u00f6r f\u00f6r ett snack om vinsten, om v\u00e4gen till EM-guldet och om hur framtiden nu ser ut.\u00a0\u00a0 - Allt klaffade under EM. Helt underbart, s\u00e4ger hon till budokampsport.se.\",\"breadcrumb\":{\"@id\":\"https:\/\/www.budokampsport.se\/2011\/06\/14\/tonaringen-som-ar-bast-i-europa\/#breadcrumb\"},\"inLanguage\":\"sv-SE\",\"potentialAction\":[{\"@type\":\"ReadAction\",\"target\":[\"https:\/\/www.budokampsport.se\/2011\/06\/14\/tonaringen-som-ar-bast-i-europa\/\"]}]},{\"@type\":\"BreadcrumbList\",\"@id\":\"https:\/\/www.budokampsport.se\/2011\/06\/14\/tonaringen-som-ar-bast-i-europa\/#breadcrumb\",\"itemListElement\":[{\"@type\":\"ListItem\",\"position\":1,\"name\":\"Hem\",\"item\":\"https:\/\/www.budokampsport.se\/\"},{\"@type\":\"ListItem\",\"position\":2,\"name\":\"Ton\u00e5ringen som \u00e4r b\u00e4st i Europa\"}]},{\"@type\":\"WebSite\",\"@id\":\"https:\/\/www.budokampsport.se\/#website\",\"url\":\"https:\/\/www.budokampsport.se\/\",\"name\":\"Svenska Budo &amp; Kampsportsf\u00f6rbundet\",\"description\":\"T\u00e4vling, Tr\u00e4ning, Tradition\",\"potentialAction\":[{\"@type\":\"SearchAction\",\"target\":{\"@type\":\"EntryPoint\",\"urlTemplate\":\"https:\/\/www.budokampsport.se\/?s={search_term_string}\"},\"query-input\":{\"@type\":\"PropertyValueSpecification\",\"valueRequired\":true,\"valueName\":\"search_term_string\"}}],\"inLanguage\":\"sv-SE\"},{\"@type\":\"Person\",\"@id\":\"https:\/\/www.budokampsport.se\/#\/schema\/person\/5c06d81d14850e2a8ce5493386560145\",\"name\":\"Jonathan Broberg\",\"image\":{\"@type\":\"ImageObject\",\"inLanguage\":\"sv-SE\",\"@id\":\"https:\/\/www.budokampsport.se\/#\/schema\/person\/image\/\",\"url\":\"https:\/\/secure.gravatar.com\/avatar\/a58041c6cea9128bd9c40ee2f26d4136?s=96&d=blank&r=g\",\"contentUrl\":\"https:\/\/secure.gravatar.com\/avatar\/a58041c6cea9128bd9c40ee2f26d4136?s=96&d=blank&r=g\",\"caption\":\"Jonathan Broberg\"},\"sameAs\":[\"https:\/\/www.facebook.com\/jonathan.broberg.7\"],\"url\":\"https:\/\/www.budokampsport.se\/author\/jonathan\/\"}]}<\/script>\n<!-- \/ Yoast SEO plugin. -->","yoast_head_json":{"title":"Ton\u00e5ringen som \u00e4r b\u00e4st i Europa - Svenska Budo &amp; Kampsportsf\u00f6rbundet","description":"Det \u00e4r drygt en vecka sedan Sara Widgren fr\u00e5n Nacka utanf\u00f6r Stockholm blev Europam\u00e4starinna i ju jutsu. Budokampsport.se st\u00e4mde tr\u00e4ff med Sveriges f\u00e4rskaste EM-guldmedalj\u00f6r f\u00f6r ett snack om vinsten, om v\u00e4gen till EM-guldet och om hur framtiden nu ser ut.\u00a0\u00a0 - Allt klaffade under EM. Helt underbart, s\u00e4ger hon till budokampsport.se.","robots":{"index":"index","follow":"follow","max-snippet":"max-snippet:-1","max-image-preview":"max-image-preview:large","max-video-preview":"max-video-preview:-1"},"canonical":"https:\/\/www.budokampsport.se\/2011\/06\/14\/tonaringen-som-ar-bast-i-europa\/","og_locale":"sv_SE","og_type":"article","og_title":"Ton\u00e5ringen som \u00e4r b\u00e4st i Europa - Svenska Budo &amp; Kampsportsf\u00f6rbundet","og_description":"Det \u00e4r drygt en vecka sedan Sara Widgren fr\u00e5n Nacka utanf\u00f6r Stockholm blev Europam\u00e4starinna i ju jutsu. Budokampsport.se st\u00e4mde tr\u00e4ff med Sveriges f\u00e4rskaste EM-guldmedalj\u00f6r f\u00f6r ett snack om vinsten, om v\u00e4gen till EM-guldet och om hur framtiden nu ser ut.\u00a0\u00a0 - Allt klaffade under EM. Helt underbart, s\u00e4ger hon till budokampsport.se.","og_url":"https:\/\/www.budokampsport.se\/2011\/06\/14\/tonaringen-som-ar-bast-i-europa\/","og_site_name":"Svenska Budo &amp; Kampsportsf\u00f6rbundet","article_author":"https:\/\/www.facebook.com\/jonathan.broberg.7","article_published_time":"2011-06-14T11:01:09+00:00","article_modified_time":"2016-12-06T21:33:14+00:00","author":"Jonathan Broberg","twitter_card":"summary_large_image","twitter_misc":{"Skriven av":"Jonathan Broberg","Ber\u00e4knad l\u00e4stid":"4 minuter"},"schema":{"@context":"https:\/\/schema.org","@graph":[{"@type":"Article","@id":"https:\/\/www.budokampsport.se\/2011\/06\/14\/tonaringen-som-ar-bast-i-europa\/#article","isPartOf":{"@id":"https:\/\/www.budokampsport.se\/2011\/06\/14\/tonaringen-som-ar-bast-i-europa\/"},"author":{"name":"Jonathan Broberg","@id":"https:\/\/www.budokampsport.se\/#\/schema\/person\/5c06d81d14850e2a8ce5493386560145"},"headline":"Ton\u00e5ringen som \u00e4r b\u00e4st i Europa","datePublished":"2011-06-14T11:01:09+00:00","dateModified":"2016-12-06T21:33:14+00:00","mainEntityOfPage":{"@id":"https:\/\/www.budokampsport.se\/2011\/06\/14\/tonaringen-som-ar-bast-i-europa\/"},"wordCount":766,"inLanguage":"sv-SE"},{"@type":"WebPage","@id":"https:\/\/www.budokampsport.se\/2011\/06\/14\/tonaringen-som-ar-bast-i-europa\/","url":"https:\/\/www.budokampsport.se\/2011\/06\/14\/tonaringen-som-ar-bast-i-europa\/","name":"Ton\u00e5ringen som \u00e4r b\u00e4st i Europa - Svenska Budo &amp; Kampsportsf\u00f6rbundet","isPartOf":{"@id":"https:\/\/www.budokampsport.se\/#website"},"datePublished":"2011-06-14T11:01:09+00:00","dateModified":"2016-12-06T21:33:14+00:00","author":{"@id":"https:\/\/www.budokampsport.se\/#\/schema\/person\/5c06d81d14850e2a8ce5493386560145"},"description":"Det \u00e4r drygt en vecka sedan Sara Widgren fr\u00e5n Nacka utanf\u00f6r Stockholm blev Europam\u00e4starinna i ju jutsu. Budokampsport.se st\u00e4mde tr\u00e4ff med Sveriges f\u00e4rskaste EM-guldmedalj\u00f6r f\u00f6r ett snack om vinsten, om v\u00e4gen till EM-guldet och om hur framtiden nu ser ut.\u00a0\u00a0 - Allt klaffade under EM. Helt underbart, s\u00e4ger hon till budokampsport.se.","breadcrumb":{"@id":"https:\/\/www.budokampsport.se\/2011\/06\/14\/tonaringen-som-ar-bast-i-europa\/#breadcrumb"},"inLanguage":"sv-SE","potentialAction":[{"@type":"ReadAction","target":["https:\/\/www.budokampsport.se\/2011\/06\/14\/tonaringen-som-ar-bast-i-europa\/"]}]},{"@type":"BreadcrumbList","@id":"https:\/\/www.budokampsport.se\/2011\/06\/14\/tonaringen-som-ar-bast-i-europa\/#breadcrumb","itemListElement":[{"@type":"ListItem","position":1,"name":"Hem","item":"https:\/\/www.budokampsport.se\/"},{"@type":"ListItem","position":2,"name":"Ton\u00e5ringen som \u00e4r b\u00e4st i Europa"}]},{"@type":"WebSite","@id":"https:\/\/www.budokampsport.se\/#website","url":"https:\/\/www.budokampsport.se\/","name":"Svenska Budo &amp; Kampsportsf\u00f6rbundet","description":"T\u00e4vling, Tr\u00e4ning, Tradition","potentialAction":[{"@type":"SearchAction","target":{"@type":"EntryPoint","urlTemplate":"https:\/\/www.budokampsport.se\/?s={search_term_string}"},"query-input":{"@type":"PropertyValueSpecification","valueRequired":true,"valueName":"search_term_string"}}],"inLanguage":"sv-SE"},{"@type":"Person","@id":"https:\/\/www.budokampsport.se\/#\/schema\/person\/5c06d81d14850e2a8ce5493386560145","name":"Jonathan Broberg","image":{"@type":"ImageObject","inLanguage":"sv-SE","@id":"https:\/\/www.budokampsport.se\/#\/schema\/person\/image\/","url":"https:\/\/secure.gravatar.com\/avatar\/a58041c6cea9128bd9c40ee2f26d4136?s=96&d=blank&r=g","contentUrl":"https:\/\/secure.gravatar.com\/avatar\/a58041c6cea9128bd9c40ee2f26d4136?s=96&d=blank&r=g","caption":"Jonathan Broberg"},"sameAs":["https:\/\/www.facebook.com\/jonathan.broberg.7"],"url":"https:\/\/www.budokampsport.se\/author\/jonathan\/"}]}},"_links":{"self":[{"href":"https:\/\/www.budokampsport.se\/api\/wp\/v2\/posts\/3845","targetHints":{"allow":["GET"]}}],"collection":[{"href":"https:\/\/www.budokampsport.se\/api\/wp\/v2\/posts"}],"about":[{"href":"https:\/\/www.budokampsport.se\/api\/wp\/v2\/types\/post"}],"author":[{"embeddable":true,"href":"https:\/\/www.budokampsport.se\/api\/wp\/v2\/users\/7"}],"replies":[{"embeddable":true,"href":"https:\/\/www.budokampsport.se\/api\/wp\/v2\/comments?post=3845"}],"version-history":[{"count":0,"href":"https:\/\/www.budokampsport.se\/api\/wp\/v2\/posts\/3845\/revisions"}],"wp:attachment":[{"href":"https:\/\/www.budokampsport.se\/api\/wp\/v2\/media?parent=3845"}],"wp:term":[{"taxonomy":"category","embeddable":true,"href":"https:\/\/www.budokampsport.se\/api\/wp\/v2\/categories?post=3845"},{"taxonomy":"post_tag","embeddable":true,"href":"https:\/\/www.budokampsport.se\/api\/wp\/v2\/tags?post=3845"}],"curies":[{"name":"wp","href":"https:\/\/api.w.org\/{rel}","templated":true}]}}