{"id":3850,"date":"2011-06-20T14:21:07","date_gmt":"2011-06-20T12:21:07","guid":{"rendered":"http:\/\/budo.wordpress.dev\/2011\/06\/20\/svensk-aikido-fyller-50-ar\/"},"modified":"2016-12-06T22:33:15","modified_gmt":"2016-12-06T21:33:15","slug":"svensk-aikido-fyller-50-ar","status":"publish","type":"post","link":"https:\/\/www.budokampsport.se\/2011\/06\/20\/svensk-aikido-fyller-50-ar\/","title":{"rendered":"Svensk aikido fyller 50 \u00e5r"},"content":{"rendered":"<p><P><STRONG><IMG alt=\"\" align=right src=\"http:\/\/www.budokampsport.se\/sites\/default\/files\/aikido50.jpg\" width=75 height=75>En av Sveriges \u00e4ldsta budoarter, aikido, fyller 50 \u00e5r under 2011. Det kommer rikligt att firas under september med bland annat ett jubileumsl\u00e4ger i Stockholm. <BR><!--break--><BR><\/STRONG>Den japanska kampkonsten aikido tillh\u00f6r det f\u00e5tal idrotter som \u00e4r helt t\u00e4vlingsfria. I st\u00e4llet betonas samarbete och viljan att l\u00e4ra av varandra.<BR><BR><STRONG>Avsaknaden av t\u00e4vling <\/STRONG>inneb\u00e4r fler stora f\u00f6rdelar. En p\u00e5taglig f\u00f6rdel \u00e4r att skaderiskerna minskar, en annan \u00e4r att sj\u00e4lva tr\u00e4nings\u00f6gonblicket blir det viktigaste. Aikido tr\u00e4nas inte f\u00f6r att ta medaljer i en framtida t\u00e4vling.<BR><BR>Under 2011 firar svensk aikido 50 \u00e5r som idrott. Mycket har h\u00e4nt under \u00e5ren och det ska firas med en jubileumshelg 9-11 september. Firandet g\u00e5r av stapeln i Eriksdahlshallen i Stockholm d\u00e4r b\u00e5de uppvisningar, tr\u00e4ningspass och 50-\u00e5rs fest st\u00e5r p\u00e5 agendan.<\/P> <P>Firandet har en egen hemsida d\u00e4r det finns mer information. <A href=\"http:\/\/www.aikido50.se\/\">www.aikido50.se<\/A>.<BR><BR>Text: Jonathan Broberg<\/P><\/p>\n","protected":false},"excerpt":{"rendered":"<p><P><STRONG><IMG alt=\"\" align=right src=\"http:\/\/www.budokampsport.se\/sites\/default\/files\/aikido50.jpg\" width=75 height=75>En av Sveriges \u00e4ldsta budoarter, aikido, fyller 50 \u00e5r under 2011. Det kommer rikligt att firas under september med bland annat ett jubileumsl\u00e4ger i Stockholm. <BR><\/p><br>","protected":false},"author":7,"featured_media":0,"comment_status":"closed","ping_status":"closed","sticky":false,"template":"","format":"standard","meta":{"_acf_changed":false,"footnotes":""},"categories":[1],"tags":[],"class_list":["post-3850","post","type-post","status-publish","format-standard","hentry","category-okategoriserade"],"acf":[],"yoast_head":"<!-- This site is optimized with the Yoast SEO plugin v26.8 - https:\/\/yoast.com\/product\/yoast-seo-wordpress\/ -->\n<title>Svensk aikido fyller 50 \u00e5r - Svenska Budo &amp; Kampsportsf\u00f6rbundet<\/title>\n<meta name=\"description\" content=\"En av Sveriges \u00e4ldsta budoarter, aikido, fyller 50 \u00e5r under 2011. Det kommer rikligt att firas under september med bland annat ett jubileumsl\u00e4ger i Stockholm.\" \/>\n<meta name=\"robots\" content=\"index, follow, max-snippet:-1, max-image-preview:large, max-video-preview:-1\" \/>\n<link rel=\"canonical\" href=\"https:\/\/www.budokampsport.se\/2011\/06\/20\/svensk-aikido-fyller-50-ar\/\" \/>\n<meta property=\"og:locale\" content=\"sv_SE\" \/>\n<meta property=\"og:type\" content=\"article\" \/>\n<meta property=\"og:title\" content=\"Svensk aikido fyller 50 \u00e5r - Svenska Budo &amp; Kampsportsf\u00f6rbundet\" \/>\n<meta property=\"og:description\" content=\"En av Sveriges \u00e4ldsta budoarter, aikido, fyller 50 \u00e5r under 2011. Det kommer rikligt att firas under september med bland annat ett jubileumsl\u00e4ger i Stockholm.\" \/>\n<meta property=\"og:url\" content=\"https:\/\/www.budokampsport.se\/2011\/06\/20\/svensk-aikido-fyller-50-ar\/\" \/>\n<meta property=\"og:site_name\" content=\"Svenska Budo &amp; Kampsportsf\u00f6rbundet\" \/>\n<meta property=\"article:author\" content=\"https:\/\/www.facebook.com\/jonathan.broberg.7\" \/>\n<meta property=\"article:published_time\" content=\"2011-06-20T12:21:07+00:00\" \/>\n<meta property=\"article:modified_time\" content=\"2016-12-06T21:33:15+00:00\" \/>\n<meta name=\"author\" content=\"Jonathan Broberg\" \/>\n<meta name=\"twitter:card\" content=\"summary_large_image\" \/>\n<meta name=\"twitter:label1\" content=\"Skriven av\" \/>\n\t<meta name=\"twitter:data1\" content=\"Jonathan Broberg\" \/>\n\t<meta name=\"twitter:label2\" content=\"Ber\u00e4knad l\u00e4stid\" \/>\n\t<meta name=\"twitter:data2\" content=\"1 minut\" \/>\n<script type=\"application\/ld+json\" class=\"yoast-schema-graph\">{\"@context\":\"https:\/\/schema.org\",\"@graph\":[{\"@type\":\"Article\",\"@id\":\"https:\/\/www.budokampsport.se\/2011\/06\/20\/svensk-aikido-fyller-50-ar\/#article\",\"isPartOf\":{\"@id\":\"https:\/\/www.budokampsport.se\/2011\/06\/20\/svensk-aikido-fyller-50-ar\/\"},\"author\":{\"name\":\"Jonathan Broberg\",\"@id\":\"https:\/\/www.budokampsport.se\/#\/schema\/person\/5c06d81d14850e2a8ce5493386560145\"},\"headline\":\"Svensk aikido fyller 50 \u00e5r\",\"datePublished\":\"2011-06-20T12:21:07+00:00\",\"dateModified\":\"2016-12-06T21:33:15+00:00\",\"mainEntityOfPage\":{\"@id\":\"https:\/\/www.budokampsport.se\/2011\/06\/20\/svensk-aikido-fyller-50-ar\/\"},\"wordCount\":163,\"inLanguage\":\"sv-SE\"},{\"@type\":\"WebPage\",\"@id\":\"https:\/\/www.budokampsport.se\/2011\/06\/20\/svensk-aikido-fyller-50-ar\/\",\"url\":\"https:\/\/www.budokampsport.se\/2011\/06\/20\/svensk-aikido-fyller-50-ar\/\",\"name\":\"Svensk aikido fyller 50 \u00e5r - Svenska Budo &amp; Kampsportsf\u00f6rbundet\",\"isPartOf\":{\"@id\":\"https:\/\/www.budokampsport.se\/#website\"},\"datePublished\":\"2011-06-20T12:21:07+00:00\",\"dateModified\":\"2016-12-06T21:33:15+00:00\",\"author\":{\"@id\":\"https:\/\/www.budokampsport.se\/#\/schema\/person\/5c06d81d14850e2a8ce5493386560145\"},\"description\":\"En av Sveriges \u00e4ldsta budoarter, aikido, fyller 50 \u00e5r under 2011. Det kommer rikligt att firas under september med bland annat ett jubileumsl\u00e4ger i Stockholm.\",\"breadcrumb\":{\"@id\":\"https:\/\/www.budokampsport.se\/2011\/06\/20\/svensk-aikido-fyller-50-ar\/#breadcrumb\"},\"inLanguage\":\"sv-SE\",\"potentialAction\":[{\"@type\":\"ReadAction\",\"target\":[\"https:\/\/www.budokampsport.se\/2011\/06\/20\/svensk-aikido-fyller-50-ar\/\"]}]},{\"@type\":\"BreadcrumbList\",\"@id\":\"https:\/\/www.budokampsport.se\/2011\/06\/20\/svensk-aikido-fyller-50-ar\/#breadcrumb\",\"itemListElement\":[{\"@type\":\"ListItem\",\"position\":1,\"name\":\"Hem\",\"item\":\"https:\/\/www.budokampsport.se\/\"},{\"@type\":\"ListItem\",\"position\":2,\"name\":\"Svensk aikido fyller 50 \u00e5r\"}]},{\"@type\":\"WebSite\",\"@id\":\"https:\/\/www.budokampsport.se\/#website\",\"url\":\"https:\/\/www.budokampsport.se\/\",\"name\":\"Svenska Budo &amp; Kampsportsf\u00f6rbundet\",\"description\":\"T\u00e4vling, Tr\u00e4ning, Tradition\",\"potentialAction\":[{\"@type\":\"SearchAction\",\"target\":{\"@type\":\"EntryPoint\",\"urlTemplate\":\"https:\/\/www.budokampsport.se\/?s={search_term_string}\"},\"query-input\":{\"@type\":\"PropertyValueSpecification\",\"valueRequired\":true,\"valueName\":\"search_term_string\"}}],\"inLanguage\":\"sv-SE\"},{\"@type\":\"Person\",\"@id\":\"https:\/\/www.budokampsport.se\/#\/schema\/person\/5c06d81d14850e2a8ce5493386560145\",\"name\":\"Jonathan Broberg\",\"image\":{\"@type\":\"ImageObject\",\"inLanguage\":\"sv-SE\",\"@id\":\"https:\/\/www.budokampsport.se\/#\/schema\/person\/image\/\",\"url\":\"https:\/\/secure.gravatar.com\/avatar\/a58041c6cea9128bd9c40ee2f26d4136?s=96&d=blank&r=g\",\"contentUrl\":\"https:\/\/secure.gravatar.com\/avatar\/a58041c6cea9128bd9c40ee2f26d4136?s=96&d=blank&r=g\",\"caption\":\"Jonathan Broberg\"},\"sameAs\":[\"https:\/\/www.facebook.com\/jonathan.broberg.7\"],\"url\":\"https:\/\/www.budokampsport.se\/author\/jonathan\/\"}]}<\/script>\n<!-- \/ Yoast SEO plugin. -->","yoast_head_json":{"title":"Svensk aikido fyller 50 \u00e5r - Svenska Budo &amp; Kampsportsf\u00f6rbundet","description":"En av Sveriges \u00e4ldsta budoarter, aikido, fyller 50 \u00e5r under 2011. Det kommer rikligt att firas under september med bland annat ett jubileumsl\u00e4ger i Stockholm.","robots":{"index":"index","follow":"follow","max-snippet":"max-snippet:-1","max-image-preview":"max-image-preview:large","max-video-preview":"max-video-preview:-1"},"canonical":"https:\/\/www.budokampsport.se\/2011\/06\/20\/svensk-aikido-fyller-50-ar\/","og_locale":"sv_SE","og_type":"article","og_title":"Svensk aikido fyller 50 \u00e5r - Svenska Budo &amp; Kampsportsf\u00f6rbundet","og_description":"En av Sveriges \u00e4ldsta budoarter, aikido, fyller 50 \u00e5r under 2011. Det kommer rikligt att firas under september med bland annat ett jubileumsl\u00e4ger i Stockholm.","og_url":"https:\/\/www.budokampsport.se\/2011\/06\/20\/svensk-aikido-fyller-50-ar\/","og_site_name":"Svenska Budo &amp; Kampsportsf\u00f6rbundet","article_author":"https:\/\/www.facebook.com\/jonathan.broberg.7","article_published_time":"2011-06-20T12:21:07+00:00","article_modified_time":"2016-12-06T21:33:15+00:00","author":"Jonathan Broberg","twitter_card":"summary_large_image","twitter_misc":{"Skriven av":"Jonathan Broberg","Ber\u00e4knad l\u00e4stid":"1 minut"},"schema":{"@context":"https:\/\/schema.org","@graph":[{"@type":"Article","@id":"https:\/\/www.budokampsport.se\/2011\/06\/20\/svensk-aikido-fyller-50-ar\/#article","isPartOf":{"@id":"https:\/\/www.budokampsport.se\/2011\/06\/20\/svensk-aikido-fyller-50-ar\/"},"author":{"name":"Jonathan Broberg","@id":"https:\/\/www.budokampsport.se\/#\/schema\/person\/5c06d81d14850e2a8ce5493386560145"},"headline":"Svensk aikido fyller 50 \u00e5r","datePublished":"2011-06-20T12:21:07+00:00","dateModified":"2016-12-06T21:33:15+00:00","mainEntityOfPage":{"@id":"https:\/\/www.budokampsport.se\/2011\/06\/20\/svensk-aikido-fyller-50-ar\/"},"wordCount":163,"inLanguage":"sv-SE"},{"@type":"WebPage","@id":"https:\/\/www.budokampsport.se\/2011\/06\/20\/svensk-aikido-fyller-50-ar\/","url":"https:\/\/www.budokampsport.se\/2011\/06\/20\/svensk-aikido-fyller-50-ar\/","name":"Svensk aikido fyller 50 \u00e5r - Svenska Budo &amp; Kampsportsf\u00f6rbundet","isPartOf":{"@id":"https:\/\/www.budokampsport.se\/#website"},"datePublished":"2011-06-20T12:21:07+00:00","dateModified":"2016-12-06T21:33:15+00:00","author":{"@id":"https:\/\/www.budokampsport.se\/#\/schema\/person\/5c06d81d14850e2a8ce5493386560145"},"description":"En av Sveriges \u00e4ldsta budoarter, aikido, fyller 50 \u00e5r under 2011. Det kommer rikligt att firas under september med bland annat ett jubileumsl\u00e4ger i Stockholm.","breadcrumb":{"@id":"https:\/\/www.budokampsport.se\/2011\/06\/20\/svensk-aikido-fyller-50-ar\/#breadcrumb"},"inLanguage":"sv-SE","potentialAction":[{"@type":"ReadAction","target":["https:\/\/www.budokampsport.se\/2011\/06\/20\/svensk-aikido-fyller-50-ar\/"]}]},{"@type":"BreadcrumbList","@id":"https:\/\/www.budokampsport.se\/2011\/06\/20\/svensk-aikido-fyller-50-ar\/#breadcrumb","itemListElement":[{"@type":"ListItem","position":1,"name":"Hem","item":"https:\/\/www.budokampsport.se\/"},{"@type":"ListItem","position":2,"name":"Svensk aikido fyller 50 \u00e5r"}]},{"@type":"WebSite","@id":"https:\/\/www.budokampsport.se\/#website","url":"https:\/\/www.budokampsport.se\/","name":"Svenska Budo &amp; Kampsportsf\u00f6rbundet","description":"T\u00e4vling, Tr\u00e4ning, Tradition","potentialAction":[{"@type":"SearchAction","target":{"@type":"EntryPoint","urlTemplate":"https:\/\/www.budokampsport.se\/?s={search_term_string}"},"query-input":{"@type":"PropertyValueSpecification","valueRequired":true,"valueName":"search_term_string"}}],"inLanguage":"sv-SE"},{"@type":"Person","@id":"https:\/\/www.budokampsport.se\/#\/schema\/person\/5c06d81d14850e2a8ce5493386560145","name":"Jonathan Broberg","image":{"@type":"ImageObject","inLanguage":"sv-SE","@id":"https:\/\/www.budokampsport.se\/#\/schema\/person\/image\/","url":"https:\/\/secure.gravatar.com\/avatar\/a58041c6cea9128bd9c40ee2f26d4136?s=96&d=blank&r=g","contentUrl":"https:\/\/secure.gravatar.com\/avatar\/a58041c6cea9128bd9c40ee2f26d4136?s=96&d=blank&r=g","caption":"Jonathan Broberg"},"sameAs":["https:\/\/www.facebook.com\/jonathan.broberg.7"],"url":"https:\/\/www.budokampsport.se\/author\/jonathan\/"}]}},"_links":{"self":[{"href":"https:\/\/www.budokampsport.se\/api\/wp\/v2\/posts\/3850","targetHints":{"allow":["GET"]}}],"collection":[{"href":"https:\/\/www.budokampsport.se\/api\/wp\/v2\/posts"}],"about":[{"href":"https:\/\/www.budokampsport.se\/api\/wp\/v2\/types\/post"}],"author":[{"embeddable":true,"href":"https:\/\/www.budokampsport.se\/api\/wp\/v2\/users\/7"}],"replies":[{"embeddable":true,"href":"https:\/\/www.budokampsport.se\/api\/wp\/v2\/comments?post=3850"}],"version-history":[{"count":0,"href":"https:\/\/www.budokampsport.se\/api\/wp\/v2\/posts\/3850\/revisions"}],"wp:attachment":[{"href":"https:\/\/www.budokampsport.se\/api\/wp\/v2\/media?parent=3850"}],"wp:term":[{"taxonomy":"category","embeddable":true,"href":"https:\/\/www.budokampsport.se\/api\/wp\/v2\/categories?post=3850"},{"taxonomy":"post_tag","embeddable":true,"href":"https:\/\/www.budokampsport.se\/api\/wp\/v2\/tags?post=3850"}],"curies":[{"name":"wp","href":"https:\/\/api.w.org\/{rel}","templated":true}]}}