{"id":3859,"date":"2011-08-04T20:35:20","date_gmt":"2011-08-04T18:35:20","guid":{"rendered":"http:\/\/budo.wordpress.dev\/2011\/08\/04\/allvaret-narmar-sig\/"},"modified":"2016-12-06T22:33:17","modified_gmt":"2016-12-06T21:33:17","slug":"allvaret-narmar-sig","status":"publish","type":"post","link":"https:\/\/www.budokampsport.se\/2011\/08\/04\/allvaret-narmar-sig\/","title":{"rendered":"Allvaret n\u00e4rmar sig"},"content":{"rendered":"<p><P><STRONG><IMG alt=\"\" align=middle src=\"\/sites\/default\/files\/taido_em.jpg\" width=435 height=183><BR>I Angers f\u00f6r taidolandslaget n\u00e4rmar sig allvaret allt mer. Idag har Sensei Tanaka fr\u00e5n Japan haft ett seminarium som alla i landslaget deltog i. Det blev ett pass inf\u00f6r vad som komma skall. Dessutom h\u00f6lls graderingsexaminationer f\u00f6r tre svenskar: Micke Korths och Kristian Ojala till 5 dan, och Ulf Karlsson till 6 dan.<BR><!--break--><BR><\/STRONG>I utkanten av den vackra staden Angers ligger en judohall, alldeles intill ett omfattande idrottsf\u00e4lt. Regnet strilar ner fr\u00e5n den ljusgr\u00e5a himlen, men varmt \u00e4r det.<\/P> <P><STRONG>Det \u00e4r h\u00e4r, i denna hall, som EM <\/STRONG>p\u00e5 s\u00f6ndag kommer att avg\u00f6ras. Hallen \u00e4r rymlig och fr\u00e4sch; svenska truppen k\u00e4nns avslappnad och det skrattas mycket under hela seminariet. Passet som Sensei Tanaka h\u00e5ller handlar om taidons grundsteg, som \u00e4r \u00e5tta. Tanaka visar smidigt hur man p\u00e5 ett kreativt s\u00e4tt kan byta vinkel, utan att vara f\u00f6r rak och stel.<\/P> <P>En annan stor del handlar om gravitation, d\u00e4r r\u00f6relsetekniken st\u00e5r i fokus. Hallen \u00e4r fokuserad n\u00e4r \u00f6vningarna g\u00f6rs \u2013 ett fokus som \u00e4r sv\u00e5rbeskrivligt om man inte sj\u00e4lv upplevt det.<\/P> <P>N\u00e4r seminariet sedan slutar, tar dagens viktigaste h\u00e4ndelse vid \u2013 graderingsexaminationerna. Det \u00e4r tre svenskar som s\u00f6ker h\u00f6gre grad: Micke Korths och Kristian Ojala till 5 dan, och Ulf Karlsson till 6 dan.<\/P> <P>Hur det har g\u00e5tt f\u00f6r dem beslutas senare under sensommaren.<BR><BR>Text och foto: Jonathan Broberg<\/P><\/p>\n","protected":false},"excerpt":{"rendered":"<p><P><STRONG><IMG alt=\"\" align=middle src=\"\/sites\/default\/files\/taido_em.jpg\" width=435 height=183><BR>I Angers f\u00f6r taidolandslaget n\u00e4rmar sig allvaret allt mer. Idag har Sensei Tanaka fr\u00e5n Japan haft ett seminarium som alla i landslaget deltog i. Det blev ett pass inf\u00f6r vad som komma skall. Dessutom h\u00f6lls graderingsexaminationer f\u00f6r tre svenskar: Micke Korths och Kristian Ojala till 5 dan, och Ulf Karlsson till 6 dan.<BR><\/p><br>","protected":false},"author":7,"featured_media":0,"comment_status":"closed","ping_status":"closed","sticky":false,"template":"","format":"standard","meta":{"_acf_changed":false,"footnotes":""},"categories":[1],"tags":[],"class_list":["post-3859","post","type-post","status-publish","format-standard","hentry","category-okategoriserade"],"acf":[],"yoast_head":"<!-- This site is optimized with the Yoast SEO plugin v26.8 - https:\/\/yoast.com\/product\/yoast-seo-wordpress\/ -->\n<title>Allvaret n\u00e4rmar sig - Svenska Budo &amp; Kampsportsf\u00f6rbundet<\/title>\n<meta name=\"description\" content=\"I Angers f\u00f6r taidolandslaget n\u00e4rmar sig allvaret allt mer. Idag har Sensei Tanaka fr\u00e5n Japan haft ett seminarium som alla i landslaget deltog i. Det blev ett pass inf\u00f6r vad som komma skall. Dessutom h\u00f6lls graderingsexaminationer f\u00f6r tre svenskar: Micke Korths och Kristian Ojala till 5 dan, och Ulf Karlsson till 6 dan.\" \/>\n<meta name=\"robots\" content=\"index, follow, max-snippet:-1, max-image-preview:large, max-video-preview:-1\" \/>\n<link rel=\"canonical\" href=\"https:\/\/www.budokampsport.se\/2011\/08\/04\/allvaret-narmar-sig\/\" \/>\n<meta property=\"og:locale\" content=\"sv_SE\" \/>\n<meta property=\"og:type\" content=\"article\" \/>\n<meta property=\"og:title\" content=\"Allvaret n\u00e4rmar sig - Svenska Budo &amp; Kampsportsf\u00f6rbundet\" \/>\n<meta property=\"og:description\" content=\"I Angers f\u00f6r taidolandslaget n\u00e4rmar sig allvaret allt mer. Idag har Sensei Tanaka fr\u00e5n Japan haft ett seminarium som alla i landslaget deltog i. Det blev ett pass inf\u00f6r vad som komma skall. Dessutom h\u00f6lls graderingsexaminationer f\u00f6r tre svenskar: Micke Korths och Kristian Ojala till 5 dan, och Ulf Karlsson till 6 dan.\" \/>\n<meta property=\"og:url\" content=\"https:\/\/www.budokampsport.se\/2011\/08\/04\/allvaret-narmar-sig\/\" \/>\n<meta property=\"og:site_name\" content=\"Svenska Budo &amp; Kampsportsf\u00f6rbundet\" \/>\n<meta property=\"article:author\" content=\"https:\/\/www.facebook.com\/jonathan.broberg.7\" \/>\n<meta property=\"article:published_time\" content=\"2011-08-04T18:35:20+00:00\" \/>\n<meta property=\"article:modified_time\" content=\"2016-12-06T21:33:17+00:00\" \/>\n<meta name=\"author\" content=\"Jonathan Broberg\" \/>\n<meta name=\"twitter:card\" content=\"summary_large_image\" \/>\n<meta name=\"twitter:label1\" content=\"Skriven av\" \/>\n\t<meta name=\"twitter:data1\" content=\"Jonathan Broberg\" \/>\n\t<meta name=\"twitter:label2\" content=\"Ber\u00e4knad l\u00e4stid\" \/>\n\t<meta name=\"twitter:data2\" content=\"1 minut\" \/>\n<script type=\"application\/ld+json\" class=\"yoast-schema-graph\">{\"@context\":\"https:\/\/schema.org\",\"@graph\":[{\"@type\":\"Article\",\"@id\":\"https:\/\/www.budokampsport.se\/2011\/08\/04\/allvaret-narmar-sig\/#article\",\"isPartOf\":{\"@id\":\"https:\/\/www.budokampsport.se\/2011\/08\/04\/allvaret-narmar-sig\/\"},\"author\":{\"name\":\"Jonathan Broberg\",\"@id\":\"https:\/\/www.budokampsport.se\/#\/schema\/person\/5c06d81d14850e2a8ce5493386560145\"},\"headline\":\"Allvaret n\u00e4rmar sig\",\"datePublished\":\"2011-08-04T18:35:20+00:00\",\"dateModified\":\"2016-12-06T21:33:17+00:00\",\"mainEntityOfPage\":{\"@id\":\"https:\/\/www.budokampsport.se\/2011\/08\/04\/allvaret-narmar-sig\/\"},\"wordCount\":245,\"inLanguage\":\"sv-SE\"},{\"@type\":\"WebPage\",\"@id\":\"https:\/\/www.budokampsport.se\/2011\/08\/04\/allvaret-narmar-sig\/\",\"url\":\"https:\/\/www.budokampsport.se\/2011\/08\/04\/allvaret-narmar-sig\/\",\"name\":\"Allvaret n\u00e4rmar sig - Svenska Budo &amp; Kampsportsf\u00f6rbundet\",\"isPartOf\":{\"@id\":\"https:\/\/www.budokampsport.se\/#website\"},\"datePublished\":\"2011-08-04T18:35:20+00:00\",\"dateModified\":\"2016-12-06T21:33:17+00:00\",\"author\":{\"@id\":\"https:\/\/www.budokampsport.se\/#\/schema\/person\/5c06d81d14850e2a8ce5493386560145\"},\"description\":\"I Angers f\u00f6r taidolandslaget n\u00e4rmar sig allvaret allt mer. Idag har Sensei Tanaka fr\u00e5n Japan haft ett seminarium som alla i landslaget deltog i. Det blev ett pass inf\u00f6r vad som komma skall. Dessutom h\u00f6lls graderingsexaminationer f\u00f6r tre svenskar: Micke Korths och Kristian Ojala till 5 dan, och Ulf Karlsson till 6 dan.\",\"breadcrumb\":{\"@id\":\"https:\/\/www.budokampsport.se\/2011\/08\/04\/allvaret-narmar-sig\/#breadcrumb\"},\"inLanguage\":\"sv-SE\",\"potentialAction\":[{\"@type\":\"ReadAction\",\"target\":[\"https:\/\/www.budokampsport.se\/2011\/08\/04\/allvaret-narmar-sig\/\"]}]},{\"@type\":\"BreadcrumbList\",\"@id\":\"https:\/\/www.budokampsport.se\/2011\/08\/04\/allvaret-narmar-sig\/#breadcrumb\",\"itemListElement\":[{\"@type\":\"ListItem\",\"position\":1,\"name\":\"Hem\",\"item\":\"https:\/\/www.budokampsport.se\/\"},{\"@type\":\"ListItem\",\"position\":2,\"name\":\"Allvaret n\u00e4rmar sig\"}]},{\"@type\":\"WebSite\",\"@id\":\"https:\/\/www.budokampsport.se\/#website\",\"url\":\"https:\/\/www.budokampsport.se\/\",\"name\":\"Svenska Budo &amp; Kampsportsf\u00f6rbundet\",\"description\":\"T\u00e4vling, Tr\u00e4ning, Tradition\",\"potentialAction\":[{\"@type\":\"SearchAction\",\"target\":{\"@type\":\"EntryPoint\",\"urlTemplate\":\"https:\/\/www.budokampsport.se\/?s={search_term_string}\"},\"query-input\":{\"@type\":\"PropertyValueSpecification\",\"valueRequired\":true,\"valueName\":\"search_term_string\"}}],\"inLanguage\":\"sv-SE\"},{\"@type\":\"Person\",\"@id\":\"https:\/\/www.budokampsport.se\/#\/schema\/person\/5c06d81d14850e2a8ce5493386560145\",\"name\":\"Jonathan Broberg\",\"image\":{\"@type\":\"ImageObject\",\"inLanguage\":\"sv-SE\",\"@id\":\"https:\/\/www.budokampsport.se\/#\/schema\/person\/image\/\",\"url\":\"https:\/\/secure.gravatar.com\/avatar\/a58041c6cea9128bd9c40ee2f26d4136?s=96&d=blank&r=g\",\"contentUrl\":\"https:\/\/secure.gravatar.com\/avatar\/a58041c6cea9128bd9c40ee2f26d4136?s=96&d=blank&r=g\",\"caption\":\"Jonathan Broberg\"},\"sameAs\":[\"https:\/\/www.facebook.com\/jonathan.broberg.7\"],\"url\":\"https:\/\/www.budokampsport.se\/author\/jonathan\/\"}]}<\/script>\n<!-- \/ Yoast SEO plugin. -->","yoast_head_json":{"title":"Allvaret n\u00e4rmar sig - Svenska Budo &amp; Kampsportsf\u00f6rbundet","description":"I Angers f\u00f6r taidolandslaget n\u00e4rmar sig allvaret allt mer. Idag har Sensei Tanaka fr\u00e5n Japan haft ett seminarium som alla i landslaget deltog i. Det blev ett pass inf\u00f6r vad som komma skall. Dessutom h\u00f6lls graderingsexaminationer f\u00f6r tre svenskar: Micke Korths och Kristian Ojala till 5 dan, och Ulf Karlsson till 6 dan.","robots":{"index":"index","follow":"follow","max-snippet":"max-snippet:-1","max-image-preview":"max-image-preview:large","max-video-preview":"max-video-preview:-1"},"canonical":"https:\/\/www.budokampsport.se\/2011\/08\/04\/allvaret-narmar-sig\/","og_locale":"sv_SE","og_type":"article","og_title":"Allvaret n\u00e4rmar sig - Svenska Budo &amp; Kampsportsf\u00f6rbundet","og_description":"I Angers f\u00f6r taidolandslaget n\u00e4rmar sig allvaret allt mer. Idag har Sensei Tanaka fr\u00e5n Japan haft ett seminarium som alla i landslaget deltog i. Det blev ett pass inf\u00f6r vad som komma skall. Dessutom h\u00f6lls graderingsexaminationer f\u00f6r tre svenskar: Micke Korths och Kristian Ojala till 5 dan, och Ulf Karlsson till 6 dan.","og_url":"https:\/\/www.budokampsport.se\/2011\/08\/04\/allvaret-narmar-sig\/","og_site_name":"Svenska Budo &amp; Kampsportsf\u00f6rbundet","article_author":"https:\/\/www.facebook.com\/jonathan.broberg.7","article_published_time":"2011-08-04T18:35:20+00:00","article_modified_time":"2016-12-06T21:33:17+00:00","author":"Jonathan Broberg","twitter_card":"summary_large_image","twitter_misc":{"Skriven av":"Jonathan Broberg","Ber\u00e4knad l\u00e4stid":"1 minut"},"schema":{"@context":"https:\/\/schema.org","@graph":[{"@type":"Article","@id":"https:\/\/www.budokampsport.se\/2011\/08\/04\/allvaret-narmar-sig\/#article","isPartOf":{"@id":"https:\/\/www.budokampsport.se\/2011\/08\/04\/allvaret-narmar-sig\/"},"author":{"name":"Jonathan Broberg","@id":"https:\/\/www.budokampsport.se\/#\/schema\/person\/5c06d81d14850e2a8ce5493386560145"},"headline":"Allvaret n\u00e4rmar sig","datePublished":"2011-08-04T18:35:20+00:00","dateModified":"2016-12-06T21:33:17+00:00","mainEntityOfPage":{"@id":"https:\/\/www.budokampsport.se\/2011\/08\/04\/allvaret-narmar-sig\/"},"wordCount":245,"inLanguage":"sv-SE"},{"@type":"WebPage","@id":"https:\/\/www.budokampsport.se\/2011\/08\/04\/allvaret-narmar-sig\/","url":"https:\/\/www.budokampsport.se\/2011\/08\/04\/allvaret-narmar-sig\/","name":"Allvaret n\u00e4rmar sig - Svenska Budo &amp; Kampsportsf\u00f6rbundet","isPartOf":{"@id":"https:\/\/www.budokampsport.se\/#website"},"datePublished":"2011-08-04T18:35:20+00:00","dateModified":"2016-12-06T21:33:17+00:00","author":{"@id":"https:\/\/www.budokampsport.se\/#\/schema\/person\/5c06d81d14850e2a8ce5493386560145"},"description":"I Angers f\u00f6r taidolandslaget n\u00e4rmar sig allvaret allt mer. Idag har Sensei Tanaka fr\u00e5n Japan haft ett seminarium som alla i landslaget deltog i. Det blev ett pass inf\u00f6r vad som komma skall. Dessutom h\u00f6lls graderingsexaminationer f\u00f6r tre svenskar: Micke Korths och Kristian Ojala till 5 dan, och Ulf Karlsson till 6 dan.","breadcrumb":{"@id":"https:\/\/www.budokampsport.se\/2011\/08\/04\/allvaret-narmar-sig\/#breadcrumb"},"inLanguage":"sv-SE","potentialAction":[{"@type":"ReadAction","target":["https:\/\/www.budokampsport.se\/2011\/08\/04\/allvaret-narmar-sig\/"]}]},{"@type":"BreadcrumbList","@id":"https:\/\/www.budokampsport.se\/2011\/08\/04\/allvaret-narmar-sig\/#breadcrumb","itemListElement":[{"@type":"ListItem","position":1,"name":"Hem","item":"https:\/\/www.budokampsport.se\/"},{"@type":"ListItem","position":2,"name":"Allvaret n\u00e4rmar sig"}]},{"@type":"WebSite","@id":"https:\/\/www.budokampsport.se\/#website","url":"https:\/\/www.budokampsport.se\/","name":"Svenska Budo &amp; Kampsportsf\u00f6rbundet","description":"T\u00e4vling, Tr\u00e4ning, Tradition","potentialAction":[{"@type":"SearchAction","target":{"@type":"EntryPoint","urlTemplate":"https:\/\/www.budokampsport.se\/?s={search_term_string}"},"query-input":{"@type":"PropertyValueSpecification","valueRequired":true,"valueName":"search_term_string"}}],"inLanguage":"sv-SE"},{"@type":"Person","@id":"https:\/\/www.budokampsport.se\/#\/schema\/person\/5c06d81d14850e2a8ce5493386560145","name":"Jonathan Broberg","image":{"@type":"ImageObject","inLanguage":"sv-SE","@id":"https:\/\/www.budokampsport.se\/#\/schema\/person\/image\/","url":"https:\/\/secure.gravatar.com\/avatar\/a58041c6cea9128bd9c40ee2f26d4136?s=96&d=blank&r=g","contentUrl":"https:\/\/secure.gravatar.com\/avatar\/a58041c6cea9128bd9c40ee2f26d4136?s=96&d=blank&r=g","caption":"Jonathan Broberg"},"sameAs":["https:\/\/www.facebook.com\/jonathan.broberg.7"],"url":"https:\/\/www.budokampsport.se\/author\/jonathan\/"}]}},"_links":{"self":[{"href":"https:\/\/www.budokampsport.se\/api\/wp\/v2\/posts\/3859","targetHints":{"allow":["GET"]}}],"collection":[{"href":"https:\/\/www.budokampsport.se\/api\/wp\/v2\/posts"}],"about":[{"href":"https:\/\/www.budokampsport.se\/api\/wp\/v2\/types\/post"}],"author":[{"embeddable":true,"href":"https:\/\/www.budokampsport.se\/api\/wp\/v2\/users\/7"}],"replies":[{"embeddable":true,"href":"https:\/\/www.budokampsport.se\/api\/wp\/v2\/comments?post=3859"}],"version-history":[{"count":0,"href":"https:\/\/www.budokampsport.se\/api\/wp\/v2\/posts\/3859\/revisions"}],"wp:attachment":[{"href":"https:\/\/www.budokampsport.se\/api\/wp\/v2\/media?parent=3859"}],"wp:term":[{"taxonomy":"category","embeddable":true,"href":"https:\/\/www.budokampsport.se\/api\/wp\/v2\/categories?post=3859"},{"taxonomy":"post_tag","embeddable":true,"href":"https:\/\/www.budokampsport.se\/api\/wp\/v2\/tags?post=3859"}],"curies":[{"name":"wp","href":"https:\/\/api.w.org\/{rel}","templated":true}]}}