{"id":3862,"date":"2011-08-05T15:57:47","date_gmt":"2011-08-05T13:57:47","guid":{"rendered":"http:\/\/budo.wordpress.dev\/2011\/08\/05\/daniel-andersson-jagar-efterlangtad-medalj\/"},"modified":"2016-12-06T22:33:17","modified_gmt":"2016-12-06T21:33:17","slug":"daniel-andersson-jagar-efterlangtad-medalj","status":"publish","type":"post","link":"https:\/\/www.budokampsport.se\/2011\/08\/05\/daniel-andersson-jagar-efterlangtad-medalj\/","title":{"rendered":"Daniel Andersson jagar efterl\u00e4ngtad medalj"},"content":{"rendered":"<p><P><STRONG><IMG alt=\"\" align=middle src=\"\/sites\/default\/files\/daniel_andersson.jpg\" width=435 height=220><BR>Fr\u00e5n Uddevalla Taidoklubb kommer Daniel Andersson, en av taidolandslagets mest rutinerade trots sina bara 27 \u00e5r. F\u00f6rsta g\u00e5ngen Daniel testade p\u00e5 landslaget var f\u00f6r 12 \u00e5r sedan, d\u00e5 var han bara 15.<BR>\u00a0\u00a0 &#8211; Taidon har gett mig otroligt mycket, p\u00e5 s\u00f6ndag g\u00e5r jag f\u00f6r en individuell medalj i fighten \u2013 det \u00e4r det jag saknar, s\u00e4ger han till budokampsport.se.<BR><!--break--><BR><\/STRONG>\u00c5ret var 2003. En f\u00e4rsk ung kille vid namn Daniel Andersson tog plats i lagjissen p\u00e5 EM. Han blev den avg\u00f6rande faktorn i kampen om guldet mot Finland.<\/P> <P>Idag \u00e4r Daniel betydligt mer erfaren, men minnet fr\u00e5n EM 2003 speglar honom som taidoka fortfarande.<BR>\u00a0\u00a0 &#8211; Det var en h\u00e4rlig, men m\u00e4rklig k\u00e4nsla. Jag har inga individuella medaljer och det \u00e4r v\u00e4l det jag saknar. F\u00f6rhoppningsvis \u00e4ndrar vi p\u00e5 det p\u00e5 s\u00f6ndag. Jag siktar p\u00e5 pallplats.<\/P> <P>Daniel b\u00f6rjade tr\u00e4na taido 1996 i Uddevalla. Eftersom han varit med ett tag nu vet han \u00e4nd\u00e5 vad som kr\u00e4vs f\u00f6r att lyckas i ett stort m\u00e4sterskap.<BR>\u00a0\u00a0 &#8211; Det \u00e4r v\u00e4l lugn, skulle jag tro\u2026 hahaha. Nej, jag vet vad jag kan. Jag har kanske inte lika bra fysiska f\u00f6ruts\u00e4ttningar l\u00e4ngre som de yngre, men det kan man kompensera med att vara smart ist\u00e4llet. Jag beh\u00f6ver inte vara den snabbaste.<\/P> <P><STRONG>Daniel, vad skulle du s\u00e4ga \u00e4r dina styrkor?<BR><\/STRONG>\u00a0\u00a0 &#8211; Oj, sv\u00e5r fr\u00e5ga. Jag \u00e4r v\u00e4l ganska bra p\u00e5 att l\u00e4sa vilka tekniker motst\u00e5ndaren ska g\u00f6ra. Sedan \u00e4r jag nog r\u00e4tt brutal att m\u00f6ta, jag sl\u00e5r och sparkar h\u00e5rt. Jag v\u00e5gar g\u00e5 p\u00e5. Det ska jag f\u00f6rs\u00f6ka utnyttja.<\/P> <P>F\u00f6rberedelserna innan m\u00e4sterskapet hade dock kunnat vara b\u00e4ttre. Daniel har haft en f\u00f6rkylning i kroppen som han nyligen blivit av med. Det har hindrat honom lite i tr\u00e4ningsuppl\u00e4gget.<BR>\u00a0\u00a0 &#8211; Sj\u00e4lvfallet \u00e4r det s\u00e5, samtidigt ska jag v\u00e4l erk\u00e4nna att jag hade kunnat tr\u00e4na mer \u00e4nd\u00e5. Jag har mycket annat i livet som ocks\u00e5 \u00e4r viktigt, min familj och mina barn. Men jag har gjort vad jag har kunnat inf\u00f6r detta EM. F\u00e5r se hur l\u00e5ngt det r\u00e4cker, men jag tror att jag nog kan st\u00e4lla till det en hel del f\u00f6r n\u00e5gra. Det ska bli j\u00e4vligt kul, helt enkelt.<\/P> <P>P\u00e5 s\u00f6ndag b\u00f6rjar allvaret. D\u00e5 b\u00f6rjar EM och vi f\u00e5r helt enkelt se om Daniel vinner sin efterl\u00e4ngtade individuella fightingmedalj den h\u00e4r g\u00e5ngen.<\/P> <P>Text och foto: Jonathan Broberg<\/P><\/p>\n","protected":false},"excerpt":{"rendered":"<p><P><STRONG><IMG alt=\"\" align=middle src=\"\/sites\/default\/files\/daniel_andersson.jpg\" width=435 height=220><BR>Fr\u00e5n Uddevalla Taidoklubb kommer Daniel Andersson, en av taidolandslagets mest rutinerade trots sina bara 27 \u00e5r. F\u00f6rsta g\u00e5ngen Daniel testade p\u00e5 landslaget var f\u00f6r 12 \u00e5r sedan, d\u00e5 var han bara 15.<BR>\u00a0\u00a0 &#8211; Taidon har gett mig otroligt mycket, p\u00e5 s\u00f6ndag g\u00e5r jag f\u00f6r en individuell medalj i fighten \u2013 det \u00e4r det jag saknar, s\u00e4ger han till budokampsport.se.<BR><\/p><br>","protected":false},"author":7,"featured_media":0,"comment_status":"closed","ping_status":"closed","sticky":false,"template":"","format":"standard","meta":{"_acf_changed":false,"footnotes":""},"categories":[1],"tags":[],"class_list":["post-3862","post","type-post","status-publish","format-standard","hentry","category-okategoriserade"],"acf":[],"yoast_head":"<!-- This site is optimized with the Yoast SEO plugin v26.8 - https:\/\/yoast.com\/product\/yoast-seo-wordpress\/ -->\n<title>Daniel Andersson jagar efterl\u00e4ngtad medalj - Svenska Budo &amp; Kampsportsf\u00f6rbundet<\/title>\n<meta name=\"description\" content=\"Fr\u00e5n Uddevalla Taidoklubb kommer Daniel Andersson, en av taidolandslagets mest rutinerade trots sina bara 27 \u00e5r. F\u00f6rsta g\u00e5ngen Daniel testade p\u00e5 landslaget var f\u00f6r 12 \u00e5r sedan, d\u00e5 var han bara 15.\u00a0\u00a0 - Taidon har gett mig otroligt mycket, p\u00e5 s\u00f6ndag g\u00e5r jag f\u00f6r en individuell medalj i fighten \u2013 det \u00e4r det jag saknar, s\u00e4ger han till budokampsport.se.\" \/>\n<meta name=\"robots\" content=\"index, follow, max-snippet:-1, max-image-preview:large, max-video-preview:-1\" \/>\n<link rel=\"canonical\" href=\"https:\/\/www.budokampsport.se\/2011\/08\/05\/daniel-andersson-jagar-efterlangtad-medalj\/\" \/>\n<meta property=\"og:locale\" content=\"sv_SE\" \/>\n<meta property=\"og:type\" content=\"article\" \/>\n<meta property=\"og:title\" content=\"Daniel Andersson jagar efterl\u00e4ngtad medalj - Svenska Budo &amp; Kampsportsf\u00f6rbundet\" \/>\n<meta property=\"og:description\" content=\"Fr\u00e5n Uddevalla Taidoklubb kommer Daniel Andersson, en av taidolandslagets mest rutinerade trots sina bara 27 \u00e5r. F\u00f6rsta g\u00e5ngen Daniel testade p\u00e5 landslaget var f\u00f6r 12 \u00e5r sedan, d\u00e5 var han bara 15.\u00a0\u00a0 - Taidon har gett mig otroligt mycket, p\u00e5 s\u00f6ndag g\u00e5r jag f\u00f6r en individuell medalj i fighten \u2013 det \u00e4r det jag saknar, s\u00e4ger han till budokampsport.se.\" \/>\n<meta property=\"og:url\" content=\"https:\/\/www.budokampsport.se\/2011\/08\/05\/daniel-andersson-jagar-efterlangtad-medalj\/\" \/>\n<meta property=\"og:site_name\" content=\"Svenska Budo &amp; Kampsportsf\u00f6rbundet\" \/>\n<meta property=\"article:author\" content=\"https:\/\/www.facebook.com\/jonathan.broberg.7\" \/>\n<meta property=\"article:published_time\" content=\"2011-08-05T13:57:47+00:00\" \/>\n<meta property=\"article:modified_time\" content=\"2016-12-06T21:33:17+00:00\" \/>\n<meta name=\"author\" content=\"Jonathan Broberg\" \/>\n<meta name=\"twitter:card\" content=\"summary_large_image\" \/>\n<meta name=\"twitter:label1\" content=\"Skriven av\" \/>\n\t<meta name=\"twitter:data1\" content=\"Jonathan Broberg\" \/>\n\t<meta name=\"twitter:label2\" content=\"Ber\u00e4knad l\u00e4stid\" \/>\n\t<meta name=\"twitter:data2\" content=\"2 minuter\" \/>\n<script type=\"application\/ld+json\" class=\"yoast-schema-graph\">{\"@context\":\"https:\/\/schema.org\",\"@graph\":[{\"@type\":\"Article\",\"@id\":\"https:\/\/www.budokampsport.se\/2011\/08\/05\/daniel-andersson-jagar-efterlangtad-medalj\/#article\",\"isPartOf\":{\"@id\":\"https:\/\/www.budokampsport.se\/2011\/08\/05\/daniel-andersson-jagar-efterlangtad-medalj\/\"},\"author\":{\"name\":\"Jonathan Broberg\",\"@id\":\"https:\/\/www.budokampsport.se\/#\/schema\/person\/5c06d81d14850e2a8ce5493386560145\"},\"headline\":\"Daniel Andersson jagar efterl\u00e4ngtad medalj\",\"datePublished\":\"2011-08-05T13:57:47+00:00\",\"dateModified\":\"2016-12-06T21:33:17+00:00\",\"mainEntityOfPage\":{\"@id\":\"https:\/\/www.budokampsport.se\/2011\/08\/05\/daniel-andersson-jagar-efterlangtad-medalj\/\"},\"wordCount\":445,\"inLanguage\":\"sv-SE\"},{\"@type\":\"WebPage\",\"@id\":\"https:\/\/www.budokampsport.se\/2011\/08\/05\/daniel-andersson-jagar-efterlangtad-medalj\/\",\"url\":\"https:\/\/www.budokampsport.se\/2011\/08\/05\/daniel-andersson-jagar-efterlangtad-medalj\/\",\"name\":\"Daniel Andersson jagar efterl\u00e4ngtad medalj - Svenska Budo &amp; Kampsportsf\u00f6rbundet\",\"isPartOf\":{\"@id\":\"https:\/\/www.budokampsport.se\/#website\"},\"datePublished\":\"2011-08-05T13:57:47+00:00\",\"dateModified\":\"2016-12-06T21:33:17+00:00\",\"author\":{\"@id\":\"https:\/\/www.budokampsport.se\/#\/schema\/person\/5c06d81d14850e2a8ce5493386560145\"},\"description\":\"Fr\u00e5n Uddevalla Taidoklubb kommer Daniel Andersson, en av taidolandslagets mest rutinerade trots sina bara 27 \u00e5r. F\u00f6rsta g\u00e5ngen Daniel testade p\u00e5 landslaget var f\u00f6r 12 \u00e5r sedan, d\u00e5 var han bara 15.\u00a0\u00a0 - Taidon har gett mig otroligt mycket, p\u00e5 s\u00f6ndag g\u00e5r jag f\u00f6r en individuell medalj i fighten \u2013 det \u00e4r det jag saknar, s\u00e4ger han till budokampsport.se.\",\"breadcrumb\":{\"@id\":\"https:\/\/www.budokampsport.se\/2011\/08\/05\/daniel-andersson-jagar-efterlangtad-medalj\/#breadcrumb\"},\"inLanguage\":\"sv-SE\",\"potentialAction\":[{\"@type\":\"ReadAction\",\"target\":[\"https:\/\/www.budokampsport.se\/2011\/08\/05\/daniel-andersson-jagar-efterlangtad-medalj\/\"]}]},{\"@type\":\"BreadcrumbList\",\"@id\":\"https:\/\/www.budokampsport.se\/2011\/08\/05\/daniel-andersson-jagar-efterlangtad-medalj\/#breadcrumb\",\"itemListElement\":[{\"@type\":\"ListItem\",\"position\":1,\"name\":\"Hem\",\"item\":\"https:\/\/www.budokampsport.se\/\"},{\"@type\":\"ListItem\",\"position\":2,\"name\":\"Daniel Andersson jagar efterl\u00e4ngtad medalj\"}]},{\"@type\":\"WebSite\",\"@id\":\"https:\/\/www.budokampsport.se\/#website\",\"url\":\"https:\/\/www.budokampsport.se\/\",\"name\":\"Svenska Budo &amp; Kampsportsf\u00f6rbundet\",\"description\":\"T\u00e4vling, Tr\u00e4ning, Tradition\",\"potentialAction\":[{\"@type\":\"SearchAction\",\"target\":{\"@type\":\"EntryPoint\",\"urlTemplate\":\"https:\/\/www.budokampsport.se\/?s={search_term_string}\"},\"query-input\":{\"@type\":\"PropertyValueSpecification\",\"valueRequired\":true,\"valueName\":\"search_term_string\"}}],\"inLanguage\":\"sv-SE\"},{\"@type\":\"Person\",\"@id\":\"https:\/\/www.budokampsport.se\/#\/schema\/person\/5c06d81d14850e2a8ce5493386560145\",\"name\":\"Jonathan Broberg\",\"image\":{\"@type\":\"ImageObject\",\"inLanguage\":\"sv-SE\",\"@id\":\"https:\/\/www.budokampsport.se\/#\/schema\/person\/image\/\",\"url\":\"https:\/\/secure.gravatar.com\/avatar\/a58041c6cea9128bd9c40ee2f26d4136?s=96&d=blank&r=g\",\"contentUrl\":\"https:\/\/secure.gravatar.com\/avatar\/a58041c6cea9128bd9c40ee2f26d4136?s=96&d=blank&r=g\",\"caption\":\"Jonathan Broberg\"},\"sameAs\":[\"https:\/\/www.facebook.com\/jonathan.broberg.7\"],\"url\":\"https:\/\/www.budokampsport.se\/author\/jonathan\/\"}]}<\/script>\n<!-- \/ Yoast SEO plugin. -->","yoast_head_json":{"title":"Daniel Andersson jagar efterl\u00e4ngtad medalj - Svenska Budo &amp; Kampsportsf\u00f6rbundet","description":"Fr\u00e5n Uddevalla Taidoklubb kommer Daniel Andersson, en av taidolandslagets mest rutinerade trots sina bara 27 \u00e5r. F\u00f6rsta g\u00e5ngen Daniel testade p\u00e5 landslaget var f\u00f6r 12 \u00e5r sedan, d\u00e5 var han bara 15.\u00a0\u00a0 - Taidon har gett mig otroligt mycket, p\u00e5 s\u00f6ndag g\u00e5r jag f\u00f6r en individuell medalj i fighten \u2013 det \u00e4r det jag saknar, s\u00e4ger han till budokampsport.se.","robots":{"index":"index","follow":"follow","max-snippet":"max-snippet:-1","max-image-preview":"max-image-preview:large","max-video-preview":"max-video-preview:-1"},"canonical":"https:\/\/www.budokampsport.se\/2011\/08\/05\/daniel-andersson-jagar-efterlangtad-medalj\/","og_locale":"sv_SE","og_type":"article","og_title":"Daniel Andersson jagar efterl\u00e4ngtad medalj - Svenska Budo &amp; Kampsportsf\u00f6rbundet","og_description":"Fr\u00e5n Uddevalla Taidoklubb kommer Daniel Andersson, en av taidolandslagets mest rutinerade trots sina bara 27 \u00e5r. F\u00f6rsta g\u00e5ngen Daniel testade p\u00e5 landslaget var f\u00f6r 12 \u00e5r sedan, d\u00e5 var han bara 15.\u00a0\u00a0 - Taidon har gett mig otroligt mycket, p\u00e5 s\u00f6ndag g\u00e5r jag f\u00f6r en individuell medalj i fighten \u2013 det \u00e4r det jag saknar, s\u00e4ger han till budokampsport.se.","og_url":"https:\/\/www.budokampsport.se\/2011\/08\/05\/daniel-andersson-jagar-efterlangtad-medalj\/","og_site_name":"Svenska Budo &amp; Kampsportsf\u00f6rbundet","article_author":"https:\/\/www.facebook.com\/jonathan.broberg.7","article_published_time":"2011-08-05T13:57:47+00:00","article_modified_time":"2016-12-06T21:33:17+00:00","author":"Jonathan Broberg","twitter_card":"summary_large_image","twitter_misc":{"Skriven av":"Jonathan Broberg","Ber\u00e4knad l\u00e4stid":"2 minuter"},"schema":{"@context":"https:\/\/schema.org","@graph":[{"@type":"Article","@id":"https:\/\/www.budokampsport.se\/2011\/08\/05\/daniel-andersson-jagar-efterlangtad-medalj\/#article","isPartOf":{"@id":"https:\/\/www.budokampsport.se\/2011\/08\/05\/daniel-andersson-jagar-efterlangtad-medalj\/"},"author":{"name":"Jonathan Broberg","@id":"https:\/\/www.budokampsport.se\/#\/schema\/person\/5c06d81d14850e2a8ce5493386560145"},"headline":"Daniel Andersson jagar efterl\u00e4ngtad medalj","datePublished":"2011-08-05T13:57:47+00:00","dateModified":"2016-12-06T21:33:17+00:00","mainEntityOfPage":{"@id":"https:\/\/www.budokampsport.se\/2011\/08\/05\/daniel-andersson-jagar-efterlangtad-medalj\/"},"wordCount":445,"inLanguage":"sv-SE"},{"@type":"WebPage","@id":"https:\/\/www.budokampsport.se\/2011\/08\/05\/daniel-andersson-jagar-efterlangtad-medalj\/","url":"https:\/\/www.budokampsport.se\/2011\/08\/05\/daniel-andersson-jagar-efterlangtad-medalj\/","name":"Daniel Andersson jagar efterl\u00e4ngtad medalj - Svenska Budo &amp; Kampsportsf\u00f6rbundet","isPartOf":{"@id":"https:\/\/www.budokampsport.se\/#website"},"datePublished":"2011-08-05T13:57:47+00:00","dateModified":"2016-12-06T21:33:17+00:00","author":{"@id":"https:\/\/www.budokampsport.se\/#\/schema\/person\/5c06d81d14850e2a8ce5493386560145"},"description":"Fr\u00e5n Uddevalla Taidoklubb kommer Daniel Andersson, en av taidolandslagets mest rutinerade trots sina bara 27 \u00e5r. F\u00f6rsta g\u00e5ngen Daniel testade p\u00e5 landslaget var f\u00f6r 12 \u00e5r sedan, d\u00e5 var han bara 15.\u00a0\u00a0 - Taidon har gett mig otroligt mycket, p\u00e5 s\u00f6ndag g\u00e5r jag f\u00f6r en individuell medalj i fighten \u2013 det \u00e4r det jag saknar, s\u00e4ger han till budokampsport.se.","breadcrumb":{"@id":"https:\/\/www.budokampsport.se\/2011\/08\/05\/daniel-andersson-jagar-efterlangtad-medalj\/#breadcrumb"},"inLanguage":"sv-SE","potentialAction":[{"@type":"ReadAction","target":["https:\/\/www.budokampsport.se\/2011\/08\/05\/daniel-andersson-jagar-efterlangtad-medalj\/"]}]},{"@type":"BreadcrumbList","@id":"https:\/\/www.budokampsport.se\/2011\/08\/05\/daniel-andersson-jagar-efterlangtad-medalj\/#breadcrumb","itemListElement":[{"@type":"ListItem","position":1,"name":"Hem","item":"https:\/\/www.budokampsport.se\/"},{"@type":"ListItem","position":2,"name":"Daniel Andersson jagar efterl\u00e4ngtad medalj"}]},{"@type":"WebSite","@id":"https:\/\/www.budokampsport.se\/#website","url":"https:\/\/www.budokampsport.se\/","name":"Svenska Budo &amp; Kampsportsf\u00f6rbundet","description":"T\u00e4vling, Tr\u00e4ning, Tradition","potentialAction":[{"@type":"SearchAction","target":{"@type":"EntryPoint","urlTemplate":"https:\/\/www.budokampsport.se\/?s={search_term_string}"},"query-input":{"@type":"PropertyValueSpecification","valueRequired":true,"valueName":"search_term_string"}}],"inLanguage":"sv-SE"},{"@type":"Person","@id":"https:\/\/www.budokampsport.se\/#\/schema\/person\/5c06d81d14850e2a8ce5493386560145","name":"Jonathan Broberg","image":{"@type":"ImageObject","inLanguage":"sv-SE","@id":"https:\/\/www.budokampsport.se\/#\/schema\/person\/image\/","url":"https:\/\/secure.gravatar.com\/avatar\/a58041c6cea9128bd9c40ee2f26d4136?s=96&d=blank&r=g","contentUrl":"https:\/\/secure.gravatar.com\/avatar\/a58041c6cea9128bd9c40ee2f26d4136?s=96&d=blank&r=g","caption":"Jonathan Broberg"},"sameAs":["https:\/\/www.facebook.com\/jonathan.broberg.7"],"url":"https:\/\/www.budokampsport.se\/author\/jonathan\/"}]}},"_links":{"self":[{"href":"https:\/\/www.budokampsport.se\/api\/wp\/v2\/posts\/3862","targetHints":{"allow":["GET"]}}],"collection":[{"href":"https:\/\/www.budokampsport.se\/api\/wp\/v2\/posts"}],"about":[{"href":"https:\/\/www.budokampsport.se\/api\/wp\/v2\/types\/post"}],"author":[{"embeddable":true,"href":"https:\/\/www.budokampsport.se\/api\/wp\/v2\/users\/7"}],"replies":[{"embeddable":true,"href":"https:\/\/www.budokampsport.se\/api\/wp\/v2\/comments?post=3862"}],"version-history":[{"count":0,"href":"https:\/\/www.budokampsport.se\/api\/wp\/v2\/posts\/3862\/revisions"}],"wp:attachment":[{"href":"https:\/\/www.budokampsport.se\/api\/wp\/v2\/media?parent=3862"}],"wp:term":[{"taxonomy":"category","embeddable":true,"href":"https:\/\/www.budokampsport.se\/api\/wp\/v2\/categories?post=3862"},{"taxonomy":"post_tag","embeddable":true,"href":"https:\/\/www.budokampsport.se\/api\/wp\/v2\/tags?post=3862"}],"curies":[{"name":"wp","href":"https:\/\/api.w.org\/{rel}","templated":true}]}}