{"id":3863,"date":"2011-08-05T16:52:16","date_gmt":"2011-08-05T14:52:16","guid":{"rendered":"http:\/\/budo.wordpress.dev\/2011\/08\/05\/nasrin-mosawi-nara-det-stora-malet\/"},"modified":"2016-12-06T22:33:17","modified_gmt":"2016-12-06T21:33:17","slug":"nasrin-mosawi-nara-det-stora-malet","status":"publish","type":"post","link":"https:\/\/www.budokampsport.se\/2011\/08\/05\/nasrin-mosawi-nara-det-stora-malet\/","title":{"rendered":"Nasrin Mosawi n\u00e4ra det stora m\u00e5let"},"content":{"rendered":"<p><P><STRONG><IMG alt=\"\" align=right src=\"\/sites\/default\/files\/nasrin_ett.jpg\" width=175 height=235>P\u00e5 s\u00f6ndag fightas Nasrin Mosawi, 22, f\u00f6r medalj i EM i taido i Frankrike. Nasrin, som har tr\u00e4nat h\u00e5rt inf\u00f6r m\u00e4sterskapet, k\u00e4nner sig i god form.<BR>\u00a0\u00a0 &#8211; Det k\u00e4nns mycket bra allting. Jag \u00e4r j\u00e4tteladdad, s\u00e4ger hon till budokampsport.se.<BR><BR><\/STRONG>Allvaret kryper n\u00e4rmare i Angers. Det \u00e4r bara tv\u00e5 dagar kvar till \u00e5rets stora taidoh\u00e4ndelse \u2013 EM. F\u00f6r Nasrin Mosawi \u00e4r medalj ett klart m\u00e5l som hon har haft i sikte en l\u00e4ngre tid.<!--break--><\/P> <P>Det \u00e4r utan tvivel landslagets store lille solstr\u00e5le: Nasrin Mosawi ler. Mycket och brett. Och undra p\u00e5 det. Om bara tv\u00e5 dagar \u00e4r hon framme vid ett stort m\u00e5l.<BR>\u00a0\u00a0 &#8211; Jissen (fighting) \u00e4r roligast. Jag har sett fram emot det h\u00e4r l\u00e4nge och jag \u00e4r j\u00e4tteladdad. I fightingen kan man anv\u00e4nda sig av allt man har, det \u00e4r det b\u00e4sta.<\/P> <P>Hon har under dessa dagar av seminarier och tr\u00e4ningar haft m\u00f6jlighet att snegla lite p\u00e5 presumtiva motst\u00e5ndare.<BR>\u00a0\u00a0 &#8211; Det \u00e4r ingen jag \u00e4r j\u00e4tteimponerad av, utan jag tror jag kan vinna \u00f6ver alla. Jag ska g\u00f6ra mitt yttersta och jag tycker sj\u00e4lv att jag kommer v\u00e4l f\u00f6rberedd till EM.<\/P> <P>Under dagens tr\u00e4ning, den fria, gick Nasrin lite f\u00f6r sig sj\u00e4lv. Fokuserade, t\u00e4nkte, slipade tekniker.<BR>\u00a0\u00a0 &#8211; Jag har tr\u00e4nat mycket p\u00e5 att kontra p\u00e5 motst\u00e5ndarens teknik. Det \u00e4r jag ganska bra p\u00e5 i vanliga fall. Sedan gick jag och Ulf (assisterande landslagscoach) och tittade p\u00e5 min armteknik i hokei. D\u00e4r finns det en del jag kan f\u00f6rb\u00e4ttra.<\/P> <P><STRONG>&#8220;Vill vinna allt&#8221;<BR><\/STRONG>Mosawi, tillvardags bosatt och tr\u00e4nande i G\u00f6teborg, beskriver sig sj\u00e4lv som en t\u00e4vlingsm\u00e4nniska till den yttersta graden. Hon hatar att f\u00f6rlora.<BR>\u00a0\u00a0 &#8211; Jag vill vinna allt jag st\u00e4ller upp i. S\u00e5 \u00e4r det bara. Jag tror jag har en chans att ta medalj p\u00e5 EM. Men vilken medalj det blir, det t\u00e4nker jag inte p\u00e5 s\u00e5 h\u00e4r innan.<\/P> <P>Hennes styrkor som idrottare \u00e4r fr\u00e4mst hennes snabbhet och fokus. Det tillsammans med hennes vinnarskalle ska placera Nasrin bland topparna av taidout\u00f6vare i Europa. <BR><BR><IMG alt=\"\" align=middle src=\"\/sites\/default\/files\/nasrin_tva.jpg\" width=435 height=290><\/P> <P>Text och foto: Jonathan Broberg<\/P><\/p>\n","protected":false},"excerpt":{"rendered":"<p><P><STRONG><IMG alt=\"\" align=right src=\"\/sites\/default\/files\/nasrin_ett.jpg\" width=175 height=235>P\u00e5 s\u00f6ndag fightas Nasrin Mosawi, 22, f\u00f6r medalj i EM i taido i Frankrike. Nasrin, som har tr\u00e4nat h\u00e5rt inf\u00f6r m\u00e4sterskapet, k\u00e4nner sig i god form.<BR>\u00a0\u00a0 &#8211; Det k\u00e4nns mycket bra allting. Jag \u00e4r j\u00e4tteladdad, s\u00e4ger hon till budokampsport.se.<BR><BR><\/STRONG>Allvaret kryper n\u00e4rmare i Angers. Det \u00e4r bara tv\u00e5 dagar kvar till \u00e5rets stora taidoh\u00e4ndelse \u2013 EM. F\u00f6r Nasrin Mosawi \u00e4r medalj ett klart m\u00e5l som hon har haft i sikte en l\u00e4ngre tid.<\/p><br>","protected":false},"author":7,"featured_media":0,"comment_status":"closed","ping_status":"closed","sticky":false,"template":"","format":"standard","meta":{"_acf_changed":false,"footnotes":""},"categories":[1],"tags":[],"class_list":["post-3863","post","type-post","status-publish","format-standard","hentry","category-okategoriserade"],"acf":[],"yoast_head":"<!-- This site is optimized with the Yoast SEO plugin v26.8 - https:\/\/yoast.com\/product\/yoast-seo-wordpress\/ -->\n<title>Nasrin Mosawi n\u00e4ra det stora m\u00e5let - Svenska Budo &amp; Kampsportsf\u00f6rbundet<\/title>\n<meta name=\"description\" content=\"P\u00e5 s\u00f6ndag fightas Nasrin Mosawi, 22, f\u00f6r medalj i EM i taido i Frankrike. Nasrin, som har tr\u00e4nat h\u00e5rt inf\u00f6r m\u00e4sterskapet, k\u00e4nner sig i god form.\u00a0\u00a0 - Det k\u00e4nns mycket bra allting. Jag \u00e4r j\u00e4tteladdad, s\u00e4ger hon till budokampsport.se.Allvaret kryper n\u00e4rmare i Angers. Det \u00e4r bara tv\u00e5 dagar kvar till \u00e5rets stora taidoh\u00e4ndelse \u2013 EM. F\u00f6r Nasrin Mosawi \u00e4r medalj ett klart m\u00e5l som hon har haft i sikte en l\u00e4ngre tid.\" \/>\n<meta name=\"robots\" content=\"index, follow, max-snippet:-1, max-image-preview:large, max-video-preview:-1\" \/>\n<link rel=\"canonical\" href=\"https:\/\/www.budokampsport.se\/2011\/08\/05\/nasrin-mosawi-nara-det-stora-malet\/\" \/>\n<meta property=\"og:locale\" content=\"sv_SE\" \/>\n<meta property=\"og:type\" content=\"article\" \/>\n<meta property=\"og:title\" content=\"Nasrin Mosawi n\u00e4ra det stora m\u00e5let - Svenska Budo &amp; Kampsportsf\u00f6rbundet\" \/>\n<meta property=\"og:description\" content=\"P\u00e5 s\u00f6ndag fightas Nasrin Mosawi, 22, f\u00f6r medalj i EM i taido i Frankrike. Nasrin, som har tr\u00e4nat h\u00e5rt inf\u00f6r m\u00e4sterskapet, k\u00e4nner sig i god form.\u00a0\u00a0 - Det k\u00e4nns mycket bra allting. Jag \u00e4r j\u00e4tteladdad, s\u00e4ger hon till budokampsport.se.Allvaret kryper n\u00e4rmare i Angers. Det \u00e4r bara tv\u00e5 dagar kvar till \u00e5rets stora taidoh\u00e4ndelse \u2013 EM. F\u00f6r Nasrin Mosawi \u00e4r medalj ett klart m\u00e5l som hon har haft i sikte en l\u00e4ngre tid.\" \/>\n<meta property=\"og:url\" content=\"https:\/\/www.budokampsport.se\/2011\/08\/05\/nasrin-mosawi-nara-det-stora-malet\/\" \/>\n<meta property=\"og:site_name\" content=\"Svenska Budo &amp; Kampsportsf\u00f6rbundet\" \/>\n<meta property=\"article:author\" content=\"https:\/\/www.facebook.com\/jonathan.broberg.7\" \/>\n<meta property=\"article:published_time\" content=\"2011-08-05T14:52:16+00:00\" \/>\n<meta property=\"article:modified_time\" content=\"2016-12-06T21:33:17+00:00\" \/>\n<meta name=\"author\" content=\"Jonathan Broberg\" \/>\n<meta name=\"twitter:card\" content=\"summary_large_image\" \/>\n<meta name=\"twitter:label1\" content=\"Skriven av\" \/>\n\t<meta name=\"twitter:data1\" content=\"Jonathan Broberg\" \/>\n\t<meta name=\"twitter:label2\" content=\"Ber\u00e4knad l\u00e4stid\" \/>\n\t<meta name=\"twitter:data2\" content=\"2 minuter\" \/>\n<script type=\"application\/ld+json\" class=\"yoast-schema-graph\">{\"@context\":\"https:\/\/schema.org\",\"@graph\":[{\"@type\":\"Article\",\"@id\":\"https:\/\/www.budokampsport.se\/2011\/08\/05\/nasrin-mosawi-nara-det-stora-malet\/#article\",\"isPartOf\":{\"@id\":\"https:\/\/www.budokampsport.se\/2011\/08\/05\/nasrin-mosawi-nara-det-stora-malet\/\"},\"author\":{\"name\":\"Jonathan Broberg\",\"@id\":\"https:\/\/www.budokampsport.se\/#\/schema\/person\/5c06d81d14850e2a8ce5493386560145\"},\"headline\":\"Nasrin Mosawi n\u00e4ra det stora m\u00e5let\",\"datePublished\":\"2011-08-05T14:52:16+00:00\",\"dateModified\":\"2016-12-06T21:33:17+00:00\",\"mainEntityOfPage\":{\"@id\":\"https:\/\/www.budokampsport.se\/2011\/08\/05\/nasrin-mosawi-nara-det-stora-malet\/\"},\"wordCount\":386,\"inLanguage\":\"sv-SE\"},{\"@type\":\"WebPage\",\"@id\":\"https:\/\/www.budokampsport.se\/2011\/08\/05\/nasrin-mosawi-nara-det-stora-malet\/\",\"url\":\"https:\/\/www.budokampsport.se\/2011\/08\/05\/nasrin-mosawi-nara-det-stora-malet\/\",\"name\":\"Nasrin Mosawi n\u00e4ra det stora m\u00e5let - Svenska Budo &amp; Kampsportsf\u00f6rbundet\",\"isPartOf\":{\"@id\":\"https:\/\/www.budokampsport.se\/#website\"},\"datePublished\":\"2011-08-05T14:52:16+00:00\",\"dateModified\":\"2016-12-06T21:33:17+00:00\",\"author\":{\"@id\":\"https:\/\/www.budokampsport.se\/#\/schema\/person\/5c06d81d14850e2a8ce5493386560145\"},\"description\":\"P\u00e5 s\u00f6ndag fightas Nasrin Mosawi, 22, f\u00f6r medalj i EM i taido i Frankrike. Nasrin, som har tr\u00e4nat h\u00e5rt inf\u00f6r m\u00e4sterskapet, k\u00e4nner sig i god form.\u00a0\u00a0 - Det k\u00e4nns mycket bra allting. Jag \u00e4r j\u00e4tteladdad, s\u00e4ger hon till budokampsport.se.Allvaret kryper n\u00e4rmare i Angers. Det \u00e4r bara tv\u00e5 dagar kvar till \u00e5rets stora taidoh\u00e4ndelse \u2013 EM. F\u00f6r Nasrin Mosawi \u00e4r medalj ett klart m\u00e5l som hon har haft i sikte en l\u00e4ngre tid.\",\"breadcrumb\":{\"@id\":\"https:\/\/www.budokampsport.se\/2011\/08\/05\/nasrin-mosawi-nara-det-stora-malet\/#breadcrumb\"},\"inLanguage\":\"sv-SE\",\"potentialAction\":[{\"@type\":\"ReadAction\",\"target\":[\"https:\/\/www.budokampsport.se\/2011\/08\/05\/nasrin-mosawi-nara-det-stora-malet\/\"]}]},{\"@type\":\"BreadcrumbList\",\"@id\":\"https:\/\/www.budokampsport.se\/2011\/08\/05\/nasrin-mosawi-nara-det-stora-malet\/#breadcrumb\",\"itemListElement\":[{\"@type\":\"ListItem\",\"position\":1,\"name\":\"Hem\",\"item\":\"https:\/\/www.budokampsport.se\/\"},{\"@type\":\"ListItem\",\"position\":2,\"name\":\"Nasrin Mosawi n\u00e4ra det stora m\u00e5let\"}]},{\"@type\":\"WebSite\",\"@id\":\"https:\/\/www.budokampsport.se\/#website\",\"url\":\"https:\/\/www.budokampsport.se\/\",\"name\":\"Svenska Budo &amp; Kampsportsf\u00f6rbundet\",\"description\":\"T\u00e4vling, Tr\u00e4ning, Tradition\",\"potentialAction\":[{\"@type\":\"SearchAction\",\"target\":{\"@type\":\"EntryPoint\",\"urlTemplate\":\"https:\/\/www.budokampsport.se\/?s={search_term_string}\"},\"query-input\":{\"@type\":\"PropertyValueSpecification\",\"valueRequired\":true,\"valueName\":\"search_term_string\"}}],\"inLanguage\":\"sv-SE\"},{\"@type\":\"Person\",\"@id\":\"https:\/\/www.budokampsport.se\/#\/schema\/person\/5c06d81d14850e2a8ce5493386560145\",\"name\":\"Jonathan Broberg\",\"image\":{\"@type\":\"ImageObject\",\"inLanguage\":\"sv-SE\",\"@id\":\"https:\/\/www.budokampsport.se\/#\/schema\/person\/image\/\",\"url\":\"https:\/\/secure.gravatar.com\/avatar\/a58041c6cea9128bd9c40ee2f26d4136?s=96&d=blank&r=g\",\"contentUrl\":\"https:\/\/secure.gravatar.com\/avatar\/a58041c6cea9128bd9c40ee2f26d4136?s=96&d=blank&r=g\",\"caption\":\"Jonathan Broberg\"},\"sameAs\":[\"https:\/\/www.facebook.com\/jonathan.broberg.7\"],\"url\":\"https:\/\/www.budokampsport.se\/author\/jonathan\/\"}]}<\/script>\n<!-- \/ Yoast SEO plugin. -->","yoast_head_json":{"title":"Nasrin Mosawi n\u00e4ra det stora m\u00e5let - Svenska Budo &amp; Kampsportsf\u00f6rbundet","description":"P\u00e5 s\u00f6ndag fightas Nasrin Mosawi, 22, f\u00f6r medalj i EM i taido i Frankrike. Nasrin, som har tr\u00e4nat h\u00e5rt inf\u00f6r m\u00e4sterskapet, k\u00e4nner sig i god form.\u00a0\u00a0 - Det k\u00e4nns mycket bra allting. Jag \u00e4r j\u00e4tteladdad, s\u00e4ger hon till budokampsport.se.Allvaret kryper n\u00e4rmare i Angers. Det \u00e4r bara tv\u00e5 dagar kvar till \u00e5rets stora taidoh\u00e4ndelse \u2013 EM. F\u00f6r Nasrin Mosawi \u00e4r medalj ett klart m\u00e5l som hon har haft i sikte en l\u00e4ngre tid.","robots":{"index":"index","follow":"follow","max-snippet":"max-snippet:-1","max-image-preview":"max-image-preview:large","max-video-preview":"max-video-preview:-1"},"canonical":"https:\/\/www.budokampsport.se\/2011\/08\/05\/nasrin-mosawi-nara-det-stora-malet\/","og_locale":"sv_SE","og_type":"article","og_title":"Nasrin Mosawi n\u00e4ra det stora m\u00e5let - Svenska Budo &amp; Kampsportsf\u00f6rbundet","og_description":"P\u00e5 s\u00f6ndag fightas Nasrin Mosawi, 22, f\u00f6r medalj i EM i taido i Frankrike. Nasrin, som har tr\u00e4nat h\u00e5rt inf\u00f6r m\u00e4sterskapet, k\u00e4nner sig i god form.\u00a0\u00a0 - Det k\u00e4nns mycket bra allting. Jag \u00e4r j\u00e4tteladdad, s\u00e4ger hon till budokampsport.se.Allvaret kryper n\u00e4rmare i Angers. Det \u00e4r bara tv\u00e5 dagar kvar till \u00e5rets stora taidoh\u00e4ndelse \u2013 EM. F\u00f6r Nasrin Mosawi \u00e4r medalj ett klart m\u00e5l som hon har haft i sikte en l\u00e4ngre tid.","og_url":"https:\/\/www.budokampsport.se\/2011\/08\/05\/nasrin-mosawi-nara-det-stora-malet\/","og_site_name":"Svenska Budo &amp; Kampsportsf\u00f6rbundet","article_author":"https:\/\/www.facebook.com\/jonathan.broberg.7","article_published_time":"2011-08-05T14:52:16+00:00","article_modified_time":"2016-12-06T21:33:17+00:00","author":"Jonathan Broberg","twitter_card":"summary_large_image","twitter_misc":{"Skriven av":"Jonathan Broberg","Ber\u00e4knad l\u00e4stid":"2 minuter"},"schema":{"@context":"https:\/\/schema.org","@graph":[{"@type":"Article","@id":"https:\/\/www.budokampsport.se\/2011\/08\/05\/nasrin-mosawi-nara-det-stora-malet\/#article","isPartOf":{"@id":"https:\/\/www.budokampsport.se\/2011\/08\/05\/nasrin-mosawi-nara-det-stora-malet\/"},"author":{"name":"Jonathan Broberg","@id":"https:\/\/www.budokampsport.se\/#\/schema\/person\/5c06d81d14850e2a8ce5493386560145"},"headline":"Nasrin Mosawi n\u00e4ra det stora m\u00e5let","datePublished":"2011-08-05T14:52:16+00:00","dateModified":"2016-12-06T21:33:17+00:00","mainEntityOfPage":{"@id":"https:\/\/www.budokampsport.se\/2011\/08\/05\/nasrin-mosawi-nara-det-stora-malet\/"},"wordCount":386,"inLanguage":"sv-SE"},{"@type":"WebPage","@id":"https:\/\/www.budokampsport.se\/2011\/08\/05\/nasrin-mosawi-nara-det-stora-malet\/","url":"https:\/\/www.budokampsport.se\/2011\/08\/05\/nasrin-mosawi-nara-det-stora-malet\/","name":"Nasrin Mosawi n\u00e4ra det stora m\u00e5let - Svenska Budo &amp; Kampsportsf\u00f6rbundet","isPartOf":{"@id":"https:\/\/www.budokampsport.se\/#website"},"datePublished":"2011-08-05T14:52:16+00:00","dateModified":"2016-12-06T21:33:17+00:00","author":{"@id":"https:\/\/www.budokampsport.se\/#\/schema\/person\/5c06d81d14850e2a8ce5493386560145"},"description":"P\u00e5 s\u00f6ndag fightas Nasrin Mosawi, 22, f\u00f6r medalj i EM i taido i Frankrike. Nasrin, som har tr\u00e4nat h\u00e5rt inf\u00f6r m\u00e4sterskapet, k\u00e4nner sig i god form.\u00a0\u00a0 - Det k\u00e4nns mycket bra allting. Jag \u00e4r j\u00e4tteladdad, s\u00e4ger hon till budokampsport.se.Allvaret kryper n\u00e4rmare i Angers. Det \u00e4r bara tv\u00e5 dagar kvar till \u00e5rets stora taidoh\u00e4ndelse \u2013 EM. F\u00f6r Nasrin Mosawi \u00e4r medalj ett klart m\u00e5l som hon har haft i sikte en l\u00e4ngre tid.","breadcrumb":{"@id":"https:\/\/www.budokampsport.se\/2011\/08\/05\/nasrin-mosawi-nara-det-stora-malet\/#breadcrumb"},"inLanguage":"sv-SE","potentialAction":[{"@type":"ReadAction","target":["https:\/\/www.budokampsport.se\/2011\/08\/05\/nasrin-mosawi-nara-det-stora-malet\/"]}]},{"@type":"BreadcrumbList","@id":"https:\/\/www.budokampsport.se\/2011\/08\/05\/nasrin-mosawi-nara-det-stora-malet\/#breadcrumb","itemListElement":[{"@type":"ListItem","position":1,"name":"Hem","item":"https:\/\/www.budokampsport.se\/"},{"@type":"ListItem","position":2,"name":"Nasrin Mosawi n\u00e4ra det stora m\u00e5let"}]},{"@type":"WebSite","@id":"https:\/\/www.budokampsport.se\/#website","url":"https:\/\/www.budokampsport.se\/","name":"Svenska Budo &amp; Kampsportsf\u00f6rbundet","description":"T\u00e4vling, Tr\u00e4ning, Tradition","potentialAction":[{"@type":"SearchAction","target":{"@type":"EntryPoint","urlTemplate":"https:\/\/www.budokampsport.se\/?s={search_term_string}"},"query-input":{"@type":"PropertyValueSpecification","valueRequired":true,"valueName":"search_term_string"}}],"inLanguage":"sv-SE"},{"@type":"Person","@id":"https:\/\/www.budokampsport.se\/#\/schema\/person\/5c06d81d14850e2a8ce5493386560145","name":"Jonathan Broberg","image":{"@type":"ImageObject","inLanguage":"sv-SE","@id":"https:\/\/www.budokampsport.se\/#\/schema\/person\/image\/","url":"https:\/\/secure.gravatar.com\/avatar\/a58041c6cea9128bd9c40ee2f26d4136?s=96&d=blank&r=g","contentUrl":"https:\/\/secure.gravatar.com\/avatar\/a58041c6cea9128bd9c40ee2f26d4136?s=96&d=blank&r=g","caption":"Jonathan Broberg"},"sameAs":["https:\/\/www.facebook.com\/jonathan.broberg.7"],"url":"https:\/\/www.budokampsport.se\/author\/jonathan\/"}]}},"_links":{"self":[{"href":"https:\/\/www.budokampsport.se\/api\/wp\/v2\/posts\/3863","targetHints":{"allow":["GET"]}}],"collection":[{"href":"https:\/\/www.budokampsport.se\/api\/wp\/v2\/posts"}],"about":[{"href":"https:\/\/www.budokampsport.se\/api\/wp\/v2\/types\/post"}],"author":[{"embeddable":true,"href":"https:\/\/www.budokampsport.se\/api\/wp\/v2\/users\/7"}],"replies":[{"embeddable":true,"href":"https:\/\/www.budokampsport.se\/api\/wp\/v2\/comments?post=3863"}],"version-history":[{"count":0,"href":"https:\/\/www.budokampsport.se\/api\/wp\/v2\/posts\/3863\/revisions"}],"wp:attachment":[{"href":"https:\/\/www.budokampsport.se\/api\/wp\/v2\/media?parent=3863"}],"wp:term":[{"taxonomy":"category","embeddable":true,"href":"https:\/\/www.budokampsport.se\/api\/wp\/v2\/categories?post=3863"},{"taxonomy":"post_tag","embeddable":true,"href":"https:\/\/www.budokampsport.se\/api\/wp\/v2\/tags?post=3863"}],"curies":[{"name":"wp","href":"https:\/\/api.w.org\/{rel}","templated":true}]}}