{"id":3869,"date":"2011-08-06T21:27:31","date_gmt":"2011-08-06T19:27:31","guid":{"rendered":"http:\/\/budo.wordpress.dev\/2011\/08\/06\/tredje-gangen-gillt-for-elin-mellgren\/"},"modified":"2016-12-06T22:33:19","modified_gmt":"2016-12-06T21:33:19","slug":"tredje-gangen-gillt-for-elin-mellgren","status":"publish","type":"post","link":"https:\/\/www.budokampsport.se\/2011\/08\/06\/tredje-gangen-gillt-for-elin-mellgren\/","title":{"rendered":"Tredje g\u00e5ngen gillt f\u00f6r Elin Mellgren?"},"content":{"rendered":"<p><P><STRONG><IMG alt=\"\" align=middle src=\"\/sites\/default\/files\/elin.jpg\" width=435 height=237><BR>I morgon b\u00f6rjar EM i taido. F\u00f6r Elin Mellgren inneb\u00e4r EM hennes tredje officiella internationella m\u00e4sterskap \u2013 och nu t\u00e4nker hon ta den efterl\u00e4ngtade medaljen.<BR>\u00a0\u00a0 &#8211; Det \u00e4r det m\u00e5let jag har k\u00e4mpat emot, s\u00e4ger hon till budokampsport.se.<BR><!--break--><BR><\/STRONG>Det var Elin Mellgrens bror som var orsaken till att svensk taido har tillg\u00e5ng till Mellgrens tj\u00e4nster. Hennes bror tr\u00e4nade en karatestil, som \u00f6vrigt h\u00e4rstammar just fr\u00e5n taidon, och drog med henne till ett pass.<\/P> <P>Efter det b\u00f6rjade\u00a0Elin tr\u00e4na. Regelbundet f\u00f6rst med en tjejgrupp i den karatestilen. Men Elin flyttade till G\u00f6teborg, tappade d\u00e5 tr\u00e4nandet och ville verkligen ta upp det igen. <BR>\u00a0\u00a0 &#8211; Jag s\u00e5g en tidningsannons om taido, gick dit till klubben och provade p\u00e5. Jag fastnade direkt. Det var s\u00e5 stor variation och s\u00e5 mycket trevliga m\u00e4nniskor, minns jag.<\/P> <P><STRONG>&#8220;Redo f\u00f6r t\u00e4vling&#8221;<BR><\/STRONG>Det var h\u00f6sten 2005. Nu sex \u00e5r senare sitter Elin p\u00e5 hotellet d\u00e4r landslaget bor. Hon \u00e4r medveten om att hon har haft en snabb utvecklingskurva, men k\u00e4nner fortfarande att hon hela tiden hittar nya saker att vilja f\u00f6rb\u00e4ttra.<BR>\u00a0\u00a0 &#8211; Jo, det har g\u00e5tt fort. Jag kom med till landslaget efter ett halv\u00e5rs tr\u00e4ning med taido. P\u00e5 mina sex \u00e5r blir det h\u00e4r mitt tredje internationella m\u00e4sterskap. Och nu \u00e4r det dags f\u00f6r medalj, tycker jag.<\/P> <P>Inf\u00f6r EM i Frankrike har Elin dragits en del med skador, som hon nu \u00e4r helt \u00e5terst\u00e4lld ifr\u00e5n. Hon har fokuserat tr\u00e4ningen till taidopass, kondition och styrka.<BR>\u00a0\u00a0 &#8211; Jag k\u00e4nner mig redo f\u00f6r t\u00e4vlingen. Och \u00e4ven om jag tr\u00e4nat bra, har jag ocks\u00e5 innan presterat bra p\u00e5 andra t\u00e4vlingar. Det \u00e4r ju i sig en tr\u00e4ning det med. Det \u00e4r trots allt lite annorlunda att prestera p\u00e5 tr\u00e4ning \u00e4n t\u00e4vling.<\/P> <P>Det \u00e4r fr\u00e4mst i hokei (form) som hon k\u00e4nner sig allra vassast i.<BR>\u00a0\u00a0 &#8211; Ja, det \u00e4r det jag \u00e4r b\u00e4st p\u00e5. Men jag gillar jissen (kamp) lika mycket. Det ska bli roligt det ocks\u00e5, s\u00e5 klart.<\/P> <P><STRONG>Elin, i morgon \u00e4r det dags. Hur \u00e4r magk\u00e4nslan s\u00e5 h\u00e4r kv\u00e4llen innan?<BR><\/STRONG>\u00a0\u00a0 &#8211; Jag b\u00f6rjar k\u00e4nna av nerverna nu. Det \u00e4r \u00e4ntligen dags och det kommer bli en rej\u00e4l utmaning, men jag k\u00e4nner samtidigt att det ska bli oerh\u00f6rt roligt.<\/P> <P><STRONG>Vilka \u00e4r dina styrkor, s\u00e5 som du ser det?<BR><\/STRONG>\u00a0\u00a0 &#8211; Att jag kan prestera n\u00e4r det verkligen g\u00e4ller som mest. Sedan kan jag tr\u00e4na v\u00e4ldigt h\u00e5rt och klarar av det &#8211; och att jag har en k\u00e4nsla f\u00f6r detaljer. N\u00e4r man har tr\u00e4nat n\u00e5got l\u00e4nge kommer man tillslut ner p\u00e5 detaljniv\u00e5. D\u00e5 g\u00e4ller det att orka forts\u00e4tta och se framstegen, \u00e4ven om de \u00e4r sm\u00e5 steg.<\/P> <P>Vart Elin vill komma med sin idrott, vart framtiden tillsammans med taidon b\u00e4r henne \u2013 ja, det vet hon inte riktigt. Men hon vet att hon \u00e4r fast. <BR>\u00a0\u00a0 &#8211; Det finns s\u00e5 mycket olika saker att uppt\u00e4cka, s\u00e5 mycket att f\u00f6rdjupa sig i. Det \u00e4r det b\u00e4sta med taidon. Det \u00e4r n\u00e5got man kan ut\u00f6va p\u00e5 olika niv\u00e5er under v\u00e4ldigt l\u00e5ng tid. Det ger p\u00e5 s\u00e4tt och vis kanske en trygghet. Ser jag p\u00e5 mig sj\u00e4lv just nu vill jag forts\u00e4tta att ut\u00f6va taido p\u00e5 elitniv\u00e5. Jag vill vinna medaljer och det vore oerh\u00f6rt roligt att g\u00f6ra det h\u00e4r och nu i Frankrike, avslutar hon med ett brett leende.<\/P> <P>Text och foto: Jonathan Broberg<\/P><\/p>\n","protected":false},"excerpt":{"rendered":"<p><P><STRONG><IMG alt=\"\" align=middle src=\"\/sites\/default\/files\/elin.jpg\" width=435 height=237><BR>I morgon b\u00f6rjar EM i taido. F\u00f6r Elin Mellgren inneb\u00e4r EM hennes tredje officiella internationella m\u00e4sterskap \u2013 och nu t\u00e4nker hon ta den efterl\u00e4ngtade medaljen.<BR>\u00a0\u00a0 &#8211; Det \u00e4r det m\u00e5let jag har k\u00e4mpat emot, s\u00e4ger hon till budokampsport.se.<BR><\/p><br>","protected":false},"author":7,"featured_media":0,"comment_status":"closed","ping_status":"closed","sticky":false,"template":"","format":"standard","meta":{"_acf_changed":false,"footnotes":""},"categories":[1],"tags":[],"class_list":["post-3869","post","type-post","status-publish","format-standard","hentry","category-okategoriserade"],"acf":[],"yoast_head":"<!-- This site is optimized with the Yoast SEO plugin v26.8 - https:\/\/yoast.com\/product\/yoast-seo-wordpress\/ -->\n<title>Tredje g\u00e5ngen gillt f\u00f6r Elin Mellgren? - Svenska Budo &amp; Kampsportsf\u00f6rbundet<\/title>\n<meta name=\"description\" content=\"I morgon b\u00f6rjar EM i taido. F\u00f6r Elin Mellgren inneb\u00e4r EM hennes tredje officiella internationella m\u00e4sterskap \u2013 och nu t\u00e4nker hon ta den efterl\u00e4ngtade medaljen.\u00a0\u00a0 - Det \u00e4r det m\u00e5let jag har k\u00e4mpat emot, s\u00e4ger hon till budokampsport.se.\" \/>\n<meta name=\"robots\" content=\"index, follow, max-snippet:-1, max-image-preview:large, max-video-preview:-1\" \/>\n<link rel=\"canonical\" href=\"https:\/\/www.budokampsport.se\/2011\/08\/06\/tredje-gangen-gillt-for-elin-mellgren\/\" \/>\n<meta property=\"og:locale\" content=\"sv_SE\" \/>\n<meta property=\"og:type\" content=\"article\" \/>\n<meta property=\"og:title\" content=\"Tredje g\u00e5ngen gillt f\u00f6r Elin Mellgren? - Svenska Budo &amp; Kampsportsf\u00f6rbundet\" \/>\n<meta property=\"og:description\" content=\"I morgon b\u00f6rjar EM i taido. F\u00f6r Elin Mellgren inneb\u00e4r EM hennes tredje officiella internationella m\u00e4sterskap \u2013 och nu t\u00e4nker hon ta den efterl\u00e4ngtade medaljen.\u00a0\u00a0 - Det \u00e4r det m\u00e5let jag har k\u00e4mpat emot, s\u00e4ger hon till budokampsport.se.\" \/>\n<meta property=\"og:url\" content=\"https:\/\/www.budokampsport.se\/2011\/08\/06\/tredje-gangen-gillt-for-elin-mellgren\/\" \/>\n<meta property=\"og:site_name\" content=\"Svenska Budo &amp; Kampsportsf\u00f6rbundet\" \/>\n<meta property=\"article:author\" content=\"https:\/\/www.facebook.com\/jonathan.broberg.7\" \/>\n<meta property=\"article:published_time\" content=\"2011-08-06T19:27:31+00:00\" \/>\n<meta property=\"article:modified_time\" content=\"2016-12-06T21:33:19+00:00\" \/>\n<meta name=\"author\" content=\"Jonathan Broberg\" \/>\n<meta name=\"twitter:card\" content=\"summary_large_image\" \/>\n<meta name=\"twitter:label1\" content=\"Skriven av\" \/>\n\t<meta name=\"twitter:data1\" content=\"Jonathan Broberg\" \/>\n\t<meta name=\"twitter:label2\" content=\"Ber\u00e4knad l\u00e4stid\" \/>\n\t<meta name=\"twitter:data2\" content=\"3 minuter\" \/>\n<script type=\"application\/ld+json\" class=\"yoast-schema-graph\">{\"@context\":\"https:\/\/schema.org\",\"@graph\":[{\"@type\":\"Article\",\"@id\":\"https:\/\/www.budokampsport.se\/2011\/08\/06\/tredje-gangen-gillt-for-elin-mellgren\/#article\",\"isPartOf\":{\"@id\":\"https:\/\/www.budokampsport.se\/2011\/08\/06\/tredje-gangen-gillt-for-elin-mellgren\/\"},\"author\":{\"name\":\"Jonathan Broberg\",\"@id\":\"https:\/\/www.budokampsport.se\/#\/schema\/person\/5c06d81d14850e2a8ce5493386560145\"},\"headline\":\"Tredje g\u00e5ngen gillt f\u00f6r Elin Mellgren?\",\"datePublished\":\"2011-08-06T19:27:31+00:00\",\"dateModified\":\"2016-12-06T21:33:19+00:00\",\"mainEntityOfPage\":{\"@id\":\"https:\/\/www.budokampsport.se\/2011\/08\/06\/tredje-gangen-gillt-for-elin-mellgren\/\"},\"wordCount\":629,\"inLanguage\":\"sv-SE\"},{\"@type\":\"WebPage\",\"@id\":\"https:\/\/www.budokampsport.se\/2011\/08\/06\/tredje-gangen-gillt-for-elin-mellgren\/\",\"url\":\"https:\/\/www.budokampsport.se\/2011\/08\/06\/tredje-gangen-gillt-for-elin-mellgren\/\",\"name\":\"Tredje g\u00e5ngen gillt f\u00f6r Elin Mellgren? - Svenska Budo &amp; Kampsportsf\u00f6rbundet\",\"isPartOf\":{\"@id\":\"https:\/\/www.budokampsport.se\/#website\"},\"datePublished\":\"2011-08-06T19:27:31+00:00\",\"dateModified\":\"2016-12-06T21:33:19+00:00\",\"author\":{\"@id\":\"https:\/\/www.budokampsport.se\/#\/schema\/person\/5c06d81d14850e2a8ce5493386560145\"},\"description\":\"I morgon b\u00f6rjar EM i taido. F\u00f6r Elin Mellgren inneb\u00e4r EM hennes tredje officiella internationella m\u00e4sterskap \u2013 och nu t\u00e4nker hon ta den efterl\u00e4ngtade medaljen.\u00a0\u00a0 - Det \u00e4r det m\u00e5let jag har k\u00e4mpat emot, s\u00e4ger hon till budokampsport.se.\",\"breadcrumb\":{\"@id\":\"https:\/\/www.budokampsport.se\/2011\/08\/06\/tredje-gangen-gillt-for-elin-mellgren\/#breadcrumb\"},\"inLanguage\":\"sv-SE\",\"potentialAction\":[{\"@type\":\"ReadAction\",\"target\":[\"https:\/\/www.budokampsport.se\/2011\/08\/06\/tredje-gangen-gillt-for-elin-mellgren\/\"]}]},{\"@type\":\"BreadcrumbList\",\"@id\":\"https:\/\/www.budokampsport.se\/2011\/08\/06\/tredje-gangen-gillt-for-elin-mellgren\/#breadcrumb\",\"itemListElement\":[{\"@type\":\"ListItem\",\"position\":1,\"name\":\"Hem\",\"item\":\"https:\/\/www.budokampsport.se\/\"},{\"@type\":\"ListItem\",\"position\":2,\"name\":\"Tredje g\u00e5ngen gillt f\u00f6r Elin Mellgren?\"}]},{\"@type\":\"WebSite\",\"@id\":\"https:\/\/www.budokampsport.se\/#website\",\"url\":\"https:\/\/www.budokampsport.se\/\",\"name\":\"Svenska Budo &amp; Kampsportsf\u00f6rbundet\",\"description\":\"T\u00e4vling, Tr\u00e4ning, Tradition\",\"potentialAction\":[{\"@type\":\"SearchAction\",\"target\":{\"@type\":\"EntryPoint\",\"urlTemplate\":\"https:\/\/www.budokampsport.se\/?s={search_term_string}\"},\"query-input\":{\"@type\":\"PropertyValueSpecification\",\"valueRequired\":true,\"valueName\":\"search_term_string\"}}],\"inLanguage\":\"sv-SE\"},{\"@type\":\"Person\",\"@id\":\"https:\/\/www.budokampsport.se\/#\/schema\/person\/5c06d81d14850e2a8ce5493386560145\",\"name\":\"Jonathan Broberg\",\"image\":{\"@type\":\"ImageObject\",\"inLanguage\":\"sv-SE\",\"@id\":\"https:\/\/www.budokampsport.se\/#\/schema\/person\/image\/\",\"url\":\"https:\/\/secure.gravatar.com\/avatar\/a58041c6cea9128bd9c40ee2f26d4136?s=96&d=blank&r=g\",\"contentUrl\":\"https:\/\/secure.gravatar.com\/avatar\/a58041c6cea9128bd9c40ee2f26d4136?s=96&d=blank&r=g\",\"caption\":\"Jonathan Broberg\"},\"sameAs\":[\"https:\/\/www.facebook.com\/jonathan.broberg.7\"],\"url\":\"https:\/\/www.budokampsport.se\/author\/jonathan\/\"}]}<\/script>\n<!-- \/ Yoast SEO plugin. -->","yoast_head_json":{"title":"Tredje g\u00e5ngen gillt f\u00f6r Elin Mellgren? - Svenska Budo &amp; Kampsportsf\u00f6rbundet","description":"I morgon b\u00f6rjar EM i taido. F\u00f6r Elin Mellgren inneb\u00e4r EM hennes tredje officiella internationella m\u00e4sterskap \u2013 och nu t\u00e4nker hon ta den efterl\u00e4ngtade medaljen.\u00a0\u00a0 - Det \u00e4r det m\u00e5let jag har k\u00e4mpat emot, s\u00e4ger hon till budokampsport.se.","robots":{"index":"index","follow":"follow","max-snippet":"max-snippet:-1","max-image-preview":"max-image-preview:large","max-video-preview":"max-video-preview:-1"},"canonical":"https:\/\/www.budokampsport.se\/2011\/08\/06\/tredje-gangen-gillt-for-elin-mellgren\/","og_locale":"sv_SE","og_type":"article","og_title":"Tredje g\u00e5ngen gillt f\u00f6r Elin Mellgren? - Svenska Budo &amp; Kampsportsf\u00f6rbundet","og_description":"I morgon b\u00f6rjar EM i taido. F\u00f6r Elin Mellgren inneb\u00e4r EM hennes tredje officiella internationella m\u00e4sterskap \u2013 och nu t\u00e4nker hon ta den efterl\u00e4ngtade medaljen.\u00a0\u00a0 - Det \u00e4r det m\u00e5let jag har k\u00e4mpat emot, s\u00e4ger hon till budokampsport.se.","og_url":"https:\/\/www.budokampsport.se\/2011\/08\/06\/tredje-gangen-gillt-for-elin-mellgren\/","og_site_name":"Svenska Budo &amp; Kampsportsf\u00f6rbundet","article_author":"https:\/\/www.facebook.com\/jonathan.broberg.7","article_published_time":"2011-08-06T19:27:31+00:00","article_modified_time":"2016-12-06T21:33:19+00:00","author":"Jonathan Broberg","twitter_card":"summary_large_image","twitter_misc":{"Skriven av":"Jonathan Broberg","Ber\u00e4knad l\u00e4stid":"3 minuter"},"schema":{"@context":"https:\/\/schema.org","@graph":[{"@type":"Article","@id":"https:\/\/www.budokampsport.se\/2011\/08\/06\/tredje-gangen-gillt-for-elin-mellgren\/#article","isPartOf":{"@id":"https:\/\/www.budokampsport.se\/2011\/08\/06\/tredje-gangen-gillt-for-elin-mellgren\/"},"author":{"name":"Jonathan Broberg","@id":"https:\/\/www.budokampsport.se\/#\/schema\/person\/5c06d81d14850e2a8ce5493386560145"},"headline":"Tredje g\u00e5ngen gillt f\u00f6r Elin Mellgren?","datePublished":"2011-08-06T19:27:31+00:00","dateModified":"2016-12-06T21:33:19+00:00","mainEntityOfPage":{"@id":"https:\/\/www.budokampsport.se\/2011\/08\/06\/tredje-gangen-gillt-for-elin-mellgren\/"},"wordCount":629,"inLanguage":"sv-SE"},{"@type":"WebPage","@id":"https:\/\/www.budokampsport.se\/2011\/08\/06\/tredje-gangen-gillt-for-elin-mellgren\/","url":"https:\/\/www.budokampsport.se\/2011\/08\/06\/tredje-gangen-gillt-for-elin-mellgren\/","name":"Tredje g\u00e5ngen gillt f\u00f6r Elin Mellgren? - Svenska Budo &amp; Kampsportsf\u00f6rbundet","isPartOf":{"@id":"https:\/\/www.budokampsport.se\/#website"},"datePublished":"2011-08-06T19:27:31+00:00","dateModified":"2016-12-06T21:33:19+00:00","author":{"@id":"https:\/\/www.budokampsport.se\/#\/schema\/person\/5c06d81d14850e2a8ce5493386560145"},"description":"I morgon b\u00f6rjar EM i taido. F\u00f6r Elin Mellgren inneb\u00e4r EM hennes tredje officiella internationella m\u00e4sterskap \u2013 och nu t\u00e4nker hon ta den efterl\u00e4ngtade medaljen.\u00a0\u00a0 - Det \u00e4r det m\u00e5let jag har k\u00e4mpat emot, s\u00e4ger hon till budokampsport.se.","breadcrumb":{"@id":"https:\/\/www.budokampsport.se\/2011\/08\/06\/tredje-gangen-gillt-for-elin-mellgren\/#breadcrumb"},"inLanguage":"sv-SE","potentialAction":[{"@type":"ReadAction","target":["https:\/\/www.budokampsport.se\/2011\/08\/06\/tredje-gangen-gillt-for-elin-mellgren\/"]}]},{"@type":"BreadcrumbList","@id":"https:\/\/www.budokampsport.se\/2011\/08\/06\/tredje-gangen-gillt-for-elin-mellgren\/#breadcrumb","itemListElement":[{"@type":"ListItem","position":1,"name":"Hem","item":"https:\/\/www.budokampsport.se\/"},{"@type":"ListItem","position":2,"name":"Tredje g\u00e5ngen gillt f\u00f6r Elin Mellgren?"}]},{"@type":"WebSite","@id":"https:\/\/www.budokampsport.se\/#website","url":"https:\/\/www.budokampsport.se\/","name":"Svenska Budo &amp; Kampsportsf\u00f6rbundet","description":"T\u00e4vling, Tr\u00e4ning, Tradition","potentialAction":[{"@type":"SearchAction","target":{"@type":"EntryPoint","urlTemplate":"https:\/\/www.budokampsport.se\/?s={search_term_string}"},"query-input":{"@type":"PropertyValueSpecification","valueRequired":true,"valueName":"search_term_string"}}],"inLanguage":"sv-SE"},{"@type":"Person","@id":"https:\/\/www.budokampsport.se\/#\/schema\/person\/5c06d81d14850e2a8ce5493386560145","name":"Jonathan Broberg","image":{"@type":"ImageObject","inLanguage":"sv-SE","@id":"https:\/\/www.budokampsport.se\/#\/schema\/person\/image\/","url":"https:\/\/secure.gravatar.com\/avatar\/a58041c6cea9128bd9c40ee2f26d4136?s=96&d=blank&r=g","contentUrl":"https:\/\/secure.gravatar.com\/avatar\/a58041c6cea9128bd9c40ee2f26d4136?s=96&d=blank&r=g","caption":"Jonathan Broberg"},"sameAs":["https:\/\/www.facebook.com\/jonathan.broberg.7"],"url":"https:\/\/www.budokampsport.se\/author\/jonathan\/"}]}},"_links":{"self":[{"href":"https:\/\/www.budokampsport.se\/api\/wp\/v2\/posts\/3869","targetHints":{"allow":["GET"]}}],"collection":[{"href":"https:\/\/www.budokampsport.se\/api\/wp\/v2\/posts"}],"about":[{"href":"https:\/\/www.budokampsport.se\/api\/wp\/v2\/types\/post"}],"author":[{"embeddable":true,"href":"https:\/\/www.budokampsport.se\/api\/wp\/v2\/users\/7"}],"replies":[{"embeddable":true,"href":"https:\/\/www.budokampsport.se\/api\/wp\/v2\/comments?post=3869"}],"version-history":[{"count":0,"href":"https:\/\/www.budokampsport.se\/api\/wp\/v2\/posts\/3869\/revisions"}],"wp:attachment":[{"href":"https:\/\/www.budokampsport.se\/api\/wp\/v2\/media?parent=3869"}],"wp:term":[{"taxonomy":"category","embeddable":true,"href":"https:\/\/www.budokampsport.se\/api\/wp\/v2\/categories?post=3869"},{"taxonomy":"post_tag","embeddable":true,"href":"https:\/\/www.budokampsport.se\/api\/wp\/v2\/tags?post=3869"}],"curies":[{"name":"wp","href":"https:\/\/api.w.org\/{rel}","templated":true}]}}