{"id":38897,"date":"2017-02-17T00:46:04","date_gmt":"2017-02-16T23:46:04","guid":{"rendered":"http:\/\/www.budokampsport.se\/?p=38897"},"modified":"2017-02-17T00:49:38","modified_gmt":"2017-02-16T23:49:38","slug":"joel-moya-infor-debuten-pro-mma","status":"publish","type":"post","link":"https:\/\/www.budokampsport.se\/2017\/02\/17\/joel-moya-infor-debuten-pro-mma\/","title":{"rendered":"Joel Moya inf\u00f6r debuten i Pro-MMA"},"content":{"rendered":"<p>Det \u00e4r ett tag sedan vi h\u00f6rde fr\u00e5n Joel Moya. Han har inte varit i rampljuset p\u00e5 l\u00e4nge men p\u00e5 l\u00f6rdag p\u00e5 IRFA p\u00e5 Berns \u00e4r den forna VM-silvermedalj\u00f6ren redo f\u00f6r sin f\u00f6rsta match i proffsregler.<\/p>\n<p><strong>Sj\u00e4lv ser han mycket fram emot en ny epok i sin MMA-karri\u00e4r.<\/strong><br \/>\n&#8211; Det har varit en fantastisk resa hittills\u00a0 och jag har l\u00e4rt mig mycket om mig sj\u00e4lv. Jag har f\u00e5tt mycket l\u00e4rdomar som jag har stor anv\u00e4ndning av och har tr\u00e4ffat s\u00e5 m\u00e5nga fantastiska m\u00e4nniskor hittills, och det \u00e4r inte \u00f6ver \u00e4n. Jag ser fram emot alla utmaningar jag ska st\u00e4llas inf\u00f6r. Och k\u00e4nner mig helt redo f\u00f6r det. Allt har en b\u00f6rjan.<br \/>\n&#8211; Jag ser det som en kul utmaning\u00a0 och ett naturligt steg. Och det \u00e4r dags att g\u00f6ra vad man kan f\u00f6r att kl\u00e4ttra p\u00e5 den rankingen ocks\u00e5.<\/p>\n<p><strong>Vad betyder det f\u00f6r dig att f\u00e5 den h\u00e4r matchen p\u00e5 IRFA?<\/strong><br \/>\n&#8211; Jag uppskattar f\u00f6rtroendet\u00a0 av IRFA. Kul n\u00e4r matcherna skall lives\u00e4ndas och det k\u00e4nns proffsigt.<\/p>\n<p><strong>Vad kan du s\u00e4ga om din motst\u00e5ndare, Martin Fouda, och vilken typ av match kan vi f\u00f6rv\u00e4nta oss p\u00e5 l\u00f6rdag?<\/strong><br \/>\n&#8211; Han \u00e4r v\u00e4ldigt tuff. Och jag har respekt f\u00f6r honom, dels f\u00f6r det faktum att han aldrig har tackat nej till en match.<br \/>\n&#8211; Jag tror p\u00e5 en taktisk men fartfylld match skulle jag vilja s\u00e4ga.<\/p>\n<p><strong>Det h\u00e4r \u00e4r Joel Moya<\/strong><br \/>\n<strong><em>\u00c5lder:<\/em><\/strong> 27<br \/>\n<em><strong>Bor:<\/strong><\/em> Fiskebyn, G\u00f6teborg<br \/>\n<em><strong>Klubb:<\/strong><\/em> GBG MMA, Epic FC och Conde BJJ<br \/>\n<em><strong>Musik han helst lyssnar till:<\/strong><\/em> <em>\u201dF\u00f6r tillf\u00e4llet \u00e4r det mycket spansk musik och \u00e4ldre hip hop.\u201d<\/em><br \/>\n<em><strong>Favoritfilm:<\/strong><\/em> <em>\u201dDet \u00e4r ett par stycken men m\u00e5ste jag v\u00e4lja en \u00e4r det Maffiabr\u00f6der eller Pulp fiction.\u201d<\/em><br \/>\n<em><strong>Skulle vilja tacka:<\/strong><\/em> Jensen Management, Ompu, GBG MMA, Epic FC, S\u00f6derstr\u00f6mkliniken<br \/>\n<em><strong>Finns h\u00e4r p\u00e5 Instagram:<\/strong><\/em> @flacomoya<\/p>\n<p>Text: Jonathan Broberg<br \/>\nFoto: Mona Lundkvist<\/p>\n","protected":false},"excerpt":{"rendered":"<p>27-\u00e5rige Joel Moya har tidigare gjort stor succ\u00e9 inom amat\u00f6r-MMA:n och har bland annat vunnit ett VM-silver. P\u00e5 l\u00f6rdag skriver han emellertid ett nytt kapitel i sin MMA-karri\u00e4r, d\u00e5 han g\u00e5r sin f\u00f6rsta match i proffsregler d\u00e5 han m\u00f6ter Martin Fouda p\u00e5 IRFA p\u00e5 Berns.<br \/><br>&#8211; Jag ser fram emot alla utmaningar jag ska st\u00e4llas inf\u00f6r, s\u00e4ger han till budokampsport.se.<\/p><br>","protected":false},"author":7,"featured_media":38898,"comment_status":"open","ping_status":"open","sticky":false,"template":"","format":"standard","meta":{"_acf_changed":false,"footnotes":""},"categories":[1],"tags":[],"class_list":["post-38897","post","type-post","status-publish","format-standard","has-post-thumbnail","hentry","category-okategoriserade"],"acf":[],"yoast_head":"<!-- This site is optimized with the Yoast SEO plugin v26.8 - https:\/\/yoast.com\/product\/yoast-seo-wordpress\/ -->\n<title>Joel Moya inf\u00f6r debuten i Pro-MMA - Svenska Budo &amp; Kampsportsf\u00f6rbundet<\/title>\n<meta name=\"description\" content=\"27-\u00e5rige Joel Moya har tidigare gjort stor succ\u00e9 inom amat\u00f6r-MMA:n och har bland annat vunnit ett VM-silver. P\u00e5 l\u00f6rdag skriver han emellertid ett nytt kapitel i sin MMA-karri\u00e4r, d\u00e5 han g\u00e5r sin f\u00f6rsta match i proffsregler d\u00e5 han m\u00f6ter Martin Fouda p\u00e5 IRFA p\u00e5 Berns. - Jag ser fram emot alla utmaningar jag ska st\u00e4llas inf\u00f6r, s\u00e4ger han till budokampsport.se.\" \/>\n<meta name=\"robots\" content=\"index, follow, max-snippet:-1, max-image-preview:large, max-video-preview:-1\" \/>\n<link rel=\"canonical\" href=\"https:\/\/www.budokampsport.se\/2017\/02\/17\/joel-moya-infor-debuten-pro-mma\/\" \/>\n<meta property=\"og:locale\" content=\"sv_SE\" \/>\n<meta property=\"og:type\" content=\"article\" \/>\n<meta property=\"og:title\" content=\"Joel Moya inf\u00f6r debuten i Pro-MMA - Svenska Budo &amp; Kampsportsf\u00f6rbundet\" \/>\n<meta property=\"og:description\" content=\"27-\u00e5rige Joel Moya har tidigare gjort stor succ\u00e9 inom amat\u00f6r-MMA:n och har bland annat vunnit ett VM-silver. P\u00e5 l\u00f6rdag skriver han emellertid ett nytt kapitel i sin MMA-karri\u00e4r, d\u00e5 han g\u00e5r sin f\u00f6rsta match i proffsregler d\u00e5 han m\u00f6ter Martin Fouda p\u00e5 IRFA p\u00e5 Berns. - Jag ser fram emot alla utmaningar jag ska st\u00e4llas inf\u00f6r, s\u00e4ger han till budokampsport.se.\" \/>\n<meta property=\"og:url\" content=\"https:\/\/www.budokampsport.se\/2017\/02\/17\/joel-moya-infor-debuten-pro-mma\/\" \/>\n<meta property=\"og:site_name\" content=\"Svenska Budo &amp; Kampsportsf\u00f6rbundet\" \/>\n<meta property=\"article:author\" content=\"https:\/\/www.facebook.com\/jonathan.broberg.7\" \/>\n<meta property=\"article:published_time\" content=\"2017-02-16T23:46:04+00:00\" \/>\n<meta property=\"article:modified_time\" content=\"2017-02-16T23:49:38+00:00\" \/>\n<meta property=\"og:image\" content=\"https:\/\/www.budokampsport.se\/wp-content\/uploads\/2017\/02\/joel_1-Kopia.jpg\" \/>\n\t<meta property=\"og:image:width\" content=\"850\" \/>\n\t<meta property=\"og:image:height\" content=\"567\" \/>\n\t<meta property=\"og:image:type\" content=\"image\/jpeg\" \/>\n<meta name=\"author\" content=\"Jonathan Broberg\" \/>\n<meta name=\"twitter:card\" content=\"summary_large_image\" \/>\n<meta name=\"twitter:label1\" content=\"Skriven av\" \/>\n\t<meta name=\"twitter:data1\" content=\"Jonathan Broberg\" \/>\n\t<meta name=\"twitter:label2\" content=\"Ber\u00e4knad l\u00e4stid\" \/>\n\t<meta name=\"twitter:data2\" content=\"2 minuter\" \/>\n<script type=\"application\/ld+json\" class=\"yoast-schema-graph\">{\"@context\":\"https:\/\/schema.org\",\"@graph\":[{\"@type\":\"Article\",\"@id\":\"https:\/\/www.budokampsport.se\/2017\/02\/17\/joel-moya-infor-debuten-pro-mma\/#article\",\"isPartOf\":{\"@id\":\"https:\/\/www.budokampsport.se\/2017\/02\/17\/joel-moya-infor-debuten-pro-mma\/\"},\"author\":{\"name\":\"Jonathan Broberg\",\"@id\":\"https:\/\/www.budokampsport.se\/#\/schema\/person\/5c06d81d14850e2a8ce5493386560145\"},\"headline\":\"Joel Moya inf\u00f6r debuten i Pro-MMA\",\"datePublished\":\"2017-02-16T23:46:04+00:00\",\"dateModified\":\"2017-02-16T23:49:38+00:00\",\"mainEntityOfPage\":{\"@id\":\"https:\/\/www.budokampsport.se\/2017\/02\/17\/joel-moya-infor-debuten-pro-mma\/\"},\"wordCount\":352,\"commentCount\":0,\"image\":{\"@id\":\"https:\/\/www.budokampsport.se\/2017\/02\/17\/joel-moya-infor-debuten-pro-mma\/#primaryimage\"},\"thumbnailUrl\":\"https:\/\/www.budokampsport.se\/wp-content\/uploads\/2017\/02\/joel_1-Kopia.jpg\",\"inLanguage\":\"sv-SE\",\"potentialAction\":[{\"@type\":\"CommentAction\",\"name\":\"Comment\",\"target\":[\"https:\/\/www.budokampsport.se\/2017\/02\/17\/joel-moya-infor-debuten-pro-mma\/#respond\"]}]},{\"@type\":\"WebPage\",\"@id\":\"https:\/\/www.budokampsport.se\/2017\/02\/17\/joel-moya-infor-debuten-pro-mma\/\",\"url\":\"https:\/\/www.budokampsport.se\/2017\/02\/17\/joel-moya-infor-debuten-pro-mma\/\",\"name\":\"Joel Moya inf\u00f6r debuten i Pro-MMA - Svenska Budo &amp; Kampsportsf\u00f6rbundet\",\"isPartOf\":{\"@id\":\"https:\/\/www.budokampsport.se\/#website\"},\"primaryImageOfPage\":{\"@id\":\"https:\/\/www.budokampsport.se\/2017\/02\/17\/joel-moya-infor-debuten-pro-mma\/#primaryimage\"},\"image\":{\"@id\":\"https:\/\/www.budokampsport.se\/2017\/02\/17\/joel-moya-infor-debuten-pro-mma\/#primaryimage\"},\"thumbnailUrl\":\"https:\/\/www.budokampsport.se\/wp-content\/uploads\/2017\/02\/joel_1-Kopia.jpg\",\"datePublished\":\"2017-02-16T23:46:04+00:00\",\"dateModified\":\"2017-02-16T23:49:38+00:00\",\"author\":{\"@id\":\"https:\/\/www.budokampsport.se\/#\/schema\/person\/5c06d81d14850e2a8ce5493386560145\"},\"description\":\"27-\u00e5rige Joel Moya har tidigare gjort stor succ\u00e9 inom amat\u00f6r-MMA:n och har bland annat vunnit ett VM-silver. P\u00e5 l\u00f6rdag skriver han emellertid ett nytt kapitel i sin MMA-karri\u00e4r, d\u00e5 han g\u00e5r sin f\u00f6rsta match i proffsregler d\u00e5 han m\u00f6ter Martin Fouda p\u00e5 IRFA p\u00e5 Berns. - Jag ser fram emot alla utmaningar jag ska st\u00e4llas inf\u00f6r, s\u00e4ger han till budokampsport.se.\",\"breadcrumb\":{\"@id\":\"https:\/\/www.budokampsport.se\/2017\/02\/17\/joel-moya-infor-debuten-pro-mma\/#breadcrumb\"},\"inLanguage\":\"sv-SE\",\"potentialAction\":[{\"@type\":\"ReadAction\",\"target\":[\"https:\/\/www.budokampsport.se\/2017\/02\/17\/joel-moya-infor-debuten-pro-mma\/\"]}]},{\"@type\":\"ImageObject\",\"inLanguage\":\"sv-SE\",\"@id\":\"https:\/\/www.budokampsport.se\/2017\/02\/17\/joel-moya-infor-debuten-pro-mma\/#primaryimage\",\"url\":\"https:\/\/www.budokampsport.se\/wp-content\/uploads\/2017\/02\/joel_1-Kopia.jpg\",\"contentUrl\":\"https:\/\/www.budokampsport.se\/wp-content\/uploads\/2017\/02\/joel_1-Kopia.jpg\",\"width\":850,\"height\":567,\"caption\":\"Foto: Mona Lundkvist\"},{\"@type\":\"BreadcrumbList\",\"@id\":\"https:\/\/www.budokampsport.se\/2017\/02\/17\/joel-moya-infor-debuten-pro-mma\/#breadcrumb\",\"itemListElement\":[{\"@type\":\"ListItem\",\"position\":1,\"name\":\"Hem\",\"item\":\"https:\/\/www.budokampsport.se\/\"},{\"@type\":\"ListItem\",\"position\":2,\"name\":\"Joel Moya inf\u00f6r debuten i Pro-MMA\"}]},{\"@type\":\"WebSite\",\"@id\":\"https:\/\/www.budokampsport.se\/#website\",\"url\":\"https:\/\/www.budokampsport.se\/\",\"name\":\"Svenska Budo &amp; Kampsportsf\u00f6rbundet\",\"description\":\"T\u00e4vling, Tr\u00e4ning, Tradition\",\"potentialAction\":[{\"@type\":\"SearchAction\",\"target\":{\"@type\":\"EntryPoint\",\"urlTemplate\":\"https:\/\/www.budokampsport.se\/?s={search_term_string}\"},\"query-input\":{\"@type\":\"PropertyValueSpecification\",\"valueRequired\":true,\"valueName\":\"search_term_string\"}}],\"inLanguage\":\"sv-SE\"},{\"@type\":\"Person\",\"@id\":\"https:\/\/www.budokampsport.se\/#\/schema\/person\/5c06d81d14850e2a8ce5493386560145\",\"name\":\"Jonathan Broberg\",\"image\":{\"@type\":\"ImageObject\",\"inLanguage\":\"sv-SE\",\"@id\":\"https:\/\/www.budokampsport.se\/#\/schema\/person\/image\/\",\"url\":\"https:\/\/secure.gravatar.com\/avatar\/a58041c6cea9128bd9c40ee2f26d4136?s=96&d=blank&r=g\",\"contentUrl\":\"https:\/\/secure.gravatar.com\/avatar\/a58041c6cea9128bd9c40ee2f26d4136?s=96&d=blank&r=g\",\"caption\":\"Jonathan Broberg\"},\"sameAs\":[\"https:\/\/www.facebook.com\/jonathan.broberg.7\"],\"url\":\"https:\/\/www.budokampsport.se\/author\/jonathan\/\"}]}<\/script>\n<!-- \/ Yoast SEO plugin. -->","yoast_head_json":{"title":"Joel Moya inf\u00f6r debuten i Pro-MMA - Svenska Budo &amp; Kampsportsf\u00f6rbundet","description":"27-\u00e5rige Joel Moya har tidigare gjort stor succ\u00e9 inom amat\u00f6r-MMA:n och har bland annat vunnit ett VM-silver. P\u00e5 l\u00f6rdag skriver han emellertid ett nytt kapitel i sin MMA-karri\u00e4r, d\u00e5 han g\u00e5r sin f\u00f6rsta match i proffsregler d\u00e5 han m\u00f6ter Martin Fouda p\u00e5 IRFA p\u00e5 Berns. - Jag ser fram emot alla utmaningar jag ska st\u00e4llas inf\u00f6r, s\u00e4ger han till budokampsport.se.","robots":{"index":"index","follow":"follow","max-snippet":"max-snippet:-1","max-image-preview":"max-image-preview:large","max-video-preview":"max-video-preview:-1"},"canonical":"https:\/\/www.budokampsport.se\/2017\/02\/17\/joel-moya-infor-debuten-pro-mma\/","og_locale":"sv_SE","og_type":"article","og_title":"Joel Moya inf\u00f6r debuten i Pro-MMA - Svenska Budo &amp; Kampsportsf\u00f6rbundet","og_description":"27-\u00e5rige Joel Moya har tidigare gjort stor succ\u00e9 inom amat\u00f6r-MMA:n och har bland annat vunnit ett VM-silver. P\u00e5 l\u00f6rdag skriver han emellertid ett nytt kapitel i sin MMA-karri\u00e4r, d\u00e5 han g\u00e5r sin f\u00f6rsta match i proffsregler d\u00e5 han m\u00f6ter Martin Fouda p\u00e5 IRFA p\u00e5 Berns. - Jag ser fram emot alla utmaningar jag ska st\u00e4llas inf\u00f6r, s\u00e4ger han till budokampsport.se.","og_url":"https:\/\/www.budokampsport.se\/2017\/02\/17\/joel-moya-infor-debuten-pro-mma\/","og_site_name":"Svenska Budo &amp; Kampsportsf\u00f6rbundet","article_author":"https:\/\/www.facebook.com\/jonathan.broberg.7","article_published_time":"2017-02-16T23:46:04+00:00","article_modified_time":"2017-02-16T23:49:38+00:00","og_image":[{"width":850,"height":567,"url":"https:\/\/www.budokampsport.se\/wp-content\/uploads\/2017\/02\/joel_1-Kopia.jpg","type":"image\/jpeg"}],"author":"Jonathan Broberg","twitter_card":"summary_large_image","twitter_misc":{"Skriven av":"Jonathan Broberg","Ber\u00e4knad l\u00e4stid":"2 minuter"},"schema":{"@context":"https:\/\/schema.org","@graph":[{"@type":"Article","@id":"https:\/\/www.budokampsport.se\/2017\/02\/17\/joel-moya-infor-debuten-pro-mma\/#article","isPartOf":{"@id":"https:\/\/www.budokampsport.se\/2017\/02\/17\/joel-moya-infor-debuten-pro-mma\/"},"author":{"name":"Jonathan Broberg","@id":"https:\/\/www.budokampsport.se\/#\/schema\/person\/5c06d81d14850e2a8ce5493386560145"},"headline":"Joel Moya inf\u00f6r debuten i Pro-MMA","datePublished":"2017-02-16T23:46:04+00:00","dateModified":"2017-02-16T23:49:38+00:00","mainEntityOfPage":{"@id":"https:\/\/www.budokampsport.se\/2017\/02\/17\/joel-moya-infor-debuten-pro-mma\/"},"wordCount":352,"commentCount":0,"image":{"@id":"https:\/\/www.budokampsport.se\/2017\/02\/17\/joel-moya-infor-debuten-pro-mma\/#primaryimage"},"thumbnailUrl":"https:\/\/www.budokampsport.se\/wp-content\/uploads\/2017\/02\/joel_1-Kopia.jpg","inLanguage":"sv-SE","potentialAction":[{"@type":"CommentAction","name":"Comment","target":["https:\/\/www.budokampsport.se\/2017\/02\/17\/joel-moya-infor-debuten-pro-mma\/#respond"]}]},{"@type":"WebPage","@id":"https:\/\/www.budokampsport.se\/2017\/02\/17\/joel-moya-infor-debuten-pro-mma\/","url":"https:\/\/www.budokampsport.se\/2017\/02\/17\/joel-moya-infor-debuten-pro-mma\/","name":"Joel Moya inf\u00f6r debuten i Pro-MMA - Svenska Budo &amp; Kampsportsf\u00f6rbundet","isPartOf":{"@id":"https:\/\/www.budokampsport.se\/#website"},"primaryImageOfPage":{"@id":"https:\/\/www.budokampsport.se\/2017\/02\/17\/joel-moya-infor-debuten-pro-mma\/#primaryimage"},"image":{"@id":"https:\/\/www.budokampsport.se\/2017\/02\/17\/joel-moya-infor-debuten-pro-mma\/#primaryimage"},"thumbnailUrl":"https:\/\/www.budokampsport.se\/wp-content\/uploads\/2017\/02\/joel_1-Kopia.jpg","datePublished":"2017-02-16T23:46:04+00:00","dateModified":"2017-02-16T23:49:38+00:00","author":{"@id":"https:\/\/www.budokampsport.se\/#\/schema\/person\/5c06d81d14850e2a8ce5493386560145"},"description":"27-\u00e5rige Joel Moya har tidigare gjort stor succ\u00e9 inom amat\u00f6r-MMA:n och har bland annat vunnit ett VM-silver. P\u00e5 l\u00f6rdag skriver han emellertid ett nytt kapitel i sin MMA-karri\u00e4r, d\u00e5 han g\u00e5r sin f\u00f6rsta match i proffsregler d\u00e5 han m\u00f6ter Martin Fouda p\u00e5 IRFA p\u00e5 Berns. - Jag ser fram emot alla utmaningar jag ska st\u00e4llas inf\u00f6r, s\u00e4ger han till budokampsport.se.","breadcrumb":{"@id":"https:\/\/www.budokampsport.se\/2017\/02\/17\/joel-moya-infor-debuten-pro-mma\/#breadcrumb"},"inLanguage":"sv-SE","potentialAction":[{"@type":"ReadAction","target":["https:\/\/www.budokampsport.se\/2017\/02\/17\/joel-moya-infor-debuten-pro-mma\/"]}]},{"@type":"ImageObject","inLanguage":"sv-SE","@id":"https:\/\/www.budokampsport.se\/2017\/02\/17\/joel-moya-infor-debuten-pro-mma\/#primaryimage","url":"https:\/\/www.budokampsport.se\/wp-content\/uploads\/2017\/02\/joel_1-Kopia.jpg","contentUrl":"https:\/\/www.budokampsport.se\/wp-content\/uploads\/2017\/02\/joel_1-Kopia.jpg","width":850,"height":567,"caption":"Foto: Mona Lundkvist"},{"@type":"BreadcrumbList","@id":"https:\/\/www.budokampsport.se\/2017\/02\/17\/joel-moya-infor-debuten-pro-mma\/#breadcrumb","itemListElement":[{"@type":"ListItem","position":1,"name":"Hem","item":"https:\/\/www.budokampsport.se\/"},{"@type":"ListItem","position":2,"name":"Joel Moya inf\u00f6r debuten i Pro-MMA"}]},{"@type":"WebSite","@id":"https:\/\/www.budokampsport.se\/#website","url":"https:\/\/www.budokampsport.se\/","name":"Svenska Budo &amp; Kampsportsf\u00f6rbundet","description":"T\u00e4vling, Tr\u00e4ning, Tradition","potentialAction":[{"@type":"SearchAction","target":{"@type":"EntryPoint","urlTemplate":"https:\/\/www.budokampsport.se\/?s={search_term_string}"},"query-input":{"@type":"PropertyValueSpecification","valueRequired":true,"valueName":"search_term_string"}}],"inLanguage":"sv-SE"},{"@type":"Person","@id":"https:\/\/www.budokampsport.se\/#\/schema\/person\/5c06d81d14850e2a8ce5493386560145","name":"Jonathan Broberg","image":{"@type":"ImageObject","inLanguage":"sv-SE","@id":"https:\/\/www.budokampsport.se\/#\/schema\/person\/image\/","url":"https:\/\/secure.gravatar.com\/avatar\/a58041c6cea9128bd9c40ee2f26d4136?s=96&d=blank&r=g","contentUrl":"https:\/\/secure.gravatar.com\/avatar\/a58041c6cea9128bd9c40ee2f26d4136?s=96&d=blank&r=g","caption":"Jonathan Broberg"},"sameAs":["https:\/\/www.facebook.com\/jonathan.broberg.7"],"url":"https:\/\/www.budokampsport.se\/author\/jonathan\/"}]}},"_links":{"self":[{"href":"https:\/\/www.budokampsport.se\/api\/wp\/v2\/posts\/38897","targetHints":{"allow":["GET"]}}],"collection":[{"href":"https:\/\/www.budokampsport.se\/api\/wp\/v2\/posts"}],"about":[{"href":"https:\/\/www.budokampsport.se\/api\/wp\/v2\/types\/post"}],"author":[{"embeddable":true,"href":"https:\/\/www.budokampsport.se\/api\/wp\/v2\/users\/7"}],"replies":[{"embeddable":true,"href":"https:\/\/www.budokampsport.se\/api\/wp\/v2\/comments?post=38897"}],"version-history":[{"count":0,"href":"https:\/\/www.budokampsport.se\/api\/wp\/v2\/posts\/38897\/revisions"}],"wp:featuredmedia":[{"embeddable":true,"href":"https:\/\/www.budokampsport.se\/api\/wp\/v2\/media\/38898"}],"wp:attachment":[{"href":"https:\/\/www.budokampsport.se\/api\/wp\/v2\/media?parent=38897"}],"wp:term":[{"taxonomy":"category","embeddable":true,"href":"https:\/\/www.budokampsport.se\/api\/wp\/v2\/categories?post=38897"},{"taxonomy":"post_tag","embeddable":true,"href":"https:\/\/www.budokampsport.se\/api\/wp\/v2\/tags?post=38897"}],"curies":[{"name":"wp","href":"https:\/\/api.w.org\/{rel}","templated":true}]}}