{"id":38941,"date":"2017-02-17T16:53:12","date_gmt":"2017-02-17T15:53:12","guid":{"rendered":"http:\/\/www.budokampsport.se\/?p=38941"},"modified":"2017-02-17T16:53:12","modified_gmt":"2017-02-17T15:53:12","slug":"hart-tryck-pa-irfa-biljetterna","status":"publish","type":"post","link":"https:\/\/www.budokampsport.se\/2017\/02\/17\/hart-tryck-pa-irfa-biljetterna\/","title":{"rendered":"H\u00e5rt tryck p\u00e5 IRFA-biljetterna"},"content":{"rendered":"<p>Den elfte upplagan av MMA-galan IRFA, International Ring Fight Arena, p\u00e5 Berns imorgon kv\u00e4ll drar till sig ett rekordintresse.<\/p>\n<p>Galan \u00e4r sluts\u00e5ld sedan flera veckor tillbaka och arrang\u00f6ren Perry Segerqvist ger sin f\u00f6rklaring till det stora trycket p\u00e5 galabiljetterna.<br \/>\n&#8211; Sverige har m\u00e5nga sjukt duktiga talanger inom MMA, och de vill vi lyfta fram i ett litet st\u00f6rre sammanhang s\u00e5 de f\u00e5r k\u00e4nna p\u00e5 hur det \u00e4r. Och att vi sj\u00e4lva f\u00e5r chansen att visa vilka talanger svensk MMA f\u00f6rfogar \u00f6ver. Sedan \u00e4r vi glada \u00f6ver att vi kan leverera en titelmatch som egentligen kan g\u00e5 \u00e5t vilket h\u00e5ll som helst. Jag tror det blir bra action i morgon, och det i kombination med en s\u00e5dan fin lokal som Berns \u00e4r, g\u00f6r att folk blir intresserade av eventet.<\/p>\n<p>Galan startar imorgon 17.00.<\/p>\n<p>Text och foto: Jonathan Broberg<\/p>\n","protected":false},"excerpt":{"rendered":"<p>I morgon \u00e4r det s\u00e5 dags f\u00f6r IRFA p\u00e5 Berns. Det blir den elfte upplagan av MMA-galan, andra g\u00e5ngen p\u00e5 Berns, och intresset har varit rekordstort. Och i morgon \u00e4r det uts\u00e5ld salong.<br \/><br>&#8211; Det k\u00e4nns fantastiskt kul, galan har varit sluts\u00e5ld sedan flera veckor tillbaka, s\u00e4ger Perry Segerqvist till budokampsport.se.<\/p><br>","protected":false},"author":7,"featured_media":38946,"comment_status":"open","ping_status":"open","sticky":false,"template":"","format":"standard","meta":{"_acf_changed":false,"footnotes":""},"categories":[1],"tags":[],"class_list":["post-38941","post","type-post","status-publish","format-standard","has-post-thumbnail","hentry","category-okategoriserade"],"acf":[],"yoast_head":"<!-- This site is optimized with the Yoast SEO plugin v26.8 - https:\/\/yoast.com\/product\/yoast-seo-wordpress\/ -->\n<title>H\u00e5rt tryck p\u00e5 IRFA-biljetterna - Svenska Budo &amp; Kampsportsf\u00f6rbundet<\/title>\n<meta name=\"description\" content=\"I morgon \u00e4r det s\u00e5 dags f\u00f6r IRFA p\u00e5 Berns. Det blir den elfte upplagan av MMA-galan, andra g\u00e5ngen p\u00e5 Berns, och intresset har varit rekordstort. Och i morgon \u00e4r det uts\u00e5ld salong. - Det k\u00e4nns fantastiskt kul, galan har varit sluts\u00e5ld sedan flera veckor tillbaka, s\u00e4ger Perry Segerqvist till budokampsport.se.\" \/>\n<meta name=\"robots\" content=\"index, follow, max-snippet:-1, max-image-preview:large, max-video-preview:-1\" \/>\n<link rel=\"canonical\" href=\"https:\/\/www.budokampsport.se\/2017\/02\/17\/hart-tryck-pa-irfa-biljetterna\/\" \/>\n<meta property=\"og:locale\" content=\"sv_SE\" \/>\n<meta property=\"og:type\" content=\"article\" \/>\n<meta property=\"og:title\" content=\"H\u00e5rt tryck p\u00e5 IRFA-biljetterna - Svenska Budo &amp; Kampsportsf\u00f6rbundet\" \/>\n<meta property=\"og:description\" content=\"I morgon \u00e4r det s\u00e5 dags f\u00f6r IRFA p\u00e5 Berns. Det blir den elfte upplagan av MMA-galan, andra g\u00e5ngen p\u00e5 Berns, och intresset har varit rekordstort. Och i morgon \u00e4r det uts\u00e5ld salong. - Det k\u00e4nns fantastiskt kul, galan har varit sluts\u00e5ld sedan flera veckor tillbaka, s\u00e4ger Perry Segerqvist till budokampsport.se.\" \/>\n<meta property=\"og:url\" content=\"https:\/\/www.budokampsport.se\/2017\/02\/17\/hart-tryck-pa-irfa-biljetterna\/\" \/>\n<meta property=\"og:site_name\" content=\"Svenska Budo &amp; Kampsportsf\u00f6rbundet\" \/>\n<meta property=\"article:author\" content=\"https:\/\/www.facebook.com\/jonathan.broberg.7\" \/>\n<meta property=\"article:published_time\" content=\"2017-02-17T15:53:12+00:00\" \/>\n<meta property=\"og:image\" content=\"https:\/\/www.budokampsport.se\/wp-content\/uploads\/2017\/02\/perry.jpg\" \/>\n\t<meta property=\"og:image:width\" content=\"850\" \/>\n\t<meta property=\"og:image:height\" content=\"567\" \/>\n\t<meta property=\"og:image:type\" content=\"image\/jpeg\" \/>\n<meta name=\"author\" content=\"Jonathan Broberg\" \/>\n<meta name=\"twitter:card\" content=\"summary_large_image\" \/>\n<meta name=\"twitter:label1\" content=\"Skriven av\" \/>\n\t<meta name=\"twitter:data1\" content=\"Jonathan Broberg\" \/>\n\t<meta name=\"twitter:label2\" content=\"Ber\u00e4knad l\u00e4stid\" \/>\n\t<meta name=\"twitter:data2\" content=\"1 minut\" \/>\n<script type=\"application\/ld+json\" class=\"yoast-schema-graph\">{\"@context\":\"https:\/\/schema.org\",\"@graph\":[{\"@type\":\"Article\",\"@id\":\"https:\/\/www.budokampsport.se\/2017\/02\/17\/hart-tryck-pa-irfa-biljetterna\/#article\",\"isPartOf\":{\"@id\":\"https:\/\/www.budokampsport.se\/2017\/02\/17\/hart-tryck-pa-irfa-biljetterna\/\"},\"author\":{\"name\":\"Jonathan Broberg\",\"@id\":\"https:\/\/www.budokampsport.se\/#\/schema\/person\/5c06d81d14850e2a8ce5493386560145\"},\"headline\":\"H\u00e5rt tryck p\u00e5 IRFA-biljetterna\",\"datePublished\":\"2017-02-17T15:53:12+00:00\",\"mainEntityOfPage\":{\"@id\":\"https:\/\/www.budokampsport.se\/2017\/02\/17\/hart-tryck-pa-irfa-biljetterna\/\"},\"wordCount\":155,\"commentCount\":0,\"image\":{\"@id\":\"https:\/\/www.budokampsport.se\/2017\/02\/17\/hart-tryck-pa-irfa-biljetterna\/#primaryimage\"},\"thumbnailUrl\":\"https:\/\/www.budokampsport.se\/wp-content\/uploads\/2017\/02\/perry.jpg\",\"inLanguage\":\"sv-SE\",\"potentialAction\":[{\"@type\":\"CommentAction\",\"name\":\"Comment\",\"target\":[\"https:\/\/www.budokampsport.se\/2017\/02\/17\/hart-tryck-pa-irfa-biljetterna\/#respond\"]}]},{\"@type\":\"WebPage\",\"@id\":\"https:\/\/www.budokampsport.se\/2017\/02\/17\/hart-tryck-pa-irfa-biljetterna\/\",\"url\":\"https:\/\/www.budokampsport.se\/2017\/02\/17\/hart-tryck-pa-irfa-biljetterna\/\",\"name\":\"H\u00e5rt tryck p\u00e5 IRFA-biljetterna - Svenska Budo &amp; Kampsportsf\u00f6rbundet\",\"isPartOf\":{\"@id\":\"https:\/\/www.budokampsport.se\/#website\"},\"primaryImageOfPage\":{\"@id\":\"https:\/\/www.budokampsport.se\/2017\/02\/17\/hart-tryck-pa-irfa-biljetterna\/#primaryimage\"},\"image\":{\"@id\":\"https:\/\/www.budokampsport.se\/2017\/02\/17\/hart-tryck-pa-irfa-biljetterna\/#primaryimage\"},\"thumbnailUrl\":\"https:\/\/www.budokampsport.se\/wp-content\/uploads\/2017\/02\/perry.jpg\",\"datePublished\":\"2017-02-17T15:53:12+00:00\",\"author\":{\"@id\":\"https:\/\/www.budokampsport.se\/#\/schema\/person\/5c06d81d14850e2a8ce5493386560145\"},\"description\":\"I morgon \u00e4r det s\u00e5 dags f\u00f6r IRFA p\u00e5 Berns. Det blir den elfte upplagan av MMA-galan, andra g\u00e5ngen p\u00e5 Berns, och intresset har varit rekordstort. Och i morgon \u00e4r det uts\u00e5ld salong. - Det k\u00e4nns fantastiskt kul, galan har varit sluts\u00e5ld sedan flera veckor tillbaka, s\u00e4ger Perry Segerqvist till budokampsport.se.\",\"breadcrumb\":{\"@id\":\"https:\/\/www.budokampsport.se\/2017\/02\/17\/hart-tryck-pa-irfa-biljetterna\/#breadcrumb\"},\"inLanguage\":\"sv-SE\",\"potentialAction\":[{\"@type\":\"ReadAction\",\"target\":[\"https:\/\/www.budokampsport.se\/2017\/02\/17\/hart-tryck-pa-irfa-biljetterna\/\"]}]},{\"@type\":\"ImageObject\",\"inLanguage\":\"sv-SE\",\"@id\":\"https:\/\/www.budokampsport.se\/2017\/02\/17\/hart-tryck-pa-irfa-biljetterna\/#primaryimage\",\"url\":\"https:\/\/www.budokampsport.se\/wp-content\/uploads\/2017\/02\/perry.jpg\",\"contentUrl\":\"https:\/\/www.budokampsport.se\/wp-content\/uploads\/2017\/02\/perry.jpg\",\"width\":850,\"height\":567,\"caption\":\"Foto: Jonathan Broberg\"},{\"@type\":\"BreadcrumbList\",\"@id\":\"https:\/\/www.budokampsport.se\/2017\/02\/17\/hart-tryck-pa-irfa-biljetterna\/#breadcrumb\",\"itemListElement\":[{\"@type\":\"ListItem\",\"position\":1,\"name\":\"Hem\",\"item\":\"https:\/\/www.budokampsport.se\/\"},{\"@type\":\"ListItem\",\"position\":2,\"name\":\"H\u00e5rt tryck p\u00e5 IRFA-biljetterna\"}]},{\"@type\":\"WebSite\",\"@id\":\"https:\/\/www.budokampsport.se\/#website\",\"url\":\"https:\/\/www.budokampsport.se\/\",\"name\":\"Svenska Budo &amp; Kampsportsf\u00f6rbundet\",\"description\":\"T\u00e4vling, Tr\u00e4ning, Tradition\",\"potentialAction\":[{\"@type\":\"SearchAction\",\"target\":{\"@type\":\"EntryPoint\",\"urlTemplate\":\"https:\/\/www.budokampsport.se\/?s={search_term_string}\"},\"query-input\":{\"@type\":\"PropertyValueSpecification\",\"valueRequired\":true,\"valueName\":\"search_term_string\"}}],\"inLanguage\":\"sv-SE\"},{\"@type\":\"Person\",\"@id\":\"https:\/\/www.budokampsport.se\/#\/schema\/person\/5c06d81d14850e2a8ce5493386560145\",\"name\":\"Jonathan Broberg\",\"image\":{\"@type\":\"ImageObject\",\"inLanguage\":\"sv-SE\",\"@id\":\"https:\/\/www.budokampsport.se\/#\/schema\/person\/image\/\",\"url\":\"https:\/\/secure.gravatar.com\/avatar\/a58041c6cea9128bd9c40ee2f26d4136?s=96&d=blank&r=g\",\"contentUrl\":\"https:\/\/secure.gravatar.com\/avatar\/a58041c6cea9128bd9c40ee2f26d4136?s=96&d=blank&r=g\",\"caption\":\"Jonathan Broberg\"},\"sameAs\":[\"https:\/\/www.facebook.com\/jonathan.broberg.7\"],\"url\":\"https:\/\/www.budokampsport.se\/author\/jonathan\/\"}]}<\/script>\n<!-- \/ Yoast SEO plugin. -->","yoast_head_json":{"title":"H\u00e5rt tryck p\u00e5 IRFA-biljetterna - Svenska Budo &amp; Kampsportsf\u00f6rbundet","description":"I morgon \u00e4r det s\u00e5 dags f\u00f6r IRFA p\u00e5 Berns. Det blir den elfte upplagan av MMA-galan, andra g\u00e5ngen p\u00e5 Berns, och intresset har varit rekordstort. Och i morgon \u00e4r det uts\u00e5ld salong. - Det k\u00e4nns fantastiskt kul, galan har varit sluts\u00e5ld sedan flera veckor tillbaka, s\u00e4ger Perry Segerqvist till budokampsport.se.","robots":{"index":"index","follow":"follow","max-snippet":"max-snippet:-1","max-image-preview":"max-image-preview:large","max-video-preview":"max-video-preview:-1"},"canonical":"https:\/\/www.budokampsport.se\/2017\/02\/17\/hart-tryck-pa-irfa-biljetterna\/","og_locale":"sv_SE","og_type":"article","og_title":"H\u00e5rt tryck p\u00e5 IRFA-biljetterna - Svenska Budo &amp; Kampsportsf\u00f6rbundet","og_description":"I morgon \u00e4r det s\u00e5 dags f\u00f6r IRFA p\u00e5 Berns. Det blir den elfte upplagan av MMA-galan, andra g\u00e5ngen p\u00e5 Berns, och intresset har varit rekordstort. Och i morgon \u00e4r det uts\u00e5ld salong. - Det k\u00e4nns fantastiskt kul, galan har varit sluts\u00e5ld sedan flera veckor tillbaka, s\u00e4ger Perry Segerqvist till budokampsport.se.","og_url":"https:\/\/www.budokampsport.se\/2017\/02\/17\/hart-tryck-pa-irfa-biljetterna\/","og_site_name":"Svenska Budo &amp; Kampsportsf\u00f6rbundet","article_author":"https:\/\/www.facebook.com\/jonathan.broberg.7","article_published_time":"2017-02-17T15:53:12+00:00","og_image":[{"width":850,"height":567,"url":"https:\/\/www.budokampsport.se\/wp-content\/uploads\/2017\/02\/perry.jpg","type":"image\/jpeg"}],"author":"Jonathan Broberg","twitter_card":"summary_large_image","twitter_misc":{"Skriven av":"Jonathan Broberg","Ber\u00e4knad l\u00e4stid":"1 minut"},"schema":{"@context":"https:\/\/schema.org","@graph":[{"@type":"Article","@id":"https:\/\/www.budokampsport.se\/2017\/02\/17\/hart-tryck-pa-irfa-biljetterna\/#article","isPartOf":{"@id":"https:\/\/www.budokampsport.se\/2017\/02\/17\/hart-tryck-pa-irfa-biljetterna\/"},"author":{"name":"Jonathan Broberg","@id":"https:\/\/www.budokampsport.se\/#\/schema\/person\/5c06d81d14850e2a8ce5493386560145"},"headline":"H\u00e5rt tryck p\u00e5 IRFA-biljetterna","datePublished":"2017-02-17T15:53:12+00:00","mainEntityOfPage":{"@id":"https:\/\/www.budokampsport.se\/2017\/02\/17\/hart-tryck-pa-irfa-biljetterna\/"},"wordCount":155,"commentCount":0,"image":{"@id":"https:\/\/www.budokampsport.se\/2017\/02\/17\/hart-tryck-pa-irfa-biljetterna\/#primaryimage"},"thumbnailUrl":"https:\/\/www.budokampsport.se\/wp-content\/uploads\/2017\/02\/perry.jpg","inLanguage":"sv-SE","potentialAction":[{"@type":"CommentAction","name":"Comment","target":["https:\/\/www.budokampsport.se\/2017\/02\/17\/hart-tryck-pa-irfa-biljetterna\/#respond"]}]},{"@type":"WebPage","@id":"https:\/\/www.budokampsport.se\/2017\/02\/17\/hart-tryck-pa-irfa-biljetterna\/","url":"https:\/\/www.budokampsport.se\/2017\/02\/17\/hart-tryck-pa-irfa-biljetterna\/","name":"H\u00e5rt tryck p\u00e5 IRFA-biljetterna - Svenska Budo &amp; Kampsportsf\u00f6rbundet","isPartOf":{"@id":"https:\/\/www.budokampsport.se\/#website"},"primaryImageOfPage":{"@id":"https:\/\/www.budokampsport.se\/2017\/02\/17\/hart-tryck-pa-irfa-biljetterna\/#primaryimage"},"image":{"@id":"https:\/\/www.budokampsport.se\/2017\/02\/17\/hart-tryck-pa-irfa-biljetterna\/#primaryimage"},"thumbnailUrl":"https:\/\/www.budokampsport.se\/wp-content\/uploads\/2017\/02\/perry.jpg","datePublished":"2017-02-17T15:53:12+00:00","author":{"@id":"https:\/\/www.budokampsport.se\/#\/schema\/person\/5c06d81d14850e2a8ce5493386560145"},"description":"I morgon \u00e4r det s\u00e5 dags f\u00f6r IRFA p\u00e5 Berns. Det blir den elfte upplagan av MMA-galan, andra g\u00e5ngen p\u00e5 Berns, och intresset har varit rekordstort. Och i morgon \u00e4r det uts\u00e5ld salong. - Det k\u00e4nns fantastiskt kul, galan har varit sluts\u00e5ld sedan flera veckor tillbaka, s\u00e4ger Perry Segerqvist till budokampsport.se.","breadcrumb":{"@id":"https:\/\/www.budokampsport.se\/2017\/02\/17\/hart-tryck-pa-irfa-biljetterna\/#breadcrumb"},"inLanguage":"sv-SE","potentialAction":[{"@type":"ReadAction","target":["https:\/\/www.budokampsport.se\/2017\/02\/17\/hart-tryck-pa-irfa-biljetterna\/"]}]},{"@type":"ImageObject","inLanguage":"sv-SE","@id":"https:\/\/www.budokampsport.se\/2017\/02\/17\/hart-tryck-pa-irfa-biljetterna\/#primaryimage","url":"https:\/\/www.budokampsport.se\/wp-content\/uploads\/2017\/02\/perry.jpg","contentUrl":"https:\/\/www.budokampsport.se\/wp-content\/uploads\/2017\/02\/perry.jpg","width":850,"height":567,"caption":"Foto: Jonathan Broberg"},{"@type":"BreadcrumbList","@id":"https:\/\/www.budokampsport.se\/2017\/02\/17\/hart-tryck-pa-irfa-biljetterna\/#breadcrumb","itemListElement":[{"@type":"ListItem","position":1,"name":"Hem","item":"https:\/\/www.budokampsport.se\/"},{"@type":"ListItem","position":2,"name":"H\u00e5rt tryck p\u00e5 IRFA-biljetterna"}]},{"@type":"WebSite","@id":"https:\/\/www.budokampsport.se\/#website","url":"https:\/\/www.budokampsport.se\/","name":"Svenska Budo &amp; Kampsportsf\u00f6rbundet","description":"T\u00e4vling, Tr\u00e4ning, Tradition","potentialAction":[{"@type":"SearchAction","target":{"@type":"EntryPoint","urlTemplate":"https:\/\/www.budokampsport.se\/?s={search_term_string}"},"query-input":{"@type":"PropertyValueSpecification","valueRequired":true,"valueName":"search_term_string"}}],"inLanguage":"sv-SE"},{"@type":"Person","@id":"https:\/\/www.budokampsport.se\/#\/schema\/person\/5c06d81d14850e2a8ce5493386560145","name":"Jonathan Broberg","image":{"@type":"ImageObject","inLanguage":"sv-SE","@id":"https:\/\/www.budokampsport.se\/#\/schema\/person\/image\/","url":"https:\/\/secure.gravatar.com\/avatar\/a58041c6cea9128bd9c40ee2f26d4136?s=96&d=blank&r=g","contentUrl":"https:\/\/secure.gravatar.com\/avatar\/a58041c6cea9128bd9c40ee2f26d4136?s=96&d=blank&r=g","caption":"Jonathan Broberg"},"sameAs":["https:\/\/www.facebook.com\/jonathan.broberg.7"],"url":"https:\/\/www.budokampsport.se\/author\/jonathan\/"}]}},"_links":{"self":[{"href":"https:\/\/www.budokampsport.se\/api\/wp\/v2\/posts\/38941","targetHints":{"allow":["GET"]}}],"collection":[{"href":"https:\/\/www.budokampsport.se\/api\/wp\/v2\/posts"}],"about":[{"href":"https:\/\/www.budokampsport.se\/api\/wp\/v2\/types\/post"}],"author":[{"embeddable":true,"href":"https:\/\/www.budokampsport.se\/api\/wp\/v2\/users\/7"}],"replies":[{"embeddable":true,"href":"https:\/\/www.budokampsport.se\/api\/wp\/v2\/comments?post=38941"}],"version-history":[{"count":0,"href":"https:\/\/www.budokampsport.se\/api\/wp\/v2\/posts\/38941\/revisions"}],"wp:featuredmedia":[{"embeddable":true,"href":"https:\/\/www.budokampsport.se\/api\/wp\/v2\/media\/38946"}],"wp:attachment":[{"href":"https:\/\/www.budokampsport.se\/api\/wp\/v2\/media?parent=38941"}],"wp:term":[{"taxonomy":"category","embeddable":true,"href":"https:\/\/www.budokampsport.se\/api\/wp\/v2\/categories?post=38941"},{"taxonomy":"post_tag","embeddable":true,"href":"https:\/\/www.budokampsport.se\/api\/wp\/v2\/tags?post=38941"}],"curies":[{"name":"wp","href":"https:\/\/api.w.org\/{rel}","templated":true}]}}