{"id":3900,"date":"2011-09-05T13:08:53","date_gmt":"2011-09-05T11:08:53","guid":{"rendered":"http:\/\/budo.wordpress.dev\/2011\/09\/05\/ju-jutsu-till-extra-arsstamma\/"},"modified":"2016-12-06T22:33:25","modified_gmt":"2016-12-06T21:33:25","slug":"ju-jutsu-till-extra-arsstamma","status":"publish","type":"post","link":"https:\/\/www.budokampsport.se\/2011\/09\/05\/ju-jutsu-till-extra-arsstamma\/","title":{"rendered":"Ju jutsu till extra \u00e5rsst\u00e4mma"},"content":{"rendered":"<p><P><STRONG><IMG alt=\"\" align=right src=\"http:\/\/www.budokampsport.se\/sites\/default\/files\/DanielNorrgard.jpg.crop_display.jpg\" width=125 height=182>Mycket har h\u00e4nt den senaste tiden inom svensk ju jutsu. Federationen har bytt utseende organisatoriskt \u2013 och nu v\u00e4ntar extra \u00e5rsst\u00e4mma.<BR>\u00a0\u00a0 &#8211; Det beslutet fattades redan vid den ordinarie \u00e5rsst\u00e4mman, s\u00e4ger Svenska Ju Jutsu Federationens ordf\u00f6rande Daniel Norrg\u00e5rd till budokampsport.se.<!--break--><\/STRONG><\/P> <P>Det \u00e4r mycket som har h\u00e4nt p\u00e5 kort tid inom svensk ju jutsu. Landslaget genomg\u00e5r en generationsv\u00e4xling, sportchefen l\u00e4mnade f\u00f6r att sedan komma tillbaka som f\u00f6rbundskapten, ny sportchef tilltr\u00e4dde, Matrin Ingholt aviserade sin avg\u00e5ng och Rob Haans plockades in som Ingholts ers\u00e4ttare.<\/P> <P>Nu v\u00e4ntar n\u00e4sta stora h\u00e4ndelse. Federationen kallar till extra \u00e5rsst\u00e4mma. N\u00e5got som redan hade best\u00e4mts av den ordinarie \u00e5rsst\u00e4mman i mars.<BR>\u00a0\u00a0 &#8211; F\u00f6r att leva upp till ordinarie st\u00e4mmans beslut \u00f6ver s\u00e4rskild granskning, har den nya styrelsen f\u00f6r SvJJF vidtagit en v\u00e4sentlig genomlysning av f\u00f6rbundets r\u00e4kenskaper. Det \u00e4r med stor f\u00f6rn\u00f6jsamhet det kunnat konstateras, att de brister som kunde antas ha funnits, i stor utstr\u00e4ckning visat sig vara helt korrekta kostnader, men som p\u00e5 grund av s\u00e4rredovisning och vissa personella avhopp under f\u00f6reg\u00e5ende r\u00e4kenskaps\u00e5r blev sv\u00e5r\u00f6versk\u00e5dliga f\u00f6r den interimsstyrelse som blev kvar under slutet av 2010.\u00a0 Det skall d\u00e4rf\u00f6r bli sk\u00f6nt att f\u00e5 slutligt redovisa arbetet och \u00e4ven fastst\u00e4lla den nya verksamhetsplanen slutligt f\u00f6r medlemmarna p\u00e5 den beslutade extra st\u00e4mman, s\u00e4ger Norrg\u00e5rd.<\/P> <P>Som \u00e4ven ser ljust p\u00e5 ju jutsuns kommande framtid.<BR>\u00a0\u00a0 &#8211; Jag ser som nyvald ordf\u00f6rande f\u00f6r detta \u00e5ret, med stor tillf\u00f6rsikt p\u00e5 att de nya rutiner och metoder som b\u00f6rjat g\u00e4lla fr\u00e5n 2011 kommer att gynna det framtida arbetet inom Svenska Jujutsu Federationen och dess kommande styrelse, som i vanlig ordning v\u00e4ljs vid ordinarie \u00e5rsst\u00e4mma i mars 2012.<BR><BR>Extra \u00e5rsst\u00e4mman h\u00e5lls den 24:e september p\u00e5 Hatel Kramer i Malm\u00f6.<BR><BR>Text: Jonathan Broberg<\/P><\/p>\n","protected":false},"excerpt":{"rendered":"<p><P><STRONG><IMG alt=\"\" align=right src=\"http:\/\/www.budokampsport.se\/sites\/default\/files\/DanielNorrgard.jpg.crop_display.jpg\" width=125 height=182>Mycket har h\u00e4nt den senaste tiden inom svensk ju jutsu. Federationen har bytt utseende organisatoriskt \u2013 och nu v\u00e4ntar extra \u00e5rsst\u00e4mma.<BR>\u00a0\u00a0 &#8211; Det beslutet fattades redan vid den ordinarie \u00e5rsst\u00e4mman, s\u00e4ger Svenska Ju Jutsu Federationens ordf\u00f6rande Daniel Norrg\u00e5rd till budokampsport.se.<\/p><br>","protected":false},"author":7,"featured_media":0,"comment_status":"closed","ping_status":"closed","sticky":false,"template":"","format":"standard","meta":{"_acf_changed":false,"footnotes":""},"categories":[1],"tags":[],"class_list":["post-3900","post","type-post","status-publish","format-standard","hentry","category-okategoriserade"],"acf":[],"yoast_head":"<!-- This site is optimized with the Yoast SEO plugin v26.8 - https:\/\/yoast.com\/product\/yoast-seo-wordpress\/ -->\n<title>Ju jutsu till extra \u00e5rsst\u00e4mma - Svenska Budo &amp; Kampsportsf\u00f6rbundet<\/title>\n<meta name=\"description\" content=\"Mycket har h\u00e4nt den senaste tiden inom svensk ju jutsu. Federationen har bytt utseende organisatoriskt \u2013 och nu v\u00e4ntar extra \u00e5rsst\u00e4mma.\u00a0\u00a0 - Det beslutet fattades redan vid den ordinarie \u00e5rsst\u00e4mman, s\u00e4ger Svenska Ju Jutsu Federationens ordf\u00f6rande Daniel Norrg\u00e5rd till budokampsport.se.\" \/>\n<meta name=\"robots\" content=\"index, follow, max-snippet:-1, max-image-preview:large, max-video-preview:-1\" \/>\n<link rel=\"canonical\" href=\"https:\/\/www.budokampsport.se\/2011\/09\/05\/ju-jutsu-till-extra-arsstamma\/\" \/>\n<meta property=\"og:locale\" content=\"sv_SE\" \/>\n<meta property=\"og:type\" content=\"article\" \/>\n<meta property=\"og:title\" content=\"Ju jutsu till extra \u00e5rsst\u00e4mma - Svenska Budo &amp; Kampsportsf\u00f6rbundet\" \/>\n<meta property=\"og:description\" content=\"Mycket har h\u00e4nt den senaste tiden inom svensk ju jutsu. Federationen har bytt utseende organisatoriskt \u2013 och nu v\u00e4ntar extra \u00e5rsst\u00e4mma.\u00a0\u00a0 - Det beslutet fattades redan vid den ordinarie \u00e5rsst\u00e4mman, s\u00e4ger Svenska Ju Jutsu Federationens ordf\u00f6rande Daniel Norrg\u00e5rd till budokampsport.se.\" \/>\n<meta property=\"og:url\" content=\"https:\/\/www.budokampsport.se\/2011\/09\/05\/ju-jutsu-till-extra-arsstamma\/\" \/>\n<meta property=\"og:site_name\" content=\"Svenska Budo &amp; Kampsportsf\u00f6rbundet\" \/>\n<meta property=\"article:author\" content=\"https:\/\/www.facebook.com\/jonathan.broberg.7\" \/>\n<meta property=\"article:published_time\" content=\"2011-09-05T11:08:53+00:00\" \/>\n<meta property=\"article:modified_time\" content=\"2016-12-06T21:33:25+00:00\" \/>\n<meta name=\"author\" content=\"Jonathan Broberg\" \/>\n<meta name=\"twitter:card\" content=\"summary_large_image\" \/>\n<meta name=\"twitter:label1\" content=\"Skriven av\" \/>\n\t<meta name=\"twitter:data1\" content=\"Jonathan Broberg\" \/>\n\t<meta name=\"twitter:label2\" content=\"Ber\u00e4knad l\u00e4stid\" \/>\n\t<meta name=\"twitter:data2\" content=\"2 minuter\" \/>\n<script type=\"application\/ld+json\" class=\"yoast-schema-graph\">{\"@context\":\"https:\/\/schema.org\",\"@graph\":[{\"@type\":\"Article\",\"@id\":\"https:\/\/www.budokampsport.se\/2011\/09\/05\/ju-jutsu-till-extra-arsstamma\/#article\",\"isPartOf\":{\"@id\":\"https:\/\/www.budokampsport.se\/2011\/09\/05\/ju-jutsu-till-extra-arsstamma\/\"},\"author\":{\"name\":\"Jonathan Broberg\",\"@id\":\"https:\/\/www.budokampsport.se\/#\/schema\/person\/5c06d81d14850e2a8ce5493386560145\"},\"headline\":\"Ju jutsu till extra \u00e5rsst\u00e4mma\",\"datePublished\":\"2011-09-05T11:08:53+00:00\",\"dateModified\":\"2016-12-06T21:33:25+00:00\",\"mainEntityOfPage\":{\"@id\":\"https:\/\/www.budokampsport.se\/2011\/09\/05\/ju-jutsu-till-extra-arsstamma\/\"},\"wordCount\":339,\"inLanguage\":\"sv-SE\"},{\"@type\":\"WebPage\",\"@id\":\"https:\/\/www.budokampsport.se\/2011\/09\/05\/ju-jutsu-till-extra-arsstamma\/\",\"url\":\"https:\/\/www.budokampsport.se\/2011\/09\/05\/ju-jutsu-till-extra-arsstamma\/\",\"name\":\"Ju jutsu till extra \u00e5rsst\u00e4mma - Svenska Budo &amp; Kampsportsf\u00f6rbundet\",\"isPartOf\":{\"@id\":\"https:\/\/www.budokampsport.se\/#website\"},\"datePublished\":\"2011-09-05T11:08:53+00:00\",\"dateModified\":\"2016-12-06T21:33:25+00:00\",\"author\":{\"@id\":\"https:\/\/www.budokampsport.se\/#\/schema\/person\/5c06d81d14850e2a8ce5493386560145\"},\"description\":\"Mycket har h\u00e4nt den senaste tiden inom svensk ju jutsu. Federationen har bytt utseende organisatoriskt \u2013 och nu v\u00e4ntar extra \u00e5rsst\u00e4mma.\u00a0\u00a0 - Det beslutet fattades redan vid den ordinarie \u00e5rsst\u00e4mman, s\u00e4ger Svenska Ju Jutsu Federationens ordf\u00f6rande Daniel Norrg\u00e5rd till budokampsport.se.\",\"breadcrumb\":{\"@id\":\"https:\/\/www.budokampsport.se\/2011\/09\/05\/ju-jutsu-till-extra-arsstamma\/#breadcrumb\"},\"inLanguage\":\"sv-SE\",\"potentialAction\":[{\"@type\":\"ReadAction\",\"target\":[\"https:\/\/www.budokampsport.se\/2011\/09\/05\/ju-jutsu-till-extra-arsstamma\/\"]}]},{\"@type\":\"BreadcrumbList\",\"@id\":\"https:\/\/www.budokampsport.se\/2011\/09\/05\/ju-jutsu-till-extra-arsstamma\/#breadcrumb\",\"itemListElement\":[{\"@type\":\"ListItem\",\"position\":1,\"name\":\"Hem\",\"item\":\"https:\/\/www.budokampsport.se\/\"},{\"@type\":\"ListItem\",\"position\":2,\"name\":\"Ju jutsu till extra \u00e5rsst\u00e4mma\"}]},{\"@type\":\"WebSite\",\"@id\":\"https:\/\/www.budokampsport.se\/#website\",\"url\":\"https:\/\/www.budokampsport.se\/\",\"name\":\"Svenska Budo &amp; Kampsportsf\u00f6rbundet\",\"description\":\"T\u00e4vling, Tr\u00e4ning, Tradition\",\"potentialAction\":[{\"@type\":\"SearchAction\",\"target\":{\"@type\":\"EntryPoint\",\"urlTemplate\":\"https:\/\/www.budokampsport.se\/?s={search_term_string}\"},\"query-input\":{\"@type\":\"PropertyValueSpecification\",\"valueRequired\":true,\"valueName\":\"search_term_string\"}}],\"inLanguage\":\"sv-SE\"},{\"@type\":\"Person\",\"@id\":\"https:\/\/www.budokampsport.se\/#\/schema\/person\/5c06d81d14850e2a8ce5493386560145\",\"name\":\"Jonathan Broberg\",\"image\":{\"@type\":\"ImageObject\",\"inLanguage\":\"sv-SE\",\"@id\":\"https:\/\/www.budokampsport.se\/#\/schema\/person\/image\/\",\"url\":\"https:\/\/secure.gravatar.com\/avatar\/a58041c6cea9128bd9c40ee2f26d4136?s=96&d=blank&r=g\",\"contentUrl\":\"https:\/\/secure.gravatar.com\/avatar\/a58041c6cea9128bd9c40ee2f26d4136?s=96&d=blank&r=g\",\"caption\":\"Jonathan Broberg\"},\"sameAs\":[\"https:\/\/www.facebook.com\/jonathan.broberg.7\"],\"url\":\"https:\/\/www.budokampsport.se\/author\/jonathan\/\"}]}<\/script>\n<!-- \/ Yoast SEO plugin. -->","yoast_head_json":{"title":"Ju jutsu till extra \u00e5rsst\u00e4mma - Svenska Budo &amp; Kampsportsf\u00f6rbundet","description":"Mycket har h\u00e4nt den senaste tiden inom svensk ju jutsu. Federationen har bytt utseende organisatoriskt \u2013 och nu v\u00e4ntar extra \u00e5rsst\u00e4mma.\u00a0\u00a0 - Det beslutet fattades redan vid den ordinarie \u00e5rsst\u00e4mman, s\u00e4ger Svenska Ju Jutsu Federationens ordf\u00f6rande Daniel Norrg\u00e5rd till budokampsport.se.","robots":{"index":"index","follow":"follow","max-snippet":"max-snippet:-1","max-image-preview":"max-image-preview:large","max-video-preview":"max-video-preview:-1"},"canonical":"https:\/\/www.budokampsport.se\/2011\/09\/05\/ju-jutsu-till-extra-arsstamma\/","og_locale":"sv_SE","og_type":"article","og_title":"Ju jutsu till extra \u00e5rsst\u00e4mma - Svenska Budo &amp; Kampsportsf\u00f6rbundet","og_description":"Mycket har h\u00e4nt den senaste tiden inom svensk ju jutsu. Federationen har bytt utseende organisatoriskt \u2013 och nu v\u00e4ntar extra \u00e5rsst\u00e4mma.\u00a0\u00a0 - Det beslutet fattades redan vid den ordinarie \u00e5rsst\u00e4mman, s\u00e4ger Svenska Ju Jutsu Federationens ordf\u00f6rande Daniel Norrg\u00e5rd till budokampsport.se.","og_url":"https:\/\/www.budokampsport.se\/2011\/09\/05\/ju-jutsu-till-extra-arsstamma\/","og_site_name":"Svenska Budo &amp; Kampsportsf\u00f6rbundet","article_author":"https:\/\/www.facebook.com\/jonathan.broberg.7","article_published_time":"2011-09-05T11:08:53+00:00","article_modified_time":"2016-12-06T21:33:25+00:00","author":"Jonathan Broberg","twitter_card":"summary_large_image","twitter_misc":{"Skriven av":"Jonathan Broberg","Ber\u00e4knad l\u00e4stid":"2 minuter"},"schema":{"@context":"https:\/\/schema.org","@graph":[{"@type":"Article","@id":"https:\/\/www.budokampsport.se\/2011\/09\/05\/ju-jutsu-till-extra-arsstamma\/#article","isPartOf":{"@id":"https:\/\/www.budokampsport.se\/2011\/09\/05\/ju-jutsu-till-extra-arsstamma\/"},"author":{"name":"Jonathan Broberg","@id":"https:\/\/www.budokampsport.se\/#\/schema\/person\/5c06d81d14850e2a8ce5493386560145"},"headline":"Ju jutsu till extra \u00e5rsst\u00e4mma","datePublished":"2011-09-05T11:08:53+00:00","dateModified":"2016-12-06T21:33:25+00:00","mainEntityOfPage":{"@id":"https:\/\/www.budokampsport.se\/2011\/09\/05\/ju-jutsu-till-extra-arsstamma\/"},"wordCount":339,"inLanguage":"sv-SE"},{"@type":"WebPage","@id":"https:\/\/www.budokampsport.se\/2011\/09\/05\/ju-jutsu-till-extra-arsstamma\/","url":"https:\/\/www.budokampsport.se\/2011\/09\/05\/ju-jutsu-till-extra-arsstamma\/","name":"Ju jutsu till extra \u00e5rsst\u00e4mma - Svenska Budo &amp; Kampsportsf\u00f6rbundet","isPartOf":{"@id":"https:\/\/www.budokampsport.se\/#website"},"datePublished":"2011-09-05T11:08:53+00:00","dateModified":"2016-12-06T21:33:25+00:00","author":{"@id":"https:\/\/www.budokampsport.se\/#\/schema\/person\/5c06d81d14850e2a8ce5493386560145"},"description":"Mycket har h\u00e4nt den senaste tiden inom svensk ju jutsu. Federationen har bytt utseende organisatoriskt \u2013 och nu v\u00e4ntar extra \u00e5rsst\u00e4mma.\u00a0\u00a0 - Det beslutet fattades redan vid den ordinarie \u00e5rsst\u00e4mman, s\u00e4ger Svenska Ju Jutsu Federationens ordf\u00f6rande Daniel Norrg\u00e5rd till budokampsport.se.","breadcrumb":{"@id":"https:\/\/www.budokampsport.se\/2011\/09\/05\/ju-jutsu-till-extra-arsstamma\/#breadcrumb"},"inLanguage":"sv-SE","potentialAction":[{"@type":"ReadAction","target":["https:\/\/www.budokampsport.se\/2011\/09\/05\/ju-jutsu-till-extra-arsstamma\/"]}]},{"@type":"BreadcrumbList","@id":"https:\/\/www.budokampsport.se\/2011\/09\/05\/ju-jutsu-till-extra-arsstamma\/#breadcrumb","itemListElement":[{"@type":"ListItem","position":1,"name":"Hem","item":"https:\/\/www.budokampsport.se\/"},{"@type":"ListItem","position":2,"name":"Ju jutsu till extra \u00e5rsst\u00e4mma"}]},{"@type":"WebSite","@id":"https:\/\/www.budokampsport.se\/#website","url":"https:\/\/www.budokampsport.se\/","name":"Svenska Budo &amp; Kampsportsf\u00f6rbundet","description":"T\u00e4vling, Tr\u00e4ning, Tradition","potentialAction":[{"@type":"SearchAction","target":{"@type":"EntryPoint","urlTemplate":"https:\/\/www.budokampsport.se\/?s={search_term_string}"},"query-input":{"@type":"PropertyValueSpecification","valueRequired":true,"valueName":"search_term_string"}}],"inLanguage":"sv-SE"},{"@type":"Person","@id":"https:\/\/www.budokampsport.se\/#\/schema\/person\/5c06d81d14850e2a8ce5493386560145","name":"Jonathan Broberg","image":{"@type":"ImageObject","inLanguage":"sv-SE","@id":"https:\/\/www.budokampsport.se\/#\/schema\/person\/image\/","url":"https:\/\/secure.gravatar.com\/avatar\/a58041c6cea9128bd9c40ee2f26d4136?s=96&d=blank&r=g","contentUrl":"https:\/\/secure.gravatar.com\/avatar\/a58041c6cea9128bd9c40ee2f26d4136?s=96&d=blank&r=g","caption":"Jonathan Broberg"},"sameAs":["https:\/\/www.facebook.com\/jonathan.broberg.7"],"url":"https:\/\/www.budokampsport.se\/author\/jonathan\/"}]}},"_links":{"self":[{"href":"https:\/\/www.budokampsport.se\/api\/wp\/v2\/posts\/3900","targetHints":{"allow":["GET"]}}],"collection":[{"href":"https:\/\/www.budokampsport.se\/api\/wp\/v2\/posts"}],"about":[{"href":"https:\/\/www.budokampsport.se\/api\/wp\/v2\/types\/post"}],"author":[{"embeddable":true,"href":"https:\/\/www.budokampsport.se\/api\/wp\/v2\/users\/7"}],"replies":[{"embeddable":true,"href":"https:\/\/www.budokampsport.se\/api\/wp\/v2\/comments?post=3900"}],"version-history":[{"count":0,"href":"https:\/\/www.budokampsport.se\/api\/wp\/v2\/posts\/3900\/revisions"}],"wp:attachment":[{"href":"https:\/\/www.budokampsport.se\/api\/wp\/v2\/media?parent=3900"}],"wp:term":[{"taxonomy":"category","embeddable":true,"href":"https:\/\/www.budokampsport.se\/api\/wp\/v2\/categories?post=3900"},{"taxonomy":"post_tag","embeddable":true,"href":"https:\/\/www.budokampsport.se\/api\/wp\/v2\/tags?post=3900"}],"curies":[{"name":"wp","href":"https:\/\/api.w.org\/{rel}","templated":true}]}}