{"id":3901,"date":"2011-09-06T11:52:24","date_gmt":"2011-09-06T09:52:24","guid":{"rendered":"http:\/\/budo.wordpress.dev\/2011\/09\/06\/elina-nilsson-satsar-mot-vm-guld\/"},"modified":"2016-12-06T22:33:26","modified_gmt":"2016-12-06T21:33:26","slug":"elina-nilsson-satsar-mot-vm-guld","status":"publish","type":"post","link":"https:\/\/www.budokampsport.se\/2011\/09\/06\/elina-nilsson-satsar-mot-vm-guld\/","title":{"rendered":"Elina Nilsson satsar mot VM-guld"},"content":{"rendered":"<p><P><STRONG><IMG alt=\"\" align=middle src=\"http:\/\/www.budokampsport.se\/sites\/default\/files\/elina-nillson.jpg\" width=430 height=244><BR>F\u00f6r ett tag sedan sl\u00e4pptes truppen till VM i thaiboxning. Ett av de st\u00f6rsta namnen i den svenska truppen \u00e4r Elina Nilsson. Hennes m\u00e5l med VM \u00e4r glasklart. <BR>\u00a0\u00a0 &#8211; Jag \u00e5ker dit f\u00f6r att f\u00f6rs\u00f6ka vinna guldet, s\u00e4ger hon till budokampsport.se.<!--break--><BR><BR><\/STRONG>Det var\u00a0inf\u00f6r VM ifjol som det som inte fick h\u00e4nda, det som inte kunde h\u00e4nda, h\u00e4nde &#8211; och h\u00f6ll p\u00e5 att sabotera Elina Nilssons VM-satsning.<\/P> <P>Bara dagarna f\u00f6re VM, n\u00e4r Nilsson var ute p\u00e5 promenad, blev hon p\u00e5k\u00f6rd av en bilist i Thailand. Hon klarade sig undan med mindre skador \u2013 men tillr\u00e4ckligt f\u00f6r att VM var i fara. Men Elina Nilsson \u00e4r inte riktigt som oss andra. Hon struntade i sm\u00e4rtan. Hon t\u00e4vlade. Och hon vann ett sm\u00e5tt sensationellt VM-silver.<\/P> <P>Under v\u00e5ren har sedan framg\u00e5ngarna fortsatt f\u00f6r henne. Hon h\u00e5ller p\u00e5 och etablera sig som ett v\u00e4rldsnamn inom thaiboxningen \u2013 och hon har hunnit med en lyckad satsning inom MMA.<BR>\u00a0\u00a0 &#8211; MMA:n g\u00f6r mig tuffare och utvecklar mig som fighter p\u00e5 alla plan. Jag har blivit lite h\u00e5rdare och k\u00e4nner mig st\u00e4rkt mentalt p\u00e5 ett mycket positivt s\u00e4tt.<\/P> <P><STRONG>&#8220;Tredje g\u00e5ngen gillt&#8221;<\/STRONG><BR>VM i thaiboxning \u00e4r \u00e4nd\u00e5 det stora m\u00e5let, d\u00e4r en h\u00e4grande guldmedalj inte k\u00e4nns avl\u00e4gsen f\u00f6r Elina. Snarare tv\u00e4rtom. Det blir hennes tredje VM. De tv\u00e5 andra hon har varit med i har slutat med f\u00f6rst ett brons, sedan ett silver. Logiken pekar d\u00e5 mot den \u00e4dlaste av val\u00f6rer.<BR>\u00a0\u00a0 &#8211; Hahaha, ja, det \u00e4r tredje g\u00e5ngen gillt ocks\u00e5. Men visst k\u00e4nner jag att jag n\u00e4rmat mig guldet mer och mer. Samtidigt k\u00e4nner jag ingen press, utan det ska bara bli oerh\u00f6rt inspirerande att t\u00e4vla igen p\u00e5 ett VM. Jag vet vad som kr\u00e4vs f\u00f6r att lyckas och jag vet sj\u00e4lv att jag \u00e4r tillr\u00e4ckligt bra. Det g\u00e4ller bara att f\u00e5 ut kunnandet p\u00e5 r\u00e4tt s\u00e4tt.<\/P> <P><IMG alt=\"\" src=\"http:\/\/www.budokampsport.se\/sites\/default\/files\/gala_tolv.jpg\" width=435 height=653><BR><BR>Vid sidan om kampsporten har Elina Nilsson relativt nyligen bytt liv. Hon flyttade fr\u00e5n sitt k\u00e4ra G\u00f6teborg till Stockholm d\u00e4r hon numera pluggar p\u00e5 Polish\u00f6gskolan. Att kombinera en elitsatsning med skola och jobb kr\u00e4ver sin dedikation \u2013 och sin tid.<BR>\u00a0\u00a0 &#8211; Ja, men det k\u00e4nns alltid v\u00e4rt att l\u00e4gga ner den tid och kraft som kampsporten kr\u00e4ver. Det \u00e4r faktiskt just f\u00f6r den tid och kraft det tar som det hela tiden k\u00e4nns v\u00e4rt att satsa. Det kan l\u00e5ta lite konstigt kanske, men att veta att jag har tagit mig i genom en period med h\u00e5rd tr\u00e4ning samtidigt som jag m\u00e5ste klara av att f\u00f6rs\u00f6rja mig \u2013 att veta det och k\u00e4nna den k\u00e4nslan, det g\u00f6r att n\u00e4r framg\u00e5ngen kommer smakar den \u00e4nnu s\u00f6tare i munnen. Den blir \u00e4nnu mer tydlig.<\/P> <P>Men f\u00f6r att orka med satsningen har Elina ofta pressat sig till det yttersta. Hon s\u00e4tter press och kan ibland vara f\u00f6r h\u00e5rd mot sig sj\u00e4lv.<BR>\u00a0\u00a0 &#8211; Ja, det s\u00e4ger August (Wall\u00e9n, Elinas tr\u00e4nare) till mig titt som t\u00e4tt. Men det \u00e4r sv\u00e5rt att inte vara h\u00e5rd mot sig sj\u00e4lv. Jag har tvingats att \u00e4nd\u00e5 f\u00f6rs\u00f6ka beh\u00e4rska mig, f\u00f6rs\u00f6ka att v\u00e4nda p\u00e5 synen av mig sj\u00e4lv. Jag tappar inte hum\u00f6ret lika ofta l\u00e4ngre, jag lyckas allt mer att h\u00e5lla i det mentala. Jag har mer och mer b\u00f6rjat inse att det jag inte f\u00f6rm\u00e5r f\u00f6r\u00e4ndra, kan jag heller inte l\u00e4gga energi p\u00e5. Den mentala biten i tr\u00e4ning och t\u00e4vling \u00e4r v\u00e4ldigt viktig f\u00f6r mig.<\/P> <P>M\u00e5nga idrottare v\u00e4xer upp med f\u00f6rebilder och idoler. Det har s\u00e5 klart Elina Nilsson ocks\u00e5 gjort. Hennes stora f\u00f6rebild \u00e4r just hennes tr\u00e4nare och b\u00e4ste v\u00e4n i livet \u2013 August Wall\u00e9n.<BR>\u00a0\u00a0 &#8211; Han har varit som en familj, som en tr\u00e4nare och som min b\u00e4sta v\u00e4n i en och samma person. Jag beundrar honom otroligt mycket. Han har ett driv och ger sig inte \u00e4ven om han st\u00f6ter p\u00e5 motg\u00e5ngar. Han betyder s\u00e5 klart v\u00e4ldigt mycket f\u00f6r mig och f\u00f6r mina framg\u00e5ngar.<\/P> <P><STRONG>Ser fram emot VM<\/STRONG><BR>Utanf\u00f6r idrotten \u00e4r Ulf Lundell en person som Elina Nilsson ser upp till.<BR>\u00a0\u00a0 &#8211; Han kan s\u00e4tta ord p\u00e5 det alla k\u00e4nner, men inte kan beskriva. Jag k\u00e4nner inte Lundell, men den k\u00e4nsla jag har av honom \u00e4r att han f\u00f6ljer sitt hj\u00e4rta och jag har l\u00e4tt f\u00f6r att beundra m\u00e4nniskor som f\u00f6ljer sitt hj\u00e4rta. Som vet vad de vill i livet och v\u00e5gar leva efter den viljan.<\/P> <P>Det h\u00e4nder inte ofta. Men ibland har Elina ingen tr\u00e4ning och inget annat som upptar hennes tid. D\u00e5 ser hon g\u00e4rna p\u00e5 en film eller \u00e5ker till havet.<BR>\u00a0\u00a0 &#8211; Jag gillar att koppla av med en film. Havet \u00e4r ocks\u00e5 en j\u00e4tteviktig plats f\u00f6r mig. Det \u00e4r n\u00e5got jag m\u00e5ste ha n\u00e4ra till, n\u00e5got jag m\u00e5ste bo vid. Det blir en lite frihetsk\u00e4nsla att kunna blicka ut \u00f6ver havet d\u00e5 och d\u00e5 och k\u00e4nna att man kan sticka bort om man skulle vilja. Jag promenerar mycket ocks\u00e5. G\u00e4rna i skogen eller genom stan. Det frig\u00f6r en massa tankar och jag gillar k\u00e4nslan av att vara i r\u00f6relse.<\/P> <P><IMG alt=\"\" align=middle src=\"http:\/\/www.budokampsport.se\/sites\/default\/files\/gala_elina.jpg\" width=435 height=290><BR><BR>Men s\u00e5 mycket av de varorna har hon inte haft tid till. Det \u00e4r just nu h\u00e5rdtr\u00e4ning inf\u00f6r VM som prioriteras. Det g\u00e4ller nu att toppa formen och komma ner i matchvikt.<BR>\u00a0\u00a0 &#8211; Det \u00e4r s\u00e5 klart en tuff period. Jag har \u00e4nd\u00e5 g\u00e5tt igenom den v\u00e4rsta tr\u00e4ningsfasen under sommaren, den tunga fystr\u00e4ningen \u00e4r avklarad. Nu n\u00e4r m\u00e5let \u00e4nd\u00e5 \u00e4r s\u00e5 pass n\u00e4ra k\u00e4nns det bara inspirerande att tr\u00e4na h\u00e5rt. Jag ser otroligt mycket fram emot att kliva in i VM-ringen.<\/P> <P>Och den m\u00e5lbild hon har i huvudet, det hon ser framf\u00f6r sig, \u00e4r tydlig. Hon ser sig sj\u00e4lv dra det l\u00e4ngsta str\u00e5et och vinner guldet.<BR>\u00a0 &#8211; Det \u00e4r s\u00e5 jag fungerar, jag m\u00e5ste t\u00e4nka i de banorna. Till viss del handlar min m\u00e5lbild om att plocka lite fr\u00e5n tidigare erfarenheter. Jag f\u00f6rs\u00f6ker plocka fram k\u00e4nslor och bilder i huvudet. Jag ser mig sj\u00e4lv i turneringen, ser mig sj\u00e4lv fightas och ser mig sj\u00e4lv vinna.<BR><BR>Text och rubrikfoto: Jonathan Broberg<BR>\u00d6vrigt foto: Hamid Shokatyan<\/P><\/p>\n","protected":false},"excerpt":{"rendered":"<p><P><STRONG><IMG alt=\"\" align=middle src=\"http:\/\/www.budokampsport.se\/sites\/default\/files\/elina-nillson.jpg\" width=430 height=244><BR>F\u00f6r ett tag sedan sl\u00e4pptes truppen till VM i thaiboxning. Ett av de st\u00f6rsta namnen i den svenska truppen \u00e4r Elina Nilsson. Hennes m\u00e5l med VM \u00e4r glasklart. <BR>\u00a0\u00a0 &#8211; Jag \u00e5ker dit f\u00f6r att f\u00f6rs\u00f6ka vinna guldet, s\u00e4ger hon till budokampsport.se.<\/p><br>","protected":false},"author":7,"featured_media":0,"comment_status":"closed","ping_status":"closed","sticky":false,"template":"","format":"standard","meta":{"_acf_changed":false,"footnotes":""},"categories":[1],"tags":[],"class_list":["post-3901","post","type-post","status-publish","format-standard","hentry","category-okategoriserade"],"acf":[],"yoast_head":"<!-- This site is optimized with the Yoast SEO plugin v26.8 - https:\/\/yoast.com\/product\/yoast-seo-wordpress\/ -->\n<title>Elina Nilsson satsar mot VM-guld - Svenska Budo &amp; Kampsportsf\u00f6rbundet<\/title>\n<meta name=\"description\" content=\"F\u00f6r ett tag sedan sl\u00e4pptes truppen till VM i thaiboxning. Ett av de st\u00f6rsta namnen i den svenska truppen \u00e4r Elina Nilsson. Hennes m\u00e5l med VM \u00e4r glasklart. \u00a0\u00a0 - Jag \u00e5ker dit f\u00f6r att f\u00f6rs\u00f6ka vinna guldet, s\u00e4ger hon till budokampsport.se.\" \/>\n<meta name=\"robots\" content=\"index, follow, max-snippet:-1, max-image-preview:large, max-video-preview:-1\" \/>\n<link rel=\"canonical\" href=\"https:\/\/www.budokampsport.se\/2011\/09\/06\/elina-nilsson-satsar-mot-vm-guld\/\" \/>\n<meta property=\"og:locale\" content=\"sv_SE\" \/>\n<meta property=\"og:type\" content=\"article\" \/>\n<meta property=\"og:title\" content=\"Elina Nilsson satsar mot VM-guld - Svenska Budo &amp; Kampsportsf\u00f6rbundet\" \/>\n<meta property=\"og:description\" content=\"F\u00f6r ett tag sedan sl\u00e4pptes truppen till VM i thaiboxning. Ett av de st\u00f6rsta namnen i den svenska truppen \u00e4r Elina Nilsson. Hennes m\u00e5l med VM \u00e4r glasklart. \u00a0\u00a0 - Jag \u00e5ker dit f\u00f6r att f\u00f6rs\u00f6ka vinna guldet, s\u00e4ger hon till budokampsport.se.\" \/>\n<meta property=\"og:url\" content=\"https:\/\/www.budokampsport.se\/2011\/09\/06\/elina-nilsson-satsar-mot-vm-guld\/\" \/>\n<meta property=\"og:site_name\" content=\"Svenska Budo &amp; Kampsportsf\u00f6rbundet\" \/>\n<meta property=\"article:author\" content=\"https:\/\/www.facebook.com\/jonathan.broberg.7\" \/>\n<meta property=\"article:published_time\" content=\"2011-09-06T09:52:24+00:00\" \/>\n<meta property=\"article:modified_time\" content=\"2016-12-06T21:33:26+00:00\" \/>\n<meta name=\"author\" content=\"Jonathan Broberg\" \/>\n<meta name=\"twitter:card\" content=\"summary_large_image\" \/>\n<meta name=\"twitter:label1\" content=\"Skriven av\" \/>\n\t<meta name=\"twitter:data1\" content=\"Jonathan Broberg\" \/>\n\t<meta name=\"twitter:label2\" content=\"Ber\u00e4knad l\u00e4stid\" \/>\n\t<meta name=\"twitter:data2\" content=\"6 minuter\" \/>\n<script type=\"application\/ld+json\" class=\"yoast-schema-graph\">{\"@context\":\"https:\/\/schema.org\",\"@graph\":[{\"@type\":\"Article\",\"@id\":\"https:\/\/www.budokampsport.se\/2011\/09\/06\/elina-nilsson-satsar-mot-vm-guld\/#article\",\"isPartOf\":{\"@id\":\"https:\/\/www.budokampsport.se\/2011\/09\/06\/elina-nilsson-satsar-mot-vm-guld\/\"},\"author\":{\"name\":\"Jonathan Broberg\",\"@id\":\"https:\/\/www.budokampsport.se\/#\/schema\/person\/5c06d81d14850e2a8ce5493386560145\"},\"headline\":\"Elina Nilsson satsar mot VM-guld\",\"datePublished\":\"2011-09-06T09:52:24+00:00\",\"dateModified\":\"2016-12-06T21:33:26+00:00\",\"mainEntityOfPage\":{\"@id\":\"https:\/\/www.budokampsport.se\/2011\/09\/06\/elina-nilsson-satsar-mot-vm-guld\/\"},\"wordCount\":1158,\"inLanguage\":\"sv-SE\"},{\"@type\":\"WebPage\",\"@id\":\"https:\/\/www.budokampsport.se\/2011\/09\/06\/elina-nilsson-satsar-mot-vm-guld\/\",\"url\":\"https:\/\/www.budokampsport.se\/2011\/09\/06\/elina-nilsson-satsar-mot-vm-guld\/\",\"name\":\"Elina Nilsson satsar mot VM-guld - Svenska Budo &amp; Kampsportsf\u00f6rbundet\",\"isPartOf\":{\"@id\":\"https:\/\/www.budokampsport.se\/#website\"},\"datePublished\":\"2011-09-06T09:52:24+00:00\",\"dateModified\":\"2016-12-06T21:33:26+00:00\",\"author\":{\"@id\":\"https:\/\/www.budokampsport.se\/#\/schema\/person\/5c06d81d14850e2a8ce5493386560145\"},\"description\":\"F\u00f6r ett tag sedan sl\u00e4pptes truppen till VM i thaiboxning. Ett av de st\u00f6rsta namnen i den svenska truppen \u00e4r Elina Nilsson. Hennes m\u00e5l med VM \u00e4r glasklart. \u00a0\u00a0 - Jag \u00e5ker dit f\u00f6r att f\u00f6rs\u00f6ka vinna guldet, s\u00e4ger hon till budokampsport.se.\",\"breadcrumb\":{\"@id\":\"https:\/\/www.budokampsport.se\/2011\/09\/06\/elina-nilsson-satsar-mot-vm-guld\/#breadcrumb\"},\"inLanguage\":\"sv-SE\",\"potentialAction\":[{\"@type\":\"ReadAction\",\"target\":[\"https:\/\/www.budokampsport.se\/2011\/09\/06\/elina-nilsson-satsar-mot-vm-guld\/\"]}]},{\"@type\":\"BreadcrumbList\",\"@id\":\"https:\/\/www.budokampsport.se\/2011\/09\/06\/elina-nilsson-satsar-mot-vm-guld\/#breadcrumb\",\"itemListElement\":[{\"@type\":\"ListItem\",\"position\":1,\"name\":\"Hem\",\"item\":\"https:\/\/www.budokampsport.se\/\"},{\"@type\":\"ListItem\",\"position\":2,\"name\":\"Elina Nilsson satsar mot VM-guld\"}]},{\"@type\":\"WebSite\",\"@id\":\"https:\/\/www.budokampsport.se\/#website\",\"url\":\"https:\/\/www.budokampsport.se\/\",\"name\":\"Svenska Budo &amp; Kampsportsf\u00f6rbundet\",\"description\":\"T\u00e4vling, Tr\u00e4ning, Tradition\",\"potentialAction\":[{\"@type\":\"SearchAction\",\"target\":{\"@type\":\"EntryPoint\",\"urlTemplate\":\"https:\/\/www.budokampsport.se\/?s={search_term_string}\"},\"query-input\":{\"@type\":\"PropertyValueSpecification\",\"valueRequired\":true,\"valueName\":\"search_term_string\"}}],\"inLanguage\":\"sv-SE\"},{\"@type\":\"Person\",\"@id\":\"https:\/\/www.budokampsport.se\/#\/schema\/person\/5c06d81d14850e2a8ce5493386560145\",\"name\":\"Jonathan Broberg\",\"image\":{\"@type\":\"ImageObject\",\"inLanguage\":\"sv-SE\",\"@id\":\"https:\/\/www.budokampsport.se\/#\/schema\/person\/image\/\",\"url\":\"https:\/\/secure.gravatar.com\/avatar\/a58041c6cea9128bd9c40ee2f26d4136?s=96&d=blank&r=g\",\"contentUrl\":\"https:\/\/secure.gravatar.com\/avatar\/a58041c6cea9128bd9c40ee2f26d4136?s=96&d=blank&r=g\",\"caption\":\"Jonathan Broberg\"},\"sameAs\":[\"https:\/\/www.facebook.com\/jonathan.broberg.7\"],\"url\":\"https:\/\/www.budokampsport.se\/author\/jonathan\/\"}]}<\/script>\n<!-- \/ Yoast SEO plugin. -->","yoast_head_json":{"title":"Elina Nilsson satsar mot VM-guld - Svenska Budo &amp; Kampsportsf\u00f6rbundet","description":"F\u00f6r ett tag sedan sl\u00e4pptes truppen till VM i thaiboxning. Ett av de st\u00f6rsta namnen i den svenska truppen \u00e4r Elina Nilsson. Hennes m\u00e5l med VM \u00e4r glasklart. \u00a0\u00a0 - Jag \u00e5ker dit f\u00f6r att f\u00f6rs\u00f6ka vinna guldet, s\u00e4ger hon till budokampsport.se.","robots":{"index":"index","follow":"follow","max-snippet":"max-snippet:-1","max-image-preview":"max-image-preview:large","max-video-preview":"max-video-preview:-1"},"canonical":"https:\/\/www.budokampsport.se\/2011\/09\/06\/elina-nilsson-satsar-mot-vm-guld\/","og_locale":"sv_SE","og_type":"article","og_title":"Elina Nilsson satsar mot VM-guld - Svenska Budo &amp; Kampsportsf\u00f6rbundet","og_description":"F\u00f6r ett tag sedan sl\u00e4pptes truppen till VM i thaiboxning. Ett av de st\u00f6rsta namnen i den svenska truppen \u00e4r Elina Nilsson. Hennes m\u00e5l med VM \u00e4r glasklart. \u00a0\u00a0 - Jag \u00e5ker dit f\u00f6r att f\u00f6rs\u00f6ka vinna guldet, s\u00e4ger hon till budokampsport.se.","og_url":"https:\/\/www.budokampsport.se\/2011\/09\/06\/elina-nilsson-satsar-mot-vm-guld\/","og_site_name":"Svenska Budo &amp; Kampsportsf\u00f6rbundet","article_author":"https:\/\/www.facebook.com\/jonathan.broberg.7","article_published_time":"2011-09-06T09:52:24+00:00","article_modified_time":"2016-12-06T21:33:26+00:00","author":"Jonathan Broberg","twitter_card":"summary_large_image","twitter_misc":{"Skriven av":"Jonathan Broberg","Ber\u00e4knad l\u00e4stid":"6 minuter"},"schema":{"@context":"https:\/\/schema.org","@graph":[{"@type":"Article","@id":"https:\/\/www.budokampsport.se\/2011\/09\/06\/elina-nilsson-satsar-mot-vm-guld\/#article","isPartOf":{"@id":"https:\/\/www.budokampsport.se\/2011\/09\/06\/elina-nilsson-satsar-mot-vm-guld\/"},"author":{"name":"Jonathan Broberg","@id":"https:\/\/www.budokampsport.se\/#\/schema\/person\/5c06d81d14850e2a8ce5493386560145"},"headline":"Elina Nilsson satsar mot VM-guld","datePublished":"2011-09-06T09:52:24+00:00","dateModified":"2016-12-06T21:33:26+00:00","mainEntityOfPage":{"@id":"https:\/\/www.budokampsport.se\/2011\/09\/06\/elina-nilsson-satsar-mot-vm-guld\/"},"wordCount":1158,"inLanguage":"sv-SE"},{"@type":"WebPage","@id":"https:\/\/www.budokampsport.se\/2011\/09\/06\/elina-nilsson-satsar-mot-vm-guld\/","url":"https:\/\/www.budokampsport.se\/2011\/09\/06\/elina-nilsson-satsar-mot-vm-guld\/","name":"Elina Nilsson satsar mot VM-guld - Svenska Budo &amp; Kampsportsf\u00f6rbundet","isPartOf":{"@id":"https:\/\/www.budokampsport.se\/#website"},"datePublished":"2011-09-06T09:52:24+00:00","dateModified":"2016-12-06T21:33:26+00:00","author":{"@id":"https:\/\/www.budokampsport.se\/#\/schema\/person\/5c06d81d14850e2a8ce5493386560145"},"description":"F\u00f6r ett tag sedan sl\u00e4pptes truppen till VM i thaiboxning. Ett av de st\u00f6rsta namnen i den svenska truppen \u00e4r Elina Nilsson. Hennes m\u00e5l med VM \u00e4r glasklart. \u00a0\u00a0 - Jag \u00e5ker dit f\u00f6r att f\u00f6rs\u00f6ka vinna guldet, s\u00e4ger hon till budokampsport.se.","breadcrumb":{"@id":"https:\/\/www.budokampsport.se\/2011\/09\/06\/elina-nilsson-satsar-mot-vm-guld\/#breadcrumb"},"inLanguage":"sv-SE","potentialAction":[{"@type":"ReadAction","target":["https:\/\/www.budokampsport.se\/2011\/09\/06\/elina-nilsson-satsar-mot-vm-guld\/"]}]},{"@type":"BreadcrumbList","@id":"https:\/\/www.budokampsport.se\/2011\/09\/06\/elina-nilsson-satsar-mot-vm-guld\/#breadcrumb","itemListElement":[{"@type":"ListItem","position":1,"name":"Hem","item":"https:\/\/www.budokampsport.se\/"},{"@type":"ListItem","position":2,"name":"Elina Nilsson satsar mot VM-guld"}]},{"@type":"WebSite","@id":"https:\/\/www.budokampsport.se\/#website","url":"https:\/\/www.budokampsport.se\/","name":"Svenska Budo &amp; Kampsportsf\u00f6rbundet","description":"T\u00e4vling, Tr\u00e4ning, Tradition","potentialAction":[{"@type":"SearchAction","target":{"@type":"EntryPoint","urlTemplate":"https:\/\/www.budokampsport.se\/?s={search_term_string}"},"query-input":{"@type":"PropertyValueSpecification","valueRequired":true,"valueName":"search_term_string"}}],"inLanguage":"sv-SE"},{"@type":"Person","@id":"https:\/\/www.budokampsport.se\/#\/schema\/person\/5c06d81d14850e2a8ce5493386560145","name":"Jonathan Broberg","image":{"@type":"ImageObject","inLanguage":"sv-SE","@id":"https:\/\/www.budokampsport.se\/#\/schema\/person\/image\/","url":"https:\/\/secure.gravatar.com\/avatar\/a58041c6cea9128bd9c40ee2f26d4136?s=96&d=blank&r=g","contentUrl":"https:\/\/secure.gravatar.com\/avatar\/a58041c6cea9128bd9c40ee2f26d4136?s=96&d=blank&r=g","caption":"Jonathan Broberg"},"sameAs":["https:\/\/www.facebook.com\/jonathan.broberg.7"],"url":"https:\/\/www.budokampsport.se\/author\/jonathan\/"}]}},"_links":{"self":[{"href":"https:\/\/www.budokampsport.se\/api\/wp\/v2\/posts\/3901","targetHints":{"allow":["GET"]}}],"collection":[{"href":"https:\/\/www.budokampsport.se\/api\/wp\/v2\/posts"}],"about":[{"href":"https:\/\/www.budokampsport.se\/api\/wp\/v2\/types\/post"}],"author":[{"embeddable":true,"href":"https:\/\/www.budokampsport.se\/api\/wp\/v2\/users\/7"}],"replies":[{"embeddable":true,"href":"https:\/\/www.budokampsport.se\/api\/wp\/v2\/comments?post=3901"}],"version-history":[{"count":0,"href":"https:\/\/www.budokampsport.se\/api\/wp\/v2\/posts\/3901\/revisions"}],"wp:attachment":[{"href":"https:\/\/www.budokampsport.se\/api\/wp\/v2\/media?parent=3901"}],"wp:term":[{"taxonomy":"category","embeddable":true,"href":"https:\/\/www.budokampsport.se\/api\/wp\/v2\/categories?post=3901"},{"taxonomy":"post_tag","embeddable":true,"href":"https:\/\/www.budokampsport.se\/api\/wp\/v2\/tags?post=3901"}],"curies":[{"name":"wp","href":"https:\/\/api.w.org\/{rel}","templated":true}]}}