{"id":3913,"date":"2011-09-20T08:14:00","date_gmt":"2011-09-20T06:14:00","guid":{"rendered":"http:\/\/budo.wordpress.dev\/2011\/09\/20\/landslaget-pa-plats-i-uzbekistan-invagningarna-har-gatt-bra\/"},"modified":"2016-12-06T22:33:28","modified_gmt":"2016-12-06T21:33:28","slug":"landslaget-pa-plats-i-uzbekistan-invagningarna-har-gatt-bra","status":"publish","type":"post","link":"https:\/\/www.budokampsport.se\/2011\/09\/20\/landslaget-pa-plats-i-uzbekistan-invagningarna-har-gatt-bra\/","title":{"rendered":"Landslaget p\u00e5 plats i Uzbekistan &#8211; inv\u00e4gningarna har g\u00e5tt bra"},"content":{"rendered":"<p><P><STRONG><IMG alt=\"\" align=right src=\"http:\/\/www.budokampsport.se\/sites\/default\/files\/vm-postern.jpg\" width=100 height=141>Det b\u00f6rjar s\u00e5 sm\u00e5tt att bli dags f\u00f6r VM i thaiboxning. Den svenska truppen \u00e4r p\u00e5 plats i Uzbekistan och inv\u00e4gningarna rapporteras har g\u00e5tt bra f\u00f6r samtliga.<\/STRONG><BR><BR>Elina Nilsson och Sanja Trbojevic har kommit \u00f6verrens om att byta viktklass d\u00e5 den r\u00e5dande dagsformen passar de b\u00e5da b\u00e4ttre. Trbojevic g\u00e5r s\u00e5ledes ner en viktklass till -67kg och Nilsson upp till -71kg.<!--break--><\/P><\/p>\n","protected":false},"excerpt":{"rendered":"<p><P><STRONG><IMG alt=\"\" align=right src=\"http:\/\/www.budokampsport.se\/sites\/default\/files\/vm-postern.jpg\" width=100 height=141>Det b\u00f6rjar s\u00e5 sm\u00e5tt att bli dags f\u00f6r VM i thaiboxning. Den svenska truppen \u00e4r p\u00e5 plats i Uzbekistan och inv\u00e4gningarna rapporteras har g\u00e5tt bra f\u00f6r samtliga.<\/STRONG><BR><BR>Elina Nilsson och Sanja Trbojevic har kommit \u00f6verrens om att byta viktklass d\u00e5 den r\u00e5dande dagsformen passar de b\u00e5da b\u00e4ttre. Trbojevic g\u00e5r s\u00e5ledes ner en viktklass till -67kg och Nilsson upp till -71kg.<\/p><br>","protected":false},"author":7,"featured_media":0,"comment_status":"closed","ping_status":"closed","sticky":false,"template":"","format":"standard","meta":{"_acf_changed":false,"footnotes":""},"categories":[1],"tags":[],"class_list":["post-3913","post","type-post","status-publish","format-standard","hentry","category-okategoriserade"],"acf":[],"yoast_head":"<!-- This site is optimized with the Yoast SEO plugin v26.8 - https:\/\/yoast.com\/product\/yoast-seo-wordpress\/ -->\n<title>Landslaget p\u00e5 plats i Uzbekistan - inv\u00e4gningarna har g\u00e5tt bra - Svenska Budo &amp; Kampsportsf\u00f6rbundet<\/title>\n<meta name=\"description\" content=\"Det b\u00f6rjar s\u00e5 sm\u00e5tt att bli dags f\u00f6r VM i thaiboxning. Den svenska truppen \u00e4r p\u00e5 plats i Uzbekistan och inv\u00e4gningarna rapporteras har g\u00e5tt bra f\u00f6r samtliga.Elina Nilsson och Sanja Trbojevic har kommit \u00f6verrens om att byta viktklass d\u00e5 den r\u00e5dande dagsformen passar de b\u00e5da b\u00e4ttre. Trbojevic g\u00e5r s\u00e5ledes ner en viktklass till -67kg och Nilsson upp till -71kg.\" \/>\n<meta name=\"robots\" content=\"index, follow, max-snippet:-1, max-image-preview:large, max-video-preview:-1\" \/>\n<link rel=\"canonical\" href=\"https:\/\/www.budokampsport.se\/2011\/09\/20\/landslaget-pa-plats-i-uzbekistan-invagningarna-har-gatt-bra\/\" \/>\n<meta property=\"og:locale\" content=\"sv_SE\" \/>\n<meta property=\"og:type\" content=\"article\" \/>\n<meta property=\"og:title\" content=\"Landslaget p\u00e5 plats i Uzbekistan - inv\u00e4gningarna har g\u00e5tt bra - Svenska Budo &amp; Kampsportsf\u00f6rbundet\" \/>\n<meta property=\"og:description\" content=\"Det b\u00f6rjar s\u00e5 sm\u00e5tt att bli dags f\u00f6r VM i thaiboxning. Den svenska truppen \u00e4r p\u00e5 plats i Uzbekistan och inv\u00e4gningarna rapporteras har g\u00e5tt bra f\u00f6r samtliga.Elina Nilsson och Sanja Trbojevic har kommit \u00f6verrens om att byta viktklass d\u00e5 den r\u00e5dande dagsformen passar de b\u00e5da b\u00e4ttre. Trbojevic g\u00e5r s\u00e5ledes ner en viktklass till -67kg och Nilsson upp till -71kg.\" \/>\n<meta property=\"og:url\" content=\"https:\/\/www.budokampsport.se\/2011\/09\/20\/landslaget-pa-plats-i-uzbekistan-invagningarna-har-gatt-bra\/\" \/>\n<meta property=\"og:site_name\" content=\"Svenska Budo &amp; Kampsportsf\u00f6rbundet\" \/>\n<meta property=\"article:author\" content=\"https:\/\/www.facebook.com\/jonathan.broberg.7\" \/>\n<meta property=\"article:published_time\" content=\"2011-09-20T06:14:00+00:00\" \/>\n<meta property=\"article:modified_time\" content=\"2016-12-06T21:33:28+00:00\" \/>\n<meta name=\"author\" content=\"Jonathan Broberg\" \/>\n<meta name=\"twitter:card\" content=\"summary_large_image\" \/>\n<meta name=\"twitter:label1\" content=\"Skriven av\" \/>\n\t<meta name=\"twitter:data1\" content=\"Jonathan Broberg\" \/>\n<script type=\"application\/ld+json\" class=\"yoast-schema-graph\">{\"@context\":\"https:\/\/schema.org\",\"@graph\":[{\"@type\":\"Article\",\"@id\":\"https:\/\/www.budokampsport.se\/2011\/09\/20\/landslaget-pa-plats-i-uzbekistan-invagningarna-har-gatt-bra\/#article\",\"isPartOf\":{\"@id\":\"https:\/\/www.budokampsport.se\/2011\/09\/20\/landslaget-pa-plats-i-uzbekistan-invagningarna-har-gatt-bra\/\"},\"author\":{\"name\":\"Jonathan Broberg\",\"@id\":\"https:\/\/www.budokampsport.se\/#\/schema\/person\/5c06d81d14850e2a8ce5493386560145\"},\"headline\":\"Landslaget p\u00e5 plats i Uzbekistan &#8211; inv\u00e4gningarna har g\u00e5tt bra\",\"datePublished\":\"2011-09-20T06:14:00+00:00\",\"dateModified\":\"2016-12-06T21:33:28+00:00\",\"mainEntityOfPage\":{\"@id\":\"https:\/\/www.budokampsport.se\/2011\/09\/20\/landslaget-pa-plats-i-uzbekistan-invagningarna-har-gatt-bra\/\"},\"wordCount\":85,\"inLanguage\":\"sv-SE\"},{\"@type\":\"WebPage\",\"@id\":\"https:\/\/www.budokampsport.se\/2011\/09\/20\/landslaget-pa-plats-i-uzbekistan-invagningarna-har-gatt-bra\/\",\"url\":\"https:\/\/www.budokampsport.se\/2011\/09\/20\/landslaget-pa-plats-i-uzbekistan-invagningarna-har-gatt-bra\/\",\"name\":\"Landslaget p\u00e5 plats i Uzbekistan - inv\u00e4gningarna har g\u00e5tt bra - Svenska Budo &amp; Kampsportsf\u00f6rbundet\",\"isPartOf\":{\"@id\":\"https:\/\/www.budokampsport.se\/#website\"},\"datePublished\":\"2011-09-20T06:14:00+00:00\",\"dateModified\":\"2016-12-06T21:33:28+00:00\",\"author\":{\"@id\":\"https:\/\/www.budokampsport.se\/#\/schema\/person\/5c06d81d14850e2a8ce5493386560145\"},\"description\":\"Det b\u00f6rjar s\u00e5 sm\u00e5tt att bli dags f\u00f6r VM i thaiboxning. Den svenska truppen \u00e4r p\u00e5 plats i Uzbekistan och inv\u00e4gningarna rapporteras har g\u00e5tt bra f\u00f6r samtliga.Elina Nilsson och Sanja Trbojevic har kommit \u00f6verrens om att byta viktklass d\u00e5 den r\u00e5dande dagsformen passar de b\u00e5da b\u00e4ttre. Trbojevic g\u00e5r s\u00e5ledes ner en viktklass till -67kg och Nilsson upp till -71kg.\",\"breadcrumb\":{\"@id\":\"https:\/\/www.budokampsport.se\/2011\/09\/20\/landslaget-pa-plats-i-uzbekistan-invagningarna-har-gatt-bra\/#breadcrumb\"},\"inLanguage\":\"sv-SE\",\"potentialAction\":[{\"@type\":\"ReadAction\",\"target\":[\"https:\/\/www.budokampsport.se\/2011\/09\/20\/landslaget-pa-plats-i-uzbekistan-invagningarna-har-gatt-bra\/\"]}]},{\"@type\":\"BreadcrumbList\",\"@id\":\"https:\/\/www.budokampsport.se\/2011\/09\/20\/landslaget-pa-plats-i-uzbekistan-invagningarna-har-gatt-bra\/#breadcrumb\",\"itemListElement\":[{\"@type\":\"ListItem\",\"position\":1,\"name\":\"Hem\",\"item\":\"https:\/\/www.budokampsport.se\/\"},{\"@type\":\"ListItem\",\"position\":2,\"name\":\"Landslaget p\u00e5 plats i Uzbekistan &#8211; inv\u00e4gningarna har g\u00e5tt bra\"}]},{\"@type\":\"WebSite\",\"@id\":\"https:\/\/www.budokampsport.se\/#website\",\"url\":\"https:\/\/www.budokampsport.se\/\",\"name\":\"Svenska Budo &amp; Kampsportsf\u00f6rbundet\",\"description\":\"T\u00e4vling, Tr\u00e4ning, Tradition\",\"potentialAction\":[{\"@type\":\"SearchAction\",\"target\":{\"@type\":\"EntryPoint\",\"urlTemplate\":\"https:\/\/www.budokampsport.se\/?s={search_term_string}\"},\"query-input\":{\"@type\":\"PropertyValueSpecification\",\"valueRequired\":true,\"valueName\":\"search_term_string\"}}],\"inLanguage\":\"sv-SE\"},{\"@type\":\"Person\",\"@id\":\"https:\/\/www.budokampsport.se\/#\/schema\/person\/5c06d81d14850e2a8ce5493386560145\",\"name\":\"Jonathan Broberg\",\"image\":{\"@type\":\"ImageObject\",\"inLanguage\":\"sv-SE\",\"@id\":\"https:\/\/www.budokampsport.se\/#\/schema\/person\/image\/\",\"url\":\"https:\/\/secure.gravatar.com\/avatar\/a58041c6cea9128bd9c40ee2f26d4136?s=96&d=blank&r=g\",\"contentUrl\":\"https:\/\/secure.gravatar.com\/avatar\/a58041c6cea9128bd9c40ee2f26d4136?s=96&d=blank&r=g\",\"caption\":\"Jonathan Broberg\"},\"sameAs\":[\"https:\/\/www.facebook.com\/jonathan.broberg.7\"],\"url\":\"https:\/\/www.budokampsport.se\/author\/jonathan\/\"}]}<\/script>\n<!-- \/ Yoast SEO plugin. -->","yoast_head_json":{"title":"Landslaget p\u00e5 plats i Uzbekistan - inv\u00e4gningarna har g\u00e5tt bra - Svenska Budo &amp; Kampsportsf\u00f6rbundet","description":"Det b\u00f6rjar s\u00e5 sm\u00e5tt att bli dags f\u00f6r VM i thaiboxning. Den svenska truppen \u00e4r p\u00e5 plats i Uzbekistan och inv\u00e4gningarna rapporteras har g\u00e5tt bra f\u00f6r samtliga.Elina Nilsson och Sanja Trbojevic har kommit \u00f6verrens om att byta viktklass d\u00e5 den r\u00e5dande dagsformen passar de b\u00e5da b\u00e4ttre. Trbojevic g\u00e5r s\u00e5ledes ner en viktklass till -67kg och Nilsson upp till -71kg.","robots":{"index":"index","follow":"follow","max-snippet":"max-snippet:-1","max-image-preview":"max-image-preview:large","max-video-preview":"max-video-preview:-1"},"canonical":"https:\/\/www.budokampsport.se\/2011\/09\/20\/landslaget-pa-plats-i-uzbekistan-invagningarna-har-gatt-bra\/","og_locale":"sv_SE","og_type":"article","og_title":"Landslaget p\u00e5 plats i Uzbekistan - inv\u00e4gningarna har g\u00e5tt bra - Svenska Budo &amp; Kampsportsf\u00f6rbundet","og_description":"Det b\u00f6rjar s\u00e5 sm\u00e5tt att bli dags f\u00f6r VM i thaiboxning. Den svenska truppen \u00e4r p\u00e5 plats i Uzbekistan och inv\u00e4gningarna rapporteras har g\u00e5tt bra f\u00f6r samtliga.Elina Nilsson och Sanja Trbojevic har kommit \u00f6verrens om att byta viktklass d\u00e5 den r\u00e5dande dagsformen passar de b\u00e5da b\u00e4ttre. Trbojevic g\u00e5r s\u00e5ledes ner en viktklass till -67kg och Nilsson upp till -71kg.","og_url":"https:\/\/www.budokampsport.se\/2011\/09\/20\/landslaget-pa-plats-i-uzbekistan-invagningarna-har-gatt-bra\/","og_site_name":"Svenska Budo &amp; Kampsportsf\u00f6rbundet","article_author":"https:\/\/www.facebook.com\/jonathan.broberg.7","article_published_time":"2011-09-20T06:14:00+00:00","article_modified_time":"2016-12-06T21:33:28+00:00","author":"Jonathan Broberg","twitter_card":"summary_large_image","twitter_misc":{"Skriven av":"Jonathan Broberg"},"schema":{"@context":"https:\/\/schema.org","@graph":[{"@type":"Article","@id":"https:\/\/www.budokampsport.se\/2011\/09\/20\/landslaget-pa-plats-i-uzbekistan-invagningarna-har-gatt-bra\/#article","isPartOf":{"@id":"https:\/\/www.budokampsport.se\/2011\/09\/20\/landslaget-pa-plats-i-uzbekistan-invagningarna-har-gatt-bra\/"},"author":{"name":"Jonathan Broberg","@id":"https:\/\/www.budokampsport.se\/#\/schema\/person\/5c06d81d14850e2a8ce5493386560145"},"headline":"Landslaget p\u00e5 plats i Uzbekistan &#8211; inv\u00e4gningarna har g\u00e5tt bra","datePublished":"2011-09-20T06:14:00+00:00","dateModified":"2016-12-06T21:33:28+00:00","mainEntityOfPage":{"@id":"https:\/\/www.budokampsport.se\/2011\/09\/20\/landslaget-pa-plats-i-uzbekistan-invagningarna-har-gatt-bra\/"},"wordCount":85,"inLanguage":"sv-SE"},{"@type":"WebPage","@id":"https:\/\/www.budokampsport.se\/2011\/09\/20\/landslaget-pa-plats-i-uzbekistan-invagningarna-har-gatt-bra\/","url":"https:\/\/www.budokampsport.se\/2011\/09\/20\/landslaget-pa-plats-i-uzbekistan-invagningarna-har-gatt-bra\/","name":"Landslaget p\u00e5 plats i Uzbekistan - inv\u00e4gningarna har g\u00e5tt bra - Svenska Budo &amp; Kampsportsf\u00f6rbundet","isPartOf":{"@id":"https:\/\/www.budokampsport.se\/#website"},"datePublished":"2011-09-20T06:14:00+00:00","dateModified":"2016-12-06T21:33:28+00:00","author":{"@id":"https:\/\/www.budokampsport.se\/#\/schema\/person\/5c06d81d14850e2a8ce5493386560145"},"description":"Det b\u00f6rjar s\u00e5 sm\u00e5tt att bli dags f\u00f6r VM i thaiboxning. Den svenska truppen \u00e4r p\u00e5 plats i Uzbekistan och inv\u00e4gningarna rapporteras har g\u00e5tt bra f\u00f6r samtliga.Elina Nilsson och Sanja Trbojevic har kommit \u00f6verrens om att byta viktklass d\u00e5 den r\u00e5dande dagsformen passar de b\u00e5da b\u00e4ttre. Trbojevic g\u00e5r s\u00e5ledes ner en viktklass till -67kg och Nilsson upp till -71kg.","breadcrumb":{"@id":"https:\/\/www.budokampsport.se\/2011\/09\/20\/landslaget-pa-plats-i-uzbekistan-invagningarna-har-gatt-bra\/#breadcrumb"},"inLanguage":"sv-SE","potentialAction":[{"@type":"ReadAction","target":["https:\/\/www.budokampsport.se\/2011\/09\/20\/landslaget-pa-plats-i-uzbekistan-invagningarna-har-gatt-bra\/"]}]},{"@type":"BreadcrumbList","@id":"https:\/\/www.budokampsport.se\/2011\/09\/20\/landslaget-pa-plats-i-uzbekistan-invagningarna-har-gatt-bra\/#breadcrumb","itemListElement":[{"@type":"ListItem","position":1,"name":"Hem","item":"https:\/\/www.budokampsport.se\/"},{"@type":"ListItem","position":2,"name":"Landslaget p\u00e5 plats i Uzbekistan &#8211; inv\u00e4gningarna har g\u00e5tt bra"}]},{"@type":"WebSite","@id":"https:\/\/www.budokampsport.se\/#website","url":"https:\/\/www.budokampsport.se\/","name":"Svenska Budo &amp; Kampsportsf\u00f6rbundet","description":"T\u00e4vling, Tr\u00e4ning, Tradition","potentialAction":[{"@type":"SearchAction","target":{"@type":"EntryPoint","urlTemplate":"https:\/\/www.budokampsport.se\/?s={search_term_string}"},"query-input":{"@type":"PropertyValueSpecification","valueRequired":true,"valueName":"search_term_string"}}],"inLanguage":"sv-SE"},{"@type":"Person","@id":"https:\/\/www.budokampsport.se\/#\/schema\/person\/5c06d81d14850e2a8ce5493386560145","name":"Jonathan Broberg","image":{"@type":"ImageObject","inLanguage":"sv-SE","@id":"https:\/\/www.budokampsport.se\/#\/schema\/person\/image\/","url":"https:\/\/secure.gravatar.com\/avatar\/a58041c6cea9128bd9c40ee2f26d4136?s=96&d=blank&r=g","contentUrl":"https:\/\/secure.gravatar.com\/avatar\/a58041c6cea9128bd9c40ee2f26d4136?s=96&d=blank&r=g","caption":"Jonathan Broberg"},"sameAs":["https:\/\/www.facebook.com\/jonathan.broberg.7"],"url":"https:\/\/www.budokampsport.se\/author\/jonathan\/"}]}},"_links":{"self":[{"href":"https:\/\/www.budokampsport.se\/api\/wp\/v2\/posts\/3913","targetHints":{"allow":["GET"]}}],"collection":[{"href":"https:\/\/www.budokampsport.se\/api\/wp\/v2\/posts"}],"about":[{"href":"https:\/\/www.budokampsport.se\/api\/wp\/v2\/types\/post"}],"author":[{"embeddable":true,"href":"https:\/\/www.budokampsport.se\/api\/wp\/v2\/users\/7"}],"replies":[{"embeddable":true,"href":"https:\/\/www.budokampsport.se\/api\/wp\/v2\/comments?post=3913"}],"version-history":[{"count":0,"href":"https:\/\/www.budokampsport.se\/api\/wp\/v2\/posts\/3913\/revisions"}],"wp:attachment":[{"href":"https:\/\/www.budokampsport.se\/api\/wp\/v2\/media?parent=3913"}],"wp:term":[{"taxonomy":"category","embeddable":true,"href":"https:\/\/www.budokampsport.se\/api\/wp\/v2\/categories?post=3913"},{"taxonomy":"post_tag","embeddable":true,"href":"https:\/\/www.budokampsport.se\/api\/wp\/v2\/tags?post=3913"}],"curies":[{"name":"wp","href":"https:\/\/api.w.org\/{rel}","templated":true}]}}