{"id":39174,"date":"2017-02-21T14:16:56","date_gmt":"2017-02-21T13:16:56","guid":{"rendered":"http:\/\/www.budokampsport.se\/?p=39174"},"modified":"2017-02-21T14:42:22","modified_gmt":"2017-02-21T13:42:22","slug":"lager-unga-ledare","status":"publish","type":"post","link":"https:\/\/www.budokampsport.se\/2017\/02\/21\/lager-unga-ledare\/","title":{"rendered":"L\u00e4ger f\u00f6r unga ledare"},"content":{"rendered":"<p>L\u00e4gret \u00e4r ett tillf\u00e4lle att utveckla sig som ledare samt tr\u00e4ffa unga ledare fr\u00e5n andra f\u00f6reningar och idrotter att utbyta erfarenheter med och inspireras av. Bos\u00f6n \u00e4r Riksidrottsf\u00f6rbundets utvecklingscentrum d\u00e4r ledare och aktiva fr\u00e5n olika idrotter samlas f\u00f6r till exempel l\u00e4ger, kurser, tester och tr\u00e4ning. Mer information om Bos\u00f6n: <a href=\"http:\/\/www.boson.nu\">boson.nu<\/a><\/p>\n<p>Varje f\u00f6rening kan anm\u00e4la upp till tre ledare men det \u00e4r f\u00f6rst till kvarn som g\u00e4ller d\u00e5 det finns ett begr\u00e4nsat antal platser.<br \/>\n<a href=\"http:\/\/educationwebregistration.idrottonline.se\/home\/index\/942704\">F\u00f6r anm\u00e4lan och mer information, f\u00f6lj l\u00e4nken.<\/a><\/p>\n<p>Fotnot: L\u00e4gret skulle ha arrangerats i januari men blev inst\u00e4llt.<\/p>\n","protected":false},"excerpt":{"rendered":"<p>Den 5-7 maj arrangerar Svenska Budo &#038; Kampsportsf\u00f6rbundet ett l\u00e4ger f\u00f6r unga ledare. L\u00e4gret genomf\u00f6rs p\u00e5 Bos\u00f6n och riktar sig till ledare i \u00e5ldern 13-20.<br \/><br>\u2013 Vi vill med l\u00e4gret ge st\u00f6d \u00e5t v\u00e5ra unga ledare i f\u00f6rbundet. Vi har inspirerande f\u00f6rel\u00e4sare och roliga aktiviteter inplanerade, s\u00e4ger Johanna Rydberg ifr\u00e5n f\u00f6rbundsstyrelsen till budokampsport.se.<\/p><br>","protected":false},"author":7,"featured_media":39191,"comment_status":"open","ping_status":"open","sticky":false,"template":"","format":"standard","meta":{"_acf_changed":false,"footnotes":""},"categories":[1],"tags":[],"class_list":["post-39174","post","type-post","status-publish","format-standard","has-post-thumbnail","hentry","category-okategoriserade"],"acf":[],"yoast_head":"<!-- This site is optimized with the Yoast SEO plugin v26.8 - https:\/\/yoast.com\/product\/yoast-seo-wordpress\/ -->\n<title>L\u00e4ger f\u00f6r unga ledare - Svenska Budo &amp; Kampsportsf\u00f6rbundet<\/title>\n<meta name=\"description\" content=\"Den 5-7 maj arrangerar Svenska Budo &amp; Kampsportsf\u00f6rbundet ett l\u00e4ger f\u00f6r unga ledare. L\u00e4gret genomf\u00f6rs p\u00e5 Bos\u00f6n och riktar sig till ledare i \u00e5ldern 13-20.  \u2013 Vi vill med l\u00e4gret ge st\u00f6d \u00e5t v\u00e5ra unga ledare i f\u00f6rbundet. Vi har inspirerande f\u00f6rel\u00e4sare och roliga aktiviteter inplanerade, s\u00e4ger Johanna Rydberg ifr\u00e5n f\u00f6rbundsstyrelsen till budokampsport.se.\" \/>\n<meta name=\"robots\" content=\"index, follow, max-snippet:-1, max-image-preview:large, max-video-preview:-1\" \/>\n<link rel=\"canonical\" href=\"https:\/\/www.budokampsport.se\/2017\/02\/21\/lager-unga-ledare\/\" \/>\n<meta property=\"og:locale\" content=\"sv_SE\" \/>\n<meta property=\"og:type\" content=\"article\" \/>\n<meta property=\"og:title\" content=\"L\u00e4ger f\u00f6r unga ledare - Svenska Budo &amp; Kampsportsf\u00f6rbundet\" \/>\n<meta property=\"og:description\" content=\"Den 5-7 maj arrangerar Svenska Budo &amp; Kampsportsf\u00f6rbundet ett l\u00e4ger f\u00f6r unga ledare. L\u00e4gret genomf\u00f6rs p\u00e5 Bos\u00f6n och riktar sig till ledare i \u00e5ldern 13-20.  \u2013 Vi vill med l\u00e4gret ge st\u00f6d \u00e5t v\u00e5ra unga ledare i f\u00f6rbundet. Vi har inspirerande f\u00f6rel\u00e4sare och roliga aktiviteter inplanerade, s\u00e4ger Johanna Rydberg ifr\u00e5n f\u00f6rbundsstyrelsen till budokampsport.se.\" \/>\n<meta property=\"og:url\" content=\"https:\/\/www.budokampsport.se\/2017\/02\/21\/lager-unga-ledare\/\" \/>\n<meta property=\"og:site_name\" content=\"Svenska Budo &amp; Kampsportsf\u00f6rbundet\" \/>\n<meta property=\"article:author\" content=\"https:\/\/www.facebook.com\/jonathan.broberg.7\" \/>\n<meta property=\"article:published_time\" content=\"2017-02-21T13:16:56+00:00\" \/>\n<meta property=\"article:modified_time\" content=\"2017-02-21T13:42:22+00:00\" \/>\n<meta property=\"og:image\" content=\"https:\/\/www.budokampsport.se\/wp-content\/uploads\/2017\/02\/ung_ledare.jpg\" \/>\n\t<meta property=\"og:image:width\" content=\"850\" \/>\n\t<meta property=\"og:image:height\" content=\"592\" \/>\n\t<meta property=\"og:image:type\" content=\"image\/jpeg\" \/>\n<meta name=\"author\" content=\"Jonathan Broberg\" \/>\n<meta name=\"twitter:card\" content=\"summary_large_image\" \/>\n<meta name=\"twitter:label1\" content=\"Skriven av\" \/>\n\t<meta name=\"twitter:data1\" content=\"Jonathan Broberg\" \/>\n\t<meta name=\"twitter:label2\" content=\"Ber\u00e4knad l\u00e4stid\" \/>\n\t<meta name=\"twitter:data2\" content=\"1 minut\" \/>\n<script type=\"application\/ld+json\" class=\"yoast-schema-graph\">{\"@context\":\"https:\/\/schema.org\",\"@graph\":[{\"@type\":\"Article\",\"@id\":\"https:\/\/www.budokampsport.se\/2017\/02\/21\/lager-unga-ledare\/#article\",\"isPartOf\":{\"@id\":\"https:\/\/www.budokampsport.se\/2017\/02\/21\/lager-unga-ledare\/\"},\"author\":{\"name\":\"Jonathan Broberg\",\"@id\":\"https:\/\/www.budokampsport.se\/#\/schema\/person\/5c06d81d14850e2a8ce5493386560145\"},\"headline\":\"L\u00e4ger f\u00f6r unga ledare\",\"datePublished\":\"2017-02-21T13:16:56+00:00\",\"dateModified\":\"2017-02-21T13:42:22+00:00\",\"mainEntityOfPage\":{\"@id\":\"https:\/\/www.budokampsport.se\/2017\/02\/21\/lager-unga-ledare\/\"},\"wordCount\":121,\"commentCount\":0,\"image\":{\"@id\":\"https:\/\/www.budokampsport.se\/2017\/02\/21\/lager-unga-ledare\/#primaryimage\"},\"thumbnailUrl\":\"https:\/\/www.budokampsport.se\/wp-content\/uploads\/2017\/02\/ung_ledare.jpg\",\"inLanguage\":\"sv-SE\",\"potentialAction\":[{\"@type\":\"CommentAction\",\"name\":\"Comment\",\"target\":[\"https:\/\/www.budokampsport.se\/2017\/02\/21\/lager-unga-ledare\/#respond\"]}]},{\"@type\":\"WebPage\",\"@id\":\"https:\/\/www.budokampsport.se\/2017\/02\/21\/lager-unga-ledare\/\",\"url\":\"https:\/\/www.budokampsport.se\/2017\/02\/21\/lager-unga-ledare\/\",\"name\":\"L\u00e4ger f\u00f6r unga ledare - Svenska Budo &amp; Kampsportsf\u00f6rbundet\",\"isPartOf\":{\"@id\":\"https:\/\/www.budokampsport.se\/#website\"},\"primaryImageOfPage\":{\"@id\":\"https:\/\/www.budokampsport.se\/2017\/02\/21\/lager-unga-ledare\/#primaryimage\"},\"image\":{\"@id\":\"https:\/\/www.budokampsport.se\/2017\/02\/21\/lager-unga-ledare\/#primaryimage\"},\"thumbnailUrl\":\"https:\/\/www.budokampsport.se\/wp-content\/uploads\/2017\/02\/ung_ledare.jpg\",\"datePublished\":\"2017-02-21T13:16:56+00:00\",\"dateModified\":\"2017-02-21T13:42:22+00:00\",\"author\":{\"@id\":\"https:\/\/www.budokampsport.se\/#\/schema\/person\/5c06d81d14850e2a8ce5493386560145\"},\"description\":\"Den 5-7 maj arrangerar Svenska Budo & Kampsportsf\u00f6rbundet ett l\u00e4ger f\u00f6r unga ledare. L\u00e4gret genomf\u00f6rs p\u00e5 Bos\u00f6n och riktar sig till ledare i \u00e5ldern 13-20. \u2013 Vi vill med l\u00e4gret ge st\u00f6d \u00e5t v\u00e5ra unga ledare i f\u00f6rbundet. Vi har inspirerande f\u00f6rel\u00e4sare och roliga aktiviteter inplanerade, s\u00e4ger Johanna Rydberg ifr\u00e5n f\u00f6rbundsstyrelsen till budokampsport.se.\",\"breadcrumb\":{\"@id\":\"https:\/\/www.budokampsport.se\/2017\/02\/21\/lager-unga-ledare\/#breadcrumb\"},\"inLanguage\":\"sv-SE\",\"potentialAction\":[{\"@type\":\"ReadAction\",\"target\":[\"https:\/\/www.budokampsport.se\/2017\/02\/21\/lager-unga-ledare\/\"]}]},{\"@type\":\"ImageObject\",\"inLanguage\":\"sv-SE\",\"@id\":\"https:\/\/www.budokampsport.se\/2017\/02\/21\/lager-unga-ledare\/#primaryimage\",\"url\":\"https:\/\/www.budokampsport.se\/wp-content\/uploads\/2017\/02\/ung_ledare.jpg\",\"contentUrl\":\"https:\/\/www.budokampsport.se\/wp-content\/uploads\/2017\/02\/ung_ledare.jpg\",\"width\":850,\"height\":592,\"caption\":\"Foto: Jonathan Broberg\"},{\"@type\":\"BreadcrumbList\",\"@id\":\"https:\/\/www.budokampsport.se\/2017\/02\/21\/lager-unga-ledare\/#breadcrumb\",\"itemListElement\":[{\"@type\":\"ListItem\",\"position\":1,\"name\":\"Hem\",\"item\":\"https:\/\/www.budokampsport.se\/\"},{\"@type\":\"ListItem\",\"position\":2,\"name\":\"L\u00e4ger f\u00f6r unga ledare\"}]},{\"@type\":\"WebSite\",\"@id\":\"https:\/\/www.budokampsport.se\/#website\",\"url\":\"https:\/\/www.budokampsport.se\/\",\"name\":\"Svenska Budo &amp; Kampsportsf\u00f6rbundet\",\"description\":\"T\u00e4vling, Tr\u00e4ning, Tradition\",\"potentialAction\":[{\"@type\":\"SearchAction\",\"target\":{\"@type\":\"EntryPoint\",\"urlTemplate\":\"https:\/\/www.budokampsport.se\/?s={search_term_string}\"},\"query-input\":{\"@type\":\"PropertyValueSpecification\",\"valueRequired\":true,\"valueName\":\"search_term_string\"}}],\"inLanguage\":\"sv-SE\"},{\"@type\":\"Person\",\"@id\":\"https:\/\/www.budokampsport.se\/#\/schema\/person\/5c06d81d14850e2a8ce5493386560145\",\"name\":\"Jonathan Broberg\",\"image\":{\"@type\":\"ImageObject\",\"inLanguage\":\"sv-SE\",\"@id\":\"https:\/\/www.budokampsport.se\/#\/schema\/person\/image\/\",\"url\":\"https:\/\/secure.gravatar.com\/avatar\/a58041c6cea9128bd9c40ee2f26d4136?s=96&d=blank&r=g\",\"contentUrl\":\"https:\/\/secure.gravatar.com\/avatar\/a58041c6cea9128bd9c40ee2f26d4136?s=96&d=blank&r=g\",\"caption\":\"Jonathan Broberg\"},\"sameAs\":[\"https:\/\/www.facebook.com\/jonathan.broberg.7\"],\"url\":\"https:\/\/www.budokampsport.se\/author\/jonathan\/\"}]}<\/script>\n<!-- \/ Yoast SEO plugin. -->","yoast_head_json":{"title":"L\u00e4ger f\u00f6r unga ledare - Svenska Budo &amp; Kampsportsf\u00f6rbundet","description":"Den 5-7 maj arrangerar Svenska Budo & Kampsportsf\u00f6rbundet ett l\u00e4ger f\u00f6r unga ledare. L\u00e4gret genomf\u00f6rs p\u00e5 Bos\u00f6n och riktar sig till ledare i \u00e5ldern 13-20.  \u2013 Vi vill med l\u00e4gret ge st\u00f6d \u00e5t v\u00e5ra unga ledare i f\u00f6rbundet. Vi har inspirerande f\u00f6rel\u00e4sare och roliga aktiviteter inplanerade, s\u00e4ger Johanna Rydberg ifr\u00e5n f\u00f6rbundsstyrelsen till budokampsport.se.","robots":{"index":"index","follow":"follow","max-snippet":"max-snippet:-1","max-image-preview":"max-image-preview:large","max-video-preview":"max-video-preview:-1"},"canonical":"https:\/\/www.budokampsport.se\/2017\/02\/21\/lager-unga-ledare\/","og_locale":"sv_SE","og_type":"article","og_title":"L\u00e4ger f\u00f6r unga ledare - Svenska Budo &amp; Kampsportsf\u00f6rbundet","og_description":"Den 5-7 maj arrangerar Svenska Budo & Kampsportsf\u00f6rbundet ett l\u00e4ger f\u00f6r unga ledare. L\u00e4gret genomf\u00f6rs p\u00e5 Bos\u00f6n och riktar sig till ledare i \u00e5ldern 13-20.  \u2013 Vi vill med l\u00e4gret ge st\u00f6d \u00e5t v\u00e5ra unga ledare i f\u00f6rbundet. Vi har inspirerande f\u00f6rel\u00e4sare och roliga aktiviteter inplanerade, s\u00e4ger Johanna Rydberg ifr\u00e5n f\u00f6rbundsstyrelsen till budokampsport.se.","og_url":"https:\/\/www.budokampsport.se\/2017\/02\/21\/lager-unga-ledare\/","og_site_name":"Svenska Budo &amp; Kampsportsf\u00f6rbundet","article_author":"https:\/\/www.facebook.com\/jonathan.broberg.7","article_published_time":"2017-02-21T13:16:56+00:00","article_modified_time":"2017-02-21T13:42:22+00:00","og_image":[{"width":850,"height":592,"url":"https:\/\/www.budokampsport.se\/wp-content\/uploads\/2017\/02\/ung_ledare.jpg","type":"image\/jpeg"}],"author":"Jonathan Broberg","twitter_card":"summary_large_image","twitter_misc":{"Skriven av":"Jonathan Broberg","Ber\u00e4knad l\u00e4stid":"1 minut"},"schema":{"@context":"https:\/\/schema.org","@graph":[{"@type":"Article","@id":"https:\/\/www.budokampsport.se\/2017\/02\/21\/lager-unga-ledare\/#article","isPartOf":{"@id":"https:\/\/www.budokampsport.se\/2017\/02\/21\/lager-unga-ledare\/"},"author":{"name":"Jonathan Broberg","@id":"https:\/\/www.budokampsport.se\/#\/schema\/person\/5c06d81d14850e2a8ce5493386560145"},"headline":"L\u00e4ger f\u00f6r unga ledare","datePublished":"2017-02-21T13:16:56+00:00","dateModified":"2017-02-21T13:42:22+00:00","mainEntityOfPage":{"@id":"https:\/\/www.budokampsport.se\/2017\/02\/21\/lager-unga-ledare\/"},"wordCount":121,"commentCount":0,"image":{"@id":"https:\/\/www.budokampsport.se\/2017\/02\/21\/lager-unga-ledare\/#primaryimage"},"thumbnailUrl":"https:\/\/www.budokampsport.se\/wp-content\/uploads\/2017\/02\/ung_ledare.jpg","inLanguage":"sv-SE","potentialAction":[{"@type":"CommentAction","name":"Comment","target":["https:\/\/www.budokampsport.se\/2017\/02\/21\/lager-unga-ledare\/#respond"]}]},{"@type":"WebPage","@id":"https:\/\/www.budokampsport.se\/2017\/02\/21\/lager-unga-ledare\/","url":"https:\/\/www.budokampsport.se\/2017\/02\/21\/lager-unga-ledare\/","name":"L\u00e4ger f\u00f6r unga ledare - Svenska Budo &amp; Kampsportsf\u00f6rbundet","isPartOf":{"@id":"https:\/\/www.budokampsport.se\/#website"},"primaryImageOfPage":{"@id":"https:\/\/www.budokampsport.se\/2017\/02\/21\/lager-unga-ledare\/#primaryimage"},"image":{"@id":"https:\/\/www.budokampsport.se\/2017\/02\/21\/lager-unga-ledare\/#primaryimage"},"thumbnailUrl":"https:\/\/www.budokampsport.se\/wp-content\/uploads\/2017\/02\/ung_ledare.jpg","datePublished":"2017-02-21T13:16:56+00:00","dateModified":"2017-02-21T13:42:22+00:00","author":{"@id":"https:\/\/www.budokampsport.se\/#\/schema\/person\/5c06d81d14850e2a8ce5493386560145"},"description":"Den 5-7 maj arrangerar Svenska Budo & Kampsportsf\u00f6rbundet ett l\u00e4ger f\u00f6r unga ledare. L\u00e4gret genomf\u00f6rs p\u00e5 Bos\u00f6n och riktar sig till ledare i \u00e5ldern 13-20. \u2013 Vi vill med l\u00e4gret ge st\u00f6d \u00e5t v\u00e5ra unga ledare i f\u00f6rbundet. Vi har inspirerande f\u00f6rel\u00e4sare och roliga aktiviteter inplanerade, s\u00e4ger Johanna Rydberg ifr\u00e5n f\u00f6rbundsstyrelsen till budokampsport.se.","breadcrumb":{"@id":"https:\/\/www.budokampsport.se\/2017\/02\/21\/lager-unga-ledare\/#breadcrumb"},"inLanguage":"sv-SE","potentialAction":[{"@type":"ReadAction","target":["https:\/\/www.budokampsport.se\/2017\/02\/21\/lager-unga-ledare\/"]}]},{"@type":"ImageObject","inLanguage":"sv-SE","@id":"https:\/\/www.budokampsport.se\/2017\/02\/21\/lager-unga-ledare\/#primaryimage","url":"https:\/\/www.budokampsport.se\/wp-content\/uploads\/2017\/02\/ung_ledare.jpg","contentUrl":"https:\/\/www.budokampsport.se\/wp-content\/uploads\/2017\/02\/ung_ledare.jpg","width":850,"height":592,"caption":"Foto: Jonathan Broberg"},{"@type":"BreadcrumbList","@id":"https:\/\/www.budokampsport.se\/2017\/02\/21\/lager-unga-ledare\/#breadcrumb","itemListElement":[{"@type":"ListItem","position":1,"name":"Hem","item":"https:\/\/www.budokampsport.se\/"},{"@type":"ListItem","position":2,"name":"L\u00e4ger f\u00f6r unga ledare"}]},{"@type":"WebSite","@id":"https:\/\/www.budokampsport.se\/#website","url":"https:\/\/www.budokampsport.se\/","name":"Svenska Budo &amp; Kampsportsf\u00f6rbundet","description":"T\u00e4vling, Tr\u00e4ning, Tradition","potentialAction":[{"@type":"SearchAction","target":{"@type":"EntryPoint","urlTemplate":"https:\/\/www.budokampsport.se\/?s={search_term_string}"},"query-input":{"@type":"PropertyValueSpecification","valueRequired":true,"valueName":"search_term_string"}}],"inLanguage":"sv-SE"},{"@type":"Person","@id":"https:\/\/www.budokampsport.se\/#\/schema\/person\/5c06d81d14850e2a8ce5493386560145","name":"Jonathan Broberg","image":{"@type":"ImageObject","inLanguage":"sv-SE","@id":"https:\/\/www.budokampsport.se\/#\/schema\/person\/image\/","url":"https:\/\/secure.gravatar.com\/avatar\/a58041c6cea9128bd9c40ee2f26d4136?s=96&d=blank&r=g","contentUrl":"https:\/\/secure.gravatar.com\/avatar\/a58041c6cea9128bd9c40ee2f26d4136?s=96&d=blank&r=g","caption":"Jonathan Broberg"},"sameAs":["https:\/\/www.facebook.com\/jonathan.broberg.7"],"url":"https:\/\/www.budokampsport.se\/author\/jonathan\/"}]}},"_links":{"self":[{"href":"https:\/\/www.budokampsport.se\/api\/wp\/v2\/posts\/39174","targetHints":{"allow":["GET"]}}],"collection":[{"href":"https:\/\/www.budokampsport.se\/api\/wp\/v2\/posts"}],"about":[{"href":"https:\/\/www.budokampsport.se\/api\/wp\/v2\/types\/post"}],"author":[{"embeddable":true,"href":"https:\/\/www.budokampsport.se\/api\/wp\/v2\/users\/7"}],"replies":[{"embeddable":true,"href":"https:\/\/www.budokampsport.se\/api\/wp\/v2\/comments?post=39174"}],"version-history":[{"count":0,"href":"https:\/\/www.budokampsport.se\/api\/wp\/v2\/posts\/39174\/revisions"}],"wp:featuredmedia":[{"embeddable":true,"href":"https:\/\/www.budokampsport.se\/api\/wp\/v2\/media\/39191"}],"wp:attachment":[{"href":"https:\/\/www.budokampsport.se\/api\/wp\/v2\/media?parent=39174"}],"wp:term":[{"taxonomy":"category","embeddable":true,"href":"https:\/\/www.budokampsport.se\/api\/wp\/v2\/categories?post=39174"},{"taxonomy":"post_tag","embeddable":true,"href":"https:\/\/www.budokampsport.se\/api\/wp\/v2\/tags?post=39174"}],"curies":[{"name":"wp","href":"https:\/\/api.w.org\/{rel}","templated":true}]}}