{"id":39387,"date":"2017-02-22T16:21:45","date_gmt":"2017-02-22T15:21:45","guid":{"rendered":"http:\/\/www.budokampsport.se\/?p=39387"},"modified":"2017-02-22T17:03:33","modified_gmt":"2017-02-22T16:03:33","slug":"hannes-kannisto-lamnar-taidoforbundet","status":"publish","type":"post","link":"https:\/\/www.budokampsport.se\/2017\/02\/22\/hannes-kannisto-lamnar-taidoforbundet\/","title":{"rendered":"Hannes Kannisto l\u00e4mnar taidof\u00f6rbundet"},"content":{"rendered":"<p>N\u00e4r Hannes Kannisto tilltr\u00e4dde som ordf\u00f6rande i Taidof\u00f6rbundet stod svensk taido inf\u00f6r flera stora utmaningar. Landslaget genomgick ett generationsskifte, det var en hel del inre konflikter fr\u00e5n f\u00f6rr som pyrde och inte minst stundade ocks\u00e5 ett EM 2015 p\u00e5 hemmaplan.<\/p>\n<p>N\u00e4r Hannes Kannisto nu l\u00e4mnar ordf\u00f6randeposten kan det konstateras att m\u00e5nga av fr\u00e5getecknen som fanns vid han tilltr\u00e4de har r\u00e4tats ut till utropstecken.<br \/>\n&#8211; Vi har varit m\u00e5nga som hj\u00e4lpts \u00e5t. Jag har haft fantastiska styrelsekamrater som jag verkligen kommer att sakna att arbeta med p\u00e5 det h\u00e4r s\u00e4ttet. N\u00e4r jag tilltr\u00e4dde upplevde jag att det fanns en hel del konflikter inom svensk taido fr\u00e5n f\u00f6rr som l\u00e5g och grodde, och den stora utmaningen var att f\u00e5 de flesta att dra \u00e5t samma h\u00e5ll och det upplever jag att man g\u00f6r nu i h\u00f6gre utstr\u00e4ckning. Och det \u00e4r jag faktiskt stolt \u00f6ver.<\/p>\n<p><strong>&#8220;Var fantastiskt&#8221;<\/strong><br \/>\nEM 2015 i Sverige blev ocks\u00e5 en stor h\u00e4ndelse som Hannes kommer att minnas l\u00e4nge, l\u00e4nge.<br \/>\n&#8211; Att vi fick ihop eventet p\u00e5 det s\u00e4ttet som det blev, och med resultat som Sverige sedan ocks\u00e5 fick med sig, det \u00e4r klart att det troligen blir ett minne f\u00f6r livet. Det var otroligt h\u00e5rt jobb och m\u00e5nga som jobbade stenh\u00e5rt f\u00f6r att EM skulle bli bra \u2013 och det blev det ju ocks\u00e5. Jag menar, tio medaljer tog vi \u2013 det var fantastiskt.<br \/>\n&#8211; Under hela min ordf\u00f6randeperiod har landslagsledningen varit alldeles str\u00e5lande, utan deras jobb hade vi inte haft samma goda f\u00f6ruts\u00e4ttningar som vi \u00e4nd\u00e5 har i landslaget nu.<\/p>\n<p>Men trots att Hannes \u00e4r omtyckt kommer han allts\u00e5 inte st\u00e4lla upp f\u00f6r omval.<br \/>\n&#8211; Nej, jag m\u00e5ste ta hand om mig sj\u00e4lv. Jag har haft v\u00e4ldigt klara stressymptom och jag hinner helt enkelt inte med f\u00f6rbundsarbetet, och det k\u00e4nns s\u00e5 klart lite vemodigt, men jag kommer naturligtvis inte l\u00e4mna taidon helt. Jag kommer ju vara verksam p\u00e5 klubbniv\u00e5.<\/p>\n<p>Text: Jonathan Broberg<br \/>\nFoto: Hamid Ershad Sarabi<\/p>\n","protected":false},"excerpt":{"rendered":"<p>Hannes Kannisto kommer inte att st\u00e4lla upp f\u00f6r omval i Taidof\u00f6rbundet och kommer d\u00e4rmed l\u00e4mna som ordf\u00f6rande, efter tv\u00e5 h\u00e4ndelserika \u00e5r.<br \/><br>&#8211; Lite vemodigt \u00e4r det ju, men jag hinner helt enkelt inte med ordf\u00f6randeskapet l\u00e4ngre, s\u00e4ger han till budokampsport.se.<\/p><br>","protected":false},"author":7,"featured_media":39392,"comment_status":"open","ping_status":"open","sticky":false,"template":"","format":"standard","meta":{"_acf_changed":false,"footnotes":""},"categories":[1],"tags":[],"class_list":["post-39387","post","type-post","status-publish","format-standard","has-post-thumbnail","hentry","category-okategoriserade"],"acf":[],"yoast_head":"<!-- This site is optimized with the Yoast SEO plugin v26.8 - https:\/\/yoast.com\/product\/yoast-seo-wordpress\/ -->\n<title>Hannes Kannisto l\u00e4mnar taidof\u00f6rbundet - Svenska Budo &amp; Kampsportsf\u00f6rbundet<\/title>\n<meta name=\"description\" content=\"Hannes Kannisto kommer inte att st\u00e4lla upp f\u00f6r omval i Taidof\u00f6rbundet och kommer d\u00e4rmed l\u00e4mna som ordf\u00f6rande, efter tv\u00e5 h\u00e4ndelserika \u00e5r. - Lite vemodigt \u00e4r det ju, men jag hinner helt enkelt inte med ordf\u00f6randeskapet l\u00e4ngre, s\u00e4ger han till budokampsport.se.\" \/>\n<meta name=\"robots\" content=\"index, follow, max-snippet:-1, max-image-preview:large, max-video-preview:-1\" \/>\n<link rel=\"canonical\" href=\"https:\/\/www.budokampsport.se\/2017\/02\/22\/hannes-kannisto-lamnar-taidoforbundet\/\" \/>\n<meta property=\"og:locale\" content=\"sv_SE\" \/>\n<meta property=\"og:type\" content=\"article\" \/>\n<meta property=\"og:title\" content=\"Hannes Kannisto l\u00e4mnar taidof\u00f6rbundet - Svenska Budo &amp; Kampsportsf\u00f6rbundet\" \/>\n<meta property=\"og:description\" content=\"Hannes Kannisto kommer inte att st\u00e4lla upp f\u00f6r omval i Taidof\u00f6rbundet och kommer d\u00e4rmed l\u00e4mna som ordf\u00f6rande, efter tv\u00e5 h\u00e4ndelserika \u00e5r. - Lite vemodigt \u00e4r det ju, men jag hinner helt enkelt inte med ordf\u00f6randeskapet l\u00e4ngre, s\u00e4ger han till budokampsport.se.\" \/>\n<meta property=\"og:url\" content=\"https:\/\/www.budokampsport.se\/2017\/02\/22\/hannes-kannisto-lamnar-taidoforbundet\/\" \/>\n<meta property=\"og:site_name\" content=\"Svenska Budo &amp; Kampsportsf\u00f6rbundet\" \/>\n<meta property=\"article:author\" content=\"https:\/\/www.facebook.com\/jonathan.broberg.7\" \/>\n<meta property=\"article:published_time\" content=\"2017-02-22T15:21:45+00:00\" \/>\n<meta property=\"article:modified_time\" content=\"2017-02-22T16:03:33+00:00\" \/>\n<meta property=\"og:image\" content=\"https:\/\/www.budokampsport.se\/wp-content\/uploads\/2017\/02\/hannes_kannisto.jpg\" \/>\n\t<meta property=\"og:image:width\" content=\"850\" \/>\n\t<meta property=\"og:image:height\" content=\"771\" \/>\n\t<meta property=\"og:image:type\" content=\"image\/jpeg\" \/>\n<meta name=\"author\" content=\"Jonathan Broberg\" \/>\n<meta name=\"twitter:card\" content=\"summary_large_image\" \/>\n<meta name=\"twitter:label1\" content=\"Skriven av\" \/>\n\t<meta name=\"twitter:data1\" content=\"Jonathan Broberg\" \/>\n\t<meta name=\"twitter:label2\" content=\"Ber\u00e4knad l\u00e4stid\" \/>\n\t<meta name=\"twitter:data2\" content=\"2 minuter\" \/>\n<script type=\"application\/ld+json\" class=\"yoast-schema-graph\">{\"@context\":\"https:\/\/schema.org\",\"@graph\":[{\"@type\":\"Article\",\"@id\":\"https:\/\/www.budokampsport.se\/2017\/02\/22\/hannes-kannisto-lamnar-taidoforbundet\/#article\",\"isPartOf\":{\"@id\":\"https:\/\/www.budokampsport.se\/2017\/02\/22\/hannes-kannisto-lamnar-taidoforbundet\/\"},\"author\":{\"name\":\"Jonathan Broberg\",\"@id\":\"https:\/\/www.budokampsport.se\/#\/schema\/person\/5c06d81d14850e2a8ce5493386560145\"},\"headline\":\"Hannes Kannisto l\u00e4mnar taidof\u00f6rbundet\",\"datePublished\":\"2017-02-22T15:21:45+00:00\",\"dateModified\":\"2017-02-22T16:03:33+00:00\",\"mainEntityOfPage\":{\"@id\":\"https:\/\/www.budokampsport.se\/2017\/02\/22\/hannes-kannisto-lamnar-taidoforbundet\/\"},\"wordCount\":369,\"commentCount\":0,\"image\":{\"@id\":\"https:\/\/www.budokampsport.se\/2017\/02\/22\/hannes-kannisto-lamnar-taidoforbundet\/#primaryimage\"},\"thumbnailUrl\":\"https:\/\/www.budokampsport.se\/wp-content\/uploads\/2017\/02\/hannes_kannisto.jpg\",\"inLanguage\":\"sv-SE\",\"potentialAction\":[{\"@type\":\"CommentAction\",\"name\":\"Comment\",\"target\":[\"https:\/\/www.budokampsport.se\/2017\/02\/22\/hannes-kannisto-lamnar-taidoforbundet\/#respond\"]}]},{\"@type\":\"WebPage\",\"@id\":\"https:\/\/www.budokampsport.se\/2017\/02\/22\/hannes-kannisto-lamnar-taidoforbundet\/\",\"url\":\"https:\/\/www.budokampsport.se\/2017\/02\/22\/hannes-kannisto-lamnar-taidoforbundet\/\",\"name\":\"Hannes Kannisto l\u00e4mnar taidof\u00f6rbundet - Svenska Budo &amp; Kampsportsf\u00f6rbundet\",\"isPartOf\":{\"@id\":\"https:\/\/www.budokampsport.se\/#website\"},\"primaryImageOfPage\":{\"@id\":\"https:\/\/www.budokampsport.se\/2017\/02\/22\/hannes-kannisto-lamnar-taidoforbundet\/#primaryimage\"},\"image\":{\"@id\":\"https:\/\/www.budokampsport.se\/2017\/02\/22\/hannes-kannisto-lamnar-taidoforbundet\/#primaryimage\"},\"thumbnailUrl\":\"https:\/\/www.budokampsport.se\/wp-content\/uploads\/2017\/02\/hannes_kannisto.jpg\",\"datePublished\":\"2017-02-22T15:21:45+00:00\",\"dateModified\":\"2017-02-22T16:03:33+00:00\",\"author\":{\"@id\":\"https:\/\/www.budokampsport.se\/#\/schema\/person\/5c06d81d14850e2a8ce5493386560145\"},\"description\":\"Hannes Kannisto kommer inte att st\u00e4lla upp f\u00f6r omval i Taidof\u00f6rbundet och kommer d\u00e4rmed l\u00e4mna som ordf\u00f6rande, efter tv\u00e5 h\u00e4ndelserika \u00e5r. - Lite vemodigt \u00e4r det ju, men jag hinner helt enkelt inte med ordf\u00f6randeskapet l\u00e4ngre, s\u00e4ger han till budokampsport.se.\",\"breadcrumb\":{\"@id\":\"https:\/\/www.budokampsport.se\/2017\/02\/22\/hannes-kannisto-lamnar-taidoforbundet\/#breadcrumb\"},\"inLanguage\":\"sv-SE\",\"potentialAction\":[{\"@type\":\"ReadAction\",\"target\":[\"https:\/\/www.budokampsport.se\/2017\/02\/22\/hannes-kannisto-lamnar-taidoforbundet\/\"]}]},{\"@type\":\"ImageObject\",\"inLanguage\":\"sv-SE\",\"@id\":\"https:\/\/www.budokampsport.se\/2017\/02\/22\/hannes-kannisto-lamnar-taidoforbundet\/#primaryimage\",\"url\":\"https:\/\/www.budokampsport.se\/wp-content\/uploads\/2017\/02\/hannes_kannisto.jpg\",\"contentUrl\":\"https:\/\/www.budokampsport.se\/wp-content\/uploads\/2017\/02\/hannes_kannisto.jpg\",\"width\":850,\"height\":771,\"caption\":\"Foto: Hamid Ershad Sarabi\"},{\"@type\":\"BreadcrumbList\",\"@id\":\"https:\/\/www.budokampsport.se\/2017\/02\/22\/hannes-kannisto-lamnar-taidoforbundet\/#breadcrumb\",\"itemListElement\":[{\"@type\":\"ListItem\",\"position\":1,\"name\":\"Hem\",\"item\":\"https:\/\/www.budokampsport.se\/\"},{\"@type\":\"ListItem\",\"position\":2,\"name\":\"Hannes Kannisto l\u00e4mnar taidof\u00f6rbundet\"}]},{\"@type\":\"WebSite\",\"@id\":\"https:\/\/www.budokampsport.se\/#website\",\"url\":\"https:\/\/www.budokampsport.se\/\",\"name\":\"Svenska Budo &amp; Kampsportsf\u00f6rbundet\",\"description\":\"T\u00e4vling, Tr\u00e4ning, Tradition\",\"potentialAction\":[{\"@type\":\"SearchAction\",\"target\":{\"@type\":\"EntryPoint\",\"urlTemplate\":\"https:\/\/www.budokampsport.se\/?s={search_term_string}\"},\"query-input\":{\"@type\":\"PropertyValueSpecification\",\"valueRequired\":true,\"valueName\":\"search_term_string\"}}],\"inLanguage\":\"sv-SE\"},{\"@type\":\"Person\",\"@id\":\"https:\/\/www.budokampsport.se\/#\/schema\/person\/5c06d81d14850e2a8ce5493386560145\",\"name\":\"Jonathan Broberg\",\"image\":{\"@type\":\"ImageObject\",\"inLanguage\":\"sv-SE\",\"@id\":\"https:\/\/www.budokampsport.se\/#\/schema\/person\/image\/\",\"url\":\"https:\/\/secure.gravatar.com\/avatar\/a58041c6cea9128bd9c40ee2f26d4136?s=96&d=blank&r=g\",\"contentUrl\":\"https:\/\/secure.gravatar.com\/avatar\/a58041c6cea9128bd9c40ee2f26d4136?s=96&d=blank&r=g\",\"caption\":\"Jonathan Broberg\"},\"sameAs\":[\"https:\/\/www.facebook.com\/jonathan.broberg.7\"],\"url\":\"https:\/\/www.budokampsport.se\/author\/jonathan\/\"}]}<\/script>\n<!-- \/ Yoast SEO plugin. -->","yoast_head_json":{"title":"Hannes Kannisto l\u00e4mnar taidof\u00f6rbundet - Svenska Budo &amp; Kampsportsf\u00f6rbundet","description":"Hannes Kannisto kommer inte att st\u00e4lla upp f\u00f6r omval i Taidof\u00f6rbundet och kommer d\u00e4rmed l\u00e4mna som ordf\u00f6rande, efter tv\u00e5 h\u00e4ndelserika \u00e5r. - Lite vemodigt \u00e4r det ju, men jag hinner helt enkelt inte med ordf\u00f6randeskapet l\u00e4ngre, s\u00e4ger han till budokampsport.se.","robots":{"index":"index","follow":"follow","max-snippet":"max-snippet:-1","max-image-preview":"max-image-preview:large","max-video-preview":"max-video-preview:-1"},"canonical":"https:\/\/www.budokampsport.se\/2017\/02\/22\/hannes-kannisto-lamnar-taidoforbundet\/","og_locale":"sv_SE","og_type":"article","og_title":"Hannes Kannisto l\u00e4mnar taidof\u00f6rbundet - Svenska Budo &amp; Kampsportsf\u00f6rbundet","og_description":"Hannes Kannisto kommer inte att st\u00e4lla upp f\u00f6r omval i Taidof\u00f6rbundet och kommer d\u00e4rmed l\u00e4mna som ordf\u00f6rande, efter tv\u00e5 h\u00e4ndelserika \u00e5r. - Lite vemodigt \u00e4r det ju, men jag hinner helt enkelt inte med ordf\u00f6randeskapet l\u00e4ngre, s\u00e4ger han till budokampsport.se.","og_url":"https:\/\/www.budokampsport.se\/2017\/02\/22\/hannes-kannisto-lamnar-taidoforbundet\/","og_site_name":"Svenska Budo &amp; Kampsportsf\u00f6rbundet","article_author":"https:\/\/www.facebook.com\/jonathan.broberg.7","article_published_time":"2017-02-22T15:21:45+00:00","article_modified_time":"2017-02-22T16:03:33+00:00","og_image":[{"width":850,"height":771,"url":"https:\/\/www.budokampsport.se\/wp-content\/uploads\/2017\/02\/hannes_kannisto.jpg","type":"image\/jpeg"}],"author":"Jonathan Broberg","twitter_card":"summary_large_image","twitter_misc":{"Skriven av":"Jonathan Broberg","Ber\u00e4knad l\u00e4stid":"2 minuter"},"schema":{"@context":"https:\/\/schema.org","@graph":[{"@type":"Article","@id":"https:\/\/www.budokampsport.se\/2017\/02\/22\/hannes-kannisto-lamnar-taidoforbundet\/#article","isPartOf":{"@id":"https:\/\/www.budokampsport.se\/2017\/02\/22\/hannes-kannisto-lamnar-taidoforbundet\/"},"author":{"name":"Jonathan Broberg","@id":"https:\/\/www.budokampsport.se\/#\/schema\/person\/5c06d81d14850e2a8ce5493386560145"},"headline":"Hannes Kannisto l\u00e4mnar taidof\u00f6rbundet","datePublished":"2017-02-22T15:21:45+00:00","dateModified":"2017-02-22T16:03:33+00:00","mainEntityOfPage":{"@id":"https:\/\/www.budokampsport.se\/2017\/02\/22\/hannes-kannisto-lamnar-taidoforbundet\/"},"wordCount":369,"commentCount":0,"image":{"@id":"https:\/\/www.budokampsport.se\/2017\/02\/22\/hannes-kannisto-lamnar-taidoforbundet\/#primaryimage"},"thumbnailUrl":"https:\/\/www.budokampsport.se\/wp-content\/uploads\/2017\/02\/hannes_kannisto.jpg","inLanguage":"sv-SE","potentialAction":[{"@type":"CommentAction","name":"Comment","target":["https:\/\/www.budokampsport.se\/2017\/02\/22\/hannes-kannisto-lamnar-taidoforbundet\/#respond"]}]},{"@type":"WebPage","@id":"https:\/\/www.budokampsport.se\/2017\/02\/22\/hannes-kannisto-lamnar-taidoforbundet\/","url":"https:\/\/www.budokampsport.se\/2017\/02\/22\/hannes-kannisto-lamnar-taidoforbundet\/","name":"Hannes Kannisto l\u00e4mnar taidof\u00f6rbundet - Svenska Budo &amp; Kampsportsf\u00f6rbundet","isPartOf":{"@id":"https:\/\/www.budokampsport.se\/#website"},"primaryImageOfPage":{"@id":"https:\/\/www.budokampsport.se\/2017\/02\/22\/hannes-kannisto-lamnar-taidoforbundet\/#primaryimage"},"image":{"@id":"https:\/\/www.budokampsport.se\/2017\/02\/22\/hannes-kannisto-lamnar-taidoforbundet\/#primaryimage"},"thumbnailUrl":"https:\/\/www.budokampsport.se\/wp-content\/uploads\/2017\/02\/hannes_kannisto.jpg","datePublished":"2017-02-22T15:21:45+00:00","dateModified":"2017-02-22T16:03:33+00:00","author":{"@id":"https:\/\/www.budokampsport.se\/#\/schema\/person\/5c06d81d14850e2a8ce5493386560145"},"description":"Hannes Kannisto kommer inte att st\u00e4lla upp f\u00f6r omval i Taidof\u00f6rbundet och kommer d\u00e4rmed l\u00e4mna som ordf\u00f6rande, efter tv\u00e5 h\u00e4ndelserika \u00e5r. - Lite vemodigt \u00e4r det ju, men jag hinner helt enkelt inte med ordf\u00f6randeskapet l\u00e4ngre, s\u00e4ger han till budokampsport.se.","breadcrumb":{"@id":"https:\/\/www.budokampsport.se\/2017\/02\/22\/hannes-kannisto-lamnar-taidoforbundet\/#breadcrumb"},"inLanguage":"sv-SE","potentialAction":[{"@type":"ReadAction","target":["https:\/\/www.budokampsport.se\/2017\/02\/22\/hannes-kannisto-lamnar-taidoforbundet\/"]}]},{"@type":"ImageObject","inLanguage":"sv-SE","@id":"https:\/\/www.budokampsport.se\/2017\/02\/22\/hannes-kannisto-lamnar-taidoforbundet\/#primaryimage","url":"https:\/\/www.budokampsport.se\/wp-content\/uploads\/2017\/02\/hannes_kannisto.jpg","contentUrl":"https:\/\/www.budokampsport.se\/wp-content\/uploads\/2017\/02\/hannes_kannisto.jpg","width":850,"height":771,"caption":"Foto: Hamid Ershad Sarabi"},{"@type":"BreadcrumbList","@id":"https:\/\/www.budokampsport.se\/2017\/02\/22\/hannes-kannisto-lamnar-taidoforbundet\/#breadcrumb","itemListElement":[{"@type":"ListItem","position":1,"name":"Hem","item":"https:\/\/www.budokampsport.se\/"},{"@type":"ListItem","position":2,"name":"Hannes Kannisto l\u00e4mnar taidof\u00f6rbundet"}]},{"@type":"WebSite","@id":"https:\/\/www.budokampsport.se\/#website","url":"https:\/\/www.budokampsport.se\/","name":"Svenska Budo &amp; Kampsportsf\u00f6rbundet","description":"T\u00e4vling, Tr\u00e4ning, Tradition","potentialAction":[{"@type":"SearchAction","target":{"@type":"EntryPoint","urlTemplate":"https:\/\/www.budokampsport.se\/?s={search_term_string}"},"query-input":{"@type":"PropertyValueSpecification","valueRequired":true,"valueName":"search_term_string"}}],"inLanguage":"sv-SE"},{"@type":"Person","@id":"https:\/\/www.budokampsport.se\/#\/schema\/person\/5c06d81d14850e2a8ce5493386560145","name":"Jonathan Broberg","image":{"@type":"ImageObject","inLanguage":"sv-SE","@id":"https:\/\/www.budokampsport.se\/#\/schema\/person\/image\/","url":"https:\/\/secure.gravatar.com\/avatar\/a58041c6cea9128bd9c40ee2f26d4136?s=96&d=blank&r=g","contentUrl":"https:\/\/secure.gravatar.com\/avatar\/a58041c6cea9128bd9c40ee2f26d4136?s=96&d=blank&r=g","caption":"Jonathan Broberg"},"sameAs":["https:\/\/www.facebook.com\/jonathan.broberg.7"],"url":"https:\/\/www.budokampsport.se\/author\/jonathan\/"}]}},"_links":{"self":[{"href":"https:\/\/www.budokampsport.se\/api\/wp\/v2\/posts\/39387","targetHints":{"allow":["GET"]}}],"collection":[{"href":"https:\/\/www.budokampsport.se\/api\/wp\/v2\/posts"}],"about":[{"href":"https:\/\/www.budokampsport.se\/api\/wp\/v2\/types\/post"}],"author":[{"embeddable":true,"href":"https:\/\/www.budokampsport.se\/api\/wp\/v2\/users\/7"}],"replies":[{"embeddable":true,"href":"https:\/\/www.budokampsport.se\/api\/wp\/v2\/comments?post=39387"}],"version-history":[{"count":0,"href":"https:\/\/www.budokampsport.se\/api\/wp\/v2\/posts\/39387\/revisions"}],"wp:featuredmedia":[{"embeddable":true,"href":"https:\/\/www.budokampsport.se\/api\/wp\/v2\/media\/39392"}],"wp:attachment":[{"href":"https:\/\/www.budokampsport.se\/api\/wp\/v2\/media?parent=39387"}],"wp:term":[{"taxonomy":"category","embeddable":true,"href":"https:\/\/www.budokampsport.se\/api\/wp\/v2\/categories?post=39387"},{"taxonomy":"post_tag","embeddable":true,"href":"https:\/\/www.budokampsport.se\/api\/wp\/v2\/tags?post=39387"}],"curies":[{"name":"wp","href":"https:\/\/api.w.org\/{rel}","templated":true}]}}