{"id":3940,"date":"2011-09-29T13:47:39","date_gmt":"2011-09-29T11:47:39","guid":{"rendered":"http:\/\/budo.wordpress.dev\/2011\/09\/29\/dags-for-vm-i-submission-wrestling\/"},"modified":"2016-12-06T22:33:33","modified_gmt":"2016-12-06T21:33:33","slug":"dags-for-vm-i-submission-wrestling","status":"publish","type":"post","link":"https:\/\/www.budokampsport.se\/2011\/09\/29\/dags-for-vm-i-submission-wrestling\/","title":{"rendered":"Dags f\u00f6r VM i submission wrestling"},"content":{"rendered":"<p><P><STRONG><IMG alt=\"\" align=right src=\"http:\/\/www.budokampsport.se\/sites\/default\/files\/logo_belgrade_11.jpg\" width=150 height=96>Det svenska landslaget i submission wrestling har varit medaljproduktiva, minst sagt, under ett par \u00e5rs tid. Ifjol kom laget hem fr\u00e5n VM med elva medaljer, men en del skador har st\u00f6rt uppl\u00e4gget f\u00f6r i \u00e5r.\u00a0Idag inleds t\u00e4vlingarna i Serbiska Belgrad.<!--break--><\/STRONG><\/P> <P>Serbiska Belgrad st\u00e5r som v\u00e4rdstad f\u00f6r VM i submission wrestling som startar under fredagen. Den svenska truppen \u00e4r redan, s\u00e5 klart, p\u00e5 plats och med f\u00f6reg\u00e5ende truppers prestationer i \u00e5tanke finns klara f\u00f6rhoppningar om medalj n\u00e4r v\u00e4l VM nu drar ig\u00e5ng.<\/P> <P>Arrang\u00f6rerna och v\u00e4rldsorganisationen FILA r\u00e4knar med ungef\u00e4r 200 deltagare f\u00f6rdelade p\u00e5 23 l\u00e4nder. Den svenska truppen best\u00e5r av tio t\u00e4vlanden, sju killar och tre tjejer. Supertalangen Amir Albazi var uttagen, men en skada satte stopp f\u00f6r hans medverkan.<\/P> <P><STRONG>Annars m\u00e4rks p\u00e5 herrsidan<\/STRONG> att Eddy Bengtsson \u00e4r tillbaka p\u00e5 mattan efter att Martin \u201dGreven\u201d Hedenberg tvingats l\u00e4mna \u00e5terbud. Storstj\u00e4rnorna Mikael Knutsson och Mats Nilsson \u00e4r b\u00e5da med och enligt rapporter i god fysisk form. Upplagt f\u00f6r medalj, m\u00e5nne.<\/P> <P><STRONG>P\u00e5 damsidan <\/STRONG>st\u00e5r medaljhoppen kanske fr\u00e4mst till, som vanligt, Anny Hammarsten. Undret fr\u00e5n Katrineholm jagar revansch efter en liten missr\u00e4kning p\u00e5 SM i somras. \u00c4ven Sara Svensson har varit runt hetluften f\u00f6rr. Vid en bra dag kan \u00e4ven Dusanka Bozovic st\u00e4lla till det f\u00f6r de allra flesta.<\/P> <P>M\u00e4sterskapet kommer att direkts\u00e4ndas i serbiska tv-kanalen RTS.<\/P> <P><U><STRONG>H\u00e4r \u00e4r svenska truppen<\/STRONG><\/U><BR><BR><STRONG>Herrar<\/STRONG><BR>Charles Haddad, 65kg<BR>Christian Sandberg, 70kg<BR>Alexis Bexar, 75kg<BR>Martin Lavin, 80kg<BR>Mats Nilsson, 90kg<BR>Mikael Knutsson, 110kg<BR>Eddy Bengtsson<\/P> <P><STRONG>Damer<\/STRONG><BR>Anny Hammarsten, 55kg<BR>Sara Svensson, 60kg<BR>Dusanka `Dusi\u00b4 Bozovic, 65kg <BR><BR>Text: Jonathan Broberg<BR>\u00a0<\/P><\/p>\n","protected":false},"excerpt":{"rendered":"<p><P><STRONG><IMG alt=\"\" align=right src=\"http:\/\/www.budokampsport.se\/sites\/default\/files\/logo_belgrade_11.jpg\" width=150 height=96>Det svenska landslaget i submission wrestling har varit medaljproduktiva, minst sagt, under ett par \u00e5rs tid. Ifjol kom laget hem fr\u00e5n VM med elva medaljer, men en del skador har st\u00f6rt uppl\u00e4gget f\u00f6r i \u00e5r.\u00a0Idag inleds t\u00e4vlingarna i Serbiska Belgrad.<\/p><br>","protected":false},"author":7,"featured_media":0,"comment_status":"closed","ping_status":"closed","sticky":false,"template":"","format":"standard","meta":{"_acf_changed":false,"footnotes":""},"categories":[1],"tags":[],"class_list":["post-3940","post","type-post","status-publish","format-standard","hentry","category-okategoriserade"],"acf":[],"yoast_head":"<!-- This site is optimized with the Yoast SEO plugin v26.8 - https:\/\/yoast.com\/product\/yoast-seo-wordpress\/ -->\n<title>Dags f\u00f6r VM i submission wrestling - Svenska Budo &amp; Kampsportsf\u00f6rbundet<\/title>\n<meta name=\"description\" content=\"Det svenska landslaget i submission wrestling har varit medaljproduktiva, minst sagt, under ett par \u00e5rs tid. Ifjol kom laget hem fr\u00e5n VM med elva medaljer, men en del skador har st\u00f6rt uppl\u00e4gget f\u00f6r i \u00e5r.\u00a0Idag inleds t\u00e4vlingarna i Serbiska Belgrad.\" \/>\n<meta name=\"robots\" content=\"index, follow, max-snippet:-1, max-image-preview:large, max-video-preview:-1\" \/>\n<link rel=\"canonical\" href=\"https:\/\/www.budokampsport.se\/2011\/09\/29\/dags-for-vm-i-submission-wrestling\/\" \/>\n<meta property=\"og:locale\" content=\"sv_SE\" \/>\n<meta property=\"og:type\" content=\"article\" \/>\n<meta property=\"og:title\" content=\"Dags f\u00f6r VM i submission wrestling - Svenska Budo &amp; Kampsportsf\u00f6rbundet\" \/>\n<meta property=\"og:description\" content=\"Det svenska landslaget i submission wrestling har varit medaljproduktiva, minst sagt, under ett par \u00e5rs tid. Ifjol kom laget hem fr\u00e5n VM med elva medaljer, men en del skador har st\u00f6rt uppl\u00e4gget f\u00f6r i \u00e5r.\u00a0Idag inleds t\u00e4vlingarna i Serbiska Belgrad.\" \/>\n<meta property=\"og:url\" content=\"https:\/\/www.budokampsport.se\/2011\/09\/29\/dags-for-vm-i-submission-wrestling\/\" \/>\n<meta property=\"og:site_name\" content=\"Svenska Budo &amp; Kampsportsf\u00f6rbundet\" \/>\n<meta property=\"article:author\" content=\"https:\/\/www.facebook.com\/jonathan.broberg.7\" \/>\n<meta property=\"article:published_time\" content=\"2011-09-29T11:47:39+00:00\" \/>\n<meta property=\"article:modified_time\" content=\"2016-12-06T21:33:33+00:00\" \/>\n<meta name=\"author\" content=\"Jonathan Broberg\" \/>\n<meta name=\"twitter:card\" content=\"summary_large_image\" \/>\n<meta name=\"twitter:label1\" content=\"Skriven av\" \/>\n\t<meta name=\"twitter:data1\" content=\"Jonathan Broberg\" \/>\n\t<meta name=\"twitter:label2\" content=\"Ber\u00e4knad l\u00e4stid\" \/>\n\t<meta name=\"twitter:data2\" content=\"1 minut\" \/>\n<script type=\"application\/ld+json\" class=\"yoast-schema-graph\">{\"@context\":\"https:\/\/schema.org\",\"@graph\":[{\"@type\":\"Article\",\"@id\":\"https:\/\/www.budokampsport.se\/2011\/09\/29\/dags-for-vm-i-submission-wrestling\/#article\",\"isPartOf\":{\"@id\":\"https:\/\/www.budokampsport.se\/2011\/09\/29\/dags-for-vm-i-submission-wrestling\/\"},\"author\":{\"name\":\"Jonathan Broberg\",\"@id\":\"https:\/\/www.budokampsport.se\/#\/schema\/person\/5c06d81d14850e2a8ce5493386560145\"},\"headline\":\"Dags f\u00f6r VM i submission wrestling\",\"datePublished\":\"2011-09-29T11:47:39+00:00\",\"dateModified\":\"2016-12-06T21:33:33+00:00\",\"mainEntityOfPage\":{\"@id\":\"https:\/\/www.budokampsport.se\/2011\/09\/29\/dags-for-vm-i-submission-wrestling\/\"},\"wordCount\":289,\"inLanguage\":\"sv-SE\"},{\"@type\":\"WebPage\",\"@id\":\"https:\/\/www.budokampsport.se\/2011\/09\/29\/dags-for-vm-i-submission-wrestling\/\",\"url\":\"https:\/\/www.budokampsport.se\/2011\/09\/29\/dags-for-vm-i-submission-wrestling\/\",\"name\":\"Dags f\u00f6r VM i submission wrestling - Svenska Budo &amp; Kampsportsf\u00f6rbundet\",\"isPartOf\":{\"@id\":\"https:\/\/www.budokampsport.se\/#website\"},\"datePublished\":\"2011-09-29T11:47:39+00:00\",\"dateModified\":\"2016-12-06T21:33:33+00:00\",\"author\":{\"@id\":\"https:\/\/www.budokampsport.se\/#\/schema\/person\/5c06d81d14850e2a8ce5493386560145\"},\"description\":\"Det svenska landslaget i submission wrestling har varit medaljproduktiva, minst sagt, under ett par \u00e5rs tid. Ifjol kom laget hem fr\u00e5n VM med elva medaljer, men en del skador har st\u00f6rt uppl\u00e4gget f\u00f6r i \u00e5r.\u00a0Idag inleds t\u00e4vlingarna i Serbiska Belgrad.\",\"breadcrumb\":{\"@id\":\"https:\/\/www.budokampsport.se\/2011\/09\/29\/dags-for-vm-i-submission-wrestling\/#breadcrumb\"},\"inLanguage\":\"sv-SE\",\"potentialAction\":[{\"@type\":\"ReadAction\",\"target\":[\"https:\/\/www.budokampsport.se\/2011\/09\/29\/dags-for-vm-i-submission-wrestling\/\"]}]},{\"@type\":\"BreadcrumbList\",\"@id\":\"https:\/\/www.budokampsport.se\/2011\/09\/29\/dags-for-vm-i-submission-wrestling\/#breadcrumb\",\"itemListElement\":[{\"@type\":\"ListItem\",\"position\":1,\"name\":\"Hem\",\"item\":\"https:\/\/www.budokampsport.se\/\"},{\"@type\":\"ListItem\",\"position\":2,\"name\":\"Dags f\u00f6r VM i submission wrestling\"}]},{\"@type\":\"WebSite\",\"@id\":\"https:\/\/www.budokampsport.se\/#website\",\"url\":\"https:\/\/www.budokampsport.se\/\",\"name\":\"Svenska Budo &amp; Kampsportsf\u00f6rbundet\",\"description\":\"T\u00e4vling, Tr\u00e4ning, Tradition\",\"potentialAction\":[{\"@type\":\"SearchAction\",\"target\":{\"@type\":\"EntryPoint\",\"urlTemplate\":\"https:\/\/www.budokampsport.se\/?s={search_term_string}\"},\"query-input\":{\"@type\":\"PropertyValueSpecification\",\"valueRequired\":true,\"valueName\":\"search_term_string\"}}],\"inLanguage\":\"sv-SE\"},{\"@type\":\"Person\",\"@id\":\"https:\/\/www.budokampsport.se\/#\/schema\/person\/5c06d81d14850e2a8ce5493386560145\",\"name\":\"Jonathan Broberg\",\"image\":{\"@type\":\"ImageObject\",\"inLanguage\":\"sv-SE\",\"@id\":\"https:\/\/www.budokampsport.se\/#\/schema\/person\/image\/\",\"url\":\"https:\/\/secure.gravatar.com\/avatar\/a58041c6cea9128bd9c40ee2f26d4136?s=96&d=blank&r=g\",\"contentUrl\":\"https:\/\/secure.gravatar.com\/avatar\/a58041c6cea9128bd9c40ee2f26d4136?s=96&d=blank&r=g\",\"caption\":\"Jonathan Broberg\"},\"sameAs\":[\"https:\/\/www.facebook.com\/jonathan.broberg.7\"],\"url\":\"https:\/\/www.budokampsport.se\/author\/jonathan\/\"}]}<\/script>\n<!-- \/ Yoast SEO plugin. -->","yoast_head_json":{"title":"Dags f\u00f6r VM i submission wrestling - Svenska Budo &amp; Kampsportsf\u00f6rbundet","description":"Det svenska landslaget i submission wrestling har varit medaljproduktiva, minst sagt, under ett par \u00e5rs tid. Ifjol kom laget hem fr\u00e5n VM med elva medaljer, men en del skador har st\u00f6rt uppl\u00e4gget f\u00f6r i \u00e5r.\u00a0Idag inleds t\u00e4vlingarna i Serbiska Belgrad.","robots":{"index":"index","follow":"follow","max-snippet":"max-snippet:-1","max-image-preview":"max-image-preview:large","max-video-preview":"max-video-preview:-1"},"canonical":"https:\/\/www.budokampsport.se\/2011\/09\/29\/dags-for-vm-i-submission-wrestling\/","og_locale":"sv_SE","og_type":"article","og_title":"Dags f\u00f6r VM i submission wrestling - Svenska Budo &amp; Kampsportsf\u00f6rbundet","og_description":"Det svenska landslaget i submission wrestling har varit medaljproduktiva, minst sagt, under ett par \u00e5rs tid. Ifjol kom laget hem fr\u00e5n VM med elva medaljer, men en del skador har st\u00f6rt uppl\u00e4gget f\u00f6r i \u00e5r.\u00a0Idag inleds t\u00e4vlingarna i Serbiska Belgrad.","og_url":"https:\/\/www.budokampsport.se\/2011\/09\/29\/dags-for-vm-i-submission-wrestling\/","og_site_name":"Svenska Budo &amp; Kampsportsf\u00f6rbundet","article_author":"https:\/\/www.facebook.com\/jonathan.broberg.7","article_published_time":"2011-09-29T11:47:39+00:00","article_modified_time":"2016-12-06T21:33:33+00:00","author":"Jonathan Broberg","twitter_card":"summary_large_image","twitter_misc":{"Skriven av":"Jonathan Broberg","Ber\u00e4knad l\u00e4stid":"1 minut"},"schema":{"@context":"https:\/\/schema.org","@graph":[{"@type":"Article","@id":"https:\/\/www.budokampsport.se\/2011\/09\/29\/dags-for-vm-i-submission-wrestling\/#article","isPartOf":{"@id":"https:\/\/www.budokampsport.se\/2011\/09\/29\/dags-for-vm-i-submission-wrestling\/"},"author":{"name":"Jonathan Broberg","@id":"https:\/\/www.budokampsport.se\/#\/schema\/person\/5c06d81d14850e2a8ce5493386560145"},"headline":"Dags f\u00f6r VM i submission wrestling","datePublished":"2011-09-29T11:47:39+00:00","dateModified":"2016-12-06T21:33:33+00:00","mainEntityOfPage":{"@id":"https:\/\/www.budokampsport.se\/2011\/09\/29\/dags-for-vm-i-submission-wrestling\/"},"wordCount":289,"inLanguage":"sv-SE"},{"@type":"WebPage","@id":"https:\/\/www.budokampsport.se\/2011\/09\/29\/dags-for-vm-i-submission-wrestling\/","url":"https:\/\/www.budokampsport.se\/2011\/09\/29\/dags-for-vm-i-submission-wrestling\/","name":"Dags f\u00f6r VM i submission wrestling - Svenska Budo &amp; Kampsportsf\u00f6rbundet","isPartOf":{"@id":"https:\/\/www.budokampsport.se\/#website"},"datePublished":"2011-09-29T11:47:39+00:00","dateModified":"2016-12-06T21:33:33+00:00","author":{"@id":"https:\/\/www.budokampsport.se\/#\/schema\/person\/5c06d81d14850e2a8ce5493386560145"},"description":"Det svenska landslaget i submission wrestling har varit medaljproduktiva, minst sagt, under ett par \u00e5rs tid. Ifjol kom laget hem fr\u00e5n VM med elva medaljer, men en del skador har st\u00f6rt uppl\u00e4gget f\u00f6r i \u00e5r.\u00a0Idag inleds t\u00e4vlingarna i Serbiska Belgrad.","breadcrumb":{"@id":"https:\/\/www.budokampsport.se\/2011\/09\/29\/dags-for-vm-i-submission-wrestling\/#breadcrumb"},"inLanguage":"sv-SE","potentialAction":[{"@type":"ReadAction","target":["https:\/\/www.budokampsport.se\/2011\/09\/29\/dags-for-vm-i-submission-wrestling\/"]}]},{"@type":"BreadcrumbList","@id":"https:\/\/www.budokampsport.se\/2011\/09\/29\/dags-for-vm-i-submission-wrestling\/#breadcrumb","itemListElement":[{"@type":"ListItem","position":1,"name":"Hem","item":"https:\/\/www.budokampsport.se\/"},{"@type":"ListItem","position":2,"name":"Dags f\u00f6r VM i submission wrestling"}]},{"@type":"WebSite","@id":"https:\/\/www.budokampsport.se\/#website","url":"https:\/\/www.budokampsport.se\/","name":"Svenska Budo &amp; Kampsportsf\u00f6rbundet","description":"T\u00e4vling, Tr\u00e4ning, Tradition","potentialAction":[{"@type":"SearchAction","target":{"@type":"EntryPoint","urlTemplate":"https:\/\/www.budokampsport.se\/?s={search_term_string}"},"query-input":{"@type":"PropertyValueSpecification","valueRequired":true,"valueName":"search_term_string"}}],"inLanguage":"sv-SE"},{"@type":"Person","@id":"https:\/\/www.budokampsport.se\/#\/schema\/person\/5c06d81d14850e2a8ce5493386560145","name":"Jonathan Broberg","image":{"@type":"ImageObject","inLanguage":"sv-SE","@id":"https:\/\/www.budokampsport.se\/#\/schema\/person\/image\/","url":"https:\/\/secure.gravatar.com\/avatar\/a58041c6cea9128bd9c40ee2f26d4136?s=96&d=blank&r=g","contentUrl":"https:\/\/secure.gravatar.com\/avatar\/a58041c6cea9128bd9c40ee2f26d4136?s=96&d=blank&r=g","caption":"Jonathan Broberg"},"sameAs":["https:\/\/www.facebook.com\/jonathan.broberg.7"],"url":"https:\/\/www.budokampsport.se\/author\/jonathan\/"}]}},"_links":{"self":[{"href":"https:\/\/www.budokampsport.se\/api\/wp\/v2\/posts\/3940","targetHints":{"allow":["GET"]}}],"collection":[{"href":"https:\/\/www.budokampsport.se\/api\/wp\/v2\/posts"}],"about":[{"href":"https:\/\/www.budokampsport.se\/api\/wp\/v2\/types\/post"}],"author":[{"embeddable":true,"href":"https:\/\/www.budokampsport.se\/api\/wp\/v2\/users\/7"}],"replies":[{"embeddable":true,"href":"https:\/\/www.budokampsport.se\/api\/wp\/v2\/comments?post=3940"}],"version-history":[{"count":0,"href":"https:\/\/www.budokampsport.se\/api\/wp\/v2\/posts\/3940\/revisions"}],"wp:attachment":[{"href":"https:\/\/www.budokampsport.se\/api\/wp\/v2\/media?parent=3940"}],"wp:term":[{"taxonomy":"category","embeddable":true,"href":"https:\/\/www.budokampsport.se\/api\/wp\/v2\/categories?post=3940"},{"taxonomy":"post_tag","embeddable":true,"href":"https:\/\/www.budokampsport.se\/api\/wp\/v2\/tags?post=3940"}],"curies":[{"name":"wp","href":"https:\/\/api.w.org\/{rel}","templated":true}]}}