{"id":3943,"date":"2011-10-04T11:20:23","date_gmt":"2011-10-04T09:20:23","guid":{"rendered":"http:\/\/budo.wordpress.dev\/2011\/10\/04\/svenska-medaljhopp-infor-em-i-iaido\/"},"modified":"2016-12-06T22:33:34","modified_gmt":"2016-12-06T21:33:34","slug":"svenska-medaljhopp-infor-em-i-iaido","status":"publish","type":"post","link":"https:\/\/www.budokampsport.se\/2011\/10\/04\/svenska-medaljhopp-infor-em-i-iaido\/","title":{"rendered":"Svenska medaljhopp inf\u00f6r EM i iaido"},"content":{"rendered":"<p><P><STRONG><IMG alt=\"\" align=right src=\"http:\/\/www.budokampsport.se\/sites\/default\/files\/andorra.jpg\" width=150 height=150>Idag invigs officiellt det 18:e europeiska m\u00e4sterskapet i iaido. Andorra \u00e4r platsen f\u00f6r t\u00e4vlingarna och den svenska truppen siktar mot medaljer, vilket har varit ett trevligt \u00e5terkommande scenario de senaste m\u00e4sterskapen.<!--break--><\/STRONG><\/P> <P>Sverige har varit en ledande nation inom den europeiska iaidon. De senaste m\u00e4sterskapen har medaljer plockats och det finns inte mycket som tyder p\u00e5 en f\u00f6r\u00e4ndring d\u00e4r heller i \u00e5r \u2013 de stora namnen \u00e4r med och i god form.<\/P> <P>Framf\u00f6rallt har svensk iaido handlat mycket om Falkenbergssonen Jesper Waldest\u00e5l, som \u00e5ter \u00e4r kanske det st\u00f6rsta enskilda medaljhoppet. \u00c4ven Sida Yin i yondanklassen l\u00e4r bli konkurrenskraftig.<\/P> <P><STRONG>Mattias Jansson har vunnit <\/STRONG>EM-medaljer f\u00f6rr och l\u00e4r inte vara s\u00e4rskilt glad utan \u00e4nnu en. Maria Engqvist vann tidigare i \u00e5r en stor internationell t\u00e4vling och \u00e4ven Maria f\u00e5r d\u00e4rmed anses vara en stark medaljkandidat. Patrik Almqvist har \u00e4ven han EM-medaljer p\u00e5 cv:et sedan tidigare.<\/P> <P>Joel Bergmark vann silver ifjol, men har till i \u00e5r g\u00e5tt upp en klass fr\u00e5n shodan till nidan och att han skulle lyckas likav\u00e4l d\u00e4r \u00e4r kanske lite v\u00e4l h\u00e5rt att ta f\u00f6r givet. Men Bergmark \u00e4r en lurig ut\u00f6vare som n\u00e4stan alltid lyckats v\u00e4l i internationell konkurrens.<\/P> <P>Sverige skickar<\/P> <P><STRONG>Jonas Engman<\/STRONG><BR>Fr\u00e5n Falkenbergs Judoklubb. 2011 och 2010 \u00e5rs SM-m\u00e4stare i Mudan-klassen.<\/P> <P><STRONG>Caiza Alm\u00e9n Wranning<\/STRONG><BR>Fr\u00e5n Falkenbergs Judoklubb. Silvermedalj\u00f6r under SM 2011 i Mudan.<\/P> <P><STRONG>Maria Engqvist<BR><\/STRONG>Fr\u00e5n FSKA i Stockholm. T\u00e4vlar i Shodanklassen. Vann tidigare i \u00e5r en av Europas st\u00f6rsta \u00f6ppna t\u00e4vlingar i Magglingen, Schweiz. SM-brons 2010, och SM-m\u00e4stare i Shodan-klassen 2011.<\/P> <P><STRONG>Hannes Ovr\u00e9n<\/STRONG><BR>Fr\u00e5n Link\u00f6pings Budoklubb. T\u00e4vlar i Shodanklassen. SM-silver 2011.<\/P> <P><STRONG>Fredrik Broman<BR><\/STRONG>Fr\u00e5n S\u00f6lvesborgs Budos\u00e4llskap. T\u00e4vlar i Nidanklassen. SM-silver 2011 i Nidan-klassen, SM-silver 2010 i Shodan-klassen.<\/P> <P><STRONG>Joel Bergmark<BR><\/STRONG>Fr\u00e5n Shimbukan Budoklubb, Skellefte\u00e5. T\u00e4vlar i Nidanklassen. EM-silver i Shodan-klassen 2010. SM-guld i Shodan-klassen 2010.<\/P> <P><STRONG>Mattias Jansson<BR><\/STRONG>Fr\u00e5n Link\u00f6pings Budoklubb. T\u00e4vlar i Sandanklassen. Silver SM 2011. Guld SM 2010. EM-brons i lag 2010, samtliga i Sandan-klass.<\/P> <P><STRONG>Patrik Almqvist<BR><\/STRONG>Fr\u00e5n Glimminge Budokan. T\u00e4vlar i Sandanklassen. Flerfaldig EM-medalj\u00f6r. Senast SM-guld 2011 i Sandan.<\/P> <P><STRONG>Jesper Waldest\u00e5l<\/STRONG><BR>Fr\u00e5n Falkenbergs Judoklubb. T\u00e4vlar i Sandanklassen. Flerfaldig EM-medalj\u00f6r, brons under SM-2011.<\/P> <P><STRONG>Sida Yin<\/STRONG><BR>Fr\u00e5n FSKA i Stockholm. T\u00e4vlar i Yondanklassen. SM-brons i Sandan 2011.<\/P> <P><STRONG>Martin Lindgren<\/STRONG><BR>Fr\u00e5n Shimbukan Budoklubb, Skellefte\u00e5. T\u00e4vlar i Godanklassen. Flerfaldig EM-medalj\u00f6r. Mycket rutinerad.<\/P> <P><STRONG>Matti Pajaujis<BR><\/STRONG>Fr\u00e5n S\u00f6lvesborgs Budos\u00e4llskap. T\u00e4vlar i Godanklassen. Senast SM-guld 2011. Mycket erfaren ut\u00f6vare.<BR><BR>Text: Jonathan Broberg med assistans av Maria Engqvist<\/P><\/p>\n","protected":false},"excerpt":{"rendered":"<p><P><STRONG><IMG alt=\"\" align=right src=\"http:\/\/www.budokampsport.se\/sites\/default\/files\/andorra.jpg\" width=150 height=150>Idag invigs officiellt det 18:e europeiska m\u00e4sterskapet i iaido. Andorra \u00e4r platsen f\u00f6r t\u00e4vlingarna och den svenska truppen siktar mot medaljer, vilket har varit ett trevligt \u00e5terkommande scenario de senaste m\u00e4sterskapen.<\/p><br>","protected":false},"author":7,"featured_media":0,"comment_status":"closed","ping_status":"closed","sticky":false,"template":"","format":"standard","meta":{"_acf_changed":false,"footnotes":""},"categories":[1],"tags":[],"class_list":["post-3943","post","type-post","status-publish","format-standard","hentry","category-okategoriserade"],"acf":[],"yoast_head":"<!-- This site is optimized with the Yoast SEO plugin v26.8 - https:\/\/yoast.com\/product\/yoast-seo-wordpress\/ -->\n<title>Svenska medaljhopp inf\u00f6r EM i iaido - Svenska Budo &amp; Kampsportsf\u00f6rbundet<\/title>\n<meta name=\"description\" content=\"Idag invigs officiellt det 18:e europeiska m\u00e4sterskapet i iaido. Andorra \u00e4r platsen f\u00f6r t\u00e4vlingarna och den svenska truppen siktar mot medaljer, vilket har varit ett trevligt \u00e5terkommande scenario de senaste m\u00e4sterskapen.\" \/>\n<meta name=\"robots\" content=\"index, follow, max-snippet:-1, max-image-preview:large, max-video-preview:-1\" \/>\n<link rel=\"canonical\" href=\"https:\/\/www.budokampsport.se\/2011\/10\/04\/svenska-medaljhopp-infor-em-i-iaido\/\" \/>\n<meta property=\"og:locale\" content=\"sv_SE\" \/>\n<meta property=\"og:type\" content=\"article\" \/>\n<meta property=\"og:title\" content=\"Svenska medaljhopp inf\u00f6r EM i iaido - Svenska Budo &amp; Kampsportsf\u00f6rbundet\" \/>\n<meta property=\"og:description\" content=\"Idag invigs officiellt det 18:e europeiska m\u00e4sterskapet i iaido. Andorra \u00e4r platsen f\u00f6r t\u00e4vlingarna och den svenska truppen siktar mot medaljer, vilket har varit ett trevligt \u00e5terkommande scenario de senaste m\u00e4sterskapen.\" \/>\n<meta property=\"og:url\" content=\"https:\/\/www.budokampsport.se\/2011\/10\/04\/svenska-medaljhopp-infor-em-i-iaido\/\" \/>\n<meta property=\"og:site_name\" content=\"Svenska Budo &amp; Kampsportsf\u00f6rbundet\" \/>\n<meta property=\"article:author\" content=\"https:\/\/www.facebook.com\/jonathan.broberg.7\" \/>\n<meta property=\"article:published_time\" content=\"2011-10-04T09:20:23+00:00\" \/>\n<meta property=\"article:modified_time\" content=\"2016-12-06T21:33:34+00:00\" \/>\n<meta name=\"author\" content=\"Jonathan Broberg\" \/>\n<meta name=\"twitter:card\" content=\"summary_large_image\" \/>\n<meta name=\"twitter:label1\" content=\"Skriven av\" \/>\n\t<meta name=\"twitter:data1\" content=\"Jonathan Broberg\" \/>\n\t<meta name=\"twitter:label2\" content=\"Ber\u00e4knad l\u00e4stid\" \/>\n\t<meta name=\"twitter:data2\" content=\"2 minuter\" \/>\n<script type=\"application\/ld+json\" class=\"yoast-schema-graph\">{\"@context\":\"https:\/\/schema.org\",\"@graph\":[{\"@type\":\"Article\",\"@id\":\"https:\/\/www.budokampsport.se\/2011\/10\/04\/svenska-medaljhopp-infor-em-i-iaido\/#article\",\"isPartOf\":{\"@id\":\"https:\/\/www.budokampsport.se\/2011\/10\/04\/svenska-medaljhopp-infor-em-i-iaido\/\"},\"author\":{\"name\":\"Jonathan Broberg\",\"@id\":\"https:\/\/www.budokampsport.se\/#\/schema\/person\/5c06d81d14850e2a8ce5493386560145\"},\"headline\":\"Svenska medaljhopp inf\u00f6r EM i iaido\",\"datePublished\":\"2011-10-04T09:20:23+00:00\",\"dateModified\":\"2016-12-06T21:33:34+00:00\",\"mainEntityOfPage\":{\"@id\":\"https:\/\/www.budokampsport.se\/2011\/10\/04\/svenska-medaljhopp-infor-em-i-iaido\/\"},\"wordCount\":444,\"inLanguage\":\"sv-SE\"},{\"@type\":\"WebPage\",\"@id\":\"https:\/\/www.budokampsport.se\/2011\/10\/04\/svenska-medaljhopp-infor-em-i-iaido\/\",\"url\":\"https:\/\/www.budokampsport.se\/2011\/10\/04\/svenska-medaljhopp-infor-em-i-iaido\/\",\"name\":\"Svenska medaljhopp inf\u00f6r EM i iaido - Svenska Budo &amp; Kampsportsf\u00f6rbundet\",\"isPartOf\":{\"@id\":\"https:\/\/www.budokampsport.se\/#website\"},\"datePublished\":\"2011-10-04T09:20:23+00:00\",\"dateModified\":\"2016-12-06T21:33:34+00:00\",\"author\":{\"@id\":\"https:\/\/www.budokampsport.se\/#\/schema\/person\/5c06d81d14850e2a8ce5493386560145\"},\"description\":\"Idag invigs officiellt det 18:e europeiska m\u00e4sterskapet i iaido. Andorra \u00e4r platsen f\u00f6r t\u00e4vlingarna och den svenska truppen siktar mot medaljer, vilket har varit ett trevligt \u00e5terkommande scenario de senaste m\u00e4sterskapen.\",\"breadcrumb\":{\"@id\":\"https:\/\/www.budokampsport.se\/2011\/10\/04\/svenska-medaljhopp-infor-em-i-iaido\/#breadcrumb\"},\"inLanguage\":\"sv-SE\",\"potentialAction\":[{\"@type\":\"ReadAction\",\"target\":[\"https:\/\/www.budokampsport.se\/2011\/10\/04\/svenska-medaljhopp-infor-em-i-iaido\/\"]}]},{\"@type\":\"BreadcrumbList\",\"@id\":\"https:\/\/www.budokampsport.se\/2011\/10\/04\/svenska-medaljhopp-infor-em-i-iaido\/#breadcrumb\",\"itemListElement\":[{\"@type\":\"ListItem\",\"position\":1,\"name\":\"Hem\",\"item\":\"https:\/\/www.budokampsport.se\/\"},{\"@type\":\"ListItem\",\"position\":2,\"name\":\"Svenska medaljhopp inf\u00f6r EM i iaido\"}]},{\"@type\":\"WebSite\",\"@id\":\"https:\/\/www.budokampsport.se\/#website\",\"url\":\"https:\/\/www.budokampsport.se\/\",\"name\":\"Svenska Budo &amp; Kampsportsf\u00f6rbundet\",\"description\":\"T\u00e4vling, Tr\u00e4ning, Tradition\",\"potentialAction\":[{\"@type\":\"SearchAction\",\"target\":{\"@type\":\"EntryPoint\",\"urlTemplate\":\"https:\/\/www.budokampsport.se\/?s={search_term_string}\"},\"query-input\":{\"@type\":\"PropertyValueSpecification\",\"valueRequired\":true,\"valueName\":\"search_term_string\"}}],\"inLanguage\":\"sv-SE\"},{\"@type\":\"Person\",\"@id\":\"https:\/\/www.budokampsport.se\/#\/schema\/person\/5c06d81d14850e2a8ce5493386560145\",\"name\":\"Jonathan Broberg\",\"image\":{\"@type\":\"ImageObject\",\"inLanguage\":\"sv-SE\",\"@id\":\"https:\/\/www.budokampsport.se\/#\/schema\/person\/image\/\",\"url\":\"https:\/\/secure.gravatar.com\/avatar\/a58041c6cea9128bd9c40ee2f26d4136?s=96&d=blank&r=g\",\"contentUrl\":\"https:\/\/secure.gravatar.com\/avatar\/a58041c6cea9128bd9c40ee2f26d4136?s=96&d=blank&r=g\",\"caption\":\"Jonathan Broberg\"},\"sameAs\":[\"https:\/\/www.facebook.com\/jonathan.broberg.7\"],\"url\":\"https:\/\/www.budokampsport.se\/author\/jonathan\/\"}]}<\/script>\n<!-- \/ Yoast SEO plugin. -->","yoast_head_json":{"title":"Svenska medaljhopp inf\u00f6r EM i iaido - Svenska Budo &amp; Kampsportsf\u00f6rbundet","description":"Idag invigs officiellt det 18:e europeiska m\u00e4sterskapet i iaido. Andorra \u00e4r platsen f\u00f6r t\u00e4vlingarna och den svenska truppen siktar mot medaljer, vilket har varit ett trevligt \u00e5terkommande scenario de senaste m\u00e4sterskapen.","robots":{"index":"index","follow":"follow","max-snippet":"max-snippet:-1","max-image-preview":"max-image-preview:large","max-video-preview":"max-video-preview:-1"},"canonical":"https:\/\/www.budokampsport.se\/2011\/10\/04\/svenska-medaljhopp-infor-em-i-iaido\/","og_locale":"sv_SE","og_type":"article","og_title":"Svenska medaljhopp inf\u00f6r EM i iaido - Svenska Budo &amp; Kampsportsf\u00f6rbundet","og_description":"Idag invigs officiellt det 18:e europeiska m\u00e4sterskapet i iaido. Andorra \u00e4r platsen f\u00f6r t\u00e4vlingarna och den svenska truppen siktar mot medaljer, vilket har varit ett trevligt \u00e5terkommande scenario de senaste m\u00e4sterskapen.","og_url":"https:\/\/www.budokampsport.se\/2011\/10\/04\/svenska-medaljhopp-infor-em-i-iaido\/","og_site_name":"Svenska Budo &amp; Kampsportsf\u00f6rbundet","article_author":"https:\/\/www.facebook.com\/jonathan.broberg.7","article_published_time":"2011-10-04T09:20:23+00:00","article_modified_time":"2016-12-06T21:33:34+00:00","author":"Jonathan Broberg","twitter_card":"summary_large_image","twitter_misc":{"Skriven av":"Jonathan Broberg","Ber\u00e4knad l\u00e4stid":"2 minuter"},"schema":{"@context":"https:\/\/schema.org","@graph":[{"@type":"Article","@id":"https:\/\/www.budokampsport.se\/2011\/10\/04\/svenska-medaljhopp-infor-em-i-iaido\/#article","isPartOf":{"@id":"https:\/\/www.budokampsport.se\/2011\/10\/04\/svenska-medaljhopp-infor-em-i-iaido\/"},"author":{"name":"Jonathan Broberg","@id":"https:\/\/www.budokampsport.se\/#\/schema\/person\/5c06d81d14850e2a8ce5493386560145"},"headline":"Svenska medaljhopp inf\u00f6r EM i iaido","datePublished":"2011-10-04T09:20:23+00:00","dateModified":"2016-12-06T21:33:34+00:00","mainEntityOfPage":{"@id":"https:\/\/www.budokampsport.se\/2011\/10\/04\/svenska-medaljhopp-infor-em-i-iaido\/"},"wordCount":444,"inLanguage":"sv-SE"},{"@type":"WebPage","@id":"https:\/\/www.budokampsport.se\/2011\/10\/04\/svenska-medaljhopp-infor-em-i-iaido\/","url":"https:\/\/www.budokampsport.se\/2011\/10\/04\/svenska-medaljhopp-infor-em-i-iaido\/","name":"Svenska medaljhopp inf\u00f6r EM i iaido - Svenska Budo &amp; Kampsportsf\u00f6rbundet","isPartOf":{"@id":"https:\/\/www.budokampsport.se\/#website"},"datePublished":"2011-10-04T09:20:23+00:00","dateModified":"2016-12-06T21:33:34+00:00","author":{"@id":"https:\/\/www.budokampsport.se\/#\/schema\/person\/5c06d81d14850e2a8ce5493386560145"},"description":"Idag invigs officiellt det 18:e europeiska m\u00e4sterskapet i iaido. Andorra \u00e4r platsen f\u00f6r t\u00e4vlingarna och den svenska truppen siktar mot medaljer, vilket har varit ett trevligt \u00e5terkommande scenario de senaste m\u00e4sterskapen.","breadcrumb":{"@id":"https:\/\/www.budokampsport.se\/2011\/10\/04\/svenska-medaljhopp-infor-em-i-iaido\/#breadcrumb"},"inLanguage":"sv-SE","potentialAction":[{"@type":"ReadAction","target":["https:\/\/www.budokampsport.se\/2011\/10\/04\/svenska-medaljhopp-infor-em-i-iaido\/"]}]},{"@type":"BreadcrumbList","@id":"https:\/\/www.budokampsport.se\/2011\/10\/04\/svenska-medaljhopp-infor-em-i-iaido\/#breadcrumb","itemListElement":[{"@type":"ListItem","position":1,"name":"Hem","item":"https:\/\/www.budokampsport.se\/"},{"@type":"ListItem","position":2,"name":"Svenska medaljhopp inf\u00f6r EM i iaido"}]},{"@type":"WebSite","@id":"https:\/\/www.budokampsport.se\/#website","url":"https:\/\/www.budokampsport.se\/","name":"Svenska Budo &amp; Kampsportsf\u00f6rbundet","description":"T\u00e4vling, Tr\u00e4ning, Tradition","potentialAction":[{"@type":"SearchAction","target":{"@type":"EntryPoint","urlTemplate":"https:\/\/www.budokampsport.se\/?s={search_term_string}"},"query-input":{"@type":"PropertyValueSpecification","valueRequired":true,"valueName":"search_term_string"}}],"inLanguage":"sv-SE"},{"@type":"Person","@id":"https:\/\/www.budokampsport.se\/#\/schema\/person\/5c06d81d14850e2a8ce5493386560145","name":"Jonathan Broberg","image":{"@type":"ImageObject","inLanguage":"sv-SE","@id":"https:\/\/www.budokampsport.se\/#\/schema\/person\/image\/","url":"https:\/\/secure.gravatar.com\/avatar\/a58041c6cea9128bd9c40ee2f26d4136?s=96&d=blank&r=g","contentUrl":"https:\/\/secure.gravatar.com\/avatar\/a58041c6cea9128bd9c40ee2f26d4136?s=96&d=blank&r=g","caption":"Jonathan Broberg"},"sameAs":["https:\/\/www.facebook.com\/jonathan.broberg.7"],"url":"https:\/\/www.budokampsport.se\/author\/jonathan\/"}]}},"_links":{"self":[{"href":"https:\/\/www.budokampsport.se\/api\/wp\/v2\/posts\/3943","targetHints":{"allow":["GET"]}}],"collection":[{"href":"https:\/\/www.budokampsport.se\/api\/wp\/v2\/posts"}],"about":[{"href":"https:\/\/www.budokampsport.se\/api\/wp\/v2\/types\/post"}],"author":[{"embeddable":true,"href":"https:\/\/www.budokampsport.se\/api\/wp\/v2\/users\/7"}],"replies":[{"embeddable":true,"href":"https:\/\/www.budokampsport.se\/api\/wp\/v2\/comments?post=3943"}],"version-history":[{"count":0,"href":"https:\/\/www.budokampsport.se\/api\/wp\/v2\/posts\/3943\/revisions"}],"wp:attachment":[{"href":"https:\/\/www.budokampsport.se\/api\/wp\/v2\/media?parent=3943"}],"wp:term":[{"taxonomy":"category","embeddable":true,"href":"https:\/\/www.budokampsport.se\/api\/wp\/v2\/categories?post=3943"},{"taxonomy":"post_tag","embeddable":true,"href":"https:\/\/www.budokampsport.se\/api\/wp\/v2\/tags?post=3943"}],"curies":[{"name":"wp","href":"https:\/\/api.w.org\/{rel}","templated":true}]}}