{"id":3948,"date":"2011-10-07T12:31:35","date_gmt":"2011-10-07T10:31:35","guid":{"rendered":"http:\/\/budo.wordpress.dev\/2011\/10\/07\/dags-for-sm-i-bjj\/"},"modified":"2016-12-06T22:33:35","modified_gmt":"2016-12-06T21:33:35","slug":"dags-for-sm-i-bjj","status":"publish","type":"post","link":"https:\/\/www.budokampsport.se\/2011\/10\/07\/dags-for-sm-i-bjj\/","title":{"rendered":"Dags f\u00f6r SM i BJJ"},"content":{"rendered":"<p><P><STRONG><IMG alt=\"\" align=right src=\"http:\/\/www.budokampsport.se\/sites\/default\/files\/bjj_sm.jpg\" width=174 height=104>Imorgon (l\u00f6rdag) avg\u00f6rs SM i brasiliansk jiu jitsu (BJJ) i B\u00e5lsta utanf\u00f6r Stockholm. Det \u00e4r kval p\u00e5 dagen med finalpass med start 17.00. Evenemanget s\u00e4nds i sin helhet direkt p\u00e5 webben.<!--break--><\/STRONG><\/P> <P>Det har \u00e4ven kommit ett par sena f\u00f6r\u00e4ndringar i lottningen till morgondagens t\u00e4vlingar. S\u00e5 h\u00e4r har man g\u00e5tt tillv\u00e4ga:<\/P> <P><EM>\u201dD\u00e5 ett par fel i lottningen av matchtr\u00e4den till \u00e5rets BJJ SM uppdagats har matchtr\u00e4den f\u00e5tt uppdaterats med f\u00f6r\u00e4ndringar i vissa viktklasser. F\u00f6r att lottningen ska bli s\u00e5 r\u00e4ttvis som m\u00f6jlig har h\u00e4nsyn tagits till tidigare medalj\u00f6rer p\u00e5 SM, b\u00e4lte samt klubbtillh\u00f6righet. De uppdaterade matchtr\u00e4den kommer att finnas p\u00e5 SM hemsidan under dagen.\u201d <\/EM><\/P> <P>T\u00e4vlingsdagen startar med kval 10.00 och finalpass startar 17.00. T\u00e4vlingarna kommer att s\u00e4ndas direkt p\u00e5 webben. F\u00f6r att se dessa, f\u00f6lj l\u00e4nken.<BR><BR><A href=\"http:\/\/smbjj.balstadojo.com\/live\/\">http:\/\/smbjj.balstadojo.com\/live\/<\/A><BR><BR>Text: Jonathan Broberg<\/P><\/p>\n","protected":false},"excerpt":{"rendered":"<p><P><STRONG><IMG alt=\"\" align=right src=\"http:\/\/www.budokampsport.se\/sites\/default\/files\/bjj_sm.jpg\" width=174 height=104>Imorgon (l\u00f6rdag) avg\u00f6rs SM i brasiliansk jiu jitsu (BJJ) i B\u00e5lsta utanf\u00f6r Stockholm. Det \u00e4r kval p\u00e5 dagen med finalpass med start 17.00. Evenemanget s\u00e4nds i sin helhet direkt p\u00e5 webben.<\/p><br>","protected":false},"author":7,"featured_media":0,"comment_status":"closed","ping_status":"closed","sticky":false,"template":"","format":"standard","meta":{"_acf_changed":false,"footnotes":""},"categories":[1],"tags":[],"class_list":["post-3948","post","type-post","status-publish","format-standard","hentry","category-okategoriserade"],"acf":[],"yoast_head":"<!-- This site is optimized with the Yoast SEO plugin v26.8 - https:\/\/yoast.com\/product\/yoast-seo-wordpress\/ -->\n<title>Dags f\u00f6r SM i BJJ - Svenska Budo &amp; Kampsportsf\u00f6rbundet<\/title>\n<meta name=\"description\" content=\"Imorgon (l\u00f6rdag) avg\u00f6rs SM i brasiliansk jiu jitsu (BJJ) i B\u00e5lsta utanf\u00f6r Stockholm. Det \u00e4r kval p\u00e5 dagen med finalpass med start 17.00. Evenemanget s\u00e4nds i sin helhet direkt p\u00e5 webben.\" \/>\n<meta name=\"robots\" content=\"index, follow, max-snippet:-1, max-image-preview:large, max-video-preview:-1\" \/>\n<link rel=\"canonical\" href=\"https:\/\/www.budokampsport.se\/2011\/10\/07\/dags-for-sm-i-bjj\/\" \/>\n<meta property=\"og:locale\" content=\"sv_SE\" \/>\n<meta property=\"og:type\" content=\"article\" \/>\n<meta property=\"og:title\" content=\"Dags f\u00f6r SM i BJJ - Svenska Budo &amp; Kampsportsf\u00f6rbundet\" \/>\n<meta property=\"og:description\" content=\"Imorgon (l\u00f6rdag) avg\u00f6rs SM i brasiliansk jiu jitsu (BJJ) i B\u00e5lsta utanf\u00f6r Stockholm. Det \u00e4r kval p\u00e5 dagen med finalpass med start 17.00. Evenemanget s\u00e4nds i sin helhet direkt p\u00e5 webben.\" \/>\n<meta property=\"og:url\" content=\"https:\/\/www.budokampsport.se\/2011\/10\/07\/dags-for-sm-i-bjj\/\" \/>\n<meta property=\"og:site_name\" content=\"Svenska Budo &amp; Kampsportsf\u00f6rbundet\" \/>\n<meta property=\"article:author\" content=\"https:\/\/www.facebook.com\/jonathan.broberg.7\" \/>\n<meta property=\"article:published_time\" content=\"2011-10-07T10:31:35+00:00\" \/>\n<meta property=\"article:modified_time\" content=\"2016-12-06T21:33:35+00:00\" \/>\n<meta name=\"author\" content=\"Jonathan Broberg\" \/>\n<meta name=\"twitter:card\" content=\"summary_large_image\" \/>\n<meta name=\"twitter:label1\" content=\"Skriven av\" \/>\n\t<meta name=\"twitter:data1\" content=\"Jonathan Broberg\" \/>\n\t<meta name=\"twitter:label2\" content=\"Ber\u00e4knad l\u00e4stid\" \/>\n\t<meta name=\"twitter:data2\" content=\"1 minut\" \/>\n<script type=\"application\/ld+json\" class=\"yoast-schema-graph\">{\"@context\":\"https:\/\/schema.org\",\"@graph\":[{\"@type\":\"Article\",\"@id\":\"https:\/\/www.budokampsport.se\/2011\/10\/07\/dags-for-sm-i-bjj\/#article\",\"isPartOf\":{\"@id\":\"https:\/\/www.budokampsport.se\/2011\/10\/07\/dags-for-sm-i-bjj\/\"},\"author\":{\"name\":\"Jonathan Broberg\",\"@id\":\"https:\/\/www.budokampsport.se\/#\/schema\/person\/5c06d81d14850e2a8ce5493386560145\"},\"headline\":\"Dags f\u00f6r SM i BJJ\",\"datePublished\":\"2011-10-07T10:31:35+00:00\",\"dateModified\":\"2016-12-06T21:33:35+00:00\",\"mainEntityOfPage\":{\"@id\":\"https:\/\/www.budokampsport.se\/2011\/10\/07\/dags-for-sm-i-bjj\/\"},\"wordCount\":166,\"inLanguage\":\"sv-SE\"},{\"@type\":\"WebPage\",\"@id\":\"https:\/\/www.budokampsport.se\/2011\/10\/07\/dags-for-sm-i-bjj\/\",\"url\":\"https:\/\/www.budokampsport.se\/2011\/10\/07\/dags-for-sm-i-bjj\/\",\"name\":\"Dags f\u00f6r SM i BJJ - Svenska Budo &amp; Kampsportsf\u00f6rbundet\",\"isPartOf\":{\"@id\":\"https:\/\/www.budokampsport.se\/#website\"},\"datePublished\":\"2011-10-07T10:31:35+00:00\",\"dateModified\":\"2016-12-06T21:33:35+00:00\",\"author\":{\"@id\":\"https:\/\/www.budokampsport.se\/#\/schema\/person\/5c06d81d14850e2a8ce5493386560145\"},\"description\":\"Imorgon (l\u00f6rdag) avg\u00f6rs SM i brasiliansk jiu jitsu (BJJ) i B\u00e5lsta utanf\u00f6r Stockholm. Det \u00e4r kval p\u00e5 dagen med finalpass med start 17.00. Evenemanget s\u00e4nds i sin helhet direkt p\u00e5 webben.\",\"breadcrumb\":{\"@id\":\"https:\/\/www.budokampsport.se\/2011\/10\/07\/dags-for-sm-i-bjj\/#breadcrumb\"},\"inLanguage\":\"sv-SE\",\"potentialAction\":[{\"@type\":\"ReadAction\",\"target\":[\"https:\/\/www.budokampsport.se\/2011\/10\/07\/dags-for-sm-i-bjj\/\"]}]},{\"@type\":\"BreadcrumbList\",\"@id\":\"https:\/\/www.budokampsport.se\/2011\/10\/07\/dags-for-sm-i-bjj\/#breadcrumb\",\"itemListElement\":[{\"@type\":\"ListItem\",\"position\":1,\"name\":\"Hem\",\"item\":\"https:\/\/www.budokampsport.se\/\"},{\"@type\":\"ListItem\",\"position\":2,\"name\":\"Dags f\u00f6r SM i BJJ\"}]},{\"@type\":\"WebSite\",\"@id\":\"https:\/\/www.budokampsport.se\/#website\",\"url\":\"https:\/\/www.budokampsport.se\/\",\"name\":\"Svenska Budo &amp; Kampsportsf\u00f6rbundet\",\"description\":\"T\u00e4vling, Tr\u00e4ning, Tradition\",\"potentialAction\":[{\"@type\":\"SearchAction\",\"target\":{\"@type\":\"EntryPoint\",\"urlTemplate\":\"https:\/\/www.budokampsport.se\/?s={search_term_string}\"},\"query-input\":{\"@type\":\"PropertyValueSpecification\",\"valueRequired\":true,\"valueName\":\"search_term_string\"}}],\"inLanguage\":\"sv-SE\"},{\"@type\":\"Person\",\"@id\":\"https:\/\/www.budokampsport.se\/#\/schema\/person\/5c06d81d14850e2a8ce5493386560145\",\"name\":\"Jonathan Broberg\",\"image\":{\"@type\":\"ImageObject\",\"inLanguage\":\"sv-SE\",\"@id\":\"https:\/\/www.budokampsport.se\/#\/schema\/person\/image\/\",\"url\":\"https:\/\/secure.gravatar.com\/avatar\/a58041c6cea9128bd9c40ee2f26d4136?s=96&d=blank&r=g\",\"contentUrl\":\"https:\/\/secure.gravatar.com\/avatar\/a58041c6cea9128bd9c40ee2f26d4136?s=96&d=blank&r=g\",\"caption\":\"Jonathan Broberg\"},\"sameAs\":[\"https:\/\/www.facebook.com\/jonathan.broberg.7\"],\"url\":\"https:\/\/www.budokampsport.se\/author\/jonathan\/\"}]}<\/script>\n<!-- \/ Yoast SEO plugin. -->","yoast_head_json":{"title":"Dags f\u00f6r SM i BJJ - Svenska Budo &amp; Kampsportsf\u00f6rbundet","description":"Imorgon (l\u00f6rdag) avg\u00f6rs SM i brasiliansk jiu jitsu (BJJ) i B\u00e5lsta utanf\u00f6r Stockholm. Det \u00e4r kval p\u00e5 dagen med finalpass med start 17.00. Evenemanget s\u00e4nds i sin helhet direkt p\u00e5 webben.","robots":{"index":"index","follow":"follow","max-snippet":"max-snippet:-1","max-image-preview":"max-image-preview:large","max-video-preview":"max-video-preview:-1"},"canonical":"https:\/\/www.budokampsport.se\/2011\/10\/07\/dags-for-sm-i-bjj\/","og_locale":"sv_SE","og_type":"article","og_title":"Dags f\u00f6r SM i BJJ - Svenska Budo &amp; Kampsportsf\u00f6rbundet","og_description":"Imorgon (l\u00f6rdag) avg\u00f6rs SM i brasiliansk jiu jitsu (BJJ) i B\u00e5lsta utanf\u00f6r Stockholm. Det \u00e4r kval p\u00e5 dagen med finalpass med start 17.00. Evenemanget s\u00e4nds i sin helhet direkt p\u00e5 webben.","og_url":"https:\/\/www.budokampsport.se\/2011\/10\/07\/dags-for-sm-i-bjj\/","og_site_name":"Svenska Budo &amp; Kampsportsf\u00f6rbundet","article_author":"https:\/\/www.facebook.com\/jonathan.broberg.7","article_published_time":"2011-10-07T10:31:35+00:00","article_modified_time":"2016-12-06T21:33:35+00:00","author":"Jonathan Broberg","twitter_card":"summary_large_image","twitter_misc":{"Skriven av":"Jonathan Broberg","Ber\u00e4knad l\u00e4stid":"1 minut"},"schema":{"@context":"https:\/\/schema.org","@graph":[{"@type":"Article","@id":"https:\/\/www.budokampsport.se\/2011\/10\/07\/dags-for-sm-i-bjj\/#article","isPartOf":{"@id":"https:\/\/www.budokampsport.se\/2011\/10\/07\/dags-for-sm-i-bjj\/"},"author":{"name":"Jonathan Broberg","@id":"https:\/\/www.budokampsport.se\/#\/schema\/person\/5c06d81d14850e2a8ce5493386560145"},"headline":"Dags f\u00f6r SM i BJJ","datePublished":"2011-10-07T10:31:35+00:00","dateModified":"2016-12-06T21:33:35+00:00","mainEntityOfPage":{"@id":"https:\/\/www.budokampsport.se\/2011\/10\/07\/dags-for-sm-i-bjj\/"},"wordCount":166,"inLanguage":"sv-SE"},{"@type":"WebPage","@id":"https:\/\/www.budokampsport.se\/2011\/10\/07\/dags-for-sm-i-bjj\/","url":"https:\/\/www.budokampsport.se\/2011\/10\/07\/dags-for-sm-i-bjj\/","name":"Dags f\u00f6r SM i BJJ - Svenska Budo &amp; Kampsportsf\u00f6rbundet","isPartOf":{"@id":"https:\/\/www.budokampsport.se\/#website"},"datePublished":"2011-10-07T10:31:35+00:00","dateModified":"2016-12-06T21:33:35+00:00","author":{"@id":"https:\/\/www.budokampsport.se\/#\/schema\/person\/5c06d81d14850e2a8ce5493386560145"},"description":"Imorgon (l\u00f6rdag) avg\u00f6rs SM i brasiliansk jiu jitsu (BJJ) i B\u00e5lsta utanf\u00f6r Stockholm. Det \u00e4r kval p\u00e5 dagen med finalpass med start 17.00. Evenemanget s\u00e4nds i sin helhet direkt p\u00e5 webben.","breadcrumb":{"@id":"https:\/\/www.budokampsport.se\/2011\/10\/07\/dags-for-sm-i-bjj\/#breadcrumb"},"inLanguage":"sv-SE","potentialAction":[{"@type":"ReadAction","target":["https:\/\/www.budokampsport.se\/2011\/10\/07\/dags-for-sm-i-bjj\/"]}]},{"@type":"BreadcrumbList","@id":"https:\/\/www.budokampsport.se\/2011\/10\/07\/dags-for-sm-i-bjj\/#breadcrumb","itemListElement":[{"@type":"ListItem","position":1,"name":"Hem","item":"https:\/\/www.budokampsport.se\/"},{"@type":"ListItem","position":2,"name":"Dags f\u00f6r SM i BJJ"}]},{"@type":"WebSite","@id":"https:\/\/www.budokampsport.se\/#website","url":"https:\/\/www.budokampsport.se\/","name":"Svenska Budo &amp; Kampsportsf\u00f6rbundet","description":"T\u00e4vling, Tr\u00e4ning, Tradition","potentialAction":[{"@type":"SearchAction","target":{"@type":"EntryPoint","urlTemplate":"https:\/\/www.budokampsport.se\/?s={search_term_string}"},"query-input":{"@type":"PropertyValueSpecification","valueRequired":true,"valueName":"search_term_string"}}],"inLanguage":"sv-SE"},{"@type":"Person","@id":"https:\/\/www.budokampsport.se\/#\/schema\/person\/5c06d81d14850e2a8ce5493386560145","name":"Jonathan Broberg","image":{"@type":"ImageObject","inLanguage":"sv-SE","@id":"https:\/\/www.budokampsport.se\/#\/schema\/person\/image\/","url":"https:\/\/secure.gravatar.com\/avatar\/a58041c6cea9128bd9c40ee2f26d4136?s=96&d=blank&r=g","contentUrl":"https:\/\/secure.gravatar.com\/avatar\/a58041c6cea9128bd9c40ee2f26d4136?s=96&d=blank&r=g","caption":"Jonathan Broberg"},"sameAs":["https:\/\/www.facebook.com\/jonathan.broberg.7"],"url":"https:\/\/www.budokampsport.se\/author\/jonathan\/"}]}},"_links":{"self":[{"href":"https:\/\/www.budokampsport.se\/api\/wp\/v2\/posts\/3948","targetHints":{"allow":["GET"]}}],"collection":[{"href":"https:\/\/www.budokampsport.se\/api\/wp\/v2\/posts"}],"about":[{"href":"https:\/\/www.budokampsport.se\/api\/wp\/v2\/types\/post"}],"author":[{"embeddable":true,"href":"https:\/\/www.budokampsport.se\/api\/wp\/v2\/users\/7"}],"replies":[{"embeddable":true,"href":"https:\/\/www.budokampsport.se\/api\/wp\/v2\/comments?post=3948"}],"version-history":[{"count":0,"href":"https:\/\/www.budokampsport.se\/api\/wp\/v2\/posts\/3948\/revisions"}],"wp:attachment":[{"href":"https:\/\/www.budokampsport.se\/api\/wp\/v2\/media?parent=3948"}],"wp:term":[{"taxonomy":"category","embeddable":true,"href":"https:\/\/www.budokampsport.se\/api\/wp\/v2\/categories?post=3948"},{"taxonomy":"post_tag","embeddable":true,"href":"https:\/\/www.budokampsport.se\/api\/wp\/v2\/tags?post=3948"}],"curies":[{"name":"wp","href":"https:\/\/api.w.org\/{rel}","templated":true}]}}