{"id":3997,"date":"2011-10-31T14:25:06","date_gmt":"2011-10-31T13:25:06","guid":{"rendered":"http:\/\/budo.wordpress.dev\/2011\/10\/31\/vanner-och-familj-tog-emot-gunnarsson-i-centrala-helsingborg\/"},"modified":"2016-12-06T22:33:45","modified_gmt":"2016-12-06T21:33:45","slug":"vanner-och-familj-tog-emot-gunnarsson-i-centrala-helsingborg","status":"publish","type":"post","link":"https:\/\/www.budokampsport.se\/2011\/10\/31\/vanner-och-familj-tog-emot-gunnarsson-i-centrala-helsingborg\/","title":{"rendered":"V\u00e4nner och familj tog emot Gunnarsson i centrala Helsingborg"},"content":{"rendered":"<p><P><STRONG><IMG alt=\"\" align=middle src=\"http:\/\/www.budokampsport.se\/sites\/default\/files\/therese_2.jpg\" width=435 height=257><BR>Trots tv\u00e5 armbrott p\u00e5 mindre \u00e4n ett \u00e5r besannades Therese Gunnarssons dr\u00f6m om VM-guld i kickboxning. Hennes magiska knock \u00e4r redan en svensk kampsportsklassiker.<BR>\u00a0\u00a0 &#8211; Jag har inte riktigt f\u00f6rst\u00e5tt det \u00e4nnu, s\u00e4ger hon till budokampsport.se.<!--break--><\/STRONG><\/P> <P>VM-guldet vanns i Makedonien. Men hemma i Helsingborg firades Therese som det anst\u00e5r en nybliven v\u00e4rldsm\u00e4starinna \u2013 med familj och v\u00e4nner som v\u00e4ntade p\u00e5 henne och tr\u00e4nare Ante Ekeroth.<\/P> <P>P\u00e5 ett plakat var SVT:s inslag parafraserat \u2013 \u201dTuff \u00e4r f\u00f6rnamnet, Gunnarsson efternamnet\u201d.<BR>\u00a0\u00a0 &#8211; Jag m\u00f6ttes p\u00e5 Knutpunkten av mina v\u00e4nner, min familj och min tr\u00e4nare. De hade verkligen ordnat det fint med skyltar, blommar och champagne. Sen \u00e5kte vi hem till mig, d\u00e4r de hade fyllt min l\u00e4genhet med grattish\u00e4lsningar, och k\u00e4kade sm\u00f6rg\u00e5st\u00e5rta.<\/P> <P>Therese har f\u00f6rr st\u00e5tt p\u00e5 pallen i VM, senast 2009 i Villach, men aldrig h\u00f6gst upp. F\u00f6rklaringen till det ligger i hj\u00e4lpen av tr\u00e4naren Ante.<BR>\u00a0\u00a0 &#8211; F\u00f6r att jag var s\u00e5 j\u00e4vla sugen p\u00e5 det! Men \u00e4ven f\u00f6r att jag f\u00e5tt s\u00e5 otroligt mycket och bra hj\u00e4lp av min tr\u00e4nare Ante.<\/P> <P><STRONG>&#8220;Obeskrivlig&#8221;<\/STRONG><BR>Ett stort m\u00e5l i hennes idrottskarri\u00e4r \u00e4r nu uppn\u00e5tt. Men gl\u00f6m att 27-\u00e5ringen \u00e4r n\u00f6jd med ett VM-guld.<BR>\u00a0\u00a0 &#8211; Nej jag har m\u00e5nga fler m\u00e5l som jag vill uppn\u00e5. Tv\u00e4rtom blev jag bara mer hungrig och taggad nu att se hur bra jag kan bli. Mitt m\u00e5l \u00e4r egentligen att bli v\u00e4rldens b\u00e4sta kvinnliga st\u00e5ende fighter!<\/P> <P>Det var redan i semifinalen mot ryskan som Gunnarsson kunde k\u00e4nna att hon hade kraft och kapacitet f\u00f6r ett VM-guld. Och n\u00e4r turkiskan Koblay sedan knockades var guldet hemma. Och k\u00e4nslan d\u00e5 var\u2026<BR>\u00a0\u00a0 &#8211; Obeskrivlig!<\/P> <P>Nu ska Therese bara \u201cmystr\u00e4na\u201d och sedan \u00e5ker hon till Thailand och d\u00e5 b\u00f6rjar satsningen mot n\u00e4sta m\u00e5l \u2013 SM i thaiboxning i slutet p\u00e5 januari. Dit kommer hon som en v\u00e4rldsm\u00e4starinna \u2013 om \u00e4n i kickboxning.<BR><BR>Text: Jonathan Broberg<BR>Foto: Janeth Augustsson<\/P><\/p>\n","protected":false},"excerpt":{"rendered":"<p><P><STRONG><IMG alt=\"\" align=middle src=\"http:\/\/www.budokampsport.se\/sites\/default\/files\/therese_2.jpg\" width=435 height=257><BR>Trots tv\u00e5 armbrott p\u00e5 mindre \u00e4n ett \u00e5r besannades Therese Gunnarssons dr\u00f6m om VM-guld i kickboxning. Hennes magiska knock \u00e4r redan en svensk kampsportsklassiker.<BR>\u00a0\u00a0 &#8211; Jag har inte riktigt f\u00f6rst\u00e5tt det \u00e4nnu, s\u00e4ger hon till budokampsport.se.<\/p><br>","protected":false},"author":7,"featured_media":0,"comment_status":"closed","ping_status":"closed","sticky":false,"template":"","format":"standard","meta":{"_acf_changed":false,"footnotes":""},"categories":[1],"tags":[],"class_list":["post-3997","post","type-post","status-publish","format-standard","hentry","category-okategoriserade"],"acf":[],"yoast_head":"<!-- This site is optimized with the Yoast SEO plugin v26.8 - https:\/\/yoast.com\/product\/yoast-seo-wordpress\/ -->\n<title>V\u00e4nner och familj tog emot Gunnarsson i centrala Helsingborg - Svenska Budo &amp; Kampsportsf\u00f6rbundet<\/title>\n<meta name=\"description\" content=\"Trots tv\u00e5 armbrott p\u00e5 mindre \u00e4n ett \u00e5r besannades Therese Gunnarssons dr\u00f6m om VM-guld i kickboxning. Hennes magiska knock \u00e4r redan en svensk kampsportsklassiker.\u00a0\u00a0 - Jag har inte riktigt f\u00f6rst\u00e5tt det \u00e4nnu, s\u00e4ger hon till budokampsport.se.\" \/>\n<meta name=\"robots\" content=\"index, follow, max-snippet:-1, max-image-preview:large, max-video-preview:-1\" \/>\n<link rel=\"canonical\" href=\"https:\/\/www.budokampsport.se\/2011\/10\/31\/vanner-och-familj-tog-emot-gunnarsson-i-centrala-helsingborg\/\" \/>\n<meta property=\"og:locale\" content=\"sv_SE\" \/>\n<meta property=\"og:type\" content=\"article\" \/>\n<meta property=\"og:title\" content=\"V\u00e4nner och familj tog emot Gunnarsson i centrala Helsingborg - Svenska Budo &amp; Kampsportsf\u00f6rbundet\" \/>\n<meta property=\"og:description\" content=\"Trots tv\u00e5 armbrott p\u00e5 mindre \u00e4n ett \u00e5r besannades Therese Gunnarssons dr\u00f6m om VM-guld i kickboxning. Hennes magiska knock \u00e4r redan en svensk kampsportsklassiker.\u00a0\u00a0 - Jag har inte riktigt f\u00f6rst\u00e5tt det \u00e4nnu, s\u00e4ger hon till budokampsport.se.\" \/>\n<meta property=\"og:url\" content=\"https:\/\/www.budokampsport.se\/2011\/10\/31\/vanner-och-familj-tog-emot-gunnarsson-i-centrala-helsingborg\/\" \/>\n<meta property=\"og:site_name\" content=\"Svenska Budo &amp; Kampsportsf\u00f6rbundet\" \/>\n<meta property=\"article:author\" content=\"https:\/\/www.facebook.com\/jonathan.broberg.7\" \/>\n<meta property=\"article:published_time\" content=\"2011-10-31T13:25:06+00:00\" \/>\n<meta property=\"article:modified_time\" content=\"2016-12-06T21:33:45+00:00\" \/>\n<meta name=\"author\" content=\"Jonathan Broberg\" \/>\n<meta name=\"twitter:card\" content=\"summary_large_image\" \/>\n<meta name=\"twitter:label1\" content=\"Skriven av\" \/>\n\t<meta name=\"twitter:data1\" content=\"Jonathan Broberg\" \/>\n\t<meta name=\"twitter:label2\" content=\"Ber\u00e4knad l\u00e4stid\" \/>\n\t<meta name=\"twitter:data2\" content=\"2 minuter\" \/>\n<script type=\"application\/ld+json\" class=\"yoast-schema-graph\">{\"@context\":\"https:\/\/schema.org\",\"@graph\":[{\"@type\":\"Article\",\"@id\":\"https:\/\/www.budokampsport.se\/2011\/10\/31\/vanner-och-familj-tog-emot-gunnarsson-i-centrala-helsingborg\/#article\",\"isPartOf\":{\"@id\":\"https:\/\/www.budokampsport.se\/2011\/10\/31\/vanner-och-familj-tog-emot-gunnarsson-i-centrala-helsingborg\/\"},\"author\":{\"name\":\"Jonathan Broberg\",\"@id\":\"https:\/\/www.budokampsport.se\/#\/schema\/person\/5c06d81d14850e2a8ce5493386560145\"},\"headline\":\"V\u00e4nner och familj tog emot Gunnarsson i centrala Helsingborg\",\"datePublished\":\"2011-10-31T13:25:06+00:00\",\"dateModified\":\"2016-12-06T21:33:45+00:00\",\"mainEntityOfPage\":{\"@id\":\"https:\/\/www.budokampsport.se\/2011\/10\/31\/vanner-och-familj-tog-emot-gunnarsson-i-centrala-helsingborg\/\"},\"wordCount\":367,\"inLanguage\":\"sv-SE\"},{\"@type\":\"WebPage\",\"@id\":\"https:\/\/www.budokampsport.se\/2011\/10\/31\/vanner-och-familj-tog-emot-gunnarsson-i-centrala-helsingborg\/\",\"url\":\"https:\/\/www.budokampsport.se\/2011\/10\/31\/vanner-och-familj-tog-emot-gunnarsson-i-centrala-helsingborg\/\",\"name\":\"V\u00e4nner och familj tog emot Gunnarsson i centrala Helsingborg - Svenska Budo &amp; Kampsportsf\u00f6rbundet\",\"isPartOf\":{\"@id\":\"https:\/\/www.budokampsport.se\/#website\"},\"datePublished\":\"2011-10-31T13:25:06+00:00\",\"dateModified\":\"2016-12-06T21:33:45+00:00\",\"author\":{\"@id\":\"https:\/\/www.budokampsport.se\/#\/schema\/person\/5c06d81d14850e2a8ce5493386560145\"},\"description\":\"Trots tv\u00e5 armbrott p\u00e5 mindre \u00e4n ett \u00e5r besannades Therese Gunnarssons dr\u00f6m om VM-guld i kickboxning. Hennes magiska knock \u00e4r redan en svensk kampsportsklassiker.\u00a0\u00a0 - Jag har inte riktigt f\u00f6rst\u00e5tt det \u00e4nnu, s\u00e4ger hon till budokampsport.se.\",\"breadcrumb\":{\"@id\":\"https:\/\/www.budokampsport.se\/2011\/10\/31\/vanner-och-familj-tog-emot-gunnarsson-i-centrala-helsingborg\/#breadcrumb\"},\"inLanguage\":\"sv-SE\",\"potentialAction\":[{\"@type\":\"ReadAction\",\"target\":[\"https:\/\/www.budokampsport.se\/2011\/10\/31\/vanner-och-familj-tog-emot-gunnarsson-i-centrala-helsingborg\/\"]}]},{\"@type\":\"BreadcrumbList\",\"@id\":\"https:\/\/www.budokampsport.se\/2011\/10\/31\/vanner-och-familj-tog-emot-gunnarsson-i-centrala-helsingborg\/#breadcrumb\",\"itemListElement\":[{\"@type\":\"ListItem\",\"position\":1,\"name\":\"Hem\",\"item\":\"https:\/\/www.budokampsport.se\/\"},{\"@type\":\"ListItem\",\"position\":2,\"name\":\"V\u00e4nner och familj tog emot Gunnarsson i centrala Helsingborg\"}]},{\"@type\":\"WebSite\",\"@id\":\"https:\/\/www.budokampsport.se\/#website\",\"url\":\"https:\/\/www.budokampsport.se\/\",\"name\":\"Svenska Budo &amp; Kampsportsf\u00f6rbundet\",\"description\":\"T\u00e4vling, Tr\u00e4ning, Tradition\",\"potentialAction\":[{\"@type\":\"SearchAction\",\"target\":{\"@type\":\"EntryPoint\",\"urlTemplate\":\"https:\/\/www.budokampsport.se\/?s={search_term_string}\"},\"query-input\":{\"@type\":\"PropertyValueSpecification\",\"valueRequired\":true,\"valueName\":\"search_term_string\"}}],\"inLanguage\":\"sv-SE\"},{\"@type\":\"Person\",\"@id\":\"https:\/\/www.budokampsport.se\/#\/schema\/person\/5c06d81d14850e2a8ce5493386560145\",\"name\":\"Jonathan Broberg\",\"image\":{\"@type\":\"ImageObject\",\"inLanguage\":\"sv-SE\",\"@id\":\"https:\/\/www.budokampsport.se\/#\/schema\/person\/image\/\",\"url\":\"https:\/\/secure.gravatar.com\/avatar\/a58041c6cea9128bd9c40ee2f26d4136?s=96&d=blank&r=g\",\"contentUrl\":\"https:\/\/secure.gravatar.com\/avatar\/a58041c6cea9128bd9c40ee2f26d4136?s=96&d=blank&r=g\",\"caption\":\"Jonathan Broberg\"},\"sameAs\":[\"https:\/\/www.facebook.com\/jonathan.broberg.7\"],\"url\":\"https:\/\/www.budokampsport.se\/author\/jonathan\/\"}]}<\/script>\n<!-- \/ Yoast SEO plugin. -->","yoast_head_json":{"title":"V\u00e4nner och familj tog emot Gunnarsson i centrala Helsingborg - Svenska Budo &amp; Kampsportsf\u00f6rbundet","description":"Trots tv\u00e5 armbrott p\u00e5 mindre \u00e4n ett \u00e5r besannades Therese Gunnarssons dr\u00f6m om VM-guld i kickboxning. Hennes magiska knock \u00e4r redan en svensk kampsportsklassiker.\u00a0\u00a0 - Jag har inte riktigt f\u00f6rst\u00e5tt det \u00e4nnu, s\u00e4ger hon till budokampsport.se.","robots":{"index":"index","follow":"follow","max-snippet":"max-snippet:-1","max-image-preview":"max-image-preview:large","max-video-preview":"max-video-preview:-1"},"canonical":"https:\/\/www.budokampsport.se\/2011\/10\/31\/vanner-och-familj-tog-emot-gunnarsson-i-centrala-helsingborg\/","og_locale":"sv_SE","og_type":"article","og_title":"V\u00e4nner och familj tog emot Gunnarsson i centrala Helsingborg - Svenska Budo &amp; Kampsportsf\u00f6rbundet","og_description":"Trots tv\u00e5 armbrott p\u00e5 mindre \u00e4n ett \u00e5r besannades Therese Gunnarssons dr\u00f6m om VM-guld i kickboxning. Hennes magiska knock \u00e4r redan en svensk kampsportsklassiker.\u00a0\u00a0 - Jag har inte riktigt f\u00f6rst\u00e5tt det \u00e4nnu, s\u00e4ger hon till budokampsport.se.","og_url":"https:\/\/www.budokampsport.se\/2011\/10\/31\/vanner-och-familj-tog-emot-gunnarsson-i-centrala-helsingborg\/","og_site_name":"Svenska Budo &amp; Kampsportsf\u00f6rbundet","article_author":"https:\/\/www.facebook.com\/jonathan.broberg.7","article_published_time":"2011-10-31T13:25:06+00:00","article_modified_time":"2016-12-06T21:33:45+00:00","author":"Jonathan Broberg","twitter_card":"summary_large_image","twitter_misc":{"Skriven av":"Jonathan Broberg","Ber\u00e4knad l\u00e4stid":"2 minuter"},"schema":{"@context":"https:\/\/schema.org","@graph":[{"@type":"Article","@id":"https:\/\/www.budokampsport.se\/2011\/10\/31\/vanner-och-familj-tog-emot-gunnarsson-i-centrala-helsingborg\/#article","isPartOf":{"@id":"https:\/\/www.budokampsport.se\/2011\/10\/31\/vanner-och-familj-tog-emot-gunnarsson-i-centrala-helsingborg\/"},"author":{"name":"Jonathan Broberg","@id":"https:\/\/www.budokampsport.se\/#\/schema\/person\/5c06d81d14850e2a8ce5493386560145"},"headline":"V\u00e4nner och familj tog emot Gunnarsson i centrala Helsingborg","datePublished":"2011-10-31T13:25:06+00:00","dateModified":"2016-12-06T21:33:45+00:00","mainEntityOfPage":{"@id":"https:\/\/www.budokampsport.se\/2011\/10\/31\/vanner-och-familj-tog-emot-gunnarsson-i-centrala-helsingborg\/"},"wordCount":367,"inLanguage":"sv-SE"},{"@type":"WebPage","@id":"https:\/\/www.budokampsport.se\/2011\/10\/31\/vanner-och-familj-tog-emot-gunnarsson-i-centrala-helsingborg\/","url":"https:\/\/www.budokampsport.se\/2011\/10\/31\/vanner-och-familj-tog-emot-gunnarsson-i-centrala-helsingborg\/","name":"V\u00e4nner och familj tog emot Gunnarsson i centrala Helsingborg - Svenska Budo &amp; Kampsportsf\u00f6rbundet","isPartOf":{"@id":"https:\/\/www.budokampsport.se\/#website"},"datePublished":"2011-10-31T13:25:06+00:00","dateModified":"2016-12-06T21:33:45+00:00","author":{"@id":"https:\/\/www.budokampsport.se\/#\/schema\/person\/5c06d81d14850e2a8ce5493386560145"},"description":"Trots tv\u00e5 armbrott p\u00e5 mindre \u00e4n ett \u00e5r besannades Therese Gunnarssons dr\u00f6m om VM-guld i kickboxning. Hennes magiska knock \u00e4r redan en svensk kampsportsklassiker.\u00a0\u00a0 - Jag har inte riktigt f\u00f6rst\u00e5tt det \u00e4nnu, s\u00e4ger hon till budokampsport.se.","breadcrumb":{"@id":"https:\/\/www.budokampsport.se\/2011\/10\/31\/vanner-och-familj-tog-emot-gunnarsson-i-centrala-helsingborg\/#breadcrumb"},"inLanguage":"sv-SE","potentialAction":[{"@type":"ReadAction","target":["https:\/\/www.budokampsport.se\/2011\/10\/31\/vanner-och-familj-tog-emot-gunnarsson-i-centrala-helsingborg\/"]}]},{"@type":"BreadcrumbList","@id":"https:\/\/www.budokampsport.se\/2011\/10\/31\/vanner-och-familj-tog-emot-gunnarsson-i-centrala-helsingborg\/#breadcrumb","itemListElement":[{"@type":"ListItem","position":1,"name":"Hem","item":"https:\/\/www.budokampsport.se\/"},{"@type":"ListItem","position":2,"name":"V\u00e4nner och familj tog emot Gunnarsson i centrala Helsingborg"}]},{"@type":"WebSite","@id":"https:\/\/www.budokampsport.se\/#website","url":"https:\/\/www.budokampsport.se\/","name":"Svenska Budo &amp; Kampsportsf\u00f6rbundet","description":"T\u00e4vling, Tr\u00e4ning, Tradition","potentialAction":[{"@type":"SearchAction","target":{"@type":"EntryPoint","urlTemplate":"https:\/\/www.budokampsport.se\/?s={search_term_string}"},"query-input":{"@type":"PropertyValueSpecification","valueRequired":true,"valueName":"search_term_string"}}],"inLanguage":"sv-SE"},{"@type":"Person","@id":"https:\/\/www.budokampsport.se\/#\/schema\/person\/5c06d81d14850e2a8ce5493386560145","name":"Jonathan Broberg","image":{"@type":"ImageObject","inLanguage":"sv-SE","@id":"https:\/\/www.budokampsport.se\/#\/schema\/person\/image\/","url":"https:\/\/secure.gravatar.com\/avatar\/a58041c6cea9128bd9c40ee2f26d4136?s=96&d=blank&r=g","contentUrl":"https:\/\/secure.gravatar.com\/avatar\/a58041c6cea9128bd9c40ee2f26d4136?s=96&d=blank&r=g","caption":"Jonathan Broberg"},"sameAs":["https:\/\/www.facebook.com\/jonathan.broberg.7"],"url":"https:\/\/www.budokampsport.se\/author\/jonathan\/"}]}},"_links":{"self":[{"href":"https:\/\/www.budokampsport.se\/api\/wp\/v2\/posts\/3997","targetHints":{"allow":["GET"]}}],"collection":[{"href":"https:\/\/www.budokampsport.se\/api\/wp\/v2\/posts"}],"about":[{"href":"https:\/\/www.budokampsport.se\/api\/wp\/v2\/types\/post"}],"author":[{"embeddable":true,"href":"https:\/\/www.budokampsport.se\/api\/wp\/v2\/users\/7"}],"replies":[{"embeddable":true,"href":"https:\/\/www.budokampsport.se\/api\/wp\/v2\/comments?post=3997"}],"version-history":[{"count":0,"href":"https:\/\/www.budokampsport.se\/api\/wp\/v2\/posts\/3997\/revisions"}],"wp:attachment":[{"href":"https:\/\/www.budokampsport.se\/api\/wp\/v2\/media?parent=3997"}],"wp:term":[{"taxonomy":"category","embeddable":true,"href":"https:\/\/www.budokampsport.se\/api\/wp\/v2\/categories?post=3997"},{"taxonomy":"post_tag","embeddable":true,"href":"https:\/\/www.budokampsport.se\/api\/wp\/v2\/tags?post=3997"}],"curies":[{"name":"wp","href":"https:\/\/api.w.org\/{rel}","templated":true}]}}