{"id":4006,"date":"2012-05-31T14:50:44","date_gmt":"2012-05-31T12:50:44","guid":{"rendered":"http:\/\/budo.wordpress.dev\/2012\/05\/31\/det-har-ar-landslaget-till-em-i-jodo\/"},"modified":"2016-12-06T22:33:47","modified_gmt":"2016-12-06T21:33:47","slug":"det-har-ar-landslaget-till-em-i-jodo","status":"publish","type":"post","link":"https:\/\/www.budokampsport.se\/2012\/05\/31\/det-har-ar-landslaget-till-em-i-jodo\/","title":{"rendered":"Det h\u00e4r \u00e4r landslaget till EM i jodo"},"content":{"rendered":"<p><P><STRONG><IMG alt=\"\" align=middle src=\"http:\/\/www.budokampsport.se\/sites\/default\/files\/jodolandslaget-2012.gif\" width=435 height=290><BR>EM i jodo avg\u00f6rs i Bryssel under slutet av augusti och i b\u00f6rjan p\u00e5 september. Och nu \u00e4r den svenska landslagstruppen uttagen. Sex idrottare \u00e4r uttagna till dels de individuella t\u00e4vlingarna och tre till lagt\u00e4vlingen.<!--break--><\/STRONG><\/P> <P>Sverige \u00e4r ett frapperande bra jodoland med en hel del m\u00e4sterskapsframg\u00e5ngar under de senaste \u00e5ren. \u00c4ven till \u00e5rets europeiska m\u00e4sterskap i Bryssel finns medaljhopp, det f\u00f6rkunnades n\u00e4r truppen idag presenterades.<\/P> <P>H\u00e4r \u00e4r truppen i sin helhet<\/P> <P><STRONG>Mudan<\/STRONG><BR>Maria Engqvist<BR>Johan Andersson<\/P> <P><STRONG>Shodan<\/STRONG><BR>Christian Strandberg<\/P> <P><STRONG>Nidan<\/STRONG><BR>Jesper Waldest\u00e5l<BR>Caiza A. Wranning<\/P> <P><STRONG>Yondan<\/STRONG><BR>Sida Yin<\/P> <P><STRONG>Lagklassen<BR><\/STRONG>Sida Yin<BR>Jesper Waldest\u00e5l<BR>Christian Strandberg<BR>Maria Engqvist (reserv)<\/P> <P>Landslagets coach \u00e4r rutinerade Takao Momiyama som tilldelades \u00c5rets trditionella ut\u00f6vare vid Kampsportsgalan tidigare i v\u00e5ras.<\/P> <P><STRONG>Information om Jodo<\/STRONG><BR>Jodo \u00e4r en japansk kampsport, som skapades omkring 1605 av samurajen Muso Gonnosuke. Tr\u00e4ningen sker i princip som partr\u00e4ning d\u00e4r en person med ett tr\u00e4sv\u00e4rd utf\u00f6r olika attacker, medan den andra anv\u00e4nder staven till f\u00f6rsvar. Denna tr\u00e4ning kr\u00e4ver sj\u00e4lvdisciplin, \u00f6kar ens r\u00f6rlighet och fysiska v\u00e4lbefinnande, och bidrar p\u00e5 s\u00e5 s\u00e4tt till en harmonisering av kropp och sj\u00e4l.<BR><BR>Text: Jonathan Broberg<\/P><\/p>\n","protected":false},"excerpt":{"rendered":"<p><P><STRONG><IMG alt=\"\" align=middle src=\"http:\/\/www.budokampsport.se\/sites\/default\/files\/jodolandslaget-2012.gif\" width=435 height=290><BR>EM i jodo avg\u00f6rs i Bryssel under slutet av augusti och i b\u00f6rjan p\u00e5 september. Och nu \u00e4r den svenska landslagstruppen uttagen. Sex idrottare \u00e4r uttagna till dels de individuella t\u00e4vlingarna och tre till lagt\u00e4vlingen.<\/p><br>","protected":false},"author":7,"featured_media":0,"comment_status":"closed","ping_status":"closed","sticky":false,"template":"","format":"standard","meta":{"_acf_changed":false,"footnotes":""},"categories":[1],"tags":[],"class_list":["post-4006","post","type-post","status-publish","format-standard","hentry","category-okategoriserade"],"acf":[],"yoast_head":"<!-- This site is optimized with the Yoast SEO plugin v26.8 - https:\/\/yoast.com\/product\/yoast-seo-wordpress\/ -->\n<title>Det h\u00e4r \u00e4r landslaget till EM i jodo - Svenska Budo &amp; Kampsportsf\u00f6rbundet<\/title>\n<meta name=\"description\" content=\"EM i jodo avg\u00f6rs i Bryssel under slutet av augusti och i b\u00f6rjan p\u00e5 september. Och nu \u00e4r den svenska landslagstruppen uttagen. Sex idrottare \u00e4r uttagna till dels de individuella t\u00e4vlingarna och tre till lagt\u00e4vlingen.\" \/>\n<meta name=\"robots\" content=\"index, follow, max-snippet:-1, max-image-preview:large, max-video-preview:-1\" \/>\n<link rel=\"canonical\" href=\"https:\/\/www.budokampsport.se\/2012\/05\/31\/det-har-ar-landslaget-till-em-i-jodo\/\" \/>\n<meta property=\"og:locale\" content=\"sv_SE\" \/>\n<meta property=\"og:type\" content=\"article\" \/>\n<meta property=\"og:title\" content=\"Det h\u00e4r \u00e4r landslaget till EM i jodo - Svenska Budo &amp; Kampsportsf\u00f6rbundet\" \/>\n<meta property=\"og:description\" content=\"EM i jodo avg\u00f6rs i Bryssel under slutet av augusti och i b\u00f6rjan p\u00e5 september. Och nu \u00e4r den svenska landslagstruppen uttagen. Sex idrottare \u00e4r uttagna till dels de individuella t\u00e4vlingarna och tre till lagt\u00e4vlingen.\" \/>\n<meta property=\"og:url\" content=\"https:\/\/www.budokampsport.se\/2012\/05\/31\/det-har-ar-landslaget-till-em-i-jodo\/\" \/>\n<meta property=\"og:site_name\" content=\"Svenska Budo &amp; Kampsportsf\u00f6rbundet\" \/>\n<meta property=\"article:author\" content=\"https:\/\/www.facebook.com\/jonathan.broberg.7\" \/>\n<meta property=\"article:published_time\" content=\"2012-05-31T12:50:44+00:00\" \/>\n<meta property=\"article:modified_time\" content=\"2016-12-06T21:33:47+00:00\" \/>\n<meta name=\"author\" content=\"Jonathan Broberg\" \/>\n<meta name=\"twitter:card\" content=\"summary_large_image\" \/>\n<meta name=\"twitter:label1\" content=\"Skriven av\" \/>\n\t<meta name=\"twitter:data1\" content=\"Jonathan Broberg\" \/>\n\t<meta name=\"twitter:label2\" content=\"Ber\u00e4knad l\u00e4stid\" \/>\n\t<meta name=\"twitter:data2\" content=\"1 minut\" \/>\n<script type=\"application\/ld+json\" class=\"yoast-schema-graph\">{\"@context\":\"https:\/\/schema.org\",\"@graph\":[{\"@type\":\"Article\",\"@id\":\"https:\/\/www.budokampsport.se\/2012\/05\/31\/det-har-ar-landslaget-till-em-i-jodo\/#article\",\"isPartOf\":{\"@id\":\"https:\/\/www.budokampsport.se\/2012\/05\/31\/det-har-ar-landslaget-till-em-i-jodo\/\"},\"author\":{\"name\":\"Jonathan Broberg\",\"@id\":\"https:\/\/www.budokampsport.se\/#\/schema\/person\/5c06d81d14850e2a8ce5493386560145\"},\"headline\":\"Det h\u00e4r \u00e4r landslaget till EM i jodo\",\"datePublished\":\"2012-05-31T12:50:44+00:00\",\"dateModified\":\"2016-12-06T21:33:47+00:00\",\"mainEntityOfPage\":{\"@id\":\"https:\/\/www.budokampsport.se\/2012\/05\/31\/det-har-ar-landslaget-till-em-i-jodo\/\"},\"wordCount\":209,\"inLanguage\":\"sv-SE\"},{\"@type\":\"WebPage\",\"@id\":\"https:\/\/www.budokampsport.se\/2012\/05\/31\/det-har-ar-landslaget-till-em-i-jodo\/\",\"url\":\"https:\/\/www.budokampsport.se\/2012\/05\/31\/det-har-ar-landslaget-till-em-i-jodo\/\",\"name\":\"Det h\u00e4r \u00e4r landslaget till EM i jodo - Svenska Budo &amp; Kampsportsf\u00f6rbundet\",\"isPartOf\":{\"@id\":\"https:\/\/www.budokampsport.se\/#website\"},\"datePublished\":\"2012-05-31T12:50:44+00:00\",\"dateModified\":\"2016-12-06T21:33:47+00:00\",\"author\":{\"@id\":\"https:\/\/www.budokampsport.se\/#\/schema\/person\/5c06d81d14850e2a8ce5493386560145\"},\"description\":\"EM i jodo avg\u00f6rs i Bryssel under slutet av augusti och i b\u00f6rjan p\u00e5 september. Och nu \u00e4r den svenska landslagstruppen uttagen. Sex idrottare \u00e4r uttagna till dels de individuella t\u00e4vlingarna och tre till lagt\u00e4vlingen.\",\"breadcrumb\":{\"@id\":\"https:\/\/www.budokampsport.se\/2012\/05\/31\/det-har-ar-landslaget-till-em-i-jodo\/#breadcrumb\"},\"inLanguage\":\"sv-SE\",\"potentialAction\":[{\"@type\":\"ReadAction\",\"target\":[\"https:\/\/www.budokampsport.se\/2012\/05\/31\/det-har-ar-landslaget-till-em-i-jodo\/\"]}]},{\"@type\":\"BreadcrumbList\",\"@id\":\"https:\/\/www.budokampsport.se\/2012\/05\/31\/det-har-ar-landslaget-till-em-i-jodo\/#breadcrumb\",\"itemListElement\":[{\"@type\":\"ListItem\",\"position\":1,\"name\":\"Hem\",\"item\":\"https:\/\/www.budokampsport.se\/\"},{\"@type\":\"ListItem\",\"position\":2,\"name\":\"Det h\u00e4r \u00e4r landslaget till EM i jodo\"}]},{\"@type\":\"WebSite\",\"@id\":\"https:\/\/www.budokampsport.se\/#website\",\"url\":\"https:\/\/www.budokampsport.se\/\",\"name\":\"Svenska Budo &amp; Kampsportsf\u00f6rbundet\",\"description\":\"T\u00e4vling, Tr\u00e4ning, Tradition\",\"potentialAction\":[{\"@type\":\"SearchAction\",\"target\":{\"@type\":\"EntryPoint\",\"urlTemplate\":\"https:\/\/www.budokampsport.se\/?s={search_term_string}\"},\"query-input\":{\"@type\":\"PropertyValueSpecification\",\"valueRequired\":true,\"valueName\":\"search_term_string\"}}],\"inLanguage\":\"sv-SE\"},{\"@type\":\"Person\",\"@id\":\"https:\/\/www.budokampsport.se\/#\/schema\/person\/5c06d81d14850e2a8ce5493386560145\",\"name\":\"Jonathan Broberg\",\"image\":{\"@type\":\"ImageObject\",\"inLanguage\":\"sv-SE\",\"@id\":\"https:\/\/www.budokampsport.se\/#\/schema\/person\/image\/\",\"url\":\"https:\/\/secure.gravatar.com\/avatar\/a58041c6cea9128bd9c40ee2f26d4136?s=96&d=blank&r=g\",\"contentUrl\":\"https:\/\/secure.gravatar.com\/avatar\/a58041c6cea9128bd9c40ee2f26d4136?s=96&d=blank&r=g\",\"caption\":\"Jonathan Broberg\"},\"sameAs\":[\"https:\/\/www.facebook.com\/jonathan.broberg.7\"],\"url\":\"https:\/\/www.budokampsport.se\/author\/jonathan\/\"}]}<\/script>\n<!-- \/ Yoast SEO plugin. -->","yoast_head_json":{"title":"Det h\u00e4r \u00e4r landslaget till EM i jodo - Svenska Budo &amp; Kampsportsf\u00f6rbundet","description":"EM i jodo avg\u00f6rs i Bryssel under slutet av augusti och i b\u00f6rjan p\u00e5 september. Och nu \u00e4r den svenska landslagstruppen uttagen. Sex idrottare \u00e4r uttagna till dels de individuella t\u00e4vlingarna och tre till lagt\u00e4vlingen.","robots":{"index":"index","follow":"follow","max-snippet":"max-snippet:-1","max-image-preview":"max-image-preview:large","max-video-preview":"max-video-preview:-1"},"canonical":"https:\/\/www.budokampsport.se\/2012\/05\/31\/det-har-ar-landslaget-till-em-i-jodo\/","og_locale":"sv_SE","og_type":"article","og_title":"Det h\u00e4r \u00e4r landslaget till EM i jodo - Svenska Budo &amp; Kampsportsf\u00f6rbundet","og_description":"EM i jodo avg\u00f6rs i Bryssel under slutet av augusti och i b\u00f6rjan p\u00e5 september. Och nu \u00e4r den svenska landslagstruppen uttagen. Sex idrottare \u00e4r uttagna till dels de individuella t\u00e4vlingarna och tre till lagt\u00e4vlingen.","og_url":"https:\/\/www.budokampsport.se\/2012\/05\/31\/det-har-ar-landslaget-till-em-i-jodo\/","og_site_name":"Svenska Budo &amp; Kampsportsf\u00f6rbundet","article_author":"https:\/\/www.facebook.com\/jonathan.broberg.7","article_published_time":"2012-05-31T12:50:44+00:00","article_modified_time":"2016-12-06T21:33:47+00:00","author":"Jonathan Broberg","twitter_card":"summary_large_image","twitter_misc":{"Skriven av":"Jonathan Broberg","Ber\u00e4knad l\u00e4stid":"1 minut"},"schema":{"@context":"https:\/\/schema.org","@graph":[{"@type":"Article","@id":"https:\/\/www.budokampsport.se\/2012\/05\/31\/det-har-ar-landslaget-till-em-i-jodo\/#article","isPartOf":{"@id":"https:\/\/www.budokampsport.se\/2012\/05\/31\/det-har-ar-landslaget-till-em-i-jodo\/"},"author":{"name":"Jonathan Broberg","@id":"https:\/\/www.budokampsport.se\/#\/schema\/person\/5c06d81d14850e2a8ce5493386560145"},"headline":"Det h\u00e4r \u00e4r landslaget till EM i jodo","datePublished":"2012-05-31T12:50:44+00:00","dateModified":"2016-12-06T21:33:47+00:00","mainEntityOfPage":{"@id":"https:\/\/www.budokampsport.se\/2012\/05\/31\/det-har-ar-landslaget-till-em-i-jodo\/"},"wordCount":209,"inLanguage":"sv-SE"},{"@type":"WebPage","@id":"https:\/\/www.budokampsport.se\/2012\/05\/31\/det-har-ar-landslaget-till-em-i-jodo\/","url":"https:\/\/www.budokampsport.se\/2012\/05\/31\/det-har-ar-landslaget-till-em-i-jodo\/","name":"Det h\u00e4r \u00e4r landslaget till EM i jodo - Svenska Budo &amp; Kampsportsf\u00f6rbundet","isPartOf":{"@id":"https:\/\/www.budokampsport.se\/#website"},"datePublished":"2012-05-31T12:50:44+00:00","dateModified":"2016-12-06T21:33:47+00:00","author":{"@id":"https:\/\/www.budokampsport.se\/#\/schema\/person\/5c06d81d14850e2a8ce5493386560145"},"description":"EM i jodo avg\u00f6rs i Bryssel under slutet av augusti och i b\u00f6rjan p\u00e5 september. Och nu \u00e4r den svenska landslagstruppen uttagen. Sex idrottare \u00e4r uttagna till dels de individuella t\u00e4vlingarna och tre till lagt\u00e4vlingen.","breadcrumb":{"@id":"https:\/\/www.budokampsport.se\/2012\/05\/31\/det-har-ar-landslaget-till-em-i-jodo\/#breadcrumb"},"inLanguage":"sv-SE","potentialAction":[{"@type":"ReadAction","target":["https:\/\/www.budokampsport.se\/2012\/05\/31\/det-har-ar-landslaget-till-em-i-jodo\/"]}]},{"@type":"BreadcrumbList","@id":"https:\/\/www.budokampsport.se\/2012\/05\/31\/det-har-ar-landslaget-till-em-i-jodo\/#breadcrumb","itemListElement":[{"@type":"ListItem","position":1,"name":"Hem","item":"https:\/\/www.budokampsport.se\/"},{"@type":"ListItem","position":2,"name":"Det h\u00e4r \u00e4r landslaget till EM i jodo"}]},{"@type":"WebSite","@id":"https:\/\/www.budokampsport.se\/#website","url":"https:\/\/www.budokampsport.se\/","name":"Svenska Budo &amp; Kampsportsf\u00f6rbundet","description":"T\u00e4vling, Tr\u00e4ning, Tradition","potentialAction":[{"@type":"SearchAction","target":{"@type":"EntryPoint","urlTemplate":"https:\/\/www.budokampsport.se\/?s={search_term_string}"},"query-input":{"@type":"PropertyValueSpecification","valueRequired":true,"valueName":"search_term_string"}}],"inLanguage":"sv-SE"},{"@type":"Person","@id":"https:\/\/www.budokampsport.se\/#\/schema\/person\/5c06d81d14850e2a8ce5493386560145","name":"Jonathan Broberg","image":{"@type":"ImageObject","inLanguage":"sv-SE","@id":"https:\/\/www.budokampsport.se\/#\/schema\/person\/image\/","url":"https:\/\/secure.gravatar.com\/avatar\/a58041c6cea9128bd9c40ee2f26d4136?s=96&d=blank&r=g","contentUrl":"https:\/\/secure.gravatar.com\/avatar\/a58041c6cea9128bd9c40ee2f26d4136?s=96&d=blank&r=g","caption":"Jonathan Broberg"},"sameAs":["https:\/\/www.facebook.com\/jonathan.broberg.7"],"url":"https:\/\/www.budokampsport.se\/author\/jonathan\/"}]}},"_links":{"self":[{"href":"https:\/\/www.budokampsport.se\/api\/wp\/v2\/posts\/4006","targetHints":{"allow":["GET"]}}],"collection":[{"href":"https:\/\/www.budokampsport.se\/api\/wp\/v2\/posts"}],"about":[{"href":"https:\/\/www.budokampsport.se\/api\/wp\/v2\/types\/post"}],"author":[{"embeddable":true,"href":"https:\/\/www.budokampsport.se\/api\/wp\/v2\/users\/7"}],"replies":[{"embeddable":true,"href":"https:\/\/www.budokampsport.se\/api\/wp\/v2\/comments?post=4006"}],"version-history":[{"count":0,"href":"https:\/\/www.budokampsport.se\/api\/wp\/v2\/posts\/4006\/revisions"}],"wp:attachment":[{"href":"https:\/\/www.budokampsport.se\/api\/wp\/v2\/media?parent=4006"}],"wp:term":[{"taxonomy":"category","embeddable":true,"href":"https:\/\/www.budokampsport.se\/api\/wp\/v2\/categories?post=4006"},{"taxonomy":"post_tag","embeddable":true,"href":"https:\/\/www.budokampsport.se\/api\/wp\/v2\/tags?post=4006"}],"curies":[{"name":"wp","href":"https:\/\/api.w.org\/{rel}","templated":true}]}}