{"id":4010,"date":"2011-11-09T10:25:53","date_gmt":"2011-11-09T09:25:53","guid":{"rendered":"http:\/\/budo.wordpress.dev\/2011\/11\/09\/widgren-ser-fram-emot-jvm\/"},"modified":"2016-12-06T22:33:48","modified_gmt":"2016-12-06T21:33:48","slug":"widgren-ser-fram-emot-jvm","status":"publish","type":"post","link":"https:\/\/www.budokampsport.se\/2011\/11\/09\/widgren-ser-fram-emot-jvm\/","title":{"rendered":"Widgren ser fram emot JVM"},"content":{"rendered":"<p><P><STRONG><IMG alt=\"\" align=right src=\"http:\/\/www.budokampsport.se\/sites\/default\/files\/sara.jpg\" width=150 height=226>Svensk ju jutsus st\u00f6rsta stj\u00e4rna Sara Widgren \u00e4r faktiskt fortfarande klassad som junior. I \u00e5r, som hennes f\u00f6rsta seniors\u00e4song, har det blivit ett EM-guld och ett VM-brons f\u00f6r 20-\u00e5ringen fr\u00e5n Nacka. Trots det reser hon imorgon till Belgien f\u00f6r JVM, f\u00f6r att kolla in motst\u00e5ndet i framtiden inte minst.<BR>\u00a0\u00a0 &#8211; Alla juniorer blir seniorer, s\u00e4ger hon till budokampsport.se.<!--break--><\/STRONG><\/P> <P>F\u00f6r att Widgren fortfarande klassas som junior, det gl\u00f6ms l\u00e4tt bort med tanke p\u00e5 de sm\u00e5tt fenomenala framg\u00e5ngar hon har sk\u00f6rdat p\u00e5 seniorsidan i \u00e5r.<\/P> <P><STRONG>&#8220;Roligt och l\u00e4rorikt&#8221;<\/STRONG><BR>Hon \u00e4r p\u00e5 seniorsidan b\u00e4st i Europa och tredje b\u00e4st i v\u00e4rlden. Och med de framg\u00e5ngarna i \u00e5tanke kan man kanske undra vad hon f\u00e5r ut av ett juniorm\u00e4sterskap.<BR>\u00a0\u00a0 &#8211; Jag st\u00e4ller upp p\u00e5 junior-VM av olika anledningar. Framf\u00f6rallt f\u00f6r att jag fortfarande har \u00e5ldern inne f\u00f6r att vara junior. Men \u00e4ven kolla in motst\u00e5ndet, juniorer blir snart seniorer. Det \u00e4r roligt att t\u00e4vla och att t\u00e4vla l\u00e4r jag mig alltid av, ser vilka tekniker som fungerar och vad jag kan beh\u00f6va f\u00f6rb\u00e4ttra f\u00f6r att bli en \u00e4nnu b\u00e4ttre fighter.<\/P> <P>Hon k\u00e4nner sig i god fysisk form och \u00e4ven bra f\u00f6rberedd mentalt p\u00e5 det kommande m\u00e4sterskapet.<BR>\u00a0\u00a0 &#8211; Min motivation \u00e4r p\u00e5 topp och jag tycker det skall bli sk\u00f6nt att t\u00e4vlingss\u00e4songen snart \u00e4r slut. Att ha en s\u00e4song med tv\u00e5 m\u00e4sterskap sliter p\u00e5 kroppen och psyket men \u00e4r samtidigt otroligt roligt och l\u00e4rorikt. Jag tar med mig det som var bra fr\u00e5n senior-VM och har \u00f6vat det som beh\u00f6vdes \u00f6va p\u00e5 vilket \u00e4r en sk\u00f6n k\u00e4nsla att ha med sig i bagaget.<\/P> <P>Hennes egna f\u00f6rv\u00e4ntningar \u00e4r som vanligt h\u00f6gt st\u00e4llda. <BR>\u00a0\u00a0 &#8211; Av VM-resan f\u00f6rv\u00e4ntar jag mig att ha roligt med familjen och alla de andra fighters med deras familjer som \u00e5ker med p\u00e5 m\u00e4sterskapet. \u00c4ven visa v\u00e4rlden vad Sverige g\u00e5r f\u00f6r och att v\u00e5rt land \u00e4r att r\u00e4kna med. Det skall \u00e4ven bli sjukt kul att f\u00e5 t\u00e4vla igen efter att ha gjort lite f\u00f6rb\u00e4ttringar i min game plan och v\u00e4ssat till teknikerna lite. Jag k\u00e4nner mig redo att kriga hela v\u00e4gen till toppen!<BR><BR>Text: Jonathan Broberg<\/P><\/p>\n","protected":false},"excerpt":{"rendered":"<p><P><STRONG><IMG alt=\"\" align=right src=\"http:\/\/www.budokampsport.se\/sites\/default\/files\/sara.jpg\" width=150 height=226>Svensk ju jutsus st\u00f6rsta stj\u00e4rna Sara Widgren \u00e4r faktiskt fortfarande klassad som junior. I \u00e5r, som hennes f\u00f6rsta seniors\u00e4song, har det blivit ett EM-guld och ett VM-brons f\u00f6r 20-\u00e5ringen fr\u00e5n Nacka. Trots det reser hon imorgon till Belgien f\u00f6r JVM, f\u00f6r att kolla in motst\u00e5ndet i framtiden inte minst.<BR>\u00a0\u00a0 &#8211; Alla juniorer blir seniorer, s\u00e4ger hon till budokampsport.se.<\/p><br>","protected":false},"author":7,"featured_media":0,"comment_status":"closed","ping_status":"closed","sticky":false,"template":"","format":"standard","meta":{"_acf_changed":false,"footnotes":""},"categories":[1],"tags":[],"class_list":["post-4010","post","type-post","status-publish","format-standard","hentry","category-okategoriserade"],"acf":[],"yoast_head":"<!-- This site is optimized with the Yoast SEO plugin v26.8 - https:\/\/yoast.com\/product\/yoast-seo-wordpress\/ -->\n<title>Widgren ser fram emot JVM - Svenska Budo &amp; Kampsportsf\u00f6rbundet<\/title>\n<meta name=\"description\" content=\"Svensk ju jutsus st\u00f6rsta stj\u00e4rna Sara Widgren \u00e4r faktiskt fortfarande klassad som junior. I \u00e5r, som hennes f\u00f6rsta seniors\u00e4song, har det blivit ett EM-guld och ett VM-brons f\u00f6r 20-\u00e5ringen fr\u00e5n Nacka. Trots det reser hon imorgon till Belgien f\u00f6r JVM, f\u00f6r att kolla in motst\u00e5ndet i framtiden inte minst.\u00a0\u00a0 - Alla juniorer blir seniorer, s\u00e4ger hon till budokampsport.se.\" \/>\n<meta name=\"robots\" content=\"index, follow, max-snippet:-1, max-image-preview:large, max-video-preview:-1\" \/>\n<link rel=\"canonical\" href=\"https:\/\/www.budokampsport.se\/2011\/11\/09\/widgren-ser-fram-emot-jvm\/\" \/>\n<meta property=\"og:locale\" content=\"sv_SE\" \/>\n<meta property=\"og:type\" content=\"article\" \/>\n<meta property=\"og:title\" content=\"Widgren ser fram emot JVM - Svenska Budo &amp; Kampsportsf\u00f6rbundet\" \/>\n<meta property=\"og:description\" content=\"Svensk ju jutsus st\u00f6rsta stj\u00e4rna Sara Widgren \u00e4r faktiskt fortfarande klassad som junior. I \u00e5r, som hennes f\u00f6rsta seniors\u00e4song, har det blivit ett EM-guld och ett VM-brons f\u00f6r 20-\u00e5ringen fr\u00e5n Nacka. Trots det reser hon imorgon till Belgien f\u00f6r JVM, f\u00f6r att kolla in motst\u00e5ndet i framtiden inte minst.\u00a0\u00a0 - Alla juniorer blir seniorer, s\u00e4ger hon till budokampsport.se.\" \/>\n<meta property=\"og:url\" content=\"https:\/\/www.budokampsport.se\/2011\/11\/09\/widgren-ser-fram-emot-jvm\/\" \/>\n<meta property=\"og:site_name\" content=\"Svenska Budo &amp; Kampsportsf\u00f6rbundet\" \/>\n<meta property=\"article:author\" content=\"https:\/\/www.facebook.com\/jonathan.broberg.7\" \/>\n<meta property=\"article:published_time\" content=\"2011-11-09T09:25:53+00:00\" \/>\n<meta property=\"article:modified_time\" content=\"2016-12-06T21:33:48+00:00\" \/>\n<meta name=\"author\" content=\"Jonathan Broberg\" \/>\n<meta name=\"twitter:card\" content=\"summary_large_image\" \/>\n<meta name=\"twitter:label1\" content=\"Skriven av\" \/>\n\t<meta name=\"twitter:data1\" content=\"Jonathan Broberg\" \/>\n\t<meta name=\"twitter:label2\" content=\"Ber\u00e4knad l\u00e4stid\" \/>\n\t<meta name=\"twitter:data2\" content=\"2 minuter\" \/>\n<script type=\"application\/ld+json\" class=\"yoast-schema-graph\">{\"@context\":\"https:\/\/schema.org\",\"@graph\":[{\"@type\":\"Article\",\"@id\":\"https:\/\/www.budokampsport.se\/2011\/11\/09\/widgren-ser-fram-emot-jvm\/#article\",\"isPartOf\":{\"@id\":\"https:\/\/www.budokampsport.se\/2011\/11\/09\/widgren-ser-fram-emot-jvm\/\"},\"author\":{\"name\":\"Jonathan Broberg\",\"@id\":\"https:\/\/www.budokampsport.se\/#\/schema\/person\/5c06d81d14850e2a8ce5493386560145\"},\"headline\":\"Widgren ser fram emot JVM\",\"datePublished\":\"2011-11-09T09:25:53+00:00\",\"dateModified\":\"2016-12-06T21:33:48+00:00\",\"mainEntityOfPage\":{\"@id\":\"https:\/\/www.budokampsport.se\/2011\/11\/09\/widgren-ser-fram-emot-jvm\/\"},\"wordCount\":417,\"inLanguage\":\"sv-SE\"},{\"@type\":\"WebPage\",\"@id\":\"https:\/\/www.budokampsport.se\/2011\/11\/09\/widgren-ser-fram-emot-jvm\/\",\"url\":\"https:\/\/www.budokampsport.se\/2011\/11\/09\/widgren-ser-fram-emot-jvm\/\",\"name\":\"Widgren ser fram emot JVM - Svenska Budo &amp; Kampsportsf\u00f6rbundet\",\"isPartOf\":{\"@id\":\"https:\/\/www.budokampsport.se\/#website\"},\"datePublished\":\"2011-11-09T09:25:53+00:00\",\"dateModified\":\"2016-12-06T21:33:48+00:00\",\"author\":{\"@id\":\"https:\/\/www.budokampsport.se\/#\/schema\/person\/5c06d81d14850e2a8ce5493386560145\"},\"description\":\"Svensk ju jutsus st\u00f6rsta stj\u00e4rna Sara Widgren \u00e4r faktiskt fortfarande klassad som junior. I \u00e5r, som hennes f\u00f6rsta seniors\u00e4song, har det blivit ett EM-guld och ett VM-brons f\u00f6r 20-\u00e5ringen fr\u00e5n Nacka. Trots det reser hon imorgon till Belgien f\u00f6r JVM, f\u00f6r att kolla in motst\u00e5ndet i framtiden inte minst.\u00a0\u00a0 - Alla juniorer blir seniorer, s\u00e4ger hon till budokampsport.se.\",\"breadcrumb\":{\"@id\":\"https:\/\/www.budokampsport.se\/2011\/11\/09\/widgren-ser-fram-emot-jvm\/#breadcrumb\"},\"inLanguage\":\"sv-SE\",\"potentialAction\":[{\"@type\":\"ReadAction\",\"target\":[\"https:\/\/www.budokampsport.se\/2011\/11\/09\/widgren-ser-fram-emot-jvm\/\"]}]},{\"@type\":\"BreadcrumbList\",\"@id\":\"https:\/\/www.budokampsport.se\/2011\/11\/09\/widgren-ser-fram-emot-jvm\/#breadcrumb\",\"itemListElement\":[{\"@type\":\"ListItem\",\"position\":1,\"name\":\"Hem\",\"item\":\"https:\/\/www.budokampsport.se\/\"},{\"@type\":\"ListItem\",\"position\":2,\"name\":\"Widgren ser fram emot JVM\"}]},{\"@type\":\"WebSite\",\"@id\":\"https:\/\/www.budokampsport.se\/#website\",\"url\":\"https:\/\/www.budokampsport.se\/\",\"name\":\"Svenska Budo &amp; Kampsportsf\u00f6rbundet\",\"description\":\"T\u00e4vling, Tr\u00e4ning, Tradition\",\"potentialAction\":[{\"@type\":\"SearchAction\",\"target\":{\"@type\":\"EntryPoint\",\"urlTemplate\":\"https:\/\/www.budokampsport.se\/?s={search_term_string}\"},\"query-input\":{\"@type\":\"PropertyValueSpecification\",\"valueRequired\":true,\"valueName\":\"search_term_string\"}}],\"inLanguage\":\"sv-SE\"},{\"@type\":\"Person\",\"@id\":\"https:\/\/www.budokampsport.se\/#\/schema\/person\/5c06d81d14850e2a8ce5493386560145\",\"name\":\"Jonathan Broberg\",\"image\":{\"@type\":\"ImageObject\",\"inLanguage\":\"sv-SE\",\"@id\":\"https:\/\/www.budokampsport.se\/#\/schema\/person\/image\/\",\"url\":\"https:\/\/secure.gravatar.com\/avatar\/a58041c6cea9128bd9c40ee2f26d4136?s=96&d=blank&r=g\",\"contentUrl\":\"https:\/\/secure.gravatar.com\/avatar\/a58041c6cea9128bd9c40ee2f26d4136?s=96&d=blank&r=g\",\"caption\":\"Jonathan Broberg\"},\"sameAs\":[\"https:\/\/www.facebook.com\/jonathan.broberg.7\"],\"url\":\"https:\/\/www.budokampsport.se\/author\/jonathan\/\"}]}<\/script>\n<!-- \/ Yoast SEO plugin. -->","yoast_head_json":{"title":"Widgren ser fram emot JVM - Svenska Budo &amp; Kampsportsf\u00f6rbundet","description":"Svensk ju jutsus st\u00f6rsta stj\u00e4rna Sara Widgren \u00e4r faktiskt fortfarande klassad som junior. I \u00e5r, som hennes f\u00f6rsta seniors\u00e4song, har det blivit ett EM-guld och ett VM-brons f\u00f6r 20-\u00e5ringen fr\u00e5n Nacka. Trots det reser hon imorgon till Belgien f\u00f6r JVM, f\u00f6r att kolla in motst\u00e5ndet i framtiden inte minst.\u00a0\u00a0 - Alla juniorer blir seniorer, s\u00e4ger hon till budokampsport.se.","robots":{"index":"index","follow":"follow","max-snippet":"max-snippet:-1","max-image-preview":"max-image-preview:large","max-video-preview":"max-video-preview:-1"},"canonical":"https:\/\/www.budokampsport.se\/2011\/11\/09\/widgren-ser-fram-emot-jvm\/","og_locale":"sv_SE","og_type":"article","og_title":"Widgren ser fram emot JVM - Svenska Budo &amp; Kampsportsf\u00f6rbundet","og_description":"Svensk ju jutsus st\u00f6rsta stj\u00e4rna Sara Widgren \u00e4r faktiskt fortfarande klassad som junior. I \u00e5r, som hennes f\u00f6rsta seniors\u00e4song, har det blivit ett EM-guld och ett VM-brons f\u00f6r 20-\u00e5ringen fr\u00e5n Nacka. Trots det reser hon imorgon till Belgien f\u00f6r JVM, f\u00f6r att kolla in motst\u00e5ndet i framtiden inte minst.\u00a0\u00a0 - Alla juniorer blir seniorer, s\u00e4ger hon till budokampsport.se.","og_url":"https:\/\/www.budokampsport.se\/2011\/11\/09\/widgren-ser-fram-emot-jvm\/","og_site_name":"Svenska Budo &amp; Kampsportsf\u00f6rbundet","article_author":"https:\/\/www.facebook.com\/jonathan.broberg.7","article_published_time":"2011-11-09T09:25:53+00:00","article_modified_time":"2016-12-06T21:33:48+00:00","author":"Jonathan Broberg","twitter_card":"summary_large_image","twitter_misc":{"Skriven av":"Jonathan Broberg","Ber\u00e4knad l\u00e4stid":"2 minuter"},"schema":{"@context":"https:\/\/schema.org","@graph":[{"@type":"Article","@id":"https:\/\/www.budokampsport.se\/2011\/11\/09\/widgren-ser-fram-emot-jvm\/#article","isPartOf":{"@id":"https:\/\/www.budokampsport.se\/2011\/11\/09\/widgren-ser-fram-emot-jvm\/"},"author":{"name":"Jonathan Broberg","@id":"https:\/\/www.budokampsport.se\/#\/schema\/person\/5c06d81d14850e2a8ce5493386560145"},"headline":"Widgren ser fram emot JVM","datePublished":"2011-11-09T09:25:53+00:00","dateModified":"2016-12-06T21:33:48+00:00","mainEntityOfPage":{"@id":"https:\/\/www.budokampsport.se\/2011\/11\/09\/widgren-ser-fram-emot-jvm\/"},"wordCount":417,"inLanguage":"sv-SE"},{"@type":"WebPage","@id":"https:\/\/www.budokampsport.se\/2011\/11\/09\/widgren-ser-fram-emot-jvm\/","url":"https:\/\/www.budokampsport.se\/2011\/11\/09\/widgren-ser-fram-emot-jvm\/","name":"Widgren ser fram emot JVM - Svenska Budo &amp; Kampsportsf\u00f6rbundet","isPartOf":{"@id":"https:\/\/www.budokampsport.se\/#website"},"datePublished":"2011-11-09T09:25:53+00:00","dateModified":"2016-12-06T21:33:48+00:00","author":{"@id":"https:\/\/www.budokampsport.se\/#\/schema\/person\/5c06d81d14850e2a8ce5493386560145"},"description":"Svensk ju jutsus st\u00f6rsta stj\u00e4rna Sara Widgren \u00e4r faktiskt fortfarande klassad som junior. I \u00e5r, som hennes f\u00f6rsta seniors\u00e4song, har det blivit ett EM-guld och ett VM-brons f\u00f6r 20-\u00e5ringen fr\u00e5n Nacka. Trots det reser hon imorgon till Belgien f\u00f6r JVM, f\u00f6r att kolla in motst\u00e5ndet i framtiden inte minst.\u00a0\u00a0 - Alla juniorer blir seniorer, s\u00e4ger hon till budokampsport.se.","breadcrumb":{"@id":"https:\/\/www.budokampsport.se\/2011\/11\/09\/widgren-ser-fram-emot-jvm\/#breadcrumb"},"inLanguage":"sv-SE","potentialAction":[{"@type":"ReadAction","target":["https:\/\/www.budokampsport.se\/2011\/11\/09\/widgren-ser-fram-emot-jvm\/"]}]},{"@type":"BreadcrumbList","@id":"https:\/\/www.budokampsport.se\/2011\/11\/09\/widgren-ser-fram-emot-jvm\/#breadcrumb","itemListElement":[{"@type":"ListItem","position":1,"name":"Hem","item":"https:\/\/www.budokampsport.se\/"},{"@type":"ListItem","position":2,"name":"Widgren ser fram emot JVM"}]},{"@type":"WebSite","@id":"https:\/\/www.budokampsport.se\/#website","url":"https:\/\/www.budokampsport.se\/","name":"Svenska Budo &amp; Kampsportsf\u00f6rbundet","description":"T\u00e4vling, Tr\u00e4ning, Tradition","potentialAction":[{"@type":"SearchAction","target":{"@type":"EntryPoint","urlTemplate":"https:\/\/www.budokampsport.se\/?s={search_term_string}"},"query-input":{"@type":"PropertyValueSpecification","valueRequired":true,"valueName":"search_term_string"}}],"inLanguage":"sv-SE"},{"@type":"Person","@id":"https:\/\/www.budokampsport.se\/#\/schema\/person\/5c06d81d14850e2a8ce5493386560145","name":"Jonathan Broberg","image":{"@type":"ImageObject","inLanguage":"sv-SE","@id":"https:\/\/www.budokampsport.se\/#\/schema\/person\/image\/","url":"https:\/\/secure.gravatar.com\/avatar\/a58041c6cea9128bd9c40ee2f26d4136?s=96&d=blank&r=g","contentUrl":"https:\/\/secure.gravatar.com\/avatar\/a58041c6cea9128bd9c40ee2f26d4136?s=96&d=blank&r=g","caption":"Jonathan Broberg"},"sameAs":["https:\/\/www.facebook.com\/jonathan.broberg.7"],"url":"https:\/\/www.budokampsport.se\/author\/jonathan\/"}]}},"_links":{"self":[{"href":"https:\/\/www.budokampsport.se\/api\/wp\/v2\/posts\/4010","targetHints":{"allow":["GET"]}}],"collection":[{"href":"https:\/\/www.budokampsport.se\/api\/wp\/v2\/posts"}],"about":[{"href":"https:\/\/www.budokampsport.se\/api\/wp\/v2\/types\/post"}],"author":[{"embeddable":true,"href":"https:\/\/www.budokampsport.se\/api\/wp\/v2\/users\/7"}],"replies":[{"embeddable":true,"href":"https:\/\/www.budokampsport.se\/api\/wp\/v2\/comments?post=4010"}],"version-history":[{"count":0,"href":"https:\/\/www.budokampsport.se\/api\/wp\/v2\/posts\/4010\/revisions"}],"wp:attachment":[{"href":"https:\/\/www.budokampsport.se\/api\/wp\/v2\/media?parent=4010"}],"wp:term":[{"taxonomy":"category","embeddable":true,"href":"https:\/\/www.budokampsport.se\/api\/wp\/v2\/categories?post=4010"},{"taxonomy":"post_tag","embeddable":true,"href":"https:\/\/www.budokampsport.se\/api\/wp\/v2\/tags?post=4010"}],"curies":[{"name":"wp","href":"https:\/\/api.w.org\/{rel}","templated":true}]}}