{"id":4012,"date":"2011-11-13T08:59:55","date_gmt":"2011-11-13T07:59:55","guid":{"rendered":"http:\/\/budo.wordpress.dev\/2011\/11\/13\/svenska-jvm-medaljer-i-ju-jutsu\/"},"modified":"2016-12-06T22:33:48","modified_gmt":"2016-12-06T21:33:48","slug":"svenska-jvm-medaljer-i-ju-jutsu","status":"publish","type":"post","link":"https:\/\/www.budokampsport.se\/2011\/11\/13\/svenska-jvm-medaljer-i-ju-jutsu\/","title":{"rendered":"Svenska JVM-medaljer i ju jutsu"},"content":{"rendered":"<p><P><IMG alt=\"\" align=middle src=\"http:\/\/www.budokampsport.se\/sites\/default\/files\/jvm_ju.jpg\" width=435 height=245><BR><STRONG>Svensk ju jutsu visade vid Junior-VM i Belgien att det finns en ljus framtid. Landslaget ringade in ett fint bl\u00e5gult ju jutsu-\u00e5r via tre medaljer p\u00e5 JVM, en av varje val\u00f6r.<!--break--><\/STRONG><\/P> <P>Omutlige Sara Widgren k\u00f6rde som v\u00e4ntat \u00f6ver sitt motst\u00e5nd och gjorde sn\u00f6mos av konkurrenterna \u2013 och bef\u00e4ste att hon egentligen \u00e4r alldeles f\u00f6r bra f\u00f6r juniorklassen. Detta var Saras sista juniorm\u00e4sterskap och hon kunde s\u00e5ledes inte ha avslutat det b\u00e4ttre \u2013 med ett guld i majest\u00e4tisk stil.<\/P> <P>D\u00e5 var det mer ov\u00e4ntat att debutanten Isabelle Vistam skulle ta f\u00f6r sig s\u00e5 mycket i sitt f\u00f6rsta internationella\u00a0 landslagsm\u00e4sterskap. Vistam som sp\u00e5s en lysande framtid h\u00f6ll ihop t\u00e4vlingen p\u00e5 ett imponernade s\u00e4tt och n\u00e5dde fram till ett silver.<\/P> <P>Men den svenska medaljsk\u00f6rden var inte slut med det. Lillebror Widgren, Fredrik i f\u00f6rnamn, har i systerns glans utvecklats lite i skymundan. Men under JVM visade Fredrik Widgren att Sverige, som av tradition brukar vara starka p\u00e5 herrsidan, att generationsv\u00e4xlingen kanske inte beh\u00f6ver vara s\u00e5 l\u00e5ng och sv\u00e5r som m\u00e5nga trott. Det blev ett finfint\u00a0silver f\u00f6r Fredrik Widgren.<\/P> <P>Mer om JVM kommer i n\u00e4sta vecka.<BR><BR>Text: Jonathan Broberg<\/P><\/p>\n","protected":false},"excerpt":{"rendered":"<p><P><IMG alt=\"\" align=middle src=\"http:\/\/www.budokampsport.se\/sites\/default\/files\/jvm_ju.jpg\" width=435 height=245><BR><STRONG>Svensk ju jutsu visade vid Junior-VM i Belgien att det finns en ljus framtid. Landslaget ringade in ett fint bl\u00e5gult ju jutsu-\u00e5r via tre medaljer p\u00e5 JVM, en av varje val\u00f6r.<\/p><br>","protected":false},"author":7,"featured_media":0,"comment_status":"closed","ping_status":"closed","sticky":false,"template":"","format":"standard","meta":{"_acf_changed":false,"footnotes":""},"categories":[1],"tags":[],"class_list":["post-4012","post","type-post","status-publish","format-standard","hentry","category-okategoriserade"],"acf":[],"yoast_head":"<!-- This site is optimized with the Yoast SEO plugin v26.8 - https:\/\/yoast.com\/product\/yoast-seo-wordpress\/ -->\n<title>Svenska JVM-medaljer i ju jutsu - Svenska Budo &amp; Kampsportsf\u00f6rbundet<\/title>\n<meta name=\"description\" content=\"Svensk ju jutsu visade vid Junior-VM i Belgien att det finns en ljus framtid. Landslaget ringade in ett fint bl\u00e5gult ju jutsu-\u00e5r via tre medaljer p\u00e5 JVM, en av varje val\u00f6r.\" \/>\n<meta name=\"robots\" content=\"index, follow, max-snippet:-1, max-image-preview:large, max-video-preview:-1\" \/>\n<link rel=\"canonical\" href=\"https:\/\/www.budokampsport.se\/2011\/11\/13\/svenska-jvm-medaljer-i-ju-jutsu\/\" \/>\n<meta property=\"og:locale\" content=\"sv_SE\" \/>\n<meta property=\"og:type\" content=\"article\" \/>\n<meta property=\"og:title\" content=\"Svenska JVM-medaljer i ju jutsu - Svenska Budo &amp; Kampsportsf\u00f6rbundet\" \/>\n<meta property=\"og:description\" content=\"Svensk ju jutsu visade vid Junior-VM i Belgien att det finns en ljus framtid. Landslaget ringade in ett fint bl\u00e5gult ju jutsu-\u00e5r via tre medaljer p\u00e5 JVM, en av varje val\u00f6r.\" \/>\n<meta property=\"og:url\" content=\"https:\/\/www.budokampsport.se\/2011\/11\/13\/svenska-jvm-medaljer-i-ju-jutsu\/\" \/>\n<meta property=\"og:site_name\" content=\"Svenska Budo &amp; Kampsportsf\u00f6rbundet\" \/>\n<meta property=\"article:author\" content=\"https:\/\/www.facebook.com\/jonathan.broberg.7\" \/>\n<meta property=\"article:published_time\" content=\"2011-11-13T07:59:55+00:00\" \/>\n<meta property=\"article:modified_time\" content=\"2016-12-06T21:33:48+00:00\" \/>\n<meta name=\"author\" content=\"Jonathan Broberg\" \/>\n<meta name=\"twitter:card\" content=\"summary_large_image\" \/>\n<meta name=\"twitter:label1\" content=\"Skriven av\" \/>\n\t<meta name=\"twitter:data1\" content=\"Jonathan Broberg\" \/>\n\t<meta name=\"twitter:label2\" content=\"Ber\u00e4knad l\u00e4stid\" \/>\n\t<meta name=\"twitter:data2\" content=\"1 minut\" \/>\n<script type=\"application\/ld+json\" class=\"yoast-schema-graph\">{\"@context\":\"https:\/\/schema.org\",\"@graph\":[{\"@type\":\"Article\",\"@id\":\"https:\/\/www.budokampsport.se\/2011\/11\/13\/svenska-jvm-medaljer-i-ju-jutsu\/#article\",\"isPartOf\":{\"@id\":\"https:\/\/www.budokampsport.se\/2011\/11\/13\/svenska-jvm-medaljer-i-ju-jutsu\/\"},\"author\":{\"name\":\"Jonathan Broberg\",\"@id\":\"https:\/\/www.budokampsport.se\/#\/schema\/person\/5c06d81d14850e2a8ce5493386560145\"},\"headline\":\"Svenska JVM-medaljer i ju jutsu\",\"datePublished\":\"2011-11-13T07:59:55+00:00\",\"dateModified\":\"2016-12-06T21:33:48+00:00\",\"mainEntityOfPage\":{\"@id\":\"https:\/\/www.budokampsport.se\/2011\/11\/13\/svenska-jvm-medaljer-i-ju-jutsu\/\"},\"wordCount\":221,\"inLanguage\":\"sv-SE\"},{\"@type\":\"WebPage\",\"@id\":\"https:\/\/www.budokampsport.se\/2011\/11\/13\/svenska-jvm-medaljer-i-ju-jutsu\/\",\"url\":\"https:\/\/www.budokampsport.se\/2011\/11\/13\/svenska-jvm-medaljer-i-ju-jutsu\/\",\"name\":\"Svenska JVM-medaljer i ju jutsu - Svenska Budo &amp; Kampsportsf\u00f6rbundet\",\"isPartOf\":{\"@id\":\"https:\/\/www.budokampsport.se\/#website\"},\"datePublished\":\"2011-11-13T07:59:55+00:00\",\"dateModified\":\"2016-12-06T21:33:48+00:00\",\"author\":{\"@id\":\"https:\/\/www.budokampsport.se\/#\/schema\/person\/5c06d81d14850e2a8ce5493386560145\"},\"description\":\"Svensk ju jutsu visade vid Junior-VM i Belgien att det finns en ljus framtid. Landslaget ringade in ett fint bl\u00e5gult ju jutsu-\u00e5r via tre medaljer p\u00e5 JVM, en av varje val\u00f6r.\",\"breadcrumb\":{\"@id\":\"https:\/\/www.budokampsport.se\/2011\/11\/13\/svenska-jvm-medaljer-i-ju-jutsu\/#breadcrumb\"},\"inLanguage\":\"sv-SE\",\"potentialAction\":[{\"@type\":\"ReadAction\",\"target\":[\"https:\/\/www.budokampsport.se\/2011\/11\/13\/svenska-jvm-medaljer-i-ju-jutsu\/\"]}]},{\"@type\":\"BreadcrumbList\",\"@id\":\"https:\/\/www.budokampsport.se\/2011\/11\/13\/svenska-jvm-medaljer-i-ju-jutsu\/#breadcrumb\",\"itemListElement\":[{\"@type\":\"ListItem\",\"position\":1,\"name\":\"Hem\",\"item\":\"https:\/\/www.budokampsport.se\/\"},{\"@type\":\"ListItem\",\"position\":2,\"name\":\"Svenska JVM-medaljer i ju jutsu\"}]},{\"@type\":\"WebSite\",\"@id\":\"https:\/\/www.budokampsport.se\/#website\",\"url\":\"https:\/\/www.budokampsport.se\/\",\"name\":\"Svenska Budo &amp; Kampsportsf\u00f6rbundet\",\"description\":\"T\u00e4vling, Tr\u00e4ning, Tradition\",\"potentialAction\":[{\"@type\":\"SearchAction\",\"target\":{\"@type\":\"EntryPoint\",\"urlTemplate\":\"https:\/\/www.budokampsport.se\/?s={search_term_string}\"},\"query-input\":{\"@type\":\"PropertyValueSpecification\",\"valueRequired\":true,\"valueName\":\"search_term_string\"}}],\"inLanguage\":\"sv-SE\"},{\"@type\":\"Person\",\"@id\":\"https:\/\/www.budokampsport.se\/#\/schema\/person\/5c06d81d14850e2a8ce5493386560145\",\"name\":\"Jonathan Broberg\",\"image\":{\"@type\":\"ImageObject\",\"inLanguage\":\"sv-SE\",\"@id\":\"https:\/\/www.budokampsport.se\/#\/schema\/person\/image\/\",\"url\":\"https:\/\/secure.gravatar.com\/avatar\/a58041c6cea9128bd9c40ee2f26d4136?s=96&d=blank&r=g\",\"contentUrl\":\"https:\/\/secure.gravatar.com\/avatar\/a58041c6cea9128bd9c40ee2f26d4136?s=96&d=blank&r=g\",\"caption\":\"Jonathan Broberg\"},\"sameAs\":[\"https:\/\/www.facebook.com\/jonathan.broberg.7\"],\"url\":\"https:\/\/www.budokampsport.se\/author\/jonathan\/\"}]}<\/script>\n<!-- \/ Yoast SEO plugin. -->","yoast_head_json":{"title":"Svenska JVM-medaljer i ju jutsu - Svenska Budo &amp; Kampsportsf\u00f6rbundet","description":"Svensk ju jutsu visade vid Junior-VM i Belgien att det finns en ljus framtid. Landslaget ringade in ett fint bl\u00e5gult ju jutsu-\u00e5r via tre medaljer p\u00e5 JVM, en av varje val\u00f6r.","robots":{"index":"index","follow":"follow","max-snippet":"max-snippet:-1","max-image-preview":"max-image-preview:large","max-video-preview":"max-video-preview:-1"},"canonical":"https:\/\/www.budokampsport.se\/2011\/11\/13\/svenska-jvm-medaljer-i-ju-jutsu\/","og_locale":"sv_SE","og_type":"article","og_title":"Svenska JVM-medaljer i ju jutsu - Svenska Budo &amp; Kampsportsf\u00f6rbundet","og_description":"Svensk ju jutsu visade vid Junior-VM i Belgien att det finns en ljus framtid. Landslaget ringade in ett fint bl\u00e5gult ju jutsu-\u00e5r via tre medaljer p\u00e5 JVM, en av varje val\u00f6r.","og_url":"https:\/\/www.budokampsport.se\/2011\/11\/13\/svenska-jvm-medaljer-i-ju-jutsu\/","og_site_name":"Svenska Budo &amp; Kampsportsf\u00f6rbundet","article_author":"https:\/\/www.facebook.com\/jonathan.broberg.7","article_published_time":"2011-11-13T07:59:55+00:00","article_modified_time":"2016-12-06T21:33:48+00:00","author":"Jonathan Broberg","twitter_card":"summary_large_image","twitter_misc":{"Skriven av":"Jonathan Broberg","Ber\u00e4knad l\u00e4stid":"1 minut"},"schema":{"@context":"https:\/\/schema.org","@graph":[{"@type":"Article","@id":"https:\/\/www.budokampsport.se\/2011\/11\/13\/svenska-jvm-medaljer-i-ju-jutsu\/#article","isPartOf":{"@id":"https:\/\/www.budokampsport.se\/2011\/11\/13\/svenska-jvm-medaljer-i-ju-jutsu\/"},"author":{"name":"Jonathan Broberg","@id":"https:\/\/www.budokampsport.se\/#\/schema\/person\/5c06d81d14850e2a8ce5493386560145"},"headline":"Svenska JVM-medaljer i ju jutsu","datePublished":"2011-11-13T07:59:55+00:00","dateModified":"2016-12-06T21:33:48+00:00","mainEntityOfPage":{"@id":"https:\/\/www.budokampsport.se\/2011\/11\/13\/svenska-jvm-medaljer-i-ju-jutsu\/"},"wordCount":221,"inLanguage":"sv-SE"},{"@type":"WebPage","@id":"https:\/\/www.budokampsport.se\/2011\/11\/13\/svenska-jvm-medaljer-i-ju-jutsu\/","url":"https:\/\/www.budokampsport.se\/2011\/11\/13\/svenska-jvm-medaljer-i-ju-jutsu\/","name":"Svenska JVM-medaljer i ju jutsu - Svenska Budo &amp; Kampsportsf\u00f6rbundet","isPartOf":{"@id":"https:\/\/www.budokampsport.se\/#website"},"datePublished":"2011-11-13T07:59:55+00:00","dateModified":"2016-12-06T21:33:48+00:00","author":{"@id":"https:\/\/www.budokampsport.se\/#\/schema\/person\/5c06d81d14850e2a8ce5493386560145"},"description":"Svensk ju jutsu visade vid Junior-VM i Belgien att det finns en ljus framtid. Landslaget ringade in ett fint bl\u00e5gult ju jutsu-\u00e5r via tre medaljer p\u00e5 JVM, en av varje val\u00f6r.","breadcrumb":{"@id":"https:\/\/www.budokampsport.se\/2011\/11\/13\/svenska-jvm-medaljer-i-ju-jutsu\/#breadcrumb"},"inLanguage":"sv-SE","potentialAction":[{"@type":"ReadAction","target":["https:\/\/www.budokampsport.se\/2011\/11\/13\/svenska-jvm-medaljer-i-ju-jutsu\/"]}]},{"@type":"BreadcrumbList","@id":"https:\/\/www.budokampsport.se\/2011\/11\/13\/svenska-jvm-medaljer-i-ju-jutsu\/#breadcrumb","itemListElement":[{"@type":"ListItem","position":1,"name":"Hem","item":"https:\/\/www.budokampsport.se\/"},{"@type":"ListItem","position":2,"name":"Svenska JVM-medaljer i ju jutsu"}]},{"@type":"WebSite","@id":"https:\/\/www.budokampsport.se\/#website","url":"https:\/\/www.budokampsport.se\/","name":"Svenska Budo &amp; Kampsportsf\u00f6rbundet","description":"T\u00e4vling, Tr\u00e4ning, Tradition","potentialAction":[{"@type":"SearchAction","target":{"@type":"EntryPoint","urlTemplate":"https:\/\/www.budokampsport.se\/?s={search_term_string}"},"query-input":{"@type":"PropertyValueSpecification","valueRequired":true,"valueName":"search_term_string"}}],"inLanguage":"sv-SE"},{"@type":"Person","@id":"https:\/\/www.budokampsport.se\/#\/schema\/person\/5c06d81d14850e2a8ce5493386560145","name":"Jonathan Broberg","image":{"@type":"ImageObject","inLanguage":"sv-SE","@id":"https:\/\/www.budokampsport.se\/#\/schema\/person\/image\/","url":"https:\/\/secure.gravatar.com\/avatar\/a58041c6cea9128bd9c40ee2f26d4136?s=96&d=blank&r=g","contentUrl":"https:\/\/secure.gravatar.com\/avatar\/a58041c6cea9128bd9c40ee2f26d4136?s=96&d=blank&r=g","caption":"Jonathan Broberg"},"sameAs":["https:\/\/www.facebook.com\/jonathan.broberg.7"],"url":"https:\/\/www.budokampsport.se\/author\/jonathan\/"}]}},"_links":{"self":[{"href":"https:\/\/www.budokampsport.se\/api\/wp\/v2\/posts\/4012","targetHints":{"allow":["GET"]}}],"collection":[{"href":"https:\/\/www.budokampsport.se\/api\/wp\/v2\/posts"}],"about":[{"href":"https:\/\/www.budokampsport.se\/api\/wp\/v2\/types\/post"}],"author":[{"embeddable":true,"href":"https:\/\/www.budokampsport.se\/api\/wp\/v2\/users\/7"}],"replies":[{"embeddable":true,"href":"https:\/\/www.budokampsport.se\/api\/wp\/v2\/comments?post=4012"}],"version-history":[{"count":0,"href":"https:\/\/www.budokampsport.se\/api\/wp\/v2\/posts\/4012\/revisions"}],"wp:attachment":[{"href":"https:\/\/www.budokampsport.se\/api\/wp\/v2\/media?parent=4012"}],"wp:term":[{"taxonomy":"category","embeddable":true,"href":"https:\/\/www.budokampsport.se\/api\/wp\/v2\/categories?post=4012"},{"taxonomy":"post_tag","embeddable":true,"href":"https:\/\/www.budokampsport.se\/api\/wp\/v2\/tags?post=4012"}],"curies":[{"name":"wp","href":"https:\/\/api.w.org\/{rel}","templated":true}]}}