{"id":4017,"date":"2011-11-23T11:21:42","date_gmt":"2011-11-23T10:21:42","guid":{"rendered":"http:\/\/budo.wordpress.dev\/2011\/11\/23\/martin-akhtar-siktar-pa-tredje-raka-mot-muhareb\/"},"modified":"2016-12-06T22:33:49","modified_gmt":"2016-12-06T21:33:49","slug":"martin-akhtar-siktar-pa-tredje-raka-mot-muhareb","status":"publish","type":"post","link":"https:\/\/www.budokampsport.se\/2011\/11\/23\/martin-akhtar-siktar-pa-tredje-raka-mot-muhareb\/","title":{"rendered":"Martin Akhtar siktar p\u00e5 tredje raka mot Muhareb"},"content":{"rendered":"<p><P><STRONG><IMG alt=\"\" align=right src=\"http:\/\/www.budokampsport.se\/sites\/default\/files\/akhtar_0.jpg\" width=148 height=172>Det \u00e4r bara n\u00e5gra dagar kvar till \u00e5rets Rumble of the kings p\u00e5 Hovet. F\u00f6r Martin Akhtar inneb\u00e4r galan det tredje m\u00f6tet med danske Rassan Muhareb. De tidigare mellan de b\u00e5da har slutat i tv\u00e5 segrar f\u00f6r Akhtar.<BR>\u00a0\u00a0 &#8211; Det kommer mycket ov\u00e4ntade grejer man f\u00e5r ha lite koll p\u00e5, s\u00e4ger han till budokampsport.se.<!--break--><\/STRONG><\/P> <P>Martin Akhtar har l\u00e4nge betraktats som ett framtida stornamn inon svensk K-1. P\u00e5 l\u00f6rdag g\u00e5r han \u00e5ter match p\u00e5 Rumble of the kings p\u00e5 Hovet.<\/P> <P>Det blir tredje g\u00e5ngen han st\u00f6ter p\u00e5 danske Rassan Muhareb \u2013 de tv\u00e5 tidigare m\u00f6tena har slutat med seger f\u00f6r Akhtar. Och Ahktar k\u00e4nner sig i god form inf\u00f6r matchen, trots en del sm\u00e5skador.<BR>\u00a0\u00a0 &#8211; Bara bra f\u00e5r man v\u00e4l s\u00e4ga. Ett par sm\u00e5skador och skavanker som har st\u00f6rt tr\u00e4ningen lite grann d\u00e5 och d\u00e5, men det \u00e4r ingenting som kommer p\u00e5verka mig uppe i ringen.<\/P> <P>Akhtar tror emellertid p\u00e5 \u201dfullt krig\u201d som matchbild och vet att Muhareb \u00e4r en klurig motst\u00e5ndare.<BR>\u00a0\u00a0 &#8211; Jag har m\u00f6tt honom tv\u00e5 g\u00e5nger f\u00f6rut. Jag har vunnit b\u00e5da. Han krigar hundra procent och det kommer mycket ov\u00e4ntade grejer man f\u00e5r ha lite koll p\u00e5.<\/P> <P><STRONG>Martin, vilka \u00e4r din fr\u00e4msta egenskaper som fighter?<BR><\/STRONG>\u00a0\u00a0 &#8211; Min vilja, min pricks\u00e4kerhet, och mitt r\u00f6relsem\u00f6nster.<\/P> <P>F\u00f6rberedelserna inf\u00f6r matchen har g\u00e5tt bra och han ligger \u00e4ven bra till i vikt \u2013 n\u00e4stan lite \u201df\u00f6r bra\u201d.<BR>\u00a0\u00a0 &#8211; Jag har tr\u00e4nat p\u00e5 enligt mina tr\u00e4nares uppl\u00e4gg. Har ju haft m\u00e5nga matcher p\u00e5 raken nu, men VM som b\u00f6rjan, s\u00e5 formen har varit bra l\u00e4nge och har nu bara toppats och formats efter kommande motst\u00e5nd. Jag tr\u00e4nar fram till onsdag kv\u00e4ll och tar det sedan lugnt och k\u00e4kar massa mat eftersom jag v\u00e4ger lite v\u00e4l lite!<\/P> <P>Och den spontana k\u00e4nslan att g\u00e5 match p\u00e5 l\u00f6rdag\u2026<BR>\u00a0\u00a0 &#8211; Kul att fightas, speciellt med armb\u00e5gar!<BR><BR>Text: Jonathan Broberg<BR>Foto: rumbleofthekings.com<\/P><\/p>\n","protected":false},"excerpt":{"rendered":"<p><P><STRONG><IMG alt=\"\" align=right src=\"http:\/\/www.budokampsport.se\/sites\/default\/files\/akhtar_0.jpg\" width=148 height=172>Det \u00e4r bara n\u00e5gra dagar kvar till \u00e5rets Rumble of the kings p\u00e5 Hovet. F\u00f6r Martin Akhtar inneb\u00e4r galan det tredje m\u00f6tet med danske Rassan Muhareb. De tidigare mellan de b\u00e5da har slutat i tv\u00e5 segrar f\u00f6r Akhtar.<BR>\u00a0\u00a0 &#8211; Det kommer mycket ov\u00e4ntade grejer man f\u00e5r ha lite koll p\u00e5, s\u00e4ger han till budokampsport.se.<\/p><br>","protected":false},"author":7,"featured_media":0,"comment_status":"closed","ping_status":"closed","sticky":false,"template":"","format":"standard","meta":{"_acf_changed":false,"footnotes":""},"categories":[1],"tags":[],"class_list":["post-4017","post","type-post","status-publish","format-standard","hentry","category-okategoriserade"],"acf":[],"yoast_head":"<!-- This site is optimized with the Yoast SEO plugin v26.8 - https:\/\/yoast.com\/product\/yoast-seo-wordpress\/ -->\n<title>Martin Akhtar siktar p\u00e5 tredje raka mot Muhareb - Svenska Budo &amp; Kampsportsf\u00f6rbundet<\/title>\n<meta name=\"description\" content=\"Det \u00e4r bara n\u00e5gra dagar kvar till \u00e5rets Rumble of the kings p\u00e5 Hovet. F\u00f6r Martin Akhtar inneb\u00e4r galan det tredje m\u00f6tet med danske Rassan Muhareb. De tidigare mellan de b\u00e5da har slutat i tv\u00e5 segrar f\u00f6r Akhtar.\u00a0\u00a0 - Det kommer mycket ov\u00e4ntade grejer man f\u00e5r ha lite koll p\u00e5, s\u00e4ger han till budokampsport.se.\" \/>\n<meta name=\"robots\" content=\"index, follow, max-snippet:-1, max-image-preview:large, max-video-preview:-1\" \/>\n<link rel=\"canonical\" href=\"https:\/\/www.budokampsport.se\/2011\/11\/23\/martin-akhtar-siktar-pa-tredje-raka-mot-muhareb\/\" \/>\n<meta property=\"og:locale\" content=\"sv_SE\" \/>\n<meta property=\"og:type\" content=\"article\" \/>\n<meta property=\"og:title\" content=\"Martin Akhtar siktar p\u00e5 tredje raka mot Muhareb - Svenska Budo &amp; Kampsportsf\u00f6rbundet\" \/>\n<meta property=\"og:description\" content=\"Det \u00e4r bara n\u00e5gra dagar kvar till \u00e5rets Rumble of the kings p\u00e5 Hovet. F\u00f6r Martin Akhtar inneb\u00e4r galan det tredje m\u00f6tet med danske Rassan Muhareb. De tidigare mellan de b\u00e5da har slutat i tv\u00e5 segrar f\u00f6r Akhtar.\u00a0\u00a0 - Det kommer mycket ov\u00e4ntade grejer man f\u00e5r ha lite koll p\u00e5, s\u00e4ger han till budokampsport.se.\" \/>\n<meta property=\"og:url\" content=\"https:\/\/www.budokampsport.se\/2011\/11\/23\/martin-akhtar-siktar-pa-tredje-raka-mot-muhareb\/\" \/>\n<meta property=\"og:site_name\" content=\"Svenska Budo &amp; Kampsportsf\u00f6rbundet\" \/>\n<meta property=\"article:author\" content=\"https:\/\/www.facebook.com\/jonathan.broberg.7\" \/>\n<meta property=\"article:published_time\" content=\"2011-11-23T10:21:42+00:00\" \/>\n<meta property=\"article:modified_time\" content=\"2016-12-06T21:33:49+00:00\" \/>\n<meta name=\"author\" content=\"Jonathan Broberg\" \/>\n<meta name=\"twitter:card\" content=\"summary_large_image\" \/>\n<meta name=\"twitter:label1\" content=\"Skriven av\" \/>\n\t<meta name=\"twitter:data1\" content=\"Jonathan Broberg\" \/>\n\t<meta name=\"twitter:label2\" content=\"Ber\u00e4knad l\u00e4stid\" \/>\n\t<meta name=\"twitter:data2\" content=\"2 minuter\" \/>\n<script type=\"application\/ld+json\" class=\"yoast-schema-graph\">{\"@context\":\"https:\/\/schema.org\",\"@graph\":[{\"@type\":\"Article\",\"@id\":\"https:\/\/www.budokampsport.se\/2011\/11\/23\/martin-akhtar-siktar-pa-tredje-raka-mot-muhareb\/#article\",\"isPartOf\":{\"@id\":\"https:\/\/www.budokampsport.se\/2011\/11\/23\/martin-akhtar-siktar-pa-tredje-raka-mot-muhareb\/\"},\"author\":{\"name\":\"Jonathan Broberg\",\"@id\":\"https:\/\/www.budokampsport.se\/#\/schema\/person\/5c06d81d14850e2a8ce5493386560145\"},\"headline\":\"Martin Akhtar siktar p\u00e5 tredje raka mot Muhareb\",\"datePublished\":\"2011-11-23T10:21:42+00:00\",\"dateModified\":\"2016-12-06T21:33:49+00:00\",\"mainEntityOfPage\":{\"@id\":\"https:\/\/www.budokampsport.se\/2011\/11\/23\/martin-akhtar-siktar-pa-tredje-raka-mot-muhareb\/\"},\"wordCount\":367,\"inLanguage\":\"sv-SE\"},{\"@type\":\"WebPage\",\"@id\":\"https:\/\/www.budokampsport.se\/2011\/11\/23\/martin-akhtar-siktar-pa-tredje-raka-mot-muhareb\/\",\"url\":\"https:\/\/www.budokampsport.se\/2011\/11\/23\/martin-akhtar-siktar-pa-tredje-raka-mot-muhareb\/\",\"name\":\"Martin Akhtar siktar p\u00e5 tredje raka mot Muhareb - Svenska Budo &amp; Kampsportsf\u00f6rbundet\",\"isPartOf\":{\"@id\":\"https:\/\/www.budokampsport.se\/#website\"},\"datePublished\":\"2011-11-23T10:21:42+00:00\",\"dateModified\":\"2016-12-06T21:33:49+00:00\",\"author\":{\"@id\":\"https:\/\/www.budokampsport.se\/#\/schema\/person\/5c06d81d14850e2a8ce5493386560145\"},\"description\":\"Det \u00e4r bara n\u00e5gra dagar kvar till \u00e5rets Rumble of the kings p\u00e5 Hovet. F\u00f6r Martin Akhtar inneb\u00e4r galan det tredje m\u00f6tet med danske Rassan Muhareb. De tidigare mellan de b\u00e5da har slutat i tv\u00e5 segrar f\u00f6r Akhtar.\u00a0\u00a0 - Det kommer mycket ov\u00e4ntade grejer man f\u00e5r ha lite koll p\u00e5, s\u00e4ger han till budokampsport.se.\",\"breadcrumb\":{\"@id\":\"https:\/\/www.budokampsport.se\/2011\/11\/23\/martin-akhtar-siktar-pa-tredje-raka-mot-muhareb\/#breadcrumb\"},\"inLanguage\":\"sv-SE\",\"potentialAction\":[{\"@type\":\"ReadAction\",\"target\":[\"https:\/\/www.budokampsport.se\/2011\/11\/23\/martin-akhtar-siktar-pa-tredje-raka-mot-muhareb\/\"]}]},{\"@type\":\"BreadcrumbList\",\"@id\":\"https:\/\/www.budokampsport.se\/2011\/11\/23\/martin-akhtar-siktar-pa-tredje-raka-mot-muhareb\/#breadcrumb\",\"itemListElement\":[{\"@type\":\"ListItem\",\"position\":1,\"name\":\"Hem\",\"item\":\"https:\/\/www.budokampsport.se\/\"},{\"@type\":\"ListItem\",\"position\":2,\"name\":\"Martin Akhtar siktar p\u00e5 tredje raka mot Muhareb\"}]},{\"@type\":\"WebSite\",\"@id\":\"https:\/\/www.budokampsport.se\/#website\",\"url\":\"https:\/\/www.budokampsport.se\/\",\"name\":\"Svenska Budo &amp; Kampsportsf\u00f6rbundet\",\"description\":\"T\u00e4vling, Tr\u00e4ning, Tradition\",\"potentialAction\":[{\"@type\":\"SearchAction\",\"target\":{\"@type\":\"EntryPoint\",\"urlTemplate\":\"https:\/\/www.budokampsport.se\/?s={search_term_string}\"},\"query-input\":{\"@type\":\"PropertyValueSpecification\",\"valueRequired\":true,\"valueName\":\"search_term_string\"}}],\"inLanguage\":\"sv-SE\"},{\"@type\":\"Person\",\"@id\":\"https:\/\/www.budokampsport.se\/#\/schema\/person\/5c06d81d14850e2a8ce5493386560145\",\"name\":\"Jonathan Broberg\",\"image\":{\"@type\":\"ImageObject\",\"inLanguage\":\"sv-SE\",\"@id\":\"https:\/\/www.budokampsport.se\/#\/schema\/person\/image\/\",\"url\":\"https:\/\/secure.gravatar.com\/avatar\/a58041c6cea9128bd9c40ee2f26d4136?s=96&d=blank&r=g\",\"contentUrl\":\"https:\/\/secure.gravatar.com\/avatar\/a58041c6cea9128bd9c40ee2f26d4136?s=96&d=blank&r=g\",\"caption\":\"Jonathan Broberg\"},\"sameAs\":[\"https:\/\/www.facebook.com\/jonathan.broberg.7\"],\"url\":\"https:\/\/www.budokampsport.se\/author\/jonathan\/\"}]}<\/script>\n<!-- \/ Yoast SEO plugin. -->","yoast_head_json":{"title":"Martin Akhtar siktar p\u00e5 tredje raka mot Muhareb - Svenska Budo &amp; Kampsportsf\u00f6rbundet","description":"Det \u00e4r bara n\u00e5gra dagar kvar till \u00e5rets Rumble of the kings p\u00e5 Hovet. F\u00f6r Martin Akhtar inneb\u00e4r galan det tredje m\u00f6tet med danske Rassan Muhareb. De tidigare mellan de b\u00e5da har slutat i tv\u00e5 segrar f\u00f6r Akhtar.\u00a0\u00a0 - Det kommer mycket ov\u00e4ntade grejer man f\u00e5r ha lite koll p\u00e5, s\u00e4ger han till budokampsport.se.","robots":{"index":"index","follow":"follow","max-snippet":"max-snippet:-1","max-image-preview":"max-image-preview:large","max-video-preview":"max-video-preview:-1"},"canonical":"https:\/\/www.budokampsport.se\/2011\/11\/23\/martin-akhtar-siktar-pa-tredje-raka-mot-muhareb\/","og_locale":"sv_SE","og_type":"article","og_title":"Martin Akhtar siktar p\u00e5 tredje raka mot Muhareb - Svenska Budo &amp; Kampsportsf\u00f6rbundet","og_description":"Det \u00e4r bara n\u00e5gra dagar kvar till \u00e5rets Rumble of the kings p\u00e5 Hovet. F\u00f6r Martin Akhtar inneb\u00e4r galan det tredje m\u00f6tet med danske Rassan Muhareb. De tidigare mellan de b\u00e5da har slutat i tv\u00e5 segrar f\u00f6r Akhtar.\u00a0\u00a0 - Det kommer mycket ov\u00e4ntade grejer man f\u00e5r ha lite koll p\u00e5, s\u00e4ger han till budokampsport.se.","og_url":"https:\/\/www.budokampsport.se\/2011\/11\/23\/martin-akhtar-siktar-pa-tredje-raka-mot-muhareb\/","og_site_name":"Svenska Budo &amp; Kampsportsf\u00f6rbundet","article_author":"https:\/\/www.facebook.com\/jonathan.broberg.7","article_published_time":"2011-11-23T10:21:42+00:00","article_modified_time":"2016-12-06T21:33:49+00:00","author":"Jonathan Broberg","twitter_card":"summary_large_image","twitter_misc":{"Skriven av":"Jonathan Broberg","Ber\u00e4knad l\u00e4stid":"2 minuter"},"schema":{"@context":"https:\/\/schema.org","@graph":[{"@type":"Article","@id":"https:\/\/www.budokampsport.se\/2011\/11\/23\/martin-akhtar-siktar-pa-tredje-raka-mot-muhareb\/#article","isPartOf":{"@id":"https:\/\/www.budokampsport.se\/2011\/11\/23\/martin-akhtar-siktar-pa-tredje-raka-mot-muhareb\/"},"author":{"name":"Jonathan Broberg","@id":"https:\/\/www.budokampsport.se\/#\/schema\/person\/5c06d81d14850e2a8ce5493386560145"},"headline":"Martin Akhtar siktar p\u00e5 tredje raka mot Muhareb","datePublished":"2011-11-23T10:21:42+00:00","dateModified":"2016-12-06T21:33:49+00:00","mainEntityOfPage":{"@id":"https:\/\/www.budokampsport.se\/2011\/11\/23\/martin-akhtar-siktar-pa-tredje-raka-mot-muhareb\/"},"wordCount":367,"inLanguage":"sv-SE"},{"@type":"WebPage","@id":"https:\/\/www.budokampsport.se\/2011\/11\/23\/martin-akhtar-siktar-pa-tredje-raka-mot-muhareb\/","url":"https:\/\/www.budokampsport.se\/2011\/11\/23\/martin-akhtar-siktar-pa-tredje-raka-mot-muhareb\/","name":"Martin Akhtar siktar p\u00e5 tredje raka mot Muhareb - Svenska Budo &amp; Kampsportsf\u00f6rbundet","isPartOf":{"@id":"https:\/\/www.budokampsport.se\/#website"},"datePublished":"2011-11-23T10:21:42+00:00","dateModified":"2016-12-06T21:33:49+00:00","author":{"@id":"https:\/\/www.budokampsport.se\/#\/schema\/person\/5c06d81d14850e2a8ce5493386560145"},"description":"Det \u00e4r bara n\u00e5gra dagar kvar till \u00e5rets Rumble of the kings p\u00e5 Hovet. F\u00f6r Martin Akhtar inneb\u00e4r galan det tredje m\u00f6tet med danske Rassan Muhareb. De tidigare mellan de b\u00e5da har slutat i tv\u00e5 segrar f\u00f6r Akhtar.\u00a0\u00a0 - Det kommer mycket ov\u00e4ntade grejer man f\u00e5r ha lite koll p\u00e5, s\u00e4ger han till budokampsport.se.","breadcrumb":{"@id":"https:\/\/www.budokampsport.se\/2011\/11\/23\/martin-akhtar-siktar-pa-tredje-raka-mot-muhareb\/#breadcrumb"},"inLanguage":"sv-SE","potentialAction":[{"@type":"ReadAction","target":["https:\/\/www.budokampsport.se\/2011\/11\/23\/martin-akhtar-siktar-pa-tredje-raka-mot-muhareb\/"]}]},{"@type":"BreadcrumbList","@id":"https:\/\/www.budokampsport.se\/2011\/11\/23\/martin-akhtar-siktar-pa-tredje-raka-mot-muhareb\/#breadcrumb","itemListElement":[{"@type":"ListItem","position":1,"name":"Hem","item":"https:\/\/www.budokampsport.se\/"},{"@type":"ListItem","position":2,"name":"Martin Akhtar siktar p\u00e5 tredje raka mot Muhareb"}]},{"@type":"WebSite","@id":"https:\/\/www.budokampsport.se\/#website","url":"https:\/\/www.budokampsport.se\/","name":"Svenska Budo &amp; Kampsportsf\u00f6rbundet","description":"T\u00e4vling, Tr\u00e4ning, Tradition","potentialAction":[{"@type":"SearchAction","target":{"@type":"EntryPoint","urlTemplate":"https:\/\/www.budokampsport.se\/?s={search_term_string}"},"query-input":{"@type":"PropertyValueSpecification","valueRequired":true,"valueName":"search_term_string"}}],"inLanguage":"sv-SE"},{"@type":"Person","@id":"https:\/\/www.budokampsport.se\/#\/schema\/person\/5c06d81d14850e2a8ce5493386560145","name":"Jonathan Broberg","image":{"@type":"ImageObject","inLanguage":"sv-SE","@id":"https:\/\/www.budokampsport.se\/#\/schema\/person\/image\/","url":"https:\/\/secure.gravatar.com\/avatar\/a58041c6cea9128bd9c40ee2f26d4136?s=96&d=blank&r=g","contentUrl":"https:\/\/secure.gravatar.com\/avatar\/a58041c6cea9128bd9c40ee2f26d4136?s=96&d=blank&r=g","caption":"Jonathan Broberg"},"sameAs":["https:\/\/www.facebook.com\/jonathan.broberg.7"],"url":"https:\/\/www.budokampsport.se\/author\/jonathan\/"}]}},"_links":{"self":[{"href":"https:\/\/www.budokampsport.se\/api\/wp\/v2\/posts\/4017","targetHints":{"allow":["GET"]}}],"collection":[{"href":"https:\/\/www.budokampsport.se\/api\/wp\/v2\/posts"}],"about":[{"href":"https:\/\/www.budokampsport.se\/api\/wp\/v2\/types\/post"}],"author":[{"embeddable":true,"href":"https:\/\/www.budokampsport.se\/api\/wp\/v2\/users\/7"}],"replies":[{"embeddable":true,"href":"https:\/\/www.budokampsport.se\/api\/wp\/v2\/comments?post=4017"}],"version-history":[{"count":0,"href":"https:\/\/www.budokampsport.se\/api\/wp\/v2\/posts\/4017\/revisions"}],"wp:attachment":[{"href":"https:\/\/www.budokampsport.se\/api\/wp\/v2\/media?parent=4017"}],"wp:term":[{"taxonomy":"category","embeddable":true,"href":"https:\/\/www.budokampsport.se\/api\/wp\/v2\/categories?post=4017"},{"taxonomy":"post_tag","embeddable":true,"href":"https:\/\/www.budokampsport.se\/api\/wp\/v2\/tags?post=4017"}],"curies":[{"name":"wp","href":"https:\/\/api.w.org\/{rel}","templated":true}]}}