{"id":4034,"date":"2011-12-09T13:07:02","date_gmt":"2011-12-09T12:07:02","guid":{"rendered":"http:\/\/budo.wordpress.dev\/2011\/12\/09\/2011-ett-bra-ju-jutsu-ar\/"},"modified":"2016-12-06T22:33:53","modified_gmt":"2016-12-06T21:33:53","slug":"2011-ett-bra-ju-jutsu-ar","status":"publish","type":"post","link":"https:\/\/www.budokampsport.se\/2011\/12\/09\/2011-ett-bra-ju-jutsu-ar\/","title":{"rendered":"2011 \u2013 ett bra ju jutsu-\u00e5r"},"content":{"rendered":"<p><P><STRONG><IMG alt=\"\" align=middle src=\"http:\/\/www.budokampsport.se\/sites\/default\/files\/sara_0.jpg\" width=435 height=203><BR>T\u00e4vlings\u00e5ret 2011 f\u00f6r svensk ju jutsu \u00e4r \u00f6ver. Och n\u00e4r bokslutet nu g\u00f6rs kan konstateras att det har varit ett bra t\u00e4vlings\u00e5r med stora internationella framg\u00e5ngar.<BR>\u00a0\u00a0 &#8211; Vi har flyttat fram v\u00e5ra positioner. Mycket \u00e4r Saras (Widgren) f\u00f6rtj\u00e4nst, s\u00e4ger f\u00f6rbundskapten Michael Kuntz till budokampsport.se<\/STRONG>.<!--break--><BR>Efter hemma-VM 2008 klev flera tongivande ju jutsustj\u00e4rnor \u00e5t sidan. \u00c5ret senare l\u00e4mnade \u00e4ven fixstj\u00e4rnan Johan Ingholt de stora t\u00e4vlingssammanhangen.<BR>\u00a0<BR>Kvar stod en idrott med anor och med f\u00f6rpliktande \u2013 men utan n\u00e5gon riktigt trygg framtid att snegla mot. Idag, 2011, \u00e4r st\u00e4mningen inom svensk ju jutsu en helt annan. \u00c5ret har bjudit p\u00e5 framg\u00e5ngar p\u00e5 s\u00e5v\u00e4l junior- som seniorniv\u00e5 \u2013 och framtiden ser kanske ljusare ut \u00e4n n\u00e5gonsin f\u00f6rr.<BR><BR><STRONG>&#8220;Har gjort mycket r\u00e4tt i \u00e5r&#8221;\u00a0<\/STRONG><BR><IMG alt=\"\" align=right src=\"http:\/\/www.budokampsport.se\/sites\/default\/files\/kuntz.jpg\" width=120 height=160>F\u00f6rbundskapten Michael Kuntz ler till lite extra. Slurpar i sig kaffet. S\u00e4tter h\u00e4nderna bakom huvudet och lutar sig bak\u00e5t.<BR>\u00a0\u00a0 &#8211; Det \u00e4r mycket som vi har gjort r\u00e4tt i \u00e5r. Detta trots en betydande budgetminskning. Jag v\u00e5gar knappt t\u00e4nka p\u00e5 de framg\u00e5ngar vi kunde ha haft, men med tanke p\u00e5 hur det f\u00f6rr har sett ut \u00e4r det sj\u00e4lvfallet att vi ska vara n\u00f6jda med 2011.<BR>\u00a0<BR>Det \u00e4r ofr\u00e5nkomligt att numera tala svensk ju jutsu utan att n\u00e4mna en viss 20-\u00e5ring fr\u00e5n Nacka. Sara Widgrens f\u00f6rsta riktiga \u00e5r som t\u00e4vlande i seniorklass \u00e4r en framg\u00e5ngssaga ut\u00f6ver det vanliga. Och med hennes framg\u00e5ngar har ju jutsun i Sverige f\u00e5tt lite arbetsro och en stor portion framtidstro.<BR>\u00a0\u00a0 &#8211; Saras m\u00e4sterskapsmedaljer &#8211; JVM-guld, VM-brons och EM-guld \u2013 det var inget vi v\u00e5gade hoppas p\u00e5. Vi vet att Sara \u00e4r en supertalang, men det finns m\u00e5nga exempel p\u00e5 talanger som har sv\u00e5rt att f\u00e5 till det p\u00e5 seniorniv\u00e5. Sara \u00e4r, skulle jag vilja s\u00e4ga, unik.<BR>\u00a0<BR>Men framtiden tillh\u00f6r inte enbart Sara Widgren. P\u00e5 JVM under h\u00f6sten b\u00e4rgade svenskarna fem medaljer.<BR>\u00a0\u00a0 &#8211; Det var ett helt otroligt m\u00e4sterskap. Och det \u00e4r tydligt att vi har kommit n\u00e5gonstans med v\u00e5r landslagssatsning. Och nu gasar vi \u00e4nnu mer med siktet inst\u00e4llt p\u00e5 VM i Wien 2012.<BR>\u00a0<BR>Landslagscoach Martin Ingholt gjorde sitt sista \u00e5r f\u00f6r landslaget. V\u00e4rldsnamnet Rob Haans tar nu vid det Ingholt har byggt upp.<BR>\u00a0\u00a0 &#8211; Martins betydelse f\u00f6r svensk ju jutsu g\u00e5r inte att \u00f6verdriva. Han har betytt oerh\u00f6rt mycket och vi kommer s\u00e5 klart beh\u00f6va hans r\u00e5d och tips \u00e4ven i framtiden. Men med Haans tror jag vi f\u00e5r en v\u00e4rdig ers\u00e4ttare. Han \u00e4r ett v\u00e4rldsnamn som alla vet vem det \u00e4r, han \u00e4r meriterad tr\u00e4nare bosatt i Sverige och han \u00e4r en v\u00e4ldigt \u00f6dmjuk och fin kille. Vi tror v\u00e4ldigt mycket p\u00e5 Rob.<BR>\u00a0<BR><STRONG>Ekonomiska resurser s\u00f6kes<\/STRONG><BR>Det stora m\u00e5let 2012 blir VM i Wien. Ett m\u00e4sterskap som Sverige kommer att komma till med nyfunnet sj\u00e4lvf\u00f6rtroende.<BR>\u00a0\u00a0 &#8211; Ja, det blir mycket sp\u00e4nnande. Samtidigt m\u00e5ste vi vara s\u00e5 pass \u00e4rliga att s\u00e4ga att vi m\u00e5ste ha mer ekonomiska resurser f\u00f6r att kunna g\u00f6ra den VM-satsning vi vill. Det g\u00e5r inte att vi blir av med pengar igen. V\u00e5r m\u00e5ls\u00e4ttning har stegrats i och med \u00e5rets framg\u00e5ngar och vi har en ambition om att skicka s\u00e5 m\u00e5nga som vi kan till VM. Dels f\u00f6r att vinna medaljer, men ocks\u00e5 f\u00f6r att kunna ge unga talanger en m\u00f6jlighet att skaffa sig erfarenheter.<BR>\u00a0<BR>Hur som helst. Svensk ju jutsu \u00e4r tillbaka dit den var. Kanske till och med p\u00e5 v\u00e4g att bli vassare \u00e4n f\u00f6rr. Detta med en ny ung gyllene generation.<BR><BR>Text: Jonathan Broberg<\/P><\/p>\n","protected":false},"excerpt":{"rendered":"<p><P><STRONG><IMG alt=\"\" align=middle src=\"http:\/\/www.budokampsport.se\/sites\/default\/files\/sara_0.jpg\" width=435 height=203><BR>T\u00e4vlings\u00e5ret 2011 f\u00f6r svensk ju jutsu \u00e4r \u00f6ver. Och n\u00e4r bokslutet nu g\u00f6rs kan konstateras att det har varit ett bra t\u00e4vlings\u00e5r med stora internationella framg\u00e5ngar.<BR>\u00a0\u00a0 &#8211; Vi har flyttat fram v\u00e5ra positioner. Mycket \u00e4r Saras (Widgren) f\u00f6rtj\u00e4nst, s\u00e4ger f\u00f6rbundskapten Michael Kuntz till budokampsport.se<\/STRONG>.<\/p><br>","protected":false},"author":7,"featured_media":0,"comment_status":"closed","ping_status":"closed","sticky":false,"template":"","format":"standard","meta":{"_acf_changed":false,"footnotes":""},"categories":[1],"tags":[],"class_list":["post-4034","post","type-post","status-publish","format-standard","hentry","category-okategoriserade"],"acf":[],"yoast_head":"<!-- This site is optimized with the Yoast SEO plugin v26.8 - https:\/\/yoast.com\/product\/yoast-seo-wordpress\/ -->\n<title>2011 \u2013 ett bra ju jutsu-\u00e5r - Svenska Budo &amp; Kampsportsf\u00f6rbundet<\/title>\n<meta name=\"description\" content=\"T\u00e4vlings\u00e5ret 2011 f\u00f6r svensk ju jutsu \u00e4r \u00f6ver. Och n\u00e4r bokslutet nu g\u00f6rs kan konstateras att det har varit ett bra t\u00e4vlings\u00e5r med stora internationella framg\u00e5ngar.\u00a0\u00a0 - Vi har flyttat fram v\u00e5ra positioner. Mycket \u00e4r Saras (Widgren) f\u00f6rtj\u00e4nst, s\u00e4ger f\u00f6rbundskapten Michael Kuntz till budokampsport.se.\" \/>\n<meta name=\"robots\" content=\"index, follow, max-snippet:-1, max-image-preview:large, max-video-preview:-1\" \/>\n<link rel=\"canonical\" href=\"https:\/\/www.budokampsport.se\/2011\/12\/09\/2011-ett-bra-ju-jutsu-ar\/\" \/>\n<meta property=\"og:locale\" content=\"sv_SE\" \/>\n<meta property=\"og:type\" content=\"article\" \/>\n<meta property=\"og:title\" content=\"2011 \u2013 ett bra ju jutsu-\u00e5r - Svenska Budo &amp; Kampsportsf\u00f6rbundet\" \/>\n<meta property=\"og:description\" content=\"T\u00e4vlings\u00e5ret 2011 f\u00f6r svensk ju jutsu \u00e4r \u00f6ver. Och n\u00e4r bokslutet nu g\u00f6rs kan konstateras att det har varit ett bra t\u00e4vlings\u00e5r med stora internationella framg\u00e5ngar.\u00a0\u00a0 - Vi har flyttat fram v\u00e5ra positioner. Mycket \u00e4r Saras (Widgren) f\u00f6rtj\u00e4nst, s\u00e4ger f\u00f6rbundskapten Michael Kuntz till budokampsport.se.\" \/>\n<meta property=\"og:url\" content=\"https:\/\/www.budokampsport.se\/2011\/12\/09\/2011-ett-bra-ju-jutsu-ar\/\" \/>\n<meta property=\"og:site_name\" content=\"Svenska Budo &amp; Kampsportsf\u00f6rbundet\" \/>\n<meta property=\"article:author\" content=\"https:\/\/www.facebook.com\/jonathan.broberg.7\" \/>\n<meta property=\"article:published_time\" content=\"2011-12-09T12:07:02+00:00\" \/>\n<meta property=\"article:modified_time\" content=\"2016-12-06T21:33:53+00:00\" \/>\n<meta name=\"author\" content=\"Jonathan Broberg\" \/>\n<meta name=\"twitter:card\" content=\"summary_large_image\" \/>\n<meta name=\"twitter:label1\" content=\"Skriven av\" \/>\n\t<meta name=\"twitter:data1\" content=\"Jonathan Broberg\" \/>\n\t<meta name=\"twitter:label2\" content=\"Ber\u00e4knad l\u00e4stid\" \/>\n\t<meta name=\"twitter:data2\" content=\"3 minuter\" \/>\n<script type=\"application\/ld+json\" class=\"yoast-schema-graph\">{\"@context\":\"https:\/\/schema.org\",\"@graph\":[{\"@type\":\"Article\",\"@id\":\"https:\/\/www.budokampsport.se\/2011\/12\/09\/2011-ett-bra-ju-jutsu-ar\/#article\",\"isPartOf\":{\"@id\":\"https:\/\/www.budokampsport.se\/2011\/12\/09\/2011-ett-bra-ju-jutsu-ar\/\"},\"author\":{\"name\":\"Jonathan Broberg\",\"@id\":\"https:\/\/www.budokampsport.se\/#\/schema\/person\/5c06d81d14850e2a8ce5493386560145\"},\"headline\":\"2011 \u2013 ett bra ju jutsu-\u00e5r\",\"datePublished\":\"2011-12-09T12:07:02+00:00\",\"dateModified\":\"2016-12-06T21:33:53+00:00\",\"mainEntityOfPage\":{\"@id\":\"https:\/\/www.budokampsport.se\/2011\/12\/09\/2011-ett-bra-ju-jutsu-ar\/\"},\"wordCount\":649,\"inLanguage\":\"sv-SE\"},{\"@type\":\"WebPage\",\"@id\":\"https:\/\/www.budokampsport.se\/2011\/12\/09\/2011-ett-bra-ju-jutsu-ar\/\",\"url\":\"https:\/\/www.budokampsport.se\/2011\/12\/09\/2011-ett-bra-ju-jutsu-ar\/\",\"name\":\"2011 \u2013 ett bra ju jutsu-\u00e5r - Svenska Budo &amp; Kampsportsf\u00f6rbundet\",\"isPartOf\":{\"@id\":\"https:\/\/www.budokampsport.se\/#website\"},\"datePublished\":\"2011-12-09T12:07:02+00:00\",\"dateModified\":\"2016-12-06T21:33:53+00:00\",\"author\":{\"@id\":\"https:\/\/www.budokampsport.se\/#\/schema\/person\/5c06d81d14850e2a8ce5493386560145\"},\"description\":\"T\u00e4vlings\u00e5ret 2011 f\u00f6r svensk ju jutsu \u00e4r \u00f6ver. Och n\u00e4r bokslutet nu g\u00f6rs kan konstateras att det har varit ett bra t\u00e4vlings\u00e5r med stora internationella framg\u00e5ngar.\u00a0\u00a0 - Vi har flyttat fram v\u00e5ra positioner. Mycket \u00e4r Saras (Widgren) f\u00f6rtj\u00e4nst, s\u00e4ger f\u00f6rbundskapten Michael Kuntz till budokampsport.se.\",\"breadcrumb\":{\"@id\":\"https:\/\/www.budokampsport.se\/2011\/12\/09\/2011-ett-bra-ju-jutsu-ar\/#breadcrumb\"},\"inLanguage\":\"sv-SE\",\"potentialAction\":[{\"@type\":\"ReadAction\",\"target\":[\"https:\/\/www.budokampsport.se\/2011\/12\/09\/2011-ett-bra-ju-jutsu-ar\/\"]}]},{\"@type\":\"BreadcrumbList\",\"@id\":\"https:\/\/www.budokampsport.se\/2011\/12\/09\/2011-ett-bra-ju-jutsu-ar\/#breadcrumb\",\"itemListElement\":[{\"@type\":\"ListItem\",\"position\":1,\"name\":\"Hem\",\"item\":\"https:\/\/www.budokampsport.se\/\"},{\"@type\":\"ListItem\",\"position\":2,\"name\":\"2011 \u2013 ett bra ju jutsu-\u00e5r\"}]},{\"@type\":\"WebSite\",\"@id\":\"https:\/\/www.budokampsport.se\/#website\",\"url\":\"https:\/\/www.budokampsport.se\/\",\"name\":\"Svenska Budo &amp; Kampsportsf\u00f6rbundet\",\"description\":\"T\u00e4vling, Tr\u00e4ning, Tradition\",\"potentialAction\":[{\"@type\":\"SearchAction\",\"target\":{\"@type\":\"EntryPoint\",\"urlTemplate\":\"https:\/\/www.budokampsport.se\/?s={search_term_string}\"},\"query-input\":{\"@type\":\"PropertyValueSpecification\",\"valueRequired\":true,\"valueName\":\"search_term_string\"}}],\"inLanguage\":\"sv-SE\"},{\"@type\":\"Person\",\"@id\":\"https:\/\/www.budokampsport.se\/#\/schema\/person\/5c06d81d14850e2a8ce5493386560145\",\"name\":\"Jonathan Broberg\",\"image\":{\"@type\":\"ImageObject\",\"inLanguage\":\"sv-SE\",\"@id\":\"https:\/\/www.budokampsport.se\/#\/schema\/person\/image\/\",\"url\":\"https:\/\/secure.gravatar.com\/avatar\/a58041c6cea9128bd9c40ee2f26d4136?s=96&d=blank&r=g\",\"contentUrl\":\"https:\/\/secure.gravatar.com\/avatar\/a58041c6cea9128bd9c40ee2f26d4136?s=96&d=blank&r=g\",\"caption\":\"Jonathan Broberg\"},\"sameAs\":[\"https:\/\/www.facebook.com\/jonathan.broberg.7\"],\"url\":\"https:\/\/www.budokampsport.se\/author\/jonathan\/\"}]}<\/script>\n<!-- \/ Yoast SEO plugin. -->","yoast_head_json":{"title":"2011 \u2013 ett bra ju jutsu-\u00e5r - Svenska Budo &amp; Kampsportsf\u00f6rbundet","description":"T\u00e4vlings\u00e5ret 2011 f\u00f6r svensk ju jutsu \u00e4r \u00f6ver. Och n\u00e4r bokslutet nu g\u00f6rs kan konstateras att det har varit ett bra t\u00e4vlings\u00e5r med stora internationella framg\u00e5ngar.\u00a0\u00a0 - Vi har flyttat fram v\u00e5ra positioner. Mycket \u00e4r Saras (Widgren) f\u00f6rtj\u00e4nst, s\u00e4ger f\u00f6rbundskapten Michael Kuntz till budokampsport.se.","robots":{"index":"index","follow":"follow","max-snippet":"max-snippet:-1","max-image-preview":"max-image-preview:large","max-video-preview":"max-video-preview:-1"},"canonical":"https:\/\/www.budokampsport.se\/2011\/12\/09\/2011-ett-bra-ju-jutsu-ar\/","og_locale":"sv_SE","og_type":"article","og_title":"2011 \u2013 ett bra ju jutsu-\u00e5r - Svenska Budo &amp; Kampsportsf\u00f6rbundet","og_description":"T\u00e4vlings\u00e5ret 2011 f\u00f6r svensk ju jutsu \u00e4r \u00f6ver. Och n\u00e4r bokslutet nu g\u00f6rs kan konstateras att det har varit ett bra t\u00e4vlings\u00e5r med stora internationella framg\u00e5ngar.\u00a0\u00a0 - Vi har flyttat fram v\u00e5ra positioner. Mycket \u00e4r Saras (Widgren) f\u00f6rtj\u00e4nst, s\u00e4ger f\u00f6rbundskapten Michael Kuntz till budokampsport.se.","og_url":"https:\/\/www.budokampsport.se\/2011\/12\/09\/2011-ett-bra-ju-jutsu-ar\/","og_site_name":"Svenska Budo &amp; Kampsportsf\u00f6rbundet","article_author":"https:\/\/www.facebook.com\/jonathan.broberg.7","article_published_time":"2011-12-09T12:07:02+00:00","article_modified_time":"2016-12-06T21:33:53+00:00","author":"Jonathan Broberg","twitter_card":"summary_large_image","twitter_misc":{"Skriven av":"Jonathan Broberg","Ber\u00e4knad l\u00e4stid":"3 minuter"},"schema":{"@context":"https:\/\/schema.org","@graph":[{"@type":"Article","@id":"https:\/\/www.budokampsport.se\/2011\/12\/09\/2011-ett-bra-ju-jutsu-ar\/#article","isPartOf":{"@id":"https:\/\/www.budokampsport.se\/2011\/12\/09\/2011-ett-bra-ju-jutsu-ar\/"},"author":{"name":"Jonathan Broberg","@id":"https:\/\/www.budokampsport.se\/#\/schema\/person\/5c06d81d14850e2a8ce5493386560145"},"headline":"2011 \u2013 ett bra ju jutsu-\u00e5r","datePublished":"2011-12-09T12:07:02+00:00","dateModified":"2016-12-06T21:33:53+00:00","mainEntityOfPage":{"@id":"https:\/\/www.budokampsport.se\/2011\/12\/09\/2011-ett-bra-ju-jutsu-ar\/"},"wordCount":649,"inLanguage":"sv-SE"},{"@type":"WebPage","@id":"https:\/\/www.budokampsport.se\/2011\/12\/09\/2011-ett-bra-ju-jutsu-ar\/","url":"https:\/\/www.budokampsport.se\/2011\/12\/09\/2011-ett-bra-ju-jutsu-ar\/","name":"2011 \u2013 ett bra ju jutsu-\u00e5r - Svenska Budo &amp; Kampsportsf\u00f6rbundet","isPartOf":{"@id":"https:\/\/www.budokampsport.se\/#website"},"datePublished":"2011-12-09T12:07:02+00:00","dateModified":"2016-12-06T21:33:53+00:00","author":{"@id":"https:\/\/www.budokampsport.se\/#\/schema\/person\/5c06d81d14850e2a8ce5493386560145"},"description":"T\u00e4vlings\u00e5ret 2011 f\u00f6r svensk ju jutsu \u00e4r \u00f6ver. Och n\u00e4r bokslutet nu g\u00f6rs kan konstateras att det har varit ett bra t\u00e4vlings\u00e5r med stora internationella framg\u00e5ngar.\u00a0\u00a0 - Vi har flyttat fram v\u00e5ra positioner. Mycket \u00e4r Saras (Widgren) f\u00f6rtj\u00e4nst, s\u00e4ger f\u00f6rbundskapten Michael Kuntz till budokampsport.se.","breadcrumb":{"@id":"https:\/\/www.budokampsport.se\/2011\/12\/09\/2011-ett-bra-ju-jutsu-ar\/#breadcrumb"},"inLanguage":"sv-SE","potentialAction":[{"@type":"ReadAction","target":["https:\/\/www.budokampsport.se\/2011\/12\/09\/2011-ett-bra-ju-jutsu-ar\/"]}]},{"@type":"BreadcrumbList","@id":"https:\/\/www.budokampsport.se\/2011\/12\/09\/2011-ett-bra-ju-jutsu-ar\/#breadcrumb","itemListElement":[{"@type":"ListItem","position":1,"name":"Hem","item":"https:\/\/www.budokampsport.se\/"},{"@type":"ListItem","position":2,"name":"2011 \u2013 ett bra ju jutsu-\u00e5r"}]},{"@type":"WebSite","@id":"https:\/\/www.budokampsport.se\/#website","url":"https:\/\/www.budokampsport.se\/","name":"Svenska Budo &amp; Kampsportsf\u00f6rbundet","description":"T\u00e4vling, Tr\u00e4ning, Tradition","potentialAction":[{"@type":"SearchAction","target":{"@type":"EntryPoint","urlTemplate":"https:\/\/www.budokampsport.se\/?s={search_term_string}"},"query-input":{"@type":"PropertyValueSpecification","valueRequired":true,"valueName":"search_term_string"}}],"inLanguage":"sv-SE"},{"@type":"Person","@id":"https:\/\/www.budokampsport.se\/#\/schema\/person\/5c06d81d14850e2a8ce5493386560145","name":"Jonathan Broberg","image":{"@type":"ImageObject","inLanguage":"sv-SE","@id":"https:\/\/www.budokampsport.se\/#\/schema\/person\/image\/","url":"https:\/\/secure.gravatar.com\/avatar\/a58041c6cea9128bd9c40ee2f26d4136?s=96&d=blank&r=g","contentUrl":"https:\/\/secure.gravatar.com\/avatar\/a58041c6cea9128bd9c40ee2f26d4136?s=96&d=blank&r=g","caption":"Jonathan Broberg"},"sameAs":["https:\/\/www.facebook.com\/jonathan.broberg.7"],"url":"https:\/\/www.budokampsport.se\/author\/jonathan\/"}]}},"_links":{"self":[{"href":"https:\/\/www.budokampsport.se\/api\/wp\/v2\/posts\/4034","targetHints":{"allow":["GET"]}}],"collection":[{"href":"https:\/\/www.budokampsport.se\/api\/wp\/v2\/posts"}],"about":[{"href":"https:\/\/www.budokampsport.se\/api\/wp\/v2\/types\/post"}],"author":[{"embeddable":true,"href":"https:\/\/www.budokampsport.se\/api\/wp\/v2\/users\/7"}],"replies":[{"embeddable":true,"href":"https:\/\/www.budokampsport.se\/api\/wp\/v2\/comments?post=4034"}],"version-history":[{"count":0,"href":"https:\/\/www.budokampsport.se\/api\/wp\/v2\/posts\/4034\/revisions"}],"wp:attachment":[{"href":"https:\/\/www.budokampsport.se\/api\/wp\/v2\/media?parent=4034"}],"wp:term":[{"taxonomy":"category","embeddable":true,"href":"https:\/\/www.budokampsport.se\/api\/wp\/v2\/categories?post=4034"},{"taxonomy":"post_tag","embeddable":true,"href":"https:\/\/www.budokampsport.se\/api\/wp\/v2\/tags?post=4034"}],"curies":[{"name":"wp","href":"https:\/\/api.w.org\/{rel}","templated":true}]}}