{"id":4042,"date":"2011-12-13T10:36:15","date_gmt":"2011-12-13T09:36:15","guid":{"rendered":"http:\/\/budo.wordpress.dev\/2011\/12\/13\/sa-firar-guldmedaljorerna-jul-andra-delen-mats-nilsson\/"},"modified":"2016-12-06T22:33:55","modified_gmt":"2016-12-06T21:33:55","slug":"sa-firar-guldmedaljorerna-jul-andra-delen-mats-nilsson","status":"publish","type":"post","link":"https:\/\/www.budokampsport.se\/2011\/12\/13\/sa-firar-guldmedaljorerna-jul-andra-delen-mats-nilsson\/","title":{"rendered":"S\u00e5 firar guldmedalj\u00f6rerna jul \u2013 andra delen, Mats Nilsson"},"content":{"rendered":"<p><em><strong>Budokampsport.se kommer att ha nedr\u00e4kning inf\u00f6r jul med en artikelserie om v\u00e5ra m\u00e4stare och m\u00e4starinnor under \u00e5ret, f\u00f6r att se vad de ska pyssla med under jul och ny\u00e5r. Ig\u00e5r\u00a0kollade vi jull\u00e4get med\u00a0<a href=\"http:\/\/www.budokampsport.se\/nyheter\/2011\/1\/s%C3%A5-firar-guldmedalj%C3%B6rerna-jul-%E2%80%93-f%C3%B6rsta-delen-karin-edenius\">Karin Edenius<\/a>, idag st\u00e4mmer vi av julplanerna med submission wrestlingv\u00e4rldsm\u00e4staren Mats Nilsson.<!--break--><\/strong><\/em><\/p>\n<p>Det var i slutet p\u00e5 september som den svenska storstj\u00e4rnan Mats Nilsson f\u00f6rsvarade sitt VM-guld i submission wrestling. M\u00e4sterskapet i Belgrad fl\u00f6t p\u00e5 utan st\u00f6rre bekymmer fram till final mot fransmannen Pierre Pilat. Finalen var j\u00e4mn, men n\u00e4r Nilsson fick finalens f\u00f6rsta och enda po\u00e4ng i mitten av matchen f\u00f6rkunnade det lite senare det b\u00e4rgade VM-guldet.<\/p>\n<p><strong>Om du ser tillbaka p\u00e5 2011, hur har det \u00e5ret varit f\u00f6r dig b\u00e5de personligt och idrottsligt?<\/strong><br \/>\u00a0\u00a0 &#8211; Jag har g\u00e5tt fr\u00e5n anst\u00e4lld till entrepren\u00f6r och det har ju varit en omst\u00e4llning. Moms, prelimin\u00e4rskatt och bokslut har v\u00e4l kanske inte upptagit f\u00f6r mycket av min tid innan. Det \u00e4r sv\u00e5rt att f\u00e5 ihop det men med hj\u00e4lp h\u00e5ller jag mig flytande. Allt f\u00f6r att f\u00e5 s\u00e5 mycket tid som m\u00f6jligt till idrotten. S\u00e5 lite k\u00e4mpigt \u00e4r det men, fan Jonte, jag vaknar varje morgon och kan se fram emot en dag full av idrotten jag \u00e4lskar.<br \/>\u00a0\u00a0 &#8211; Ser vi till det idrottsliga s\u00e5 har det varit ett bra \u00e5r. Tycker jag har kunnat leva upp till de f\u00f6rv\u00e4ntningar som blev resultatet av mina prestationer under 2010. Sen hade jag s\u00e5klart g\u00e4rna bytt ut enstaka silver- och bronsmedaljer till guld och g\u00e4rna g\u00e5tt ytterligare en eller tv\u00e5 MMA-matcher. Helt n\u00f6jd blir jag nog aldrig &#8211; och s\u00e5 \u00e4r det nog f\u00f6r de flesta elitidrottare. Men sammantaget har det varit ett bra \u00e5r.<\/p>\n<p><strong>Hur kommer du att fira julen?<\/strong><br \/>\u00a0\u00a0 &#8211; Julen blir en lugn och stilla tillst\u00e4llning med familjen. Kalle Anka, hets\u00e4tande och gr\u00f6trim &#8211; det vanliga skulle man v\u00e4l kunna s\u00e4ga. Har en vision att vi vuxna en dag helt ska sluta ge julklappar till varandra. Har lobbat h\u00e5rt f\u00f6r det i ett par \u00e5r men m\u00f6ter tufft motst\u00e5nd i form av mina systrar. Vi har m\u00f6tts halvv\u00e4gs och enats lite mer om symboliska g\u00e5vor om max 100kr\/per person. S\u00e5 n\u00e5gra julklappar l\u00e4r det bli ocks\u00e5.<\/p>\n<p><strong><img decoding=\"async\" alt=\"\" src=\"http:\/\/www.budokampsport.se\/sites\/default\/files\/mats.jpg\" style=\"height:290px; width:435px\"><\/p>\n<p>Vad \u00f6nskar du dig mest av allt i julklapp?<\/strong><br \/>\u00a0\u00a0 &#8211; Som framg\u00e5r ovan s\u00e5 har jag inga st\u00f6rre materiella \u00f6nskem\u00e5l. Fred p\u00e5 jorden vore ju trevligt om det g\u00e5r att l\u00f6sa. Eller en l\u00f6sning p\u00e5 cancer.<\/p>\n<p><strong>Har du n\u00e5got ny\u00e5rsl\u00f6fte, i s\u00e5 fall vad och varf\u00f6r?<\/strong><br \/>\u00a0\u00a0 &#8211; N\u00e5gon g\u00e5ng i mellanstadiet avlade jag l\u00f6ftet att inte \u00e4ta godis p\u00e5 ett \u00e5r. Det pl\u00e5gade mig h\u00e5rt i 12 m\u00e5nader och sedan dess tog jag policybeslutet att det inte blir n\u00e5gra fler ny\u00e5rsl\u00f6ften. F\u00f6rra \u00e5ret var det n\u00e4ra att jag lovade att skriva en bok under 2011. Men l\u00f6ftet kom aldrig i skrift och ogiltigf\u00f6rklaras h\u00e4r och nu. Men det hade varit kul att skriva n\u00e5got. Men det blir inte under ny\u00e5rsl\u00f6ftets tv\u00e5ng.<\/p>\n<p><strong>Om du blickar fram mot 2012, vad tror du om det \u00e5ret b\u00e5de personligt och idrottsligt?<\/strong><br \/>\u00a0\u00a0 &#8211; Fram\u00e5t&#8230; 2011 p\u00e5minner resultatm\u00e4ssigt en hel del om 2010 och jag tror absolut att jag ska kunna prestera p\u00e5 den niv\u00e5n 2012 ocks\u00e5. En tydligare etablering i MMA-Europa k\u00e4nns b\u00e5de aktuell och n\u00f6dv\u00e4ndig f\u00f6r att f\u00f6lja den stora planen.<\/p>\n<p>Svenska Budo &#038; Kampsportsf\u00f6rbundet \u00f6nskar s\u00e5 klart Mats Nilsson en riktigt god jul och ett gott nytt \u00e5r!<\/p>\n<p><em><strong>N\u00e4sta guldmedalj\u00f6r ut i artikelserien blir herrtaidolagets fixstj\u00e4rna Daniel Andersson.<\/strong><\/em><\/p>\n<p><strong>Tidigare intervjuer i serien<\/strong><br \/><a href=\"http:\/\/www.budokampsport.se\/nyheter\/2011\/1\/s%C3%A5-firar-guldmedalj%C3%B6rerna-jul-%E2%80%93-f%C3%B6rsta-delen-karin-edenius\">Karin Edenius<\/a><\/p>\n<p>Text: Jonathan Broberg<\/p>\n","protected":false},"excerpt":{"rendered":"<p><em><strong>Budokampsport.se kommer att ha nedr\u00e4kning inf\u00f6r jul med en artikelserie om v\u00e5ra m\u00e4stare och m\u00e4starinnor under \u00e5ret, f\u00f6r att se vad de ska pyssla med under jul och ny\u00e5r. Ig\u00e5r\u00a0kollade vi jull\u00e4get med\u00a0<a href=\"http:\/\/www.budokampsport.se\/nyheter\/2011\/1\/s%C3%A5-firar-guldmedalj%C3%B6rerna-jul-%E2%80%93-f%C3%B6rsta-delen-karin-edenius\">Karin Edenius<\/a>, idag st\u00e4mmer vi av julplanerna med submission wrestlingv\u00e4rldsm\u00e4staren Mats Nilsson.<\/p><br>","protected":false},"author":7,"featured_media":0,"comment_status":"closed","ping_status":"closed","sticky":false,"template":"","format":"standard","meta":{"_acf_changed":false,"footnotes":""},"categories":[1],"tags":[],"class_list":["post-4042","post","type-post","status-publish","format-standard","hentry","category-okategoriserade"],"acf":[],"yoast_head":"<!-- This site is optimized with the Yoast SEO plugin v26.8 - https:\/\/yoast.com\/product\/yoast-seo-wordpress\/ -->\n<title>S\u00e5 firar guldmedalj\u00f6rerna jul \u2013 andra delen, Mats Nilsson - Svenska Budo &amp; Kampsportsf\u00f6rbundet<\/title>\n<meta name=\"description\" content=\"Budokampsport.se kommer att ha nedr\u00e4kning inf\u00f6r jul med en artikelserie om v\u00e5ra m\u00e4stare och m\u00e4starinnor under \u00e5ret, f\u00f6r att se vad de ska pyssla med under jul och ny\u00e5r. Ig\u00e5r\u00a0kollade vi jull\u00e4get med\u00a0Karin Edenius, idag st\u00e4mmer vi av julplanerna med submission wrestlingv\u00e4rldsm\u00e4staren Mats Nilsson.\" \/>\n<meta name=\"robots\" content=\"index, follow, max-snippet:-1, max-image-preview:large, max-video-preview:-1\" \/>\n<link rel=\"canonical\" href=\"https:\/\/www.budokampsport.se\/2011\/12\/13\/sa-firar-guldmedaljorerna-jul-andra-delen-mats-nilsson\/\" \/>\n<meta property=\"og:locale\" content=\"sv_SE\" \/>\n<meta property=\"og:type\" content=\"article\" \/>\n<meta property=\"og:title\" content=\"S\u00e5 firar guldmedalj\u00f6rerna jul \u2013 andra delen, Mats Nilsson - Svenska Budo &amp; Kampsportsf\u00f6rbundet\" \/>\n<meta property=\"og:description\" content=\"Budokampsport.se kommer att ha nedr\u00e4kning inf\u00f6r jul med en artikelserie om v\u00e5ra m\u00e4stare och m\u00e4starinnor under \u00e5ret, f\u00f6r att se vad de ska pyssla med under jul och ny\u00e5r. Ig\u00e5r\u00a0kollade vi jull\u00e4get med\u00a0Karin Edenius, idag st\u00e4mmer vi av julplanerna med submission wrestlingv\u00e4rldsm\u00e4staren Mats Nilsson.\" \/>\n<meta property=\"og:url\" content=\"https:\/\/www.budokampsport.se\/2011\/12\/13\/sa-firar-guldmedaljorerna-jul-andra-delen-mats-nilsson\/\" \/>\n<meta property=\"og:site_name\" content=\"Svenska Budo &amp; Kampsportsf\u00f6rbundet\" \/>\n<meta property=\"article:author\" content=\"https:\/\/www.facebook.com\/jonathan.broberg.7\" \/>\n<meta property=\"article:published_time\" content=\"2011-12-13T09:36:15+00:00\" \/>\n<meta property=\"article:modified_time\" content=\"2016-12-06T21:33:55+00:00\" \/>\n<meta property=\"og:image\" content=\"http:\/\/www.budokampsport.se\/sites\/default\/files\/mats.jpg\" \/>\n<meta name=\"author\" content=\"Jonathan Broberg\" \/>\n<meta name=\"twitter:card\" content=\"summary_large_image\" \/>\n<meta name=\"twitter:label1\" content=\"Skriven av\" \/>\n\t<meta name=\"twitter:data1\" content=\"Jonathan Broberg\" \/>\n\t<meta name=\"twitter:label2\" content=\"Ber\u00e4knad l\u00e4stid\" \/>\n\t<meta name=\"twitter:data2\" content=\"3 minuter\" \/>\n<script type=\"application\/ld+json\" class=\"yoast-schema-graph\">{\"@context\":\"https:\/\/schema.org\",\"@graph\":[{\"@type\":\"Article\",\"@id\":\"https:\/\/www.budokampsport.se\/2011\/12\/13\/sa-firar-guldmedaljorerna-jul-andra-delen-mats-nilsson\/#article\",\"isPartOf\":{\"@id\":\"https:\/\/www.budokampsport.se\/2011\/12\/13\/sa-firar-guldmedaljorerna-jul-andra-delen-mats-nilsson\/\"},\"author\":{\"name\":\"Jonathan Broberg\",\"@id\":\"https:\/\/www.budokampsport.se\/#\/schema\/person\/5c06d81d14850e2a8ce5493386560145\"},\"headline\":\"S\u00e5 firar guldmedalj\u00f6rerna jul \u2013 andra delen, Mats Nilsson\",\"datePublished\":\"2011-12-13T09:36:15+00:00\",\"dateModified\":\"2016-12-06T21:33:55+00:00\",\"mainEntityOfPage\":{\"@id\":\"https:\/\/www.budokampsport.se\/2011\/12\/13\/sa-firar-guldmedaljorerna-jul-andra-delen-mats-nilsson\/\"},\"wordCount\":677,\"image\":{\"@id\":\"https:\/\/www.budokampsport.se\/2011\/12\/13\/sa-firar-guldmedaljorerna-jul-andra-delen-mats-nilsson\/#primaryimage\"},\"thumbnailUrl\":\"http:\/\/www.budokampsport.se\/sites\/default\/files\/mats.jpg\",\"inLanguage\":\"sv-SE\"},{\"@type\":\"WebPage\",\"@id\":\"https:\/\/www.budokampsport.se\/2011\/12\/13\/sa-firar-guldmedaljorerna-jul-andra-delen-mats-nilsson\/\",\"url\":\"https:\/\/www.budokampsport.se\/2011\/12\/13\/sa-firar-guldmedaljorerna-jul-andra-delen-mats-nilsson\/\",\"name\":\"S\u00e5 firar guldmedalj\u00f6rerna jul \u2013 andra delen, Mats Nilsson - Svenska Budo &amp; Kampsportsf\u00f6rbundet\",\"isPartOf\":{\"@id\":\"https:\/\/www.budokampsport.se\/#website\"},\"primaryImageOfPage\":{\"@id\":\"https:\/\/www.budokampsport.se\/2011\/12\/13\/sa-firar-guldmedaljorerna-jul-andra-delen-mats-nilsson\/#primaryimage\"},\"image\":{\"@id\":\"https:\/\/www.budokampsport.se\/2011\/12\/13\/sa-firar-guldmedaljorerna-jul-andra-delen-mats-nilsson\/#primaryimage\"},\"thumbnailUrl\":\"http:\/\/www.budokampsport.se\/sites\/default\/files\/mats.jpg\",\"datePublished\":\"2011-12-13T09:36:15+00:00\",\"dateModified\":\"2016-12-06T21:33:55+00:00\",\"author\":{\"@id\":\"https:\/\/www.budokampsport.se\/#\/schema\/person\/5c06d81d14850e2a8ce5493386560145\"},\"description\":\"Budokampsport.se kommer att ha nedr\u00e4kning inf\u00f6r jul med en artikelserie om v\u00e5ra m\u00e4stare och m\u00e4starinnor under \u00e5ret, f\u00f6r att se vad de ska pyssla med under jul och ny\u00e5r. Ig\u00e5r\u00a0kollade vi jull\u00e4get med\u00a0Karin Edenius, idag st\u00e4mmer vi av julplanerna med submission wrestlingv\u00e4rldsm\u00e4staren Mats Nilsson.\",\"breadcrumb\":{\"@id\":\"https:\/\/www.budokampsport.se\/2011\/12\/13\/sa-firar-guldmedaljorerna-jul-andra-delen-mats-nilsson\/#breadcrumb\"},\"inLanguage\":\"sv-SE\",\"potentialAction\":[{\"@type\":\"ReadAction\",\"target\":[\"https:\/\/www.budokampsport.se\/2011\/12\/13\/sa-firar-guldmedaljorerna-jul-andra-delen-mats-nilsson\/\"]}]},{\"@type\":\"ImageObject\",\"inLanguage\":\"sv-SE\",\"@id\":\"https:\/\/www.budokampsport.se\/2011\/12\/13\/sa-firar-guldmedaljorerna-jul-andra-delen-mats-nilsson\/#primaryimage\",\"url\":\"http:\/\/www.budokampsport.se\/sites\/default\/files\/mats.jpg\",\"contentUrl\":\"http:\/\/www.budokampsport.se\/sites\/default\/files\/mats.jpg\"},{\"@type\":\"BreadcrumbList\",\"@id\":\"https:\/\/www.budokampsport.se\/2011\/12\/13\/sa-firar-guldmedaljorerna-jul-andra-delen-mats-nilsson\/#breadcrumb\",\"itemListElement\":[{\"@type\":\"ListItem\",\"position\":1,\"name\":\"Hem\",\"item\":\"https:\/\/www.budokampsport.se\/\"},{\"@type\":\"ListItem\",\"position\":2,\"name\":\"S\u00e5 firar guldmedalj\u00f6rerna jul \u2013 andra delen, Mats Nilsson\"}]},{\"@type\":\"WebSite\",\"@id\":\"https:\/\/www.budokampsport.se\/#website\",\"url\":\"https:\/\/www.budokampsport.se\/\",\"name\":\"Svenska Budo &amp; Kampsportsf\u00f6rbundet\",\"description\":\"T\u00e4vling, Tr\u00e4ning, Tradition\",\"potentialAction\":[{\"@type\":\"SearchAction\",\"target\":{\"@type\":\"EntryPoint\",\"urlTemplate\":\"https:\/\/www.budokampsport.se\/?s={search_term_string}\"},\"query-input\":{\"@type\":\"PropertyValueSpecification\",\"valueRequired\":true,\"valueName\":\"search_term_string\"}}],\"inLanguage\":\"sv-SE\"},{\"@type\":\"Person\",\"@id\":\"https:\/\/www.budokampsport.se\/#\/schema\/person\/5c06d81d14850e2a8ce5493386560145\",\"name\":\"Jonathan Broberg\",\"image\":{\"@type\":\"ImageObject\",\"inLanguage\":\"sv-SE\",\"@id\":\"https:\/\/www.budokampsport.se\/#\/schema\/person\/image\/\",\"url\":\"https:\/\/secure.gravatar.com\/avatar\/a58041c6cea9128bd9c40ee2f26d4136?s=96&d=blank&r=g\",\"contentUrl\":\"https:\/\/secure.gravatar.com\/avatar\/a58041c6cea9128bd9c40ee2f26d4136?s=96&d=blank&r=g\",\"caption\":\"Jonathan Broberg\"},\"sameAs\":[\"https:\/\/www.facebook.com\/jonathan.broberg.7\"],\"url\":\"https:\/\/www.budokampsport.se\/author\/jonathan\/\"}]}<\/script>\n<!-- \/ Yoast SEO plugin. -->","yoast_head_json":{"title":"S\u00e5 firar guldmedalj\u00f6rerna jul \u2013 andra delen, Mats Nilsson - Svenska Budo &amp; Kampsportsf\u00f6rbundet","description":"Budokampsport.se kommer att ha nedr\u00e4kning inf\u00f6r jul med en artikelserie om v\u00e5ra m\u00e4stare och m\u00e4starinnor under \u00e5ret, f\u00f6r att se vad de ska pyssla med under jul och ny\u00e5r. Ig\u00e5r\u00a0kollade vi jull\u00e4get med\u00a0Karin Edenius, idag st\u00e4mmer vi av julplanerna med submission wrestlingv\u00e4rldsm\u00e4staren Mats Nilsson.","robots":{"index":"index","follow":"follow","max-snippet":"max-snippet:-1","max-image-preview":"max-image-preview:large","max-video-preview":"max-video-preview:-1"},"canonical":"https:\/\/www.budokampsport.se\/2011\/12\/13\/sa-firar-guldmedaljorerna-jul-andra-delen-mats-nilsson\/","og_locale":"sv_SE","og_type":"article","og_title":"S\u00e5 firar guldmedalj\u00f6rerna jul \u2013 andra delen, Mats Nilsson - Svenska Budo &amp; Kampsportsf\u00f6rbundet","og_description":"Budokampsport.se kommer att ha nedr\u00e4kning inf\u00f6r jul med en artikelserie om v\u00e5ra m\u00e4stare och m\u00e4starinnor under \u00e5ret, f\u00f6r att se vad de ska pyssla med under jul och ny\u00e5r. Ig\u00e5r\u00a0kollade vi jull\u00e4get med\u00a0Karin Edenius, idag st\u00e4mmer vi av julplanerna med submission wrestlingv\u00e4rldsm\u00e4staren Mats Nilsson.","og_url":"https:\/\/www.budokampsport.se\/2011\/12\/13\/sa-firar-guldmedaljorerna-jul-andra-delen-mats-nilsson\/","og_site_name":"Svenska Budo &amp; Kampsportsf\u00f6rbundet","article_author":"https:\/\/www.facebook.com\/jonathan.broberg.7","article_published_time":"2011-12-13T09:36:15+00:00","article_modified_time":"2016-12-06T21:33:55+00:00","og_image":[{"url":"http:\/\/www.budokampsport.se\/sites\/default\/files\/mats.jpg","type":"","width":"","height":""}],"author":"Jonathan Broberg","twitter_card":"summary_large_image","twitter_misc":{"Skriven av":"Jonathan Broberg","Ber\u00e4knad l\u00e4stid":"3 minuter"},"schema":{"@context":"https:\/\/schema.org","@graph":[{"@type":"Article","@id":"https:\/\/www.budokampsport.se\/2011\/12\/13\/sa-firar-guldmedaljorerna-jul-andra-delen-mats-nilsson\/#article","isPartOf":{"@id":"https:\/\/www.budokampsport.se\/2011\/12\/13\/sa-firar-guldmedaljorerna-jul-andra-delen-mats-nilsson\/"},"author":{"name":"Jonathan Broberg","@id":"https:\/\/www.budokampsport.se\/#\/schema\/person\/5c06d81d14850e2a8ce5493386560145"},"headline":"S\u00e5 firar guldmedalj\u00f6rerna jul \u2013 andra delen, Mats Nilsson","datePublished":"2011-12-13T09:36:15+00:00","dateModified":"2016-12-06T21:33:55+00:00","mainEntityOfPage":{"@id":"https:\/\/www.budokampsport.se\/2011\/12\/13\/sa-firar-guldmedaljorerna-jul-andra-delen-mats-nilsson\/"},"wordCount":677,"image":{"@id":"https:\/\/www.budokampsport.se\/2011\/12\/13\/sa-firar-guldmedaljorerna-jul-andra-delen-mats-nilsson\/#primaryimage"},"thumbnailUrl":"http:\/\/www.budokampsport.se\/sites\/default\/files\/mats.jpg","inLanguage":"sv-SE"},{"@type":"WebPage","@id":"https:\/\/www.budokampsport.se\/2011\/12\/13\/sa-firar-guldmedaljorerna-jul-andra-delen-mats-nilsson\/","url":"https:\/\/www.budokampsport.se\/2011\/12\/13\/sa-firar-guldmedaljorerna-jul-andra-delen-mats-nilsson\/","name":"S\u00e5 firar guldmedalj\u00f6rerna jul \u2013 andra delen, Mats Nilsson - Svenska Budo &amp; Kampsportsf\u00f6rbundet","isPartOf":{"@id":"https:\/\/www.budokampsport.se\/#website"},"primaryImageOfPage":{"@id":"https:\/\/www.budokampsport.se\/2011\/12\/13\/sa-firar-guldmedaljorerna-jul-andra-delen-mats-nilsson\/#primaryimage"},"image":{"@id":"https:\/\/www.budokampsport.se\/2011\/12\/13\/sa-firar-guldmedaljorerna-jul-andra-delen-mats-nilsson\/#primaryimage"},"thumbnailUrl":"http:\/\/www.budokampsport.se\/sites\/default\/files\/mats.jpg","datePublished":"2011-12-13T09:36:15+00:00","dateModified":"2016-12-06T21:33:55+00:00","author":{"@id":"https:\/\/www.budokampsport.se\/#\/schema\/person\/5c06d81d14850e2a8ce5493386560145"},"description":"Budokampsport.se kommer att ha nedr\u00e4kning inf\u00f6r jul med en artikelserie om v\u00e5ra m\u00e4stare och m\u00e4starinnor under \u00e5ret, f\u00f6r att se vad de ska pyssla med under jul och ny\u00e5r. Ig\u00e5r\u00a0kollade vi jull\u00e4get med\u00a0Karin Edenius, idag st\u00e4mmer vi av julplanerna med submission wrestlingv\u00e4rldsm\u00e4staren Mats Nilsson.","breadcrumb":{"@id":"https:\/\/www.budokampsport.se\/2011\/12\/13\/sa-firar-guldmedaljorerna-jul-andra-delen-mats-nilsson\/#breadcrumb"},"inLanguage":"sv-SE","potentialAction":[{"@type":"ReadAction","target":["https:\/\/www.budokampsport.se\/2011\/12\/13\/sa-firar-guldmedaljorerna-jul-andra-delen-mats-nilsson\/"]}]},{"@type":"ImageObject","inLanguage":"sv-SE","@id":"https:\/\/www.budokampsport.se\/2011\/12\/13\/sa-firar-guldmedaljorerna-jul-andra-delen-mats-nilsson\/#primaryimage","url":"http:\/\/www.budokampsport.se\/sites\/default\/files\/mats.jpg","contentUrl":"http:\/\/www.budokampsport.se\/sites\/default\/files\/mats.jpg"},{"@type":"BreadcrumbList","@id":"https:\/\/www.budokampsport.se\/2011\/12\/13\/sa-firar-guldmedaljorerna-jul-andra-delen-mats-nilsson\/#breadcrumb","itemListElement":[{"@type":"ListItem","position":1,"name":"Hem","item":"https:\/\/www.budokampsport.se\/"},{"@type":"ListItem","position":2,"name":"S\u00e5 firar guldmedalj\u00f6rerna jul \u2013 andra delen, Mats Nilsson"}]},{"@type":"WebSite","@id":"https:\/\/www.budokampsport.se\/#website","url":"https:\/\/www.budokampsport.se\/","name":"Svenska Budo &amp; Kampsportsf\u00f6rbundet","description":"T\u00e4vling, Tr\u00e4ning, Tradition","potentialAction":[{"@type":"SearchAction","target":{"@type":"EntryPoint","urlTemplate":"https:\/\/www.budokampsport.se\/?s={search_term_string}"},"query-input":{"@type":"PropertyValueSpecification","valueRequired":true,"valueName":"search_term_string"}}],"inLanguage":"sv-SE"},{"@type":"Person","@id":"https:\/\/www.budokampsport.se\/#\/schema\/person\/5c06d81d14850e2a8ce5493386560145","name":"Jonathan Broberg","image":{"@type":"ImageObject","inLanguage":"sv-SE","@id":"https:\/\/www.budokampsport.se\/#\/schema\/person\/image\/","url":"https:\/\/secure.gravatar.com\/avatar\/a58041c6cea9128bd9c40ee2f26d4136?s=96&d=blank&r=g","contentUrl":"https:\/\/secure.gravatar.com\/avatar\/a58041c6cea9128bd9c40ee2f26d4136?s=96&d=blank&r=g","caption":"Jonathan Broberg"},"sameAs":["https:\/\/www.facebook.com\/jonathan.broberg.7"],"url":"https:\/\/www.budokampsport.se\/author\/jonathan\/"}]}},"_links":{"self":[{"href":"https:\/\/www.budokampsport.se\/api\/wp\/v2\/posts\/4042","targetHints":{"allow":["GET"]}}],"collection":[{"href":"https:\/\/www.budokampsport.se\/api\/wp\/v2\/posts"}],"about":[{"href":"https:\/\/www.budokampsport.se\/api\/wp\/v2\/types\/post"}],"author":[{"embeddable":true,"href":"https:\/\/www.budokampsport.se\/api\/wp\/v2\/users\/7"}],"replies":[{"embeddable":true,"href":"https:\/\/www.budokampsport.se\/api\/wp\/v2\/comments?post=4042"}],"version-history":[{"count":0,"href":"https:\/\/www.budokampsport.se\/api\/wp\/v2\/posts\/4042\/revisions"}],"wp:attachment":[{"href":"https:\/\/www.budokampsport.se\/api\/wp\/v2\/media?parent=4042"}],"wp:term":[{"taxonomy":"category","embeddable":true,"href":"https:\/\/www.budokampsport.se\/api\/wp\/v2\/categories?post=4042"},{"taxonomy":"post_tag","embeddable":true,"href":"https:\/\/www.budokampsport.se\/api\/wp\/v2\/tags?post=4042"}],"curies":[{"name":"wp","href":"https:\/\/api.w.org\/{rel}","templated":true}]}}