{"id":4049,"date":"2011-12-16T14:04:11","date_gmt":"2011-12-16T13:04:11","guid":{"rendered":"http:\/\/budo.wordpress.dev\/2011\/12\/16\/sa-firar-guldmedaljorerna-jul-sjatte-delen-joakim-frederiksen\/"},"modified":"2016-12-06T22:33:56","modified_gmt":"2016-12-06T21:33:56","slug":"sa-firar-guldmedaljorerna-jul-sjatte-delen-joakim-frederiksen","status":"publish","type":"post","link":"https:\/\/www.budokampsport.se\/2011\/12\/16\/sa-firar-guldmedaljorerna-jul-sjatte-delen-joakim-frederiksen\/","title":{"rendered":"S\u00e5 firar guldmedalj\u00f6rerna jul \u2013 sj\u00e4tte delen, Joakim Frederiksen"},"content":{"rendered":"<p><strong>Budokampsport.se forts\u00e4tter sin nedr\u00e4kning inf\u00f6r jul med en artikelserie om v\u00e5ra m\u00e4stare och m\u00e4starinnor under \u00e5ret, f\u00f6r att se vad de ska pyssla med under jul och ny\u00e5r. Vi har redan kollat julk\u00e4nslorna med fem av v\u00e5ra guldmedalj\u00f6rer, nu st\u00e4mmer vi av julplanerna med Europam\u00e4staren i taido (lagjissen) Joakim Frederiksen.<!--break--><\/strong><\/p>\n<p>Den kraftfulle Joakim Frederiksen \u00e4r en unik taidoka i sitt slag. D\u00e5 m\u00e5nga vinner p\u00e5 snabbhet och smidighet, \u00e4r den skicklige Malm\u00f6bon stor och stark. Men kompletterar detta med en god teknik. Under EM i Frankrike i augusti var Frederiksen i h\u00f6gsta grad inblandad i det redan klassiska svenska lagguldet i jissen. I den avslutande matchen mot Frankrike, en match Sverige bara skulle vinna p\u00e5 f\u00f6rhand, fick Joakim den otacksamma uppgiften att inleda lagfighten. Och det startade trevande och Frederiksen hade problem att hitta rytmen, men efterhand v\u00e4xte han in i matchen och tillslut v\u00e4nde han och vann och gav med det svenska laget en dr\u00f6m\u00f6ppning i guldmatchen. Frankrike besegrades sedermera utan st\u00f6rre bekymmer och guldet var i hamn.<\/p>\n<p><strong>Om du ser tillbaka p\u00e5 2011, hur har det \u00e5ret varit f\u00f6r dig b\u00e5de personligt och idrottsligt?<\/strong><br \/>\u00a0\u00a0 &#8211; Jag har haft ett fantastiskt \u00e5r, ett EM-guld var dr\u00f6mmen som jag inte trodde att jag skulle n\u00e5 till.\u00a0Personligt s\u00e5 har det varit sp\u00e4nnande med nytt jobb.<\/p>\n<p><strong>Hur kommer du att fira julen?<\/strong><br \/>\u00a0\u00a0 &#8211; Jag kommer fira julen med familjen och sen ett par dagar efter tillsammans med v\u00e4nner p\u00e5 en s\u00e5 kallad minijul.<\/p>\n<p><strong><img decoding=\"async\" alt=\"\" src=\"http:\/\/www.budokampsport.se\/sites\/default\/files\/herrlaget.gif\" style=\"height:290px; width:435px\"><\/p>\n<p>Vad \u00f6nskar du dig mest av allt i julklapp?<\/strong><br \/>\u00a0\u00a0 &#8211; Jag \u00f6nskar mig s\u00e4llan saker i julklapp, men om jag m\u00e5ste v\u00e4lja s\u00e5 tror jag att en kurs i kite-surfing ligger bra till.<\/p>\n<p><strong>Har du n\u00e5got ny\u00e5rsl\u00f6fte, i s\u00e5 fall vad och varf\u00f6r?<\/strong><br \/>\u00a0\u00a0 &#8211; Jag har aldrig ny\u00e5rsl\u00f6ften, \u00e4r n\u00f6jd med den jag \u00e4r och det jag g\u00f6r, om jag ska lova n\u00e5got kan jag g\u00f6ra det n\u00e4r jag kommer p\u00e5 det och inte skjuta p\u00e5 det till ny\u00e5r&#8230;<\/p>\n<p><strong>Om du blickar fram mot 2012, vad tror du om det \u00e5ret b\u00e5de personligt och idrottsligt?<\/strong><br \/>\u00a0\u00a0 &#8211; Jag tror 2012 kommer bli intressant, jag kommer fokusera om lite och testa nya saker, ett par multirace kommer f\u00e5 mig att h\u00e5lla formen och testa n\u00e5got som tar timmar att avsluta ist\u00e4llet f\u00f6r minuter som taidon \u00e4r.<\/p>\n<p>Svenska Budo &#038; Kampsportsf\u00f6rbundet \u00f6nskar s\u00e5 klart Joakim Frederiksen en riktigt god jul och ett gott nytt \u00e5r!<\/p>\n<p><em><strong>N\u00e4sta guldmedalj\u00f6r ut i artikelserien blir Europa- och JVM-v\u00e4rldsm\u00e4starinnan i ju jutsu Sara Widgren. <\/strong><\/em><\/p>\n<p><strong>Tidigare artiklar i serien<\/strong><br \/>Karin Edenius (kickboxning)<br \/>Mats Nilsson (submission wrestling)<br \/>Daniel Andersson (taido)<br \/>Sanja Trbojevic (thaiboxning)<br \/>Mikael Knutsson (submission wrestling)<\/p>\n<p>Text och foto: Jonathan Broberg<\/p>\n","protected":false},"excerpt":{"rendered":"<p><strong>Budokampsport.se forts\u00e4tter sin nedr\u00e4kning inf\u00f6r jul med en artikelserie om v\u00e5ra m\u00e4stare och m\u00e4starinnor under \u00e5ret, f\u00f6r att se vad de ska pyssla med under jul och ny\u00e5r. Vi har redan kollat julk\u00e4nslorna med fem av v\u00e5ra guldmedalj\u00f6rer, nu st\u00e4mmer vi av julplanerna med Europam\u00e4staren i taido (lagjissen) Joakim Frederiksen.<\/p><br>","protected":false},"author":7,"featured_media":0,"comment_status":"closed","ping_status":"closed","sticky":false,"template":"","format":"standard","meta":{"_acf_changed":false,"footnotes":""},"categories":[1],"tags":[],"class_list":["post-4049","post","type-post","status-publish","format-standard","hentry","category-okategoriserade"],"acf":[],"yoast_head":"<!-- This site is optimized with the Yoast SEO plugin v26.8 - https:\/\/yoast.com\/product\/yoast-seo-wordpress\/ -->\n<title>S\u00e5 firar guldmedalj\u00f6rerna jul \u2013 sj\u00e4tte delen, Joakim Frederiksen - Svenska Budo &amp; Kampsportsf\u00f6rbundet<\/title>\n<meta name=\"description\" content=\"Budokampsport.se forts\u00e4tter sin nedr\u00e4kning inf\u00f6r jul med en artikelserie om v\u00e5ra m\u00e4stare och m\u00e4starinnor under \u00e5ret, f\u00f6r att se vad de ska pyssla med under jul och ny\u00e5r. Vi har redan kollat julk\u00e4nslorna med fem av v\u00e5ra guldmedalj\u00f6rer, nu st\u00e4mmer vi av julplanerna med Europam\u00e4staren i taido (lagjissen) Joakim Frederiksen.\" \/>\n<meta name=\"robots\" content=\"index, follow, max-snippet:-1, max-image-preview:large, max-video-preview:-1\" \/>\n<link rel=\"canonical\" href=\"https:\/\/www.budokampsport.se\/2011\/12\/16\/sa-firar-guldmedaljorerna-jul-sjatte-delen-joakim-frederiksen\/\" \/>\n<meta property=\"og:locale\" content=\"sv_SE\" \/>\n<meta property=\"og:type\" content=\"article\" \/>\n<meta property=\"og:title\" content=\"S\u00e5 firar guldmedalj\u00f6rerna jul \u2013 sj\u00e4tte delen, Joakim Frederiksen - Svenska Budo &amp; Kampsportsf\u00f6rbundet\" \/>\n<meta property=\"og:description\" content=\"Budokampsport.se forts\u00e4tter sin nedr\u00e4kning inf\u00f6r jul med en artikelserie om v\u00e5ra m\u00e4stare och m\u00e4starinnor under \u00e5ret, f\u00f6r att se vad de ska pyssla med under jul och ny\u00e5r. Vi har redan kollat julk\u00e4nslorna med fem av v\u00e5ra guldmedalj\u00f6rer, nu st\u00e4mmer vi av julplanerna med Europam\u00e4staren i taido (lagjissen) Joakim Frederiksen.\" \/>\n<meta property=\"og:url\" content=\"https:\/\/www.budokampsport.se\/2011\/12\/16\/sa-firar-guldmedaljorerna-jul-sjatte-delen-joakim-frederiksen\/\" \/>\n<meta property=\"og:site_name\" content=\"Svenska Budo &amp; Kampsportsf\u00f6rbundet\" \/>\n<meta property=\"article:author\" content=\"https:\/\/www.facebook.com\/jonathan.broberg.7\" \/>\n<meta property=\"article:published_time\" content=\"2011-12-16T13:04:11+00:00\" \/>\n<meta property=\"article:modified_time\" content=\"2016-12-06T21:33:56+00:00\" \/>\n<meta property=\"og:image\" content=\"http:\/\/www.budokampsport.se\/sites\/default\/files\/herrlaget.gif\" \/>\n<meta name=\"author\" content=\"Jonathan Broberg\" \/>\n<meta name=\"twitter:card\" content=\"summary_large_image\" \/>\n<meta name=\"twitter:label1\" content=\"Skriven av\" \/>\n\t<meta name=\"twitter:data1\" content=\"Jonathan Broberg\" \/>\n\t<meta name=\"twitter:label2\" content=\"Ber\u00e4knad l\u00e4stid\" \/>\n\t<meta name=\"twitter:data2\" content=\"2 minuter\" \/>\n<script type=\"application\/ld+json\" class=\"yoast-schema-graph\">{\"@context\":\"https:\/\/schema.org\",\"@graph\":[{\"@type\":\"Article\",\"@id\":\"https:\/\/www.budokampsport.se\/2011\/12\/16\/sa-firar-guldmedaljorerna-jul-sjatte-delen-joakim-frederiksen\/#article\",\"isPartOf\":{\"@id\":\"https:\/\/www.budokampsport.se\/2011\/12\/16\/sa-firar-guldmedaljorerna-jul-sjatte-delen-joakim-frederiksen\/\"},\"author\":{\"name\":\"Jonathan Broberg\",\"@id\":\"https:\/\/www.budokampsport.se\/#\/schema\/person\/5c06d81d14850e2a8ce5493386560145\"},\"headline\":\"S\u00e5 firar guldmedalj\u00f6rerna jul \u2013 sj\u00e4tte delen, Joakim Frederiksen\",\"datePublished\":\"2011-12-16T13:04:11+00:00\",\"dateModified\":\"2016-12-06T21:33:56+00:00\",\"mainEntityOfPage\":{\"@id\":\"https:\/\/www.budokampsport.se\/2011\/12\/16\/sa-firar-guldmedaljorerna-jul-sjatte-delen-joakim-frederiksen\/\"},\"wordCount\":493,\"image\":{\"@id\":\"https:\/\/www.budokampsport.se\/2011\/12\/16\/sa-firar-guldmedaljorerna-jul-sjatte-delen-joakim-frederiksen\/#primaryimage\"},\"thumbnailUrl\":\"http:\/\/www.budokampsport.se\/sites\/default\/files\/herrlaget.gif\",\"inLanguage\":\"sv-SE\"},{\"@type\":\"WebPage\",\"@id\":\"https:\/\/www.budokampsport.se\/2011\/12\/16\/sa-firar-guldmedaljorerna-jul-sjatte-delen-joakim-frederiksen\/\",\"url\":\"https:\/\/www.budokampsport.se\/2011\/12\/16\/sa-firar-guldmedaljorerna-jul-sjatte-delen-joakim-frederiksen\/\",\"name\":\"S\u00e5 firar guldmedalj\u00f6rerna jul \u2013 sj\u00e4tte delen, Joakim Frederiksen - Svenska Budo &amp; Kampsportsf\u00f6rbundet\",\"isPartOf\":{\"@id\":\"https:\/\/www.budokampsport.se\/#website\"},\"primaryImageOfPage\":{\"@id\":\"https:\/\/www.budokampsport.se\/2011\/12\/16\/sa-firar-guldmedaljorerna-jul-sjatte-delen-joakim-frederiksen\/#primaryimage\"},\"image\":{\"@id\":\"https:\/\/www.budokampsport.se\/2011\/12\/16\/sa-firar-guldmedaljorerna-jul-sjatte-delen-joakim-frederiksen\/#primaryimage\"},\"thumbnailUrl\":\"http:\/\/www.budokampsport.se\/sites\/default\/files\/herrlaget.gif\",\"datePublished\":\"2011-12-16T13:04:11+00:00\",\"dateModified\":\"2016-12-06T21:33:56+00:00\",\"author\":{\"@id\":\"https:\/\/www.budokampsport.se\/#\/schema\/person\/5c06d81d14850e2a8ce5493386560145\"},\"description\":\"Budokampsport.se forts\u00e4tter sin nedr\u00e4kning inf\u00f6r jul med en artikelserie om v\u00e5ra m\u00e4stare och m\u00e4starinnor under \u00e5ret, f\u00f6r att se vad de ska pyssla med under jul och ny\u00e5r. Vi har redan kollat julk\u00e4nslorna med fem av v\u00e5ra guldmedalj\u00f6rer, nu st\u00e4mmer vi av julplanerna med Europam\u00e4staren i taido (lagjissen) Joakim Frederiksen.\",\"breadcrumb\":{\"@id\":\"https:\/\/www.budokampsport.se\/2011\/12\/16\/sa-firar-guldmedaljorerna-jul-sjatte-delen-joakim-frederiksen\/#breadcrumb\"},\"inLanguage\":\"sv-SE\",\"potentialAction\":[{\"@type\":\"ReadAction\",\"target\":[\"https:\/\/www.budokampsport.se\/2011\/12\/16\/sa-firar-guldmedaljorerna-jul-sjatte-delen-joakim-frederiksen\/\"]}]},{\"@type\":\"ImageObject\",\"inLanguage\":\"sv-SE\",\"@id\":\"https:\/\/www.budokampsport.se\/2011\/12\/16\/sa-firar-guldmedaljorerna-jul-sjatte-delen-joakim-frederiksen\/#primaryimage\",\"url\":\"http:\/\/www.budokampsport.se\/sites\/default\/files\/herrlaget.gif\",\"contentUrl\":\"http:\/\/www.budokampsport.se\/sites\/default\/files\/herrlaget.gif\"},{\"@type\":\"BreadcrumbList\",\"@id\":\"https:\/\/www.budokampsport.se\/2011\/12\/16\/sa-firar-guldmedaljorerna-jul-sjatte-delen-joakim-frederiksen\/#breadcrumb\",\"itemListElement\":[{\"@type\":\"ListItem\",\"position\":1,\"name\":\"Hem\",\"item\":\"https:\/\/www.budokampsport.se\/\"},{\"@type\":\"ListItem\",\"position\":2,\"name\":\"S\u00e5 firar guldmedalj\u00f6rerna jul \u2013 sj\u00e4tte delen, Joakim Frederiksen\"}]},{\"@type\":\"WebSite\",\"@id\":\"https:\/\/www.budokampsport.se\/#website\",\"url\":\"https:\/\/www.budokampsport.se\/\",\"name\":\"Svenska Budo &amp; Kampsportsf\u00f6rbundet\",\"description\":\"T\u00e4vling, Tr\u00e4ning, Tradition\",\"potentialAction\":[{\"@type\":\"SearchAction\",\"target\":{\"@type\":\"EntryPoint\",\"urlTemplate\":\"https:\/\/www.budokampsport.se\/?s={search_term_string}\"},\"query-input\":{\"@type\":\"PropertyValueSpecification\",\"valueRequired\":true,\"valueName\":\"search_term_string\"}}],\"inLanguage\":\"sv-SE\"},{\"@type\":\"Person\",\"@id\":\"https:\/\/www.budokampsport.se\/#\/schema\/person\/5c06d81d14850e2a8ce5493386560145\",\"name\":\"Jonathan Broberg\",\"image\":{\"@type\":\"ImageObject\",\"inLanguage\":\"sv-SE\",\"@id\":\"https:\/\/www.budokampsport.se\/#\/schema\/person\/image\/\",\"url\":\"https:\/\/secure.gravatar.com\/avatar\/a58041c6cea9128bd9c40ee2f26d4136?s=96&d=blank&r=g\",\"contentUrl\":\"https:\/\/secure.gravatar.com\/avatar\/a58041c6cea9128bd9c40ee2f26d4136?s=96&d=blank&r=g\",\"caption\":\"Jonathan Broberg\"},\"sameAs\":[\"https:\/\/www.facebook.com\/jonathan.broberg.7\"],\"url\":\"https:\/\/www.budokampsport.se\/author\/jonathan\/\"}]}<\/script>\n<!-- \/ Yoast SEO plugin. -->","yoast_head_json":{"title":"S\u00e5 firar guldmedalj\u00f6rerna jul \u2013 sj\u00e4tte delen, Joakim Frederiksen - Svenska Budo &amp; Kampsportsf\u00f6rbundet","description":"Budokampsport.se forts\u00e4tter sin nedr\u00e4kning inf\u00f6r jul med en artikelserie om v\u00e5ra m\u00e4stare och m\u00e4starinnor under \u00e5ret, f\u00f6r att se vad de ska pyssla med under jul och ny\u00e5r. Vi har redan kollat julk\u00e4nslorna med fem av v\u00e5ra guldmedalj\u00f6rer, nu st\u00e4mmer vi av julplanerna med Europam\u00e4staren i taido (lagjissen) Joakim Frederiksen.","robots":{"index":"index","follow":"follow","max-snippet":"max-snippet:-1","max-image-preview":"max-image-preview:large","max-video-preview":"max-video-preview:-1"},"canonical":"https:\/\/www.budokampsport.se\/2011\/12\/16\/sa-firar-guldmedaljorerna-jul-sjatte-delen-joakim-frederiksen\/","og_locale":"sv_SE","og_type":"article","og_title":"S\u00e5 firar guldmedalj\u00f6rerna jul \u2013 sj\u00e4tte delen, Joakim Frederiksen - Svenska Budo &amp; Kampsportsf\u00f6rbundet","og_description":"Budokampsport.se forts\u00e4tter sin nedr\u00e4kning inf\u00f6r jul med en artikelserie om v\u00e5ra m\u00e4stare och m\u00e4starinnor under \u00e5ret, f\u00f6r att se vad de ska pyssla med under jul och ny\u00e5r. Vi har redan kollat julk\u00e4nslorna med fem av v\u00e5ra guldmedalj\u00f6rer, nu st\u00e4mmer vi av julplanerna med Europam\u00e4staren i taido (lagjissen) Joakim Frederiksen.","og_url":"https:\/\/www.budokampsport.se\/2011\/12\/16\/sa-firar-guldmedaljorerna-jul-sjatte-delen-joakim-frederiksen\/","og_site_name":"Svenska Budo &amp; Kampsportsf\u00f6rbundet","article_author":"https:\/\/www.facebook.com\/jonathan.broberg.7","article_published_time":"2011-12-16T13:04:11+00:00","article_modified_time":"2016-12-06T21:33:56+00:00","og_image":[{"url":"http:\/\/www.budokampsport.se\/sites\/default\/files\/herrlaget.gif","type":"","width":"","height":""}],"author":"Jonathan Broberg","twitter_card":"summary_large_image","twitter_misc":{"Skriven av":"Jonathan Broberg","Ber\u00e4knad l\u00e4stid":"2 minuter"},"schema":{"@context":"https:\/\/schema.org","@graph":[{"@type":"Article","@id":"https:\/\/www.budokampsport.se\/2011\/12\/16\/sa-firar-guldmedaljorerna-jul-sjatte-delen-joakim-frederiksen\/#article","isPartOf":{"@id":"https:\/\/www.budokampsport.se\/2011\/12\/16\/sa-firar-guldmedaljorerna-jul-sjatte-delen-joakim-frederiksen\/"},"author":{"name":"Jonathan Broberg","@id":"https:\/\/www.budokampsport.se\/#\/schema\/person\/5c06d81d14850e2a8ce5493386560145"},"headline":"S\u00e5 firar guldmedalj\u00f6rerna jul \u2013 sj\u00e4tte delen, Joakim Frederiksen","datePublished":"2011-12-16T13:04:11+00:00","dateModified":"2016-12-06T21:33:56+00:00","mainEntityOfPage":{"@id":"https:\/\/www.budokampsport.se\/2011\/12\/16\/sa-firar-guldmedaljorerna-jul-sjatte-delen-joakim-frederiksen\/"},"wordCount":493,"image":{"@id":"https:\/\/www.budokampsport.se\/2011\/12\/16\/sa-firar-guldmedaljorerna-jul-sjatte-delen-joakim-frederiksen\/#primaryimage"},"thumbnailUrl":"http:\/\/www.budokampsport.se\/sites\/default\/files\/herrlaget.gif","inLanguage":"sv-SE"},{"@type":"WebPage","@id":"https:\/\/www.budokampsport.se\/2011\/12\/16\/sa-firar-guldmedaljorerna-jul-sjatte-delen-joakim-frederiksen\/","url":"https:\/\/www.budokampsport.se\/2011\/12\/16\/sa-firar-guldmedaljorerna-jul-sjatte-delen-joakim-frederiksen\/","name":"S\u00e5 firar guldmedalj\u00f6rerna jul \u2013 sj\u00e4tte delen, Joakim Frederiksen - Svenska Budo &amp; Kampsportsf\u00f6rbundet","isPartOf":{"@id":"https:\/\/www.budokampsport.se\/#website"},"primaryImageOfPage":{"@id":"https:\/\/www.budokampsport.se\/2011\/12\/16\/sa-firar-guldmedaljorerna-jul-sjatte-delen-joakim-frederiksen\/#primaryimage"},"image":{"@id":"https:\/\/www.budokampsport.se\/2011\/12\/16\/sa-firar-guldmedaljorerna-jul-sjatte-delen-joakim-frederiksen\/#primaryimage"},"thumbnailUrl":"http:\/\/www.budokampsport.se\/sites\/default\/files\/herrlaget.gif","datePublished":"2011-12-16T13:04:11+00:00","dateModified":"2016-12-06T21:33:56+00:00","author":{"@id":"https:\/\/www.budokampsport.se\/#\/schema\/person\/5c06d81d14850e2a8ce5493386560145"},"description":"Budokampsport.se forts\u00e4tter sin nedr\u00e4kning inf\u00f6r jul med en artikelserie om v\u00e5ra m\u00e4stare och m\u00e4starinnor under \u00e5ret, f\u00f6r att se vad de ska pyssla med under jul och ny\u00e5r. Vi har redan kollat julk\u00e4nslorna med fem av v\u00e5ra guldmedalj\u00f6rer, nu st\u00e4mmer vi av julplanerna med Europam\u00e4staren i taido (lagjissen) Joakim Frederiksen.","breadcrumb":{"@id":"https:\/\/www.budokampsport.se\/2011\/12\/16\/sa-firar-guldmedaljorerna-jul-sjatte-delen-joakim-frederiksen\/#breadcrumb"},"inLanguage":"sv-SE","potentialAction":[{"@type":"ReadAction","target":["https:\/\/www.budokampsport.se\/2011\/12\/16\/sa-firar-guldmedaljorerna-jul-sjatte-delen-joakim-frederiksen\/"]}]},{"@type":"ImageObject","inLanguage":"sv-SE","@id":"https:\/\/www.budokampsport.se\/2011\/12\/16\/sa-firar-guldmedaljorerna-jul-sjatte-delen-joakim-frederiksen\/#primaryimage","url":"http:\/\/www.budokampsport.se\/sites\/default\/files\/herrlaget.gif","contentUrl":"http:\/\/www.budokampsport.se\/sites\/default\/files\/herrlaget.gif"},{"@type":"BreadcrumbList","@id":"https:\/\/www.budokampsport.se\/2011\/12\/16\/sa-firar-guldmedaljorerna-jul-sjatte-delen-joakim-frederiksen\/#breadcrumb","itemListElement":[{"@type":"ListItem","position":1,"name":"Hem","item":"https:\/\/www.budokampsport.se\/"},{"@type":"ListItem","position":2,"name":"S\u00e5 firar guldmedalj\u00f6rerna jul \u2013 sj\u00e4tte delen, Joakim Frederiksen"}]},{"@type":"WebSite","@id":"https:\/\/www.budokampsport.se\/#website","url":"https:\/\/www.budokampsport.se\/","name":"Svenska Budo &amp; Kampsportsf\u00f6rbundet","description":"T\u00e4vling, Tr\u00e4ning, Tradition","potentialAction":[{"@type":"SearchAction","target":{"@type":"EntryPoint","urlTemplate":"https:\/\/www.budokampsport.se\/?s={search_term_string}"},"query-input":{"@type":"PropertyValueSpecification","valueRequired":true,"valueName":"search_term_string"}}],"inLanguage":"sv-SE"},{"@type":"Person","@id":"https:\/\/www.budokampsport.se\/#\/schema\/person\/5c06d81d14850e2a8ce5493386560145","name":"Jonathan Broberg","image":{"@type":"ImageObject","inLanguage":"sv-SE","@id":"https:\/\/www.budokampsport.se\/#\/schema\/person\/image\/","url":"https:\/\/secure.gravatar.com\/avatar\/a58041c6cea9128bd9c40ee2f26d4136?s=96&d=blank&r=g","contentUrl":"https:\/\/secure.gravatar.com\/avatar\/a58041c6cea9128bd9c40ee2f26d4136?s=96&d=blank&r=g","caption":"Jonathan Broberg"},"sameAs":["https:\/\/www.facebook.com\/jonathan.broberg.7"],"url":"https:\/\/www.budokampsport.se\/author\/jonathan\/"}]}},"_links":{"self":[{"href":"https:\/\/www.budokampsport.se\/api\/wp\/v2\/posts\/4049","targetHints":{"allow":["GET"]}}],"collection":[{"href":"https:\/\/www.budokampsport.se\/api\/wp\/v2\/posts"}],"about":[{"href":"https:\/\/www.budokampsport.se\/api\/wp\/v2\/types\/post"}],"author":[{"embeddable":true,"href":"https:\/\/www.budokampsport.se\/api\/wp\/v2\/users\/7"}],"replies":[{"embeddable":true,"href":"https:\/\/www.budokampsport.se\/api\/wp\/v2\/comments?post=4049"}],"version-history":[{"count":0,"href":"https:\/\/www.budokampsport.se\/api\/wp\/v2\/posts\/4049\/revisions"}],"wp:attachment":[{"href":"https:\/\/www.budokampsport.se\/api\/wp\/v2\/media?parent=4049"}],"wp:term":[{"taxonomy":"category","embeddable":true,"href":"https:\/\/www.budokampsport.se\/api\/wp\/v2\/categories?post=4049"},{"taxonomy":"post_tag","embeddable":true,"href":"https:\/\/www.budokampsport.se\/api\/wp\/v2\/tags?post=4049"}],"curies":[{"name":"wp","href":"https:\/\/api.w.org\/{rel}","templated":true}]}}