{"id":4053,"date":"2011-12-19T14:13:59","date_gmt":"2011-12-19T13:13:59","guid":{"rendered":"http:\/\/budo.wordpress.dev\/2011\/12\/19\/sa-firar-guldmedaljorerna-jul-attonde-delen-therese-gunnarsson\/"},"modified":"2016-12-06T22:33:57","modified_gmt":"2016-12-06T21:33:57","slug":"sa-firar-guldmedaljorerna-jul-attonde-delen-therese-gunnarsson","status":"publish","type":"post","link":"https:\/\/www.budokampsport.se\/2011\/12\/19\/sa-firar-guldmedaljorerna-jul-attonde-delen-therese-gunnarsson\/","title":{"rendered":"S\u00e5 firar guldmedalj\u00f6rerna jul \u2013 \u00e5ttonde delen, Therese Gunnarsson"},"content":{"rendered":"<p><strong>Budokampsport.se forts\u00e4tter sin nedr\u00e4kning inf\u00f6r jul med en artikelserie om v\u00e5ra m\u00e4stare och m\u00e4starinnor under \u00e5ret, f\u00f6r att se vad de ska pyssla med under jul och ny\u00e5r. Vi har redan kollat julk\u00e4nslorna med sju av v\u00e5ra guldmedalj\u00f6rer, nu st\u00e4mmer vi av julplanerna med v\u00e4rldsm\u00e4starinnan i kickboxning Therese Gunnarsson.<!--break--><\/strong><\/p>\n<p>Therese Gunnarsson var b\u00e5de en skr\u00e4ll under VM, fast \u00e4nd\u00e5 inte. Ett minst sagt kontrastfyllt \u00e5r slutade i dur \u2013 och p\u00e5 vilket s\u00e4tt sedan. Men i b\u00f6rjan av \u00e5ret k\u00e4ndes en VM-satsning som en horisontell dr\u00f6m. Therese br\u00f6t armen \u2013 tv\u00e5 g\u00e5nger om \u2013 och tvingades motvilligt till vila och rehab under hela v\u00e5ren och sommaren. VM i Makedonien var \u00e4nd\u00e5 hennes sikte hela tiden och \u00e4ven om tvivlare fanns, var Therese m\u00e5lmedveten och sugen som kanske aldrig f\u00f6rr. N\u00e4r sedan VM startade var det som vanligt. Gunnarsson \u00e4r en slow-starter, f\u00f6r att sedan accelerera i sista ronden. M\u00f6nstret upprepade sig g\u00e5ng efter annan \u2013 och i finalen var det som mest synbart. Gunnarsson l\u00e5g efter och gick f\u00f6r fullt i sista ronden mot den sv\u00e5ra turkiskan Koblay. Ett par magiska sekunder, ett par r\u00f6relser av h\u00f6gsta klass och Gunnarsson fick in en klassisk avslutning \u2013 en spark, och en knock. I sista ronden. I en VM-final. Jo, det finns s\u00e4tt att vinna VM-guld p\u00e5 och s\u00e5 finns det andra s\u00e4tt\u2026<\/p>\n<p><strong>Om du ser tillbaka p\u00e5 2011, hur har det \u00e5ret varit f\u00f6r dig b\u00e5de personligt och idrottsligt?<\/strong><br \/>\u00a0\u00a0 &#8211; Det har varit ett r\u00e4tt tufft \u00e5r f\u00f6r mig idrottsligt eftersom jag br\u00f6t armen tv\u00e5 g\u00e5nger detta \u00e5ret, men det andra halv\u00e5ret fick jag revanch i form av ett mycket efterl\u00e4ngtat guld i VM i K1 kickboxning. Privat har det varit ett r\u00e4tt s\u00e5 bra \u00e5r eftersom jag tog h\u00f6gskoleexamen och fick ett jobb som jag trivts mycket bra med. Mina v\u00e4nner och min familj har som vanligt funnits vid min sida och f\u00f6rgyllt mitt liv.<\/p>\n<p><strong>Hur kommer du att fira julen?<\/strong><br \/>\u00a0\u00a0 &#8211; Jag kommer att fira med min familj b\u00e5de lillejulafton och julafton, kanske att en och annan v\u00e4n h\u00e4nger p\u00e5 och firar med min familj.<\/p>\n<p><strong><img decoding=\"async\" alt=\"\" src=\"http:\/\/www.budokampsport.se\/sites\/default\/files\/therese.gif\" style=\"height:208px; width:435px\"><\/p>\n<p>Vad \u00f6nskar du dig mest av allt i julklapp?<\/strong><br \/>\u00a0\u00a0 &#8211; Jag \u00e4lskar att ge presenter men inte n\u00e4r man k\u00e4nner ett tv\u00e5ng s\u00e5 d\u00e4rf\u00f6r kommer jag varken att ge eller f\u00e5 n\u00e5gra julklappar.<\/p>\n<p><strong>Har du n\u00e5got ny\u00e5rsl\u00f6fte, i s\u00e5 fall vad och varf\u00f6r?<\/strong><br \/>\u00a0\u00a0 &#8211; Bara att jag ska f\u00f6rs\u00f6ka fortsatta att tanka positivt och endast omge mig med m\u00e4nniskor som vill mig och andra gott.<\/p>\n<p><strong>Om du blickar fram mot 2012, vad tror du om det \u00e5ret b\u00e5de personligt och idrottsligt?<\/strong><br \/>\u00a0\u00a0 &#8211; Idrottsligt tror och hoppas jag att det kommer att bli ett kanon\u00e5r. Jag \u00e4r j\u00e4ttepeppad att g\u00e5 m\u00e5nga matcher och utmana mig sj\u00e4lv som fighter. Personligen tror jag ocks\u00e5 det kommer att bli bra. Jag har f\u00e5tt ett nytt jobb som jag b\u00f6rjar p\u00e5 efter ny\u00e5r som jag tror kommer bli grymt kul.<\/p>\n<p>Svenska Budo &#038; Kampsportsf\u00f6rbundet \u00f6nskar s\u00e5 klart Therese Gunnarsson en riktigt god jul och ett gott nytt \u00e5r!<\/p>\n<p><em><strong>N\u00e4sta guldmedalj\u00f6r ut i artikelserien blir taidolandslagets sprattelgubbe och EM-m\u00e4stare Sylvester Sandin.<\/strong><\/em><\/p>\n<p><strong>Tidigare artiklar i serien<\/strong><br \/>Karin Edenius (kickboxning)<br \/>Mats Nilsson (submission wrestling)<br \/>Daniel Andersson (taido)<br \/>Sanja Trbojevic (thaiboxning)<br \/>Mikael Knutsson (submission wrestling)<br \/>Joakim Frederiksen (taido)<br \/>Sara Widgren (ju jutsu)<\/p>\n<p>Text: Jonathan Broberg<\/p>\n","protected":false},"excerpt":{"rendered":"<p><strong>Budokampsport.se forts\u00e4tter sin nedr\u00e4kning inf\u00f6r jul med en artikelserie om v\u00e5ra m\u00e4stare och m\u00e4starinnor under \u00e5ret, f\u00f6r att se vad de ska pyssla med under jul och ny\u00e5r. Vi har redan kollat julk\u00e4nslorna med sju av v\u00e5ra guldmedalj\u00f6rer, nu st\u00e4mmer vi av julplanerna med v\u00e4rldsm\u00e4starinnan i kickboxning Therese Gunnarsson.<\/p><br>","protected":false},"author":7,"featured_media":0,"comment_status":"closed","ping_status":"closed","sticky":false,"template":"","format":"standard","meta":{"_acf_changed":false,"footnotes":""},"categories":[1],"tags":[],"class_list":["post-4053","post","type-post","status-publish","format-standard","hentry","category-okategoriserade"],"acf":[],"yoast_head":"<!-- This site is optimized with the Yoast SEO plugin v26.8 - https:\/\/yoast.com\/product\/yoast-seo-wordpress\/ -->\n<title>S\u00e5 firar guldmedalj\u00f6rerna jul \u2013 \u00e5ttonde delen, Therese Gunnarsson - Svenska Budo &amp; Kampsportsf\u00f6rbundet<\/title>\n<meta name=\"description\" content=\"Budokampsport.se forts\u00e4tter sin nedr\u00e4kning inf\u00f6r jul med en artikelserie om v\u00e5ra m\u00e4stare och m\u00e4starinnor under \u00e5ret, f\u00f6r att se vad de ska pyssla med under jul och ny\u00e5r. Vi har redan kollat julk\u00e4nslorna med sju av v\u00e5ra guldmedalj\u00f6rer, nu st\u00e4mmer vi av julplanerna med v\u00e4rldsm\u00e4starinnan i kickboxning Therese Gunnarsson.\" \/>\n<meta name=\"robots\" content=\"index, follow, max-snippet:-1, max-image-preview:large, max-video-preview:-1\" \/>\n<link rel=\"canonical\" href=\"https:\/\/www.budokampsport.se\/2011\/12\/19\/sa-firar-guldmedaljorerna-jul-attonde-delen-therese-gunnarsson\/\" \/>\n<meta property=\"og:locale\" content=\"sv_SE\" \/>\n<meta property=\"og:type\" content=\"article\" \/>\n<meta property=\"og:title\" content=\"S\u00e5 firar guldmedalj\u00f6rerna jul \u2013 \u00e5ttonde delen, Therese Gunnarsson - Svenska Budo &amp; Kampsportsf\u00f6rbundet\" \/>\n<meta property=\"og:description\" content=\"Budokampsport.se forts\u00e4tter sin nedr\u00e4kning inf\u00f6r jul med en artikelserie om v\u00e5ra m\u00e4stare och m\u00e4starinnor under \u00e5ret, f\u00f6r att se vad de ska pyssla med under jul och ny\u00e5r. Vi har redan kollat julk\u00e4nslorna med sju av v\u00e5ra guldmedalj\u00f6rer, nu st\u00e4mmer vi av julplanerna med v\u00e4rldsm\u00e4starinnan i kickboxning Therese Gunnarsson.\" \/>\n<meta property=\"og:url\" content=\"https:\/\/www.budokampsport.se\/2011\/12\/19\/sa-firar-guldmedaljorerna-jul-attonde-delen-therese-gunnarsson\/\" \/>\n<meta property=\"og:site_name\" content=\"Svenska Budo &amp; Kampsportsf\u00f6rbundet\" \/>\n<meta property=\"article:author\" content=\"https:\/\/www.facebook.com\/jonathan.broberg.7\" \/>\n<meta property=\"article:published_time\" content=\"2011-12-19T13:13:59+00:00\" \/>\n<meta property=\"article:modified_time\" content=\"2016-12-06T21:33:57+00:00\" \/>\n<meta property=\"og:image\" content=\"http:\/\/www.budokampsport.se\/sites\/default\/files\/therese.gif\" \/>\n<meta name=\"author\" content=\"Jonathan Broberg\" \/>\n<meta name=\"twitter:card\" content=\"summary_large_image\" \/>\n<meta name=\"twitter:label1\" content=\"Skriven av\" \/>\n\t<meta name=\"twitter:data1\" content=\"Jonathan Broberg\" \/>\n\t<meta name=\"twitter:label2\" content=\"Ber\u00e4knad l\u00e4stid\" \/>\n\t<meta name=\"twitter:data2\" content=\"3 minuter\" \/>\n<script type=\"application\/ld+json\" class=\"yoast-schema-graph\">{\"@context\":\"https:\/\/schema.org\",\"@graph\":[{\"@type\":\"Article\",\"@id\":\"https:\/\/www.budokampsport.se\/2011\/12\/19\/sa-firar-guldmedaljorerna-jul-attonde-delen-therese-gunnarsson\/#article\",\"isPartOf\":{\"@id\":\"https:\/\/www.budokampsport.se\/2011\/12\/19\/sa-firar-guldmedaljorerna-jul-attonde-delen-therese-gunnarsson\/\"},\"author\":{\"name\":\"Jonathan Broberg\",\"@id\":\"https:\/\/www.budokampsport.se\/#\/schema\/person\/5c06d81d14850e2a8ce5493386560145\"},\"headline\":\"S\u00e5 firar guldmedalj\u00f6rerna jul \u2013 \u00e5ttonde delen, Therese Gunnarsson\",\"datePublished\":\"2011-12-19T13:13:59+00:00\",\"dateModified\":\"2016-12-06T21:33:57+00:00\",\"mainEntityOfPage\":{\"@id\":\"https:\/\/www.budokampsport.se\/2011\/12\/19\/sa-firar-guldmedaljorerna-jul-attonde-delen-therese-gunnarsson\/\"},\"wordCount\":620,\"image\":{\"@id\":\"https:\/\/www.budokampsport.se\/2011\/12\/19\/sa-firar-guldmedaljorerna-jul-attonde-delen-therese-gunnarsson\/#primaryimage\"},\"thumbnailUrl\":\"http:\/\/www.budokampsport.se\/sites\/default\/files\/therese.gif\",\"inLanguage\":\"sv-SE\"},{\"@type\":\"WebPage\",\"@id\":\"https:\/\/www.budokampsport.se\/2011\/12\/19\/sa-firar-guldmedaljorerna-jul-attonde-delen-therese-gunnarsson\/\",\"url\":\"https:\/\/www.budokampsport.se\/2011\/12\/19\/sa-firar-guldmedaljorerna-jul-attonde-delen-therese-gunnarsson\/\",\"name\":\"S\u00e5 firar guldmedalj\u00f6rerna jul \u2013 \u00e5ttonde delen, Therese Gunnarsson - Svenska Budo &amp; Kampsportsf\u00f6rbundet\",\"isPartOf\":{\"@id\":\"https:\/\/www.budokampsport.se\/#website\"},\"primaryImageOfPage\":{\"@id\":\"https:\/\/www.budokampsport.se\/2011\/12\/19\/sa-firar-guldmedaljorerna-jul-attonde-delen-therese-gunnarsson\/#primaryimage\"},\"image\":{\"@id\":\"https:\/\/www.budokampsport.se\/2011\/12\/19\/sa-firar-guldmedaljorerna-jul-attonde-delen-therese-gunnarsson\/#primaryimage\"},\"thumbnailUrl\":\"http:\/\/www.budokampsport.se\/sites\/default\/files\/therese.gif\",\"datePublished\":\"2011-12-19T13:13:59+00:00\",\"dateModified\":\"2016-12-06T21:33:57+00:00\",\"author\":{\"@id\":\"https:\/\/www.budokampsport.se\/#\/schema\/person\/5c06d81d14850e2a8ce5493386560145\"},\"description\":\"Budokampsport.se forts\u00e4tter sin nedr\u00e4kning inf\u00f6r jul med en artikelserie om v\u00e5ra m\u00e4stare och m\u00e4starinnor under \u00e5ret, f\u00f6r att se vad de ska pyssla med under jul och ny\u00e5r. Vi har redan kollat julk\u00e4nslorna med sju av v\u00e5ra guldmedalj\u00f6rer, nu st\u00e4mmer vi av julplanerna med v\u00e4rldsm\u00e4starinnan i kickboxning Therese Gunnarsson.\",\"breadcrumb\":{\"@id\":\"https:\/\/www.budokampsport.se\/2011\/12\/19\/sa-firar-guldmedaljorerna-jul-attonde-delen-therese-gunnarsson\/#breadcrumb\"},\"inLanguage\":\"sv-SE\",\"potentialAction\":[{\"@type\":\"ReadAction\",\"target\":[\"https:\/\/www.budokampsport.se\/2011\/12\/19\/sa-firar-guldmedaljorerna-jul-attonde-delen-therese-gunnarsson\/\"]}]},{\"@type\":\"ImageObject\",\"inLanguage\":\"sv-SE\",\"@id\":\"https:\/\/www.budokampsport.se\/2011\/12\/19\/sa-firar-guldmedaljorerna-jul-attonde-delen-therese-gunnarsson\/#primaryimage\",\"url\":\"http:\/\/www.budokampsport.se\/sites\/default\/files\/therese.gif\",\"contentUrl\":\"http:\/\/www.budokampsport.se\/sites\/default\/files\/therese.gif\"},{\"@type\":\"BreadcrumbList\",\"@id\":\"https:\/\/www.budokampsport.se\/2011\/12\/19\/sa-firar-guldmedaljorerna-jul-attonde-delen-therese-gunnarsson\/#breadcrumb\",\"itemListElement\":[{\"@type\":\"ListItem\",\"position\":1,\"name\":\"Hem\",\"item\":\"https:\/\/www.budokampsport.se\/\"},{\"@type\":\"ListItem\",\"position\":2,\"name\":\"S\u00e5 firar guldmedalj\u00f6rerna jul \u2013 \u00e5ttonde delen, Therese Gunnarsson\"}]},{\"@type\":\"WebSite\",\"@id\":\"https:\/\/www.budokampsport.se\/#website\",\"url\":\"https:\/\/www.budokampsport.se\/\",\"name\":\"Svenska Budo &amp; Kampsportsf\u00f6rbundet\",\"description\":\"T\u00e4vling, Tr\u00e4ning, Tradition\",\"potentialAction\":[{\"@type\":\"SearchAction\",\"target\":{\"@type\":\"EntryPoint\",\"urlTemplate\":\"https:\/\/www.budokampsport.se\/?s={search_term_string}\"},\"query-input\":{\"@type\":\"PropertyValueSpecification\",\"valueRequired\":true,\"valueName\":\"search_term_string\"}}],\"inLanguage\":\"sv-SE\"},{\"@type\":\"Person\",\"@id\":\"https:\/\/www.budokampsport.se\/#\/schema\/person\/5c06d81d14850e2a8ce5493386560145\",\"name\":\"Jonathan Broberg\",\"image\":{\"@type\":\"ImageObject\",\"inLanguage\":\"sv-SE\",\"@id\":\"https:\/\/www.budokampsport.se\/#\/schema\/person\/image\/\",\"url\":\"https:\/\/secure.gravatar.com\/avatar\/a58041c6cea9128bd9c40ee2f26d4136?s=96&d=blank&r=g\",\"contentUrl\":\"https:\/\/secure.gravatar.com\/avatar\/a58041c6cea9128bd9c40ee2f26d4136?s=96&d=blank&r=g\",\"caption\":\"Jonathan Broberg\"},\"sameAs\":[\"https:\/\/www.facebook.com\/jonathan.broberg.7\"],\"url\":\"https:\/\/www.budokampsport.se\/author\/jonathan\/\"}]}<\/script>\n<!-- \/ Yoast SEO plugin. -->","yoast_head_json":{"title":"S\u00e5 firar guldmedalj\u00f6rerna jul \u2013 \u00e5ttonde delen, Therese Gunnarsson - Svenska Budo &amp; Kampsportsf\u00f6rbundet","description":"Budokampsport.se forts\u00e4tter sin nedr\u00e4kning inf\u00f6r jul med en artikelserie om v\u00e5ra m\u00e4stare och m\u00e4starinnor under \u00e5ret, f\u00f6r att se vad de ska pyssla med under jul och ny\u00e5r. Vi har redan kollat julk\u00e4nslorna med sju av v\u00e5ra guldmedalj\u00f6rer, nu st\u00e4mmer vi av julplanerna med v\u00e4rldsm\u00e4starinnan i kickboxning Therese Gunnarsson.","robots":{"index":"index","follow":"follow","max-snippet":"max-snippet:-1","max-image-preview":"max-image-preview:large","max-video-preview":"max-video-preview:-1"},"canonical":"https:\/\/www.budokampsport.se\/2011\/12\/19\/sa-firar-guldmedaljorerna-jul-attonde-delen-therese-gunnarsson\/","og_locale":"sv_SE","og_type":"article","og_title":"S\u00e5 firar guldmedalj\u00f6rerna jul \u2013 \u00e5ttonde delen, Therese Gunnarsson - Svenska Budo &amp; Kampsportsf\u00f6rbundet","og_description":"Budokampsport.se forts\u00e4tter sin nedr\u00e4kning inf\u00f6r jul med en artikelserie om v\u00e5ra m\u00e4stare och m\u00e4starinnor under \u00e5ret, f\u00f6r att se vad de ska pyssla med under jul och ny\u00e5r. Vi har redan kollat julk\u00e4nslorna med sju av v\u00e5ra guldmedalj\u00f6rer, nu st\u00e4mmer vi av julplanerna med v\u00e4rldsm\u00e4starinnan i kickboxning Therese Gunnarsson.","og_url":"https:\/\/www.budokampsport.se\/2011\/12\/19\/sa-firar-guldmedaljorerna-jul-attonde-delen-therese-gunnarsson\/","og_site_name":"Svenska Budo &amp; Kampsportsf\u00f6rbundet","article_author":"https:\/\/www.facebook.com\/jonathan.broberg.7","article_published_time":"2011-12-19T13:13:59+00:00","article_modified_time":"2016-12-06T21:33:57+00:00","og_image":[{"url":"http:\/\/www.budokampsport.se\/sites\/default\/files\/therese.gif","type":"","width":"","height":""}],"author":"Jonathan Broberg","twitter_card":"summary_large_image","twitter_misc":{"Skriven av":"Jonathan Broberg","Ber\u00e4knad l\u00e4stid":"3 minuter"},"schema":{"@context":"https:\/\/schema.org","@graph":[{"@type":"Article","@id":"https:\/\/www.budokampsport.se\/2011\/12\/19\/sa-firar-guldmedaljorerna-jul-attonde-delen-therese-gunnarsson\/#article","isPartOf":{"@id":"https:\/\/www.budokampsport.se\/2011\/12\/19\/sa-firar-guldmedaljorerna-jul-attonde-delen-therese-gunnarsson\/"},"author":{"name":"Jonathan Broberg","@id":"https:\/\/www.budokampsport.se\/#\/schema\/person\/5c06d81d14850e2a8ce5493386560145"},"headline":"S\u00e5 firar guldmedalj\u00f6rerna jul \u2013 \u00e5ttonde delen, Therese Gunnarsson","datePublished":"2011-12-19T13:13:59+00:00","dateModified":"2016-12-06T21:33:57+00:00","mainEntityOfPage":{"@id":"https:\/\/www.budokampsport.se\/2011\/12\/19\/sa-firar-guldmedaljorerna-jul-attonde-delen-therese-gunnarsson\/"},"wordCount":620,"image":{"@id":"https:\/\/www.budokampsport.se\/2011\/12\/19\/sa-firar-guldmedaljorerna-jul-attonde-delen-therese-gunnarsson\/#primaryimage"},"thumbnailUrl":"http:\/\/www.budokampsport.se\/sites\/default\/files\/therese.gif","inLanguage":"sv-SE"},{"@type":"WebPage","@id":"https:\/\/www.budokampsport.se\/2011\/12\/19\/sa-firar-guldmedaljorerna-jul-attonde-delen-therese-gunnarsson\/","url":"https:\/\/www.budokampsport.se\/2011\/12\/19\/sa-firar-guldmedaljorerna-jul-attonde-delen-therese-gunnarsson\/","name":"S\u00e5 firar guldmedalj\u00f6rerna jul \u2013 \u00e5ttonde delen, Therese Gunnarsson - Svenska Budo &amp; Kampsportsf\u00f6rbundet","isPartOf":{"@id":"https:\/\/www.budokampsport.se\/#website"},"primaryImageOfPage":{"@id":"https:\/\/www.budokampsport.se\/2011\/12\/19\/sa-firar-guldmedaljorerna-jul-attonde-delen-therese-gunnarsson\/#primaryimage"},"image":{"@id":"https:\/\/www.budokampsport.se\/2011\/12\/19\/sa-firar-guldmedaljorerna-jul-attonde-delen-therese-gunnarsson\/#primaryimage"},"thumbnailUrl":"http:\/\/www.budokampsport.se\/sites\/default\/files\/therese.gif","datePublished":"2011-12-19T13:13:59+00:00","dateModified":"2016-12-06T21:33:57+00:00","author":{"@id":"https:\/\/www.budokampsport.se\/#\/schema\/person\/5c06d81d14850e2a8ce5493386560145"},"description":"Budokampsport.se forts\u00e4tter sin nedr\u00e4kning inf\u00f6r jul med en artikelserie om v\u00e5ra m\u00e4stare och m\u00e4starinnor under \u00e5ret, f\u00f6r att se vad de ska pyssla med under jul och ny\u00e5r. Vi har redan kollat julk\u00e4nslorna med sju av v\u00e5ra guldmedalj\u00f6rer, nu st\u00e4mmer vi av julplanerna med v\u00e4rldsm\u00e4starinnan i kickboxning Therese Gunnarsson.","breadcrumb":{"@id":"https:\/\/www.budokampsport.se\/2011\/12\/19\/sa-firar-guldmedaljorerna-jul-attonde-delen-therese-gunnarsson\/#breadcrumb"},"inLanguage":"sv-SE","potentialAction":[{"@type":"ReadAction","target":["https:\/\/www.budokampsport.se\/2011\/12\/19\/sa-firar-guldmedaljorerna-jul-attonde-delen-therese-gunnarsson\/"]}]},{"@type":"ImageObject","inLanguage":"sv-SE","@id":"https:\/\/www.budokampsport.se\/2011\/12\/19\/sa-firar-guldmedaljorerna-jul-attonde-delen-therese-gunnarsson\/#primaryimage","url":"http:\/\/www.budokampsport.se\/sites\/default\/files\/therese.gif","contentUrl":"http:\/\/www.budokampsport.se\/sites\/default\/files\/therese.gif"},{"@type":"BreadcrumbList","@id":"https:\/\/www.budokampsport.se\/2011\/12\/19\/sa-firar-guldmedaljorerna-jul-attonde-delen-therese-gunnarsson\/#breadcrumb","itemListElement":[{"@type":"ListItem","position":1,"name":"Hem","item":"https:\/\/www.budokampsport.se\/"},{"@type":"ListItem","position":2,"name":"S\u00e5 firar guldmedalj\u00f6rerna jul \u2013 \u00e5ttonde delen, Therese Gunnarsson"}]},{"@type":"WebSite","@id":"https:\/\/www.budokampsport.se\/#website","url":"https:\/\/www.budokampsport.se\/","name":"Svenska Budo &amp; Kampsportsf\u00f6rbundet","description":"T\u00e4vling, Tr\u00e4ning, Tradition","potentialAction":[{"@type":"SearchAction","target":{"@type":"EntryPoint","urlTemplate":"https:\/\/www.budokampsport.se\/?s={search_term_string}"},"query-input":{"@type":"PropertyValueSpecification","valueRequired":true,"valueName":"search_term_string"}}],"inLanguage":"sv-SE"},{"@type":"Person","@id":"https:\/\/www.budokampsport.se\/#\/schema\/person\/5c06d81d14850e2a8ce5493386560145","name":"Jonathan Broberg","image":{"@type":"ImageObject","inLanguage":"sv-SE","@id":"https:\/\/www.budokampsport.se\/#\/schema\/person\/image\/","url":"https:\/\/secure.gravatar.com\/avatar\/a58041c6cea9128bd9c40ee2f26d4136?s=96&d=blank&r=g","contentUrl":"https:\/\/secure.gravatar.com\/avatar\/a58041c6cea9128bd9c40ee2f26d4136?s=96&d=blank&r=g","caption":"Jonathan Broberg"},"sameAs":["https:\/\/www.facebook.com\/jonathan.broberg.7"],"url":"https:\/\/www.budokampsport.se\/author\/jonathan\/"}]}},"_links":{"self":[{"href":"https:\/\/www.budokampsport.se\/api\/wp\/v2\/posts\/4053","targetHints":{"allow":["GET"]}}],"collection":[{"href":"https:\/\/www.budokampsport.se\/api\/wp\/v2\/posts"}],"about":[{"href":"https:\/\/www.budokampsport.se\/api\/wp\/v2\/types\/post"}],"author":[{"embeddable":true,"href":"https:\/\/www.budokampsport.se\/api\/wp\/v2\/users\/7"}],"replies":[{"embeddable":true,"href":"https:\/\/www.budokampsport.se\/api\/wp\/v2\/comments?post=4053"}],"version-history":[{"count":0,"href":"https:\/\/www.budokampsport.se\/api\/wp\/v2\/posts\/4053\/revisions"}],"wp:attachment":[{"href":"https:\/\/www.budokampsport.se\/api\/wp\/v2\/media?parent=4053"}],"wp:term":[{"taxonomy":"category","embeddable":true,"href":"https:\/\/www.budokampsport.se\/api\/wp\/v2\/categories?post=4053"},{"taxonomy":"post_tag","embeddable":true,"href":"https:\/\/www.budokampsport.se\/api\/wp\/v2\/tags?post=4053"}],"curies":[{"name":"wp","href":"https:\/\/api.w.org\/{rel}","templated":true}]}}