{"id":4059,"date":"2011-12-22T16:53:28","date_gmt":"2011-12-22T15:53:28","guid":{"rendered":"http:\/\/budo.wordpress.dev\/2011\/12\/22\/sa-firar-guldmedaljorerna-jul-tionde-delen-elina-nilsson\/"},"modified":"2016-12-06T22:33:58","modified_gmt":"2016-12-06T21:33:58","slug":"sa-firar-guldmedaljorerna-jul-tionde-delen-elina-nilsson","status":"publish","type":"post","link":"https:\/\/www.budokampsport.se\/2011\/12\/22\/sa-firar-guldmedaljorerna-jul-tionde-delen-elina-nilsson\/","title":{"rendered":"S\u00e5 firar guldmedalj\u00f6rerna jul \u2013 tionde delen, Elina Nilsson"},"content":{"rendered":"<p><strong>Budokampsport.se forts\u00e4tter sin nedr\u00e4kning inf\u00f6r jul med en artikelserie om v\u00e5ra m\u00e4stare och m\u00e4starinnor under \u00e5ret, f\u00f6r att se vad de ska pyssla med under jul och ny\u00e5r. Vi har redan kollat julk\u00e4nslorna med nio av v\u00e5ra guldmedalj\u00f6rer, nu st\u00e4mmer vi av julplanerna med v\u00e4rldsm\u00e4starinnan i thaiboxning Elina Nilsson.<!--break--><\/strong><\/p>\n<p>Den Stockholmsinflyttade polisstudenten Elina Nilsson har varit med l\u00e4nge nu. Aldrig f\u00f6rr har hon st\u00e5tt \u00f6verst p\u00e5 en VM-prispall. Men under ett par magiska dagar i Uzbekistan f\u00f6r\u00e4ndrades allt. Nilsson, vars thaiboxning f\u00f6ll v\u00e4l ut under VM, detroniserade allt motst\u00e5nd och fick tillslut sitt efterl\u00e4ngtade VM-guld. Nilsson har \u00e4ven under \u00e5ret tagit stora kliv fram\u00e5t i sin MMA-satsning och \u00e4r en av Sveriges tre kvinnliga proffsut\u00f6vare inom MMA.<\/p>\n<p><strong>Om du ser tillbaka p\u00e5 2011, hur har det \u00e5ret varit f\u00f6r dig b\u00e5de personligt och idrottsligt?<\/strong><br \/>\u00a0\u00a0 &#8211; Jag har haft ett tufft men mycket bra och roligt \u00e5r. Jag har l\u00e4rt k\u00e4nna en ny stad, Stockholm, d\u00e5 mina studier sedan i b\u00f6rjan p\u00e5 2011 \u00e4r f\u00f6rlagda d\u00e4r. Jag har jobbat heltid och pluggat heltid och pendlat mellan tv\u00e5 st\u00e4der, min hemstad G\u00f6teborg och Stockholm, och d\u00e4remellan f\u00f6rs\u00f6kt kl\u00e4mma in en elitsatsning s\u00e5 det har varit v\u00e4ldigt tufft men med facit i hand s\u00e5 har jag lyckats riktigt bra med allt utom tr\u00e4ning och s\u00f6mn!<\/p>\n<p><strong>Hur kommer du att fira julen?<\/strong><br \/>\u00a0\u00a0 &#8211; Jag kommer fira julen i Stockholm tillsammans med systrar, sambos och syskonbarn. Jag skulle tro att vi kommer satsa p\u00e5 tr\u00e4ning, aktiviteter f\u00f6r barnen, lugna stunder, julmat, julklappar och en jultomte skall vi v\u00e4l ocks\u00e5 f\u00f6rs\u00f6ka tota ihop.<br \/>\u00a0\u00a0 &#8211; I \u00f6vrigt kommer det korta juluppeh\u00e5llet f\u00f6r min del handla om tr\u00e4ning inf\u00f6r n\u00e4sta s\u00e4song som startar direkt efter jul och ny\u00e5r, tid f\u00f6r \u00e5terh\u00e4mtning, jobb och studier f\u00f6r att vara on top n\u00e4r det nya \u00e5ret startar!<\/p>\n<p><strong>Vad \u00f6nskar du dig mest av allt i julklapp?<\/strong><br \/>\u00a0\u00a0 &#8211; Bortsett fr\u00e5n det sj\u00e4lvklara och alltid \u00f6nskv\u00e4rda i form av fred, lika r\u00e4ttigheter f\u00f6r sm\u00e5 som stora och resurser till beh\u00f6vande s\u00e5 \u00f6nskar jag mig en vit, mysig jul med massor av tid till tr\u00e4ning. En av mina favoritstunder under helgen \u00e4r filmatiseringen av Tomten av Viktor Rydberg.<\/p>\n<p><strong><img decoding=\"async\" alt=\"\" src=\"http:\/\/www.budokampsport.se\/sites\/default\/files\/elina_ett.jpg\" style=\"height:245px; width:430px\"><\/p>\n<p>Har du n\u00e5got ny\u00e5rsl\u00f6fte, i s\u00e5 fall vad och varf\u00f6r?<\/strong><br \/>\u00a0\u00a0 &#8211; Inget ny\u00e5rsl\u00f6fte. Vet inte om jag n\u00e5gonsin haft n\u00e5got?<\/p>\n<p><strong>Om du blickar fram mot 2012, vad tror du om det \u00e5ret b\u00e5de personligt och idrottsligt?<\/strong><br \/>\u00a0\u00a0 &#8211; Jag skulle g\u00e4rna se att 2011 blir en spr\u00e5ngbr\u00e4da in till det nya \u00e5ret. Hoppas p\u00e5 fortsatt utveckling fysiskt och tekniskt, jag hoppas p\u00e5 mycket mer tr\u00e4ning och att jag kan f\u00e5 ordning p\u00e5 det trots mycket \u00e5taganden och resor, regelbundna matcher och inspirerande utmaningar. Jag skall enligt planen bli klar med mina studier i Sthlm lagom till n\u00e4sta jul och jag \u00e4r s\u00e4ker p\u00e5 att jag under \u00e5ret kommer forts\u00e4tta l\u00e4ra mig mycket och ha v\u00e4ldigt roligt.<br \/>\u00a0\u00a0 &#8211; Jag hoppas ocks\u00e5 att kampsporten f\u00e5r fortsatt mer positiv mediabevakning, att alla som tycker det verkar sp\u00e4nnande och roligt med kampsport tar sig till en klubb och provar p\u00e5 och att alla fighters oavsett stil forts\u00e4tter s\u00e4tta Sverige p\u00e5 v\u00e4rldskartan!<\/p>\n<p>Svenska Budo &#038; Kampsportsf\u00f6rbundet \u00f6nskar s\u00e5 klart\u00a0Elina Nilsson\u00a0en riktigt god jul och ett gott nytt \u00e5r!<\/p>\n<p><strong>Tidigare artiklar i serien<\/strong><br \/>Karin Edenius (kickboxning)<br \/>Mats Nilsson (submission wrestling)<br \/>Daniel Andersson (taido)<br \/>Sanja Trbojevic (thaiboxning)<br \/>Mikael Knutsson (submission wrestling)<br \/>Joakim Frederiksen (taido)<br \/>Sara Widgren (ju jutsu)<br \/>Therese Gunnarsson (kickboxning)<br \/>Sylvester Sandin (taido)<\/p>\n<p>Text och foto: Jonathan Broberg<\/p>\n","protected":false},"excerpt":{"rendered":"<p><strong>Budokampsport.se forts\u00e4tter sin nedr\u00e4kning inf\u00f6r jul med en artikelserie om v\u00e5ra m\u00e4stare och m\u00e4starinnor under \u00e5ret, f\u00f6r att se vad de ska pyssla med under jul och ny\u00e5r. Vi har redan kollat julk\u00e4nslorna med nio av v\u00e5ra guldmedalj\u00f6rer, nu st\u00e4mmer vi av julplanerna med v\u00e4rldsm\u00e4starinnan i thaiboxning Elina Nilsson.<\/p><br>","protected":false},"author":7,"featured_media":0,"comment_status":"closed","ping_status":"closed","sticky":false,"template":"","format":"standard","meta":{"_acf_changed":false,"footnotes":""},"categories":[1],"tags":[],"class_list":["post-4059","post","type-post","status-publish","format-standard","hentry","category-okategoriserade"],"acf":[],"yoast_head":"<!-- This site is optimized with the Yoast SEO plugin v26.8 - https:\/\/yoast.com\/product\/yoast-seo-wordpress\/ -->\n<title>S\u00e5 firar guldmedalj\u00f6rerna jul \u2013 tionde delen, Elina Nilsson - Svenska Budo &amp; Kampsportsf\u00f6rbundet<\/title>\n<meta name=\"description\" content=\"Budokampsport.se forts\u00e4tter sin nedr\u00e4kning inf\u00f6r jul med en artikelserie om v\u00e5ra m\u00e4stare och m\u00e4starinnor under \u00e5ret, f\u00f6r att se vad de ska pyssla med under jul och ny\u00e5r. Vi har redan kollat julk\u00e4nslorna med nio av v\u00e5ra guldmedalj\u00f6rer, nu st\u00e4mmer vi av julplanerna med v\u00e4rldsm\u00e4starinnan i thaiboxning Elina Nilsson.\" \/>\n<meta name=\"robots\" content=\"index, follow, max-snippet:-1, max-image-preview:large, max-video-preview:-1\" \/>\n<link rel=\"canonical\" href=\"https:\/\/www.budokampsport.se\/2011\/12\/22\/sa-firar-guldmedaljorerna-jul-tionde-delen-elina-nilsson\/\" \/>\n<meta property=\"og:locale\" content=\"sv_SE\" \/>\n<meta property=\"og:type\" content=\"article\" \/>\n<meta property=\"og:title\" content=\"S\u00e5 firar guldmedalj\u00f6rerna jul \u2013 tionde delen, Elina Nilsson - Svenska Budo &amp; Kampsportsf\u00f6rbundet\" \/>\n<meta property=\"og:description\" content=\"Budokampsport.se forts\u00e4tter sin nedr\u00e4kning inf\u00f6r jul med en artikelserie om v\u00e5ra m\u00e4stare och m\u00e4starinnor under \u00e5ret, f\u00f6r att se vad de ska pyssla med under jul och ny\u00e5r. Vi har redan kollat julk\u00e4nslorna med nio av v\u00e5ra guldmedalj\u00f6rer, nu st\u00e4mmer vi av julplanerna med v\u00e4rldsm\u00e4starinnan i thaiboxning Elina Nilsson.\" \/>\n<meta property=\"og:url\" content=\"https:\/\/www.budokampsport.se\/2011\/12\/22\/sa-firar-guldmedaljorerna-jul-tionde-delen-elina-nilsson\/\" \/>\n<meta property=\"og:site_name\" content=\"Svenska Budo &amp; Kampsportsf\u00f6rbundet\" \/>\n<meta property=\"article:author\" content=\"https:\/\/www.facebook.com\/jonathan.broberg.7\" \/>\n<meta property=\"article:published_time\" content=\"2011-12-22T15:53:28+00:00\" \/>\n<meta property=\"article:modified_time\" content=\"2016-12-06T21:33:58+00:00\" \/>\n<meta property=\"og:image\" content=\"http:\/\/www.budokampsport.se\/sites\/default\/files\/elina_ett.jpg\" \/>\n<meta name=\"author\" content=\"Jonathan Broberg\" \/>\n<meta name=\"twitter:card\" content=\"summary_large_image\" \/>\n<meta name=\"twitter:label1\" content=\"Skriven av\" \/>\n\t<meta name=\"twitter:data1\" content=\"Jonathan Broberg\" \/>\n\t<meta name=\"twitter:label2\" content=\"Ber\u00e4knad l\u00e4stid\" \/>\n\t<meta name=\"twitter:data2\" content=\"3 minuter\" \/>\n<script type=\"application\/ld+json\" class=\"yoast-schema-graph\">{\"@context\":\"https:\/\/schema.org\",\"@graph\":[{\"@type\":\"Article\",\"@id\":\"https:\/\/www.budokampsport.se\/2011\/12\/22\/sa-firar-guldmedaljorerna-jul-tionde-delen-elina-nilsson\/#article\",\"isPartOf\":{\"@id\":\"https:\/\/www.budokampsport.se\/2011\/12\/22\/sa-firar-guldmedaljorerna-jul-tionde-delen-elina-nilsson\/\"},\"author\":{\"name\":\"Jonathan Broberg\",\"@id\":\"https:\/\/www.budokampsport.se\/#\/schema\/person\/5c06d81d14850e2a8ce5493386560145\"},\"headline\":\"S\u00e5 firar guldmedalj\u00f6rerna jul \u2013 tionde delen, Elina Nilsson\",\"datePublished\":\"2011-12-22T15:53:28+00:00\",\"dateModified\":\"2016-12-06T21:33:58+00:00\",\"mainEntityOfPage\":{\"@id\":\"https:\/\/www.budokampsport.se\/2011\/12\/22\/sa-firar-guldmedaljorerna-jul-tionde-delen-elina-nilsson\/\"},\"wordCount\":660,\"image\":{\"@id\":\"https:\/\/www.budokampsport.se\/2011\/12\/22\/sa-firar-guldmedaljorerna-jul-tionde-delen-elina-nilsson\/#primaryimage\"},\"thumbnailUrl\":\"http:\/\/www.budokampsport.se\/sites\/default\/files\/elina_ett.jpg\",\"inLanguage\":\"sv-SE\"},{\"@type\":\"WebPage\",\"@id\":\"https:\/\/www.budokampsport.se\/2011\/12\/22\/sa-firar-guldmedaljorerna-jul-tionde-delen-elina-nilsson\/\",\"url\":\"https:\/\/www.budokampsport.se\/2011\/12\/22\/sa-firar-guldmedaljorerna-jul-tionde-delen-elina-nilsson\/\",\"name\":\"S\u00e5 firar guldmedalj\u00f6rerna jul \u2013 tionde delen, Elina Nilsson - Svenska Budo &amp; Kampsportsf\u00f6rbundet\",\"isPartOf\":{\"@id\":\"https:\/\/www.budokampsport.se\/#website\"},\"primaryImageOfPage\":{\"@id\":\"https:\/\/www.budokampsport.se\/2011\/12\/22\/sa-firar-guldmedaljorerna-jul-tionde-delen-elina-nilsson\/#primaryimage\"},\"image\":{\"@id\":\"https:\/\/www.budokampsport.se\/2011\/12\/22\/sa-firar-guldmedaljorerna-jul-tionde-delen-elina-nilsson\/#primaryimage\"},\"thumbnailUrl\":\"http:\/\/www.budokampsport.se\/sites\/default\/files\/elina_ett.jpg\",\"datePublished\":\"2011-12-22T15:53:28+00:00\",\"dateModified\":\"2016-12-06T21:33:58+00:00\",\"author\":{\"@id\":\"https:\/\/www.budokampsport.se\/#\/schema\/person\/5c06d81d14850e2a8ce5493386560145\"},\"description\":\"Budokampsport.se forts\u00e4tter sin nedr\u00e4kning inf\u00f6r jul med en artikelserie om v\u00e5ra m\u00e4stare och m\u00e4starinnor under \u00e5ret, f\u00f6r att se vad de ska pyssla med under jul och ny\u00e5r. Vi har redan kollat julk\u00e4nslorna med nio av v\u00e5ra guldmedalj\u00f6rer, nu st\u00e4mmer vi av julplanerna med v\u00e4rldsm\u00e4starinnan i thaiboxning Elina Nilsson.\",\"breadcrumb\":{\"@id\":\"https:\/\/www.budokampsport.se\/2011\/12\/22\/sa-firar-guldmedaljorerna-jul-tionde-delen-elina-nilsson\/#breadcrumb\"},\"inLanguage\":\"sv-SE\",\"potentialAction\":[{\"@type\":\"ReadAction\",\"target\":[\"https:\/\/www.budokampsport.se\/2011\/12\/22\/sa-firar-guldmedaljorerna-jul-tionde-delen-elina-nilsson\/\"]}]},{\"@type\":\"ImageObject\",\"inLanguage\":\"sv-SE\",\"@id\":\"https:\/\/www.budokampsport.se\/2011\/12\/22\/sa-firar-guldmedaljorerna-jul-tionde-delen-elina-nilsson\/#primaryimage\",\"url\":\"http:\/\/www.budokampsport.se\/sites\/default\/files\/elina_ett.jpg\",\"contentUrl\":\"http:\/\/www.budokampsport.se\/sites\/default\/files\/elina_ett.jpg\"},{\"@type\":\"BreadcrumbList\",\"@id\":\"https:\/\/www.budokampsport.se\/2011\/12\/22\/sa-firar-guldmedaljorerna-jul-tionde-delen-elina-nilsson\/#breadcrumb\",\"itemListElement\":[{\"@type\":\"ListItem\",\"position\":1,\"name\":\"Hem\",\"item\":\"https:\/\/www.budokampsport.se\/\"},{\"@type\":\"ListItem\",\"position\":2,\"name\":\"S\u00e5 firar guldmedalj\u00f6rerna jul \u2013 tionde delen, Elina Nilsson\"}]},{\"@type\":\"WebSite\",\"@id\":\"https:\/\/www.budokampsport.se\/#website\",\"url\":\"https:\/\/www.budokampsport.se\/\",\"name\":\"Svenska Budo &amp; Kampsportsf\u00f6rbundet\",\"description\":\"T\u00e4vling, Tr\u00e4ning, Tradition\",\"potentialAction\":[{\"@type\":\"SearchAction\",\"target\":{\"@type\":\"EntryPoint\",\"urlTemplate\":\"https:\/\/www.budokampsport.se\/?s={search_term_string}\"},\"query-input\":{\"@type\":\"PropertyValueSpecification\",\"valueRequired\":true,\"valueName\":\"search_term_string\"}}],\"inLanguage\":\"sv-SE\"},{\"@type\":\"Person\",\"@id\":\"https:\/\/www.budokampsport.se\/#\/schema\/person\/5c06d81d14850e2a8ce5493386560145\",\"name\":\"Jonathan Broberg\",\"image\":{\"@type\":\"ImageObject\",\"inLanguage\":\"sv-SE\",\"@id\":\"https:\/\/www.budokampsport.se\/#\/schema\/person\/image\/\",\"url\":\"https:\/\/secure.gravatar.com\/avatar\/a58041c6cea9128bd9c40ee2f26d4136?s=96&d=blank&r=g\",\"contentUrl\":\"https:\/\/secure.gravatar.com\/avatar\/a58041c6cea9128bd9c40ee2f26d4136?s=96&d=blank&r=g\",\"caption\":\"Jonathan Broberg\"},\"sameAs\":[\"https:\/\/www.facebook.com\/jonathan.broberg.7\"],\"url\":\"https:\/\/www.budokampsport.se\/author\/jonathan\/\"}]}<\/script>\n<!-- \/ Yoast SEO plugin. -->","yoast_head_json":{"title":"S\u00e5 firar guldmedalj\u00f6rerna jul \u2013 tionde delen, Elina Nilsson - Svenska Budo &amp; Kampsportsf\u00f6rbundet","description":"Budokampsport.se forts\u00e4tter sin nedr\u00e4kning inf\u00f6r jul med en artikelserie om v\u00e5ra m\u00e4stare och m\u00e4starinnor under \u00e5ret, f\u00f6r att se vad de ska pyssla med under jul och ny\u00e5r. Vi har redan kollat julk\u00e4nslorna med nio av v\u00e5ra guldmedalj\u00f6rer, nu st\u00e4mmer vi av julplanerna med v\u00e4rldsm\u00e4starinnan i thaiboxning Elina Nilsson.","robots":{"index":"index","follow":"follow","max-snippet":"max-snippet:-1","max-image-preview":"max-image-preview:large","max-video-preview":"max-video-preview:-1"},"canonical":"https:\/\/www.budokampsport.se\/2011\/12\/22\/sa-firar-guldmedaljorerna-jul-tionde-delen-elina-nilsson\/","og_locale":"sv_SE","og_type":"article","og_title":"S\u00e5 firar guldmedalj\u00f6rerna jul \u2013 tionde delen, Elina Nilsson - Svenska Budo &amp; Kampsportsf\u00f6rbundet","og_description":"Budokampsport.se forts\u00e4tter sin nedr\u00e4kning inf\u00f6r jul med en artikelserie om v\u00e5ra m\u00e4stare och m\u00e4starinnor under \u00e5ret, f\u00f6r att se vad de ska pyssla med under jul och ny\u00e5r. Vi har redan kollat julk\u00e4nslorna med nio av v\u00e5ra guldmedalj\u00f6rer, nu st\u00e4mmer vi av julplanerna med v\u00e4rldsm\u00e4starinnan i thaiboxning Elina Nilsson.","og_url":"https:\/\/www.budokampsport.se\/2011\/12\/22\/sa-firar-guldmedaljorerna-jul-tionde-delen-elina-nilsson\/","og_site_name":"Svenska Budo &amp; Kampsportsf\u00f6rbundet","article_author":"https:\/\/www.facebook.com\/jonathan.broberg.7","article_published_time":"2011-12-22T15:53:28+00:00","article_modified_time":"2016-12-06T21:33:58+00:00","og_image":[{"url":"http:\/\/www.budokampsport.se\/sites\/default\/files\/elina_ett.jpg","type":"","width":"","height":""}],"author":"Jonathan Broberg","twitter_card":"summary_large_image","twitter_misc":{"Skriven av":"Jonathan Broberg","Ber\u00e4knad l\u00e4stid":"3 minuter"},"schema":{"@context":"https:\/\/schema.org","@graph":[{"@type":"Article","@id":"https:\/\/www.budokampsport.se\/2011\/12\/22\/sa-firar-guldmedaljorerna-jul-tionde-delen-elina-nilsson\/#article","isPartOf":{"@id":"https:\/\/www.budokampsport.se\/2011\/12\/22\/sa-firar-guldmedaljorerna-jul-tionde-delen-elina-nilsson\/"},"author":{"name":"Jonathan Broberg","@id":"https:\/\/www.budokampsport.se\/#\/schema\/person\/5c06d81d14850e2a8ce5493386560145"},"headline":"S\u00e5 firar guldmedalj\u00f6rerna jul \u2013 tionde delen, Elina Nilsson","datePublished":"2011-12-22T15:53:28+00:00","dateModified":"2016-12-06T21:33:58+00:00","mainEntityOfPage":{"@id":"https:\/\/www.budokampsport.se\/2011\/12\/22\/sa-firar-guldmedaljorerna-jul-tionde-delen-elina-nilsson\/"},"wordCount":660,"image":{"@id":"https:\/\/www.budokampsport.se\/2011\/12\/22\/sa-firar-guldmedaljorerna-jul-tionde-delen-elina-nilsson\/#primaryimage"},"thumbnailUrl":"http:\/\/www.budokampsport.se\/sites\/default\/files\/elina_ett.jpg","inLanguage":"sv-SE"},{"@type":"WebPage","@id":"https:\/\/www.budokampsport.se\/2011\/12\/22\/sa-firar-guldmedaljorerna-jul-tionde-delen-elina-nilsson\/","url":"https:\/\/www.budokampsport.se\/2011\/12\/22\/sa-firar-guldmedaljorerna-jul-tionde-delen-elina-nilsson\/","name":"S\u00e5 firar guldmedalj\u00f6rerna jul \u2013 tionde delen, Elina Nilsson - Svenska Budo &amp; Kampsportsf\u00f6rbundet","isPartOf":{"@id":"https:\/\/www.budokampsport.se\/#website"},"primaryImageOfPage":{"@id":"https:\/\/www.budokampsport.se\/2011\/12\/22\/sa-firar-guldmedaljorerna-jul-tionde-delen-elina-nilsson\/#primaryimage"},"image":{"@id":"https:\/\/www.budokampsport.se\/2011\/12\/22\/sa-firar-guldmedaljorerna-jul-tionde-delen-elina-nilsson\/#primaryimage"},"thumbnailUrl":"http:\/\/www.budokampsport.se\/sites\/default\/files\/elina_ett.jpg","datePublished":"2011-12-22T15:53:28+00:00","dateModified":"2016-12-06T21:33:58+00:00","author":{"@id":"https:\/\/www.budokampsport.se\/#\/schema\/person\/5c06d81d14850e2a8ce5493386560145"},"description":"Budokampsport.se forts\u00e4tter sin nedr\u00e4kning inf\u00f6r jul med en artikelserie om v\u00e5ra m\u00e4stare och m\u00e4starinnor under \u00e5ret, f\u00f6r att se vad de ska pyssla med under jul och ny\u00e5r. Vi har redan kollat julk\u00e4nslorna med nio av v\u00e5ra guldmedalj\u00f6rer, nu st\u00e4mmer vi av julplanerna med v\u00e4rldsm\u00e4starinnan i thaiboxning Elina Nilsson.","breadcrumb":{"@id":"https:\/\/www.budokampsport.se\/2011\/12\/22\/sa-firar-guldmedaljorerna-jul-tionde-delen-elina-nilsson\/#breadcrumb"},"inLanguage":"sv-SE","potentialAction":[{"@type":"ReadAction","target":["https:\/\/www.budokampsport.se\/2011\/12\/22\/sa-firar-guldmedaljorerna-jul-tionde-delen-elina-nilsson\/"]}]},{"@type":"ImageObject","inLanguage":"sv-SE","@id":"https:\/\/www.budokampsport.se\/2011\/12\/22\/sa-firar-guldmedaljorerna-jul-tionde-delen-elina-nilsson\/#primaryimage","url":"http:\/\/www.budokampsport.se\/sites\/default\/files\/elina_ett.jpg","contentUrl":"http:\/\/www.budokampsport.se\/sites\/default\/files\/elina_ett.jpg"},{"@type":"BreadcrumbList","@id":"https:\/\/www.budokampsport.se\/2011\/12\/22\/sa-firar-guldmedaljorerna-jul-tionde-delen-elina-nilsson\/#breadcrumb","itemListElement":[{"@type":"ListItem","position":1,"name":"Hem","item":"https:\/\/www.budokampsport.se\/"},{"@type":"ListItem","position":2,"name":"S\u00e5 firar guldmedalj\u00f6rerna jul \u2013 tionde delen, Elina Nilsson"}]},{"@type":"WebSite","@id":"https:\/\/www.budokampsport.se\/#website","url":"https:\/\/www.budokampsport.se\/","name":"Svenska Budo &amp; Kampsportsf\u00f6rbundet","description":"T\u00e4vling, Tr\u00e4ning, Tradition","potentialAction":[{"@type":"SearchAction","target":{"@type":"EntryPoint","urlTemplate":"https:\/\/www.budokampsport.se\/?s={search_term_string}"},"query-input":{"@type":"PropertyValueSpecification","valueRequired":true,"valueName":"search_term_string"}}],"inLanguage":"sv-SE"},{"@type":"Person","@id":"https:\/\/www.budokampsport.se\/#\/schema\/person\/5c06d81d14850e2a8ce5493386560145","name":"Jonathan Broberg","image":{"@type":"ImageObject","inLanguage":"sv-SE","@id":"https:\/\/www.budokampsport.se\/#\/schema\/person\/image\/","url":"https:\/\/secure.gravatar.com\/avatar\/a58041c6cea9128bd9c40ee2f26d4136?s=96&d=blank&r=g","contentUrl":"https:\/\/secure.gravatar.com\/avatar\/a58041c6cea9128bd9c40ee2f26d4136?s=96&d=blank&r=g","caption":"Jonathan Broberg"},"sameAs":["https:\/\/www.facebook.com\/jonathan.broberg.7"],"url":"https:\/\/www.budokampsport.se\/author\/jonathan\/"}]}},"_links":{"self":[{"href":"https:\/\/www.budokampsport.se\/api\/wp\/v2\/posts\/4059","targetHints":{"allow":["GET"]}}],"collection":[{"href":"https:\/\/www.budokampsport.se\/api\/wp\/v2\/posts"}],"about":[{"href":"https:\/\/www.budokampsport.se\/api\/wp\/v2\/types\/post"}],"author":[{"embeddable":true,"href":"https:\/\/www.budokampsport.se\/api\/wp\/v2\/users\/7"}],"replies":[{"embeddable":true,"href":"https:\/\/www.budokampsport.se\/api\/wp\/v2\/comments?post=4059"}],"version-history":[{"count":0,"href":"https:\/\/www.budokampsport.se\/api\/wp\/v2\/posts\/4059\/revisions"}],"wp:attachment":[{"href":"https:\/\/www.budokampsport.se\/api\/wp\/v2\/media?parent=4059"}],"wp:term":[{"taxonomy":"category","embeddable":true,"href":"https:\/\/www.budokampsport.se\/api\/wp\/v2\/categories?post=4059"},{"taxonomy":"post_tag","embeddable":true,"href":"https:\/\/www.budokampsport.se\/api\/wp\/v2\/tags?post=4059"}],"curies":[{"name":"wp","href":"https:\/\/api.w.org\/{rel}","templated":true}]}}