{"id":4061,"date":"2011-12-29T17:33:48","date_gmt":"2011-12-29T16:33:48","guid":{"rendered":"http:\/\/budo.wordpress.dev\/2011\/12\/29\/gastkronika-att-vara-konferencier-pa-galor\/"},"modified":"2016-12-06T22:33:59","modified_gmt":"2016-12-06T21:33:59","slug":"gastkronika-att-vara-konferencier-pa-galor","status":"publish","type":"post","link":"https:\/\/www.budokampsport.se\/2011\/12\/29\/gastkronika-att-vara-konferencier-pa-galor\/","title":{"rendered":"G\u00e4stkr\u00f6nika &#8211; att vara konferencier p\u00e5 galor"},"content":{"rendered":"<p><em><strong><img loading=\"lazy\" decoding=\"async\" src=\"http:\/\/www.budokampsport.se\/sites\/default\/files\/rhodin.gif\" alt=\"\" width=\"200\" height=\"300\" align=\"right\" \/>Budokampsport.se kommer att involvera en och annan g\u00e4stskr\u00f6nik\u00f6r d\u00e5 och d\u00e5, som kan beskriva eller belysa vissa element inom kampsporten som kanske inte annars uppm\u00e4rksammas s\u00e5 mycket. F\u00f6rst ut som g\u00e4stkr\u00f6nik\u00f6r blir Bj\u00f6rn Rhodin, som ber\u00e4ttar sin syn p\u00e5 att vara konferencier, eller &#8220;Ringannouncer&#8221;.<!--break--><br \/>\n<\/strong><\/em><br \/>\nGod dag.<br \/>\nBj\u00f6rn Rhodin heter jag. Jag skulle visst skriva h\u00e4r idag.<\/p>\n<p>Vi k\u00f6r n\u00e5gra rader snabbfakta om mig. H\u00e4ng med nu:<br \/>\n30 \u00e5r, 2 barn, 1 fru, inga djur, m\u00e4stargraderad (svart b\u00e4lte) i Kickboxning och har aldrig mindre \u00e4n 200 bollar i luften. Driver tillsammans med tv\u00e5 kollegor West Coast Kickboxing i Partille utanf\u00f6r G\u00f6teborg och hinner dessutom med att vara Vice Ordf\u00f6rande och Utbildningsansvarig p\u00e5 Svenska Kickboxningsf\u00f6rbundet.<br \/>\nJag skall skriva en kr\u00f6nika om hur det \u00e4r att vara konfrencier p\u00e5 en kampsportsgala.<\/p>\n<p><strong>Om att vara konferencier<br \/>\n<\/strong><em>\u201cTrycket i r\u00f6sten odlade jag fram under m\u00e5nga \u00e5r p\u00e5 fotbollsl\u00e4ktarna runt om i Sverige\u201d<\/em><br \/>\nDen fj\u00e4rde december i \u00e5r gick Muay Thai Arena 2 av stapeln p\u00e5 Svenska M\u00e4ssan i G\u00f6teborg och jag var konferencier eller \u201cringannouncer\u201d som det ocks\u00e5 kallas. Det var tredje g\u00e5ngen p\u00e5 ett \u00e5r jag fick m\u00f6jligheten att vara det p\u00e5 en lite st\u00f6rre kampsportsgala.<\/p>\n<p>Av n\u00e5gon anledning kan jag detta. Jag kan inte f\u00f6rklara hur. Jag kan inte f\u00f6rklara varf\u00f6r. Det bara sitter som en sm\u00e4ck. Det bara h\u00e4nder. Och r\u00f6sten h\u00e5ller, oavsett antal matcher, oavsett hur h\u00e5rt jag vr\u00e5lar. Jag blir inte ens nerv\u00f6s. Trots att jag st\u00e5r ensam i rampljuset i en boxningsring som alla i publiken tittar p\u00e5. Det bekommer mig inte. Jag har lite sv\u00e5rt att s\u00e4tta fingret p\u00e5 just det fenomenet. Jag tror det beror p\u00e5 vetskapen att publiken v\u00e4ntar p\u00e5 n\u00e5tt helt annat och egentligen skiter i mig.<\/p>\n<p><strong>N\u00e4r man \u00e4r tr\u00f6tt \u00e4r det inte alltid hj\u00e4rnan \u00e4r optimal<br \/>\n<\/strong><em>\u201cVarf\u00f6r skall jag vara rondflicka?\u201d<br \/>\n<\/em>N\u00e4r jag f\u00f6rsta g\u00e5ngen fick fr\u00e5gan vart det lite udda. Jag var tr\u00f6tt och minns att jag hann t\u00e4nka:<br \/>\n&#8211; \u201cRingannouncer? Jag? Men va i helvete! Skall dom ha mig promenerandes runt i rondpausen ikl\u00e4dd korta shorts och med skyltar som talar om vilken rond det \u00e4r? \u00c4r de dumma i huvudet eller vad \u00e4r det fr\u00e5gan om?\u201d<\/p>\n<p>Just de sekunderna innan polletten slagit ner och hj\u00e4rnan kopplat vad som egentligen efterfr\u00e5gades tedde det sig mycket m\u00e4rkligt. Man brukar ju ha rondflickor till det d\u00e4r t\u00e4nkte jag. Inte h\u00e5riga och tatuerade karlar p\u00e5 n\u00e4stan\u00a0tv\u00e5 meter.<\/p>\n<p><strong><img loading=\"lazy\" decoding=\"async\" src=\"http:\/\/www.budokampsport.se\/sites\/default\/files\/bjorn_rhodin.jpg\" alt=\"\" width=\"435\" height=\"655\" align=\"middle\" \/><\/p>\n<p>Ditt namn varde Vr\u00e5lapan<\/strong><br \/>\n<em>\u201cMan vet att man ligger p\u00e5 bra n\u00e4r arrang\u00f6ren s\u00e4ger -Bj\u00f6rn, din r\u00f6st kommer h\u00e5lla i tre matcher, det \u00e4r \u00f6ver 30 kvar\u201d.<br \/>\n<\/em>Att vara en konferencier \u00e4r s\u00e5 mycket f\u00f6r mig \u00e4n att ber\u00e4tta vilka fighters som skall st\u00e5 i vilken h\u00f6rna.<br \/>\nDet handlar om att bygga upp en st\u00e4mning. Det handlar om att informera publiken om f\u00f6ruts\u00e4ttningarna bakom st\u00e4mningen, att det \u00e4r publiken som s\u00e4tter ribban, inte jag.<\/p>\n<p>Ser man n\u00e5got man gillar se till att uttryck detta. Gapa! Skrik! St\u00e4ll er upp! Appl\u00e5dera! L\u00c5T f\u00f6r guds skull. \u00c4r publiken med p\u00e5 noterna kan jag som konferencier dirigera den att fullst\u00e4ndigt detonera n\u00e4r fighterna g\u00f6r entr\u00e9. Fighters \u00e4lskar det. Publiken \u00e4lskar det. Och det \u00e4r det enda som betyder n\u00e5got.<\/p>\n<p>K\u00e4nslan av att med full kraft f\u00e5 vr\u00e5la ut en fighters namn efter att ha byggt upp tonl\u00e4get och bara l\u00e5ta hela situationen sluta i ett crescendo av publikvr\u00e5l, visslingar, h\u00f6g musik, ljus och r\u00f6k \u00e4r i det n\u00e4rmaste obeskrivlig. Det blir s\u00e5 t\u00e4t atmosf\u00e4r att den faktiskt k\u00e4nns. Den k\u00e4nns i huden. Ljudet fr\u00e5n publiken k\u00e4nns. Det blir som ett tryck som kommer mot dig. Det blir dessutom ofta lock f\u00f6r \u00f6ronen n\u00e4r ljudniv\u00e5n g\u00e5r upp vilket s\u00e4kert p\u00e5verkar sj\u00e4lva k\u00e4nslan.<\/p>\n<p><strong>En fullkontaktsmatch \u00e4r lite som att koka mj\u00f6lk. <\/strong><br \/>\n<em>\u201cTittar man bort s\u00e5 kan det mycket v\u00e4l vara \u00f6ver n\u00e4r man v\u00e4nder tillbaka blicken.\u201d<br \/>\n<\/em>N\u00e4r man \u00e4r konferencier p\u00e5 en fullkontaktsgala m\u00e5ste man vara p\u00e5 t\u00e5. Eftersom knock out \u00e4r till\u00e5tet, s\u00e5v\u00e4l coacher och fighter kan ge upp matcher, skador f\u00f6rekommer, l\u00e4kare stoppar ibland osv, s\u00e5 g\u00e4ller det att vara med. Det g\u00e5r aldrig att r\u00e4kna med att matchen g\u00e5r full tid.<\/p>\n<p>Vid ett tillf\u00e4lle p\u00e5 galan den 4\/12 satt jag och kollade Twitter i rondvilan. R\u00e4tt som det \u00e4r s\u00e5 h\u00f6r jag min blodsbroder Douglas ropa och peka mot ringen. D\u00e5 \u00e4r domaren p\u00e5 v\u00e4g in i mitten med tv\u00e5 fighters varav den ena har gett upp i rondvilan. P\u00e5 tv\u00e5 riktigt d\u00e5liga kn\u00e4n, likt en skadeskjuten hyena p\u00e5 90kg, tar jag mig upp i ringen och utannonserar \u201cUppgivet\u201d, segrare och f\u00f6rbereder n\u00e4sta p\u00e5annonsering.<\/p>\n<p>Jag t\u00e4nkte flera g\u00e5nger under galan:<br \/>\n&#8211; \u201cDu f\u00e5r inte bli inte skitn\u00f6dig, Du f\u00e5r inte bli inte skitn\u00f6dig, Du f\u00e5r inte bli inte skitn\u00f6dig,\u201d.<\/p>\n<p>F\u00f6r det hade aldrig g\u00e5tt. Och det hade varit generellt d\u00e5ligt uppskattat med en konferencier som g\u00f6r Nr 2 p\u00e5 golvet bakom publiken.<br \/>\n-\u201cVart \u00e4r konferenciern?\u201d<br \/>\n-\u201cHan \u00e4r och BAJSAR\u201d.<br \/>\nNi fattar ju sj\u00e4lva. Hade ju aldrig g\u00e5tt. Vad vill jag d\u00e5 komma med detta? Jo, det finns fler f\u00f6rberedelser som beh\u00f6vs g\u00f6ras \u00e4n ha ett aktuellt matchprogram och en stark r\u00f6st.<\/p>\n<p><strong>Sammanfattningsvis:<br \/>\n<\/strong>Konferenciern \u00e4r en dirigent och ingenting utan publiken.<br \/>\nK\u00e4nslan i ringen \u00e4r p\u00e5 gr\u00e4nsen till bisarrt sk\u00f6n.<br \/>\nMan beh\u00f6ver g\u00e5 p\u00e5 toaletten innan galan b\u00f6rjan. Det kan bli n\u00e5gra j\u00e4vla problem annars.<\/p>\n<p>Slut.<br \/>\nFr\u00e5gor p\u00e5 det?<\/p>\n<p>Bj\u00f6rn Rhodin<\/p>\n<p>Ps. F\u00f6r er som inte var p\u00e5 plats och fick tinnitus sist:<\/p>\n<p><a href=\"http:\/\/www.youtube.com\/watch?v=7FLnnzD9NPA\">http:\/\/www.youtube.com\/watch?v=7FLnnzD9NPA<\/a><br \/>\n<a href=\"http:\/\/www.youtube.com\/watch?v=BmT1Gvjtyxw&amp;feature=related\">http:\/\/www.youtube.com\/watch?v=BmT1Gvjtyxw&amp;feature=related<\/a><\/p>\n<p>Text: Bj\u00f6rn Rhodin<br \/>\nFoto 1: Morgan Bor\u00e9n, www.morganskort.se<br \/>\nFoto 2: Terese Rhodin<\/p>\n","protected":false},"excerpt":{"rendered":"<p>Budokampsport.se kommer att involvera en och annan g\u00e4stskr\u00f6nik\u00f6r d\u00e5 och [&#8230;]<\/p><br>","protected":false},"author":7,"featured_media":0,"comment_status":"closed","ping_status":"closed","sticky":false,"template":"","format":"standard","meta":{"_acf_changed":false,"footnotes":""},"categories":[179,1],"tags":[],"class_list":["post-4061","post","type-post","status-publish","format-standard","hentry","category-kronika","category-okategoriserade"],"acf":[],"yoast_head":"<!-- This site is optimized with the Yoast SEO plugin v26.8 - https:\/\/yoast.com\/product\/yoast-seo-wordpress\/ -->\n<title>G\u00e4stkr\u00f6nika - att vara konferencier p\u00e5 galor - Svenska Budo &amp; Kampsportsf\u00f6rbundet<\/title>\n<meta name=\"description\" content=\"Budokampsport.se kommer att involvera en och annan g\u00e4stskr\u00f6nik\u00f6r d\u00e5 och d\u00e5, som kan beskriva eller belysa vissa element inom kampsporten som kanske inte\" \/>\n<meta name=\"robots\" content=\"index, follow, max-snippet:-1, max-image-preview:large, max-video-preview:-1\" \/>\n<link rel=\"canonical\" href=\"https:\/\/www.budokampsport.se\/2011\/12\/29\/gastkronika-att-vara-konferencier-pa-galor\/\" \/>\n<meta property=\"og:locale\" content=\"sv_SE\" \/>\n<meta property=\"og:type\" content=\"article\" \/>\n<meta property=\"og:title\" content=\"G\u00e4stkr\u00f6nika - att vara konferencier p\u00e5 galor - Svenska Budo &amp; Kampsportsf\u00f6rbundet\" \/>\n<meta property=\"og:description\" content=\"Budokampsport.se kommer att involvera en och annan g\u00e4stskr\u00f6nik\u00f6r d\u00e5 och d\u00e5, som kan beskriva eller belysa vissa element inom kampsporten som kanske inte\" \/>\n<meta property=\"og:url\" content=\"https:\/\/www.budokampsport.se\/2011\/12\/29\/gastkronika-att-vara-konferencier-pa-galor\/\" \/>\n<meta property=\"og:site_name\" content=\"Svenska Budo &amp; Kampsportsf\u00f6rbundet\" \/>\n<meta property=\"article:author\" content=\"https:\/\/www.facebook.com\/jonathan.broberg.7\" \/>\n<meta property=\"article:published_time\" content=\"2011-12-29T16:33:48+00:00\" \/>\n<meta property=\"article:modified_time\" content=\"2016-12-06T21:33:59+00:00\" \/>\n<meta property=\"og:image\" content=\"http:\/\/www.budokampsport.se\/sites\/default\/files\/rhodin.gif\" \/>\n<meta name=\"author\" content=\"Jonathan Broberg\" \/>\n<meta name=\"twitter:card\" content=\"summary_large_image\" \/>\n<meta name=\"twitter:label1\" content=\"Skriven av\" \/>\n\t<meta name=\"twitter:data1\" content=\"Jonathan Broberg\" \/>\n\t<meta name=\"twitter:label2\" content=\"Ber\u00e4knad l\u00e4stid\" \/>\n\t<meta name=\"twitter:data2\" content=\"5 minuter\" \/>\n<script type=\"application\/ld+json\" class=\"yoast-schema-graph\">{\"@context\":\"https:\/\/schema.org\",\"@graph\":[{\"@type\":\"Article\",\"@id\":\"https:\/\/www.budokampsport.se\/2011\/12\/29\/gastkronika-att-vara-konferencier-pa-galor\/#article\",\"isPartOf\":{\"@id\":\"https:\/\/www.budokampsport.se\/2011\/12\/29\/gastkronika-att-vara-konferencier-pa-galor\/\"},\"author\":{\"name\":\"Jonathan Broberg\",\"@id\":\"https:\/\/www.budokampsport.se\/#\/schema\/person\/5c06d81d14850e2a8ce5493386560145\"},\"headline\":\"G\u00e4stkr\u00f6nika &#8211; att vara konferencier p\u00e5 galor\",\"datePublished\":\"2011-12-29T16:33:48+00:00\",\"dateModified\":\"2016-12-06T21:33:59+00:00\",\"mainEntityOfPage\":{\"@id\":\"https:\/\/www.budokampsport.se\/2011\/12\/29\/gastkronika-att-vara-konferencier-pa-galor\/\"},\"wordCount\":1085,\"image\":{\"@id\":\"https:\/\/www.budokampsport.se\/2011\/12\/29\/gastkronika-att-vara-konferencier-pa-galor\/#primaryimage\"},\"thumbnailUrl\":\"http:\/\/www.budokampsport.se\/sites\/default\/files\/rhodin.gif\",\"articleSection\":[\"Kr\u00f6nika\"],\"inLanguage\":\"sv-SE\"},{\"@type\":\"WebPage\",\"@id\":\"https:\/\/www.budokampsport.se\/2011\/12\/29\/gastkronika-att-vara-konferencier-pa-galor\/\",\"url\":\"https:\/\/www.budokampsport.se\/2011\/12\/29\/gastkronika-att-vara-konferencier-pa-galor\/\",\"name\":\"G\u00e4stkr\u00f6nika - att vara konferencier p\u00e5 galor - Svenska Budo &amp; Kampsportsf\u00f6rbundet\",\"isPartOf\":{\"@id\":\"https:\/\/www.budokampsport.se\/#website\"},\"primaryImageOfPage\":{\"@id\":\"https:\/\/www.budokampsport.se\/2011\/12\/29\/gastkronika-att-vara-konferencier-pa-galor\/#primaryimage\"},\"image\":{\"@id\":\"https:\/\/www.budokampsport.se\/2011\/12\/29\/gastkronika-att-vara-konferencier-pa-galor\/#primaryimage\"},\"thumbnailUrl\":\"http:\/\/www.budokampsport.se\/sites\/default\/files\/rhodin.gif\",\"datePublished\":\"2011-12-29T16:33:48+00:00\",\"dateModified\":\"2016-12-06T21:33:59+00:00\",\"author\":{\"@id\":\"https:\/\/www.budokampsport.se\/#\/schema\/person\/5c06d81d14850e2a8ce5493386560145\"},\"description\":\"Budokampsport.se kommer att involvera en och annan g\u00e4stskr\u00f6nik\u00f6r d\u00e5 och d\u00e5, som kan beskriva eller belysa vissa element inom kampsporten som kanske inte\",\"breadcrumb\":{\"@id\":\"https:\/\/www.budokampsport.se\/2011\/12\/29\/gastkronika-att-vara-konferencier-pa-galor\/#breadcrumb\"},\"inLanguage\":\"sv-SE\",\"potentialAction\":[{\"@type\":\"ReadAction\",\"target\":[\"https:\/\/www.budokampsport.se\/2011\/12\/29\/gastkronika-att-vara-konferencier-pa-galor\/\"]}]},{\"@type\":\"ImageObject\",\"inLanguage\":\"sv-SE\",\"@id\":\"https:\/\/www.budokampsport.se\/2011\/12\/29\/gastkronika-att-vara-konferencier-pa-galor\/#primaryimage\",\"url\":\"http:\/\/www.budokampsport.se\/sites\/default\/files\/rhodin.gif\",\"contentUrl\":\"http:\/\/www.budokampsport.se\/sites\/default\/files\/rhodin.gif\"},{\"@type\":\"BreadcrumbList\",\"@id\":\"https:\/\/www.budokampsport.se\/2011\/12\/29\/gastkronika-att-vara-konferencier-pa-galor\/#breadcrumb\",\"itemListElement\":[{\"@type\":\"ListItem\",\"position\":1,\"name\":\"Hem\",\"item\":\"https:\/\/www.budokampsport.se\/\"},{\"@type\":\"ListItem\",\"position\":2,\"name\":\"G\u00e4stkr\u00f6nika &#8211; att vara konferencier p\u00e5 galor\"}]},{\"@type\":\"WebSite\",\"@id\":\"https:\/\/www.budokampsport.se\/#website\",\"url\":\"https:\/\/www.budokampsport.se\/\",\"name\":\"Svenska Budo &amp; Kampsportsf\u00f6rbundet\",\"description\":\"T\u00e4vling, Tr\u00e4ning, Tradition\",\"potentialAction\":[{\"@type\":\"SearchAction\",\"target\":{\"@type\":\"EntryPoint\",\"urlTemplate\":\"https:\/\/www.budokampsport.se\/?s={search_term_string}\"},\"query-input\":{\"@type\":\"PropertyValueSpecification\",\"valueRequired\":true,\"valueName\":\"search_term_string\"}}],\"inLanguage\":\"sv-SE\"},{\"@type\":\"Person\",\"@id\":\"https:\/\/www.budokampsport.se\/#\/schema\/person\/5c06d81d14850e2a8ce5493386560145\",\"name\":\"Jonathan Broberg\",\"image\":{\"@type\":\"ImageObject\",\"inLanguage\":\"sv-SE\",\"@id\":\"https:\/\/www.budokampsport.se\/#\/schema\/person\/image\/\",\"url\":\"https:\/\/secure.gravatar.com\/avatar\/a58041c6cea9128bd9c40ee2f26d4136?s=96&d=blank&r=g\",\"contentUrl\":\"https:\/\/secure.gravatar.com\/avatar\/a58041c6cea9128bd9c40ee2f26d4136?s=96&d=blank&r=g\",\"caption\":\"Jonathan Broberg\"},\"sameAs\":[\"https:\/\/www.facebook.com\/jonathan.broberg.7\"],\"url\":\"https:\/\/www.budokampsport.se\/author\/jonathan\/\"}]}<\/script>\n<!-- \/ Yoast SEO plugin. -->","yoast_head_json":{"title":"G\u00e4stkr\u00f6nika - att vara konferencier p\u00e5 galor - Svenska Budo &amp; Kampsportsf\u00f6rbundet","description":"Budokampsport.se kommer att involvera en och annan g\u00e4stskr\u00f6nik\u00f6r d\u00e5 och d\u00e5, som kan beskriva eller belysa vissa element inom kampsporten som kanske inte","robots":{"index":"index","follow":"follow","max-snippet":"max-snippet:-1","max-image-preview":"max-image-preview:large","max-video-preview":"max-video-preview:-1"},"canonical":"https:\/\/www.budokampsport.se\/2011\/12\/29\/gastkronika-att-vara-konferencier-pa-galor\/","og_locale":"sv_SE","og_type":"article","og_title":"G\u00e4stkr\u00f6nika - att vara konferencier p\u00e5 galor - Svenska Budo &amp; Kampsportsf\u00f6rbundet","og_description":"Budokampsport.se kommer att involvera en och annan g\u00e4stskr\u00f6nik\u00f6r d\u00e5 och d\u00e5, som kan beskriva eller belysa vissa element inom kampsporten som kanske inte","og_url":"https:\/\/www.budokampsport.se\/2011\/12\/29\/gastkronika-att-vara-konferencier-pa-galor\/","og_site_name":"Svenska Budo &amp; Kampsportsf\u00f6rbundet","article_author":"https:\/\/www.facebook.com\/jonathan.broberg.7","article_published_time":"2011-12-29T16:33:48+00:00","article_modified_time":"2016-12-06T21:33:59+00:00","og_image":[{"url":"http:\/\/www.budokampsport.se\/sites\/default\/files\/rhodin.gif","type":"","width":"","height":""}],"author":"Jonathan Broberg","twitter_card":"summary_large_image","twitter_misc":{"Skriven av":"Jonathan Broberg","Ber\u00e4knad l\u00e4stid":"5 minuter"},"schema":{"@context":"https:\/\/schema.org","@graph":[{"@type":"Article","@id":"https:\/\/www.budokampsport.se\/2011\/12\/29\/gastkronika-att-vara-konferencier-pa-galor\/#article","isPartOf":{"@id":"https:\/\/www.budokampsport.se\/2011\/12\/29\/gastkronika-att-vara-konferencier-pa-galor\/"},"author":{"name":"Jonathan Broberg","@id":"https:\/\/www.budokampsport.se\/#\/schema\/person\/5c06d81d14850e2a8ce5493386560145"},"headline":"G\u00e4stkr\u00f6nika &#8211; att vara konferencier p\u00e5 galor","datePublished":"2011-12-29T16:33:48+00:00","dateModified":"2016-12-06T21:33:59+00:00","mainEntityOfPage":{"@id":"https:\/\/www.budokampsport.se\/2011\/12\/29\/gastkronika-att-vara-konferencier-pa-galor\/"},"wordCount":1085,"image":{"@id":"https:\/\/www.budokampsport.se\/2011\/12\/29\/gastkronika-att-vara-konferencier-pa-galor\/#primaryimage"},"thumbnailUrl":"http:\/\/www.budokampsport.se\/sites\/default\/files\/rhodin.gif","articleSection":["Kr\u00f6nika"],"inLanguage":"sv-SE"},{"@type":"WebPage","@id":"https:\/\/www.budokampsport.se\/2011\/12\/29\/gastkronika-att-vara-konferencier-pa-galor\/","url":"https:\/\/www.budokampsport.se\/2011\/12\/29\/gastkronika-att-vara-konferencier-pa-galor\/","name":"G\u00e4stkr\u00f6nika - att vara konferencier p\u00e5 galor - Svenska Budo &amp; Kampsportsf\u00f6rbundet","isPartOf":{"@id":"https:\/\/www.budokampsport.se\/#website"},"primaryImageOfPage":{"@id":"https:\/\/www.budokampsport.se\/2011\/12\/29\/gastkronika-att-vara-konferencier-pa-galor\/#primaryimage"},"image":{"@id":"https:\/\/www.budokampsport.se\/2011\/12\/29\/gastkronika-att-vara-konferencier-pa-galor\/#primaryimage"},"thumbnailUrl":"http:\/\/www.budokampsport.se\/sites\/default\/files\/rhodin.gif","datePublished":"2011-12-29T16:33:48+00:00","dateModified":"2016-12-06T21:33:59+00:00","author":{"@id":"https:\/\/www.budokampsport.se\/#\/schema\/person\/5c06d81d14850e2a8ce5493386560145"},"description":"Budokampsport.se kommer att involvera en och annan g\u00e4stskr\u00f6nik\u00f6r d\u00e5 och d\u00e5, som kan beskriva eller belysa vissa element inom kampsporten som kanske inte","breadcrumb":{"@id":"https:\/\/www.budokampsport.se\/2011\/12\/29\/gastkronika-att-vara-konferencier-pa-galor\/#breadcrumb"},"inLanguage":"sv-SE","potentialAction":[{"@type":"ReadAction","target":["https:\/\/www.budokampsport.se\/2011\/12\/29\/gastkronika-att-vara-konferencier-pa-galor\/"]}]},{"@type":"ImageObject","inLanguage":"sv-SE","@id":"https:\/\/www.budokampsport.se\/2011\/12\/29\/gastkronika-att-vara-konferencier-pa-galor\/#primaryimage","url":"http:\/\/www.budokampsport.se\/sites\/default\/files\/rhodin.gif","contentUrl":"http:\/\/www.budokampsport.se\/sites\/default\/files\/rhodin.gif"},{"@type":"BreadcrumbList","@id":"https:\/\/www.budokampsport.se\/2011\/12\/29\/gastkronika-att-vara-konferencier-pa-galor\/#breadcrumb","itemListElement":[{"@type":"ListItem","position":1,"name":"Hem","item":"https:\/\/www.budokampsport.se\/"},{"@type":"ListItem","position":2,"name":"G\u00e4stkr\u00f6nika &#8211; att vara konferencier p\u00e5 galor"}]},{"@type":"WebSite","@id":"https:\/\/www.budokampsport.se\/#website","url":"https:\/\/www.budokampsport.se\/","name":"Svenska Budo &amp; Kampsportsf\u00f6rbundet","description":"T\u00e4vling, Tr\u00e4ning, Tradition","potentialAction":[{"@type":"SearchAction","target":{"@type":"EntryPoint","urlTemplate":"https:\/\/www.budokampsport.se\/?s={search_term_string}"},"query-input":{"@type":"PropertyValueSpecification","valueRequired":true,"valueName":"search_term_string"}}],"inLanguage":"sv-SE"},{"@type":"Person","@id":"https:\/\/www.budokampsport.se\/#\/schema\/person\/5c06d81d14850e2a8ce5493386560145","name":"Jonathan Broberg","image":{"@type":"ImageObject","inLanguage":"sv-SE","@id":"https:\/\/www.budokampsport.se\/#\/schema\/person\/image\/","url":"https:\/\/secure.gravatar.com\/avatar\/a58041c6cea9128bd9c40ee2f26d4136?s=96&d=blank&r=g","contentUrl":"https:\/\/secure.gravatar.com\/avatar\/a58041c6cea9128bd9c40ee2f26d4136?s=96&d=blank&r=g","caption":"Jonathan Broberg"},"sameAs":["https:\/\/www.facebook.com\/jonathan.broberg.7"],"url":"https:\/\/www.budokampsport.se\/author\/jonathan\/"}]}},"_links":{"self":[{"href":"https:\/\/www.budokampsport.se\/api\/wp\/v2\/posts\/4061","targetHints":{"allow":["GET"]}}],"collection":[{"href":"https:\/\/www.budokampsport.se\/api\/wp\/v2\/posts"}],"about":[{"href":"https:\/\/www.budokampsport.se\/api\/wp\/v2\/types\/post"}],"author":[{"embeddable":true,"href":"https:\/\/www.budokampsport.se\/api\/wp\/v2\/users\/7"}],"replies":[{"embeddable":true,"href":"https:\/\/www.budokampsport.se\/api\/wp\/v2\/comments?post=4061"}],"version-history":[{"count":0,"href":"https:\/\/www.budokampsport.se\/api\/wp\/v2\/posts\/4061\/revisions"}],"wp:attachment":[{"href":"https:\/\/www.budokampsport.se\/api\/wp\/v2\/media?parent=4061"}],"wp:term":[{"taxonomy":"category","embeddable":true,"href":"https:\/\/www.budokampsport.se\/api\/wp\/v2\/categories?post=4061"},{"taxonomy":"post_tag","embeddable":true,"href":"https:\/\/www.budokampsport.se\/api\/wp\/v2\/tags?post=4061"}],"curies":[{"name":"wp","href":"https:\/\/api.w.org\/{rel}","templated":true}]}}