{"id":4082,"date":"2012-01-27T20:07:41","date_gmt":"2012-01-27T19:07:41","guid":{"rendered":"http:\/\/budo.wordpress.dev\/2012\/01\/27\/karin-edenius-vann-fint-pris\/"},"modified":"2016-12-06T22:34:03","modified_gmt":"2016-12-06T21:34:03","slug":"karin-edenius-vann-fint-pris","status":"publish","type":"post","link":"https:\/\/www.budokampsport.se\/2012\/01\/27\/karin-edenius-vann-fint-pris\/","title":{"rendered":"Karin Edenius vann fint pris"},"content":{"rendered":"<p><P><STRONG><IMG alt=\"\" align=middle src=\"http:\/\/www.budokampsport.se\/sites\/default\/files\/karin_edenius_0.jpg\" width=435 height=326><BR>I november blev hon v\u00e4rldsm\u00e4starinna i kickboxning light contact. Det blev ocks\u00e5 det som f\u00e4llde avg\u00f6rande i P4 Upplands Sportpris. Idag fick kickboxningsstj\u00e4rnan ett stort idrottsligt erk\u00e4nnande d\u00e5 hon vann priset som radiokanalen delar ut.<BR>\u00a0\u00a0 &#8211; Jag hade aldrig kunnat dr\u00f6mma om att f\u00e5 ta emot detta fina pris, s\u00e4ger hon till budokampsport.se.<!--break--><\/STRONG><\/P> <P>P4 Uppland kallade idag Karin Edenius till studion. Edenius trodde sig vara p\u00e5 v\u00e4g mot en intervju &#8211; men det visade sig att hon vunnit P4 Upplands Sportpris.<\/P> <P>Ett erk\u00e4nnande som \u00e4r sannerligen och synnerligen ovanligt inom budo och kampsport.<BR>\u00a0\u00a0 &#8211; F\u00f6rutom att det k\u00e4nns fantastiskt f\u00f6r mig personligen s\u00e5 \u00e4r det j\u00e4ttekul att kickboxning som sport att f\u00e5 vinna \u00f6ver klassiska lagsporter. D\u00e4rf\u00f6r \u00e4r det ett pris som jag p\u00e5 m\u00e5nga s\u00e4tt v\u00e4rderar lika h\u00f6gt som mitt VM-guld.<\/P> <P>Priset besl\u00f6ts av dels en jury, men \u00e4ven genom allm\u00e4nhetens r\u00f6ster. S\u00e5ledes ytterligare en indikation p\u00e5 dess betydande.<BR>\u00a0\u00a0 &#8211; Jag \u00e4r otroligt glad och tacksam till alla de som har r\u00f6stat p\u00e5 mig.<\/P> <P>Svenska Budo &#038; Kampsportsf\u00f6rbundet riktar sj\u00e4lvklart ett stort grattis, ett enormt v\u00e4lf\u00f6rtj\u00e4nt grattis, till Karin Edenius!<BR><BR>Text: Jonathan Broberg<\/P><\/p>\n","protected":false},"excerpt":{"rendered":"<p><P><STRONG><IMG alt=\"\" align=middle src=\"http:\/\/www.budokampsport.se\/sites\/default\/files\/karin_edenius_0.jpg\" width=435 height=326><BR>I november blev hon v\u00e4rldsm\u00e4starinna i kickboxning light contact. Det blev ocks\u00e5 det som f\u00e4llde avg\u00f6rande i P4 Upplands Sportpris. Idag fick kickboxningsstj\u00e4rnan ett stort idrottsligt erk\u00e4nnande d\u00e5 hon vann priset som radiokanalen delar ut.<BR>\u00a0\u00a0 &#8211; Jag hade aldrig kunnat dr\u00f6mma om att f\u00e5 ta emot detta fina pris, s\u00e4ger hon till budokampsport.se.<\/p><br>","protected":false},"author":7,"featured_media":0,"comment_status":"closed","ping_status":"closed","sticky":false,"template":"","format":"standard","meta":{"_acf_changed":false,"footnotes":""},"categories":[1],"tags":[],"class_list":["post-4082","post","type-post","status-publish","format-standard","hentry","category-okategoriserade"],"acf":[],"yoast_head":"<!-- This site is optimized with the Yoast SEO plugin v26.8 - https:\/\/yoast.com\/product\/yoast-seo-wordpress\/ -->\n<title>Karin Edenius vann fint pris - Svenska Budo &amp; Kampsportsf\u00f6rbundet<\/title>\n<meta name=\"description\" content=\"I november blev hon v\u00e4rldsm\u00e4starinna i kickboxning light contact. Det blev ocks\u00e5 det som f\u00e4llde avg\u00f6rande i P4 Upplands Sportpris. Idag fick kickboxningsstj\u00e4rnan ett stort idrottsligt erk\u00e4nnande d\u00e5 hon vann priset som radiokanalen delar ut.\u00a0\u00a0 - Jag hade aldrig kunnat dr\u00f6mma om att f\u00e5 ta emot detta fina pris, s\u00e4ger hon till budokampsport.se.\" \/>\n<meta name=\"robots\" content=\"index, follow, max-snippet:-1, max-image-preview:large, max-video-preview:-1\" \/>\n<link rel=\"canonical\" href=\"https:\/\/www.budokampsport.se\/2012\/01\/27\/karin-edenius-vann-fint-pris\/\" \/>\n<meta property=\"og:locale\" content=\"sv_SE\" \/>\n<meta property=\"og:type\" content=\"article\" \/>\n<meta property=\"og:title\" content=\"Karin Edenius vann fint pris - Svenska Budo &amp; Kampsportsf\u00f6rbundet\" \/>\n<meta property=\"og:description\" content=\"I november blev hon v\u00e4rldsm\u00e4starinna i kickboxning light contact. Det blev ocks\u00e5 det som f\u00e4llde avg\u00f6rande i P4 Upplands Sportpris. Idag fick kickboxningsstj\u00e4rnan ett stort idrottsligt erk\u00e4nnande d\u00e5 hon vann priset som radiokanalen delar ut.\u00a0\u00a0 - Jag hade aldrig kunnat dr\u00f6mma om att f\u00e5 ta emot detta fina pris, s\u00e4ger hon till budokampsport.se.\" \/>\n<meta property=\"og:url\" content=\"https:\/\/www.budokampsport.se\/2012\/01\/27\/karin-edenius-vann-fint-pris\/\" \/>\n<meta property=\"og:site_name\" content=\"Svenska Budo &amp; Kampsportsf\u00f6rbundet\" \/>\n<meta property=\"article:author\" content=\"https:\/\/www.facebook.com\/jonathan.broberg.7\" \/>\n<meta property=\"article:published_time\" content=\"2012-01-27T19:07:41+00:00\" \/>\n<meta property=\"article:modified_time\" content=\"2016-12-06T21:34:03+00:00\" \/>\n<meta name=\"author\" content=\"Jonathan Broberg\" \/>\n<meta name=\"twitter:card\" content=\"summary_large_image\" \/>\n<meta name=\"twitter:label1\" content=\"Skriven av\" \/>\n\t<meta name=\"twitter:data1\" content=\"Jonathan Broberg\" \/>\n\t<meta name=\"twitter:label2\" content=\"Ber\u00e4knad l\u00e4stid\" \/>\n\t<meta name=\"twitter:data2\" content=\"1 minut\" \/>\n<script type=\"application\/ld+json\" class=\"yoast-schema-graph\">{\"@context\":\"https:\/\/schema.org\",\"@graph\":[{\"@type\":\"Article\",\"@id\":\"https:\/\/www.budokampsport.se\/2012\/01\/27\/karin-edenius-vann-fint-pris\/#article\",\"isPartOf\":{\"@id\":\"https:\/\/www.budokampsport.se\/2012\/01\/27\/karin-edenius-vann-fint-pris\/\"},\"author\":{\"name\":\"Jonathan Broberg\",\"@id\":\"https:\/\/www.budokampsport.se\/#\/schema\/person\/5c06d81d14850e2a8ce5493386560145\"},\"headline\":\"Karin Edenius vann fint pris\",\"datePublished\":\"2012-01-27T19:07:41+00:00\",\"dateModified\":\"2016-12-06T21:34:03+00:00\",\"mainEntityOfPage\":{\"@id\":\"https:\/\/www.budokampsport.se\/2012\/01\/27\/karin-edenius-vann-fint-pris\/\"},\"wordCount\":219,\"inLanguage\":\"sv-SE\"},{\"@type\":\"WebPage\",\"@id\":\"https:\/\/www.budokampsport.se\/2012\/01\/27\/karin-edenius-vann-fint-pris\/\",\"url\":\"https:\/\/www.budokampsport.se\/2012\/01\/27\/karin-edenius-vann-fint-pris\/\",\"name\":\"Karin Edenius vann fint pris - Svenska Budo &amp; Kampsportsf\u00f6rbundet\",\"isPartOf\":{\"@id\":\"https:\/\/www.budokampsport.se\/#website\"},\"datePublished\":\"2012-01-27T19:07:41+00:00\",\"dateModified\":\"2016-12-06T21:34:03+00:00\",\"author\":{\"@id\":\"https:\/\/www.budokampsport.se\/#\/schema\/person\/5c06d81d14850e2a8ce5493386560145\"},\"description\":\"I november blev hon v\u00e4rldsm\u00e4starinna i kickboxning light contact. Det blev ocks\u00e5 det som f\u00e4llde avg\u00f6rande i P4 Upplands Sportpris. Idag fick kickboxningsstj\u00e4rnan ett stort idrottsligt erk\u00e4nnande d\u00e5 hon vann priset som radiokanalen delar ut.\u00a0\u00a0 - Jag hade aldrig kunnat dr\u00f6mma om att f\u00e5 ta emot detta fina pris, s\u00e4ger hon till budokampsport.se.\",\"breadcrumb\":{\"@id\":\"https:\/\/www.budokampsport.se\/2012\/01\/27\/karin-edenius-vann-fint-pris\/#breadcrumb\"},\"inLanguage\":\"sv-SE\",\"potentialAction\":[{\"@type\":\"ReadAction\",\"target\":[\"https:\/\/www.budokampsport.se\/2012\/01\/27\/karin-edenius-vann-fint-pris\/\"]}]},{\"@type\":\"BreadcrumbList\",\"@id\":\"https:\/\/www.budokampsport.se\/2012\/01\/27\/karin-edenius-vann-fint-pris\/#breadcrumb\",\"itemListElement\":[{\"@type\":\"ListItem\",\"position\":1,\"name\":\"Hem\",\"item\":\"https:\/\/www.budokampsport.se\/\"},{\"@type\":\"ListItem\",\"position\":2,\"name\":\"Karin Edenius vann fint pris\"}]},{\"@type\":\"WebSite\",\"@id\":\"https:\/\/www.budokampsport.se\/#website\",\"url\":\"https:\/\/www.budokampsport.se\/\",\"name\":\"Svenska Budo &amp; Kampsportsf\u00f6rbundet\",\"description\":\"T\u00e4vling, Tr\u00e4ning, Tradition\",\"potentialAction\":[{\"@type\":\"SearchAction\",\"target\":{\"@type\":\"EntryPoint\",\"urlTemplate\":\"https:\/\/www.budokampsport.se\/?s={search_term_string}\"},\"query-input\":{\"@type\":\"PropertyValueSpecification\",\"valueRequired\":true,\"valueName\":\"search_term_string\"}}],\"inLanguage\":\"sv-SE\"},{\"@type\":\"Person\",\"@id\":\"https:\/\/www.budokampsport.se\/#\/schema\/person\/5c06d81d14850e2a8ce5493386560145\",\"name\":\"Jonathan Broberg\",\"image\":{\"@type\":\"ImageObject\",\"inLanguage\":\"sv-SE\",\"@id\":\"https:\/\/www.budokampsport.se\/#\/schema\/person\/image\/\",\"url\":\"https:\/\/secure.gravatar.com\/avatar\/a58041c6cea9128bd9c40ee2f26d4136?s=96&d=blank&r=g\",\"contentUrl\":\"https:\/\/secure.gravatar.com\/avatar\/a58041c6cea9128bd9c40ee2f26d4136?s=96&d=blank&r=g\",\"caption\":\"Jonathan Broberg\"},\"sameAs\":[\"https:\/\/www.facebook.com\/jonathan.broberg.7\"],\"url\":\"https:\/\/www.budokampsport.se\/author\/jonathan\/\"}]}<\/script>\n<!-- \/ Yoast SEO plugin. -->","yoast_head_json":{"title":"Karin Edenius vann fint pris - Svenska Budo &amp; Kampsportsf\u00f6rbundet","description":"I november blev hon v\u00e4rldsm\u00e4starinna i kickboxning light contact. Det blev ocks\u00e5 det som f\u00e4llde avg\u00f6rande i P4 Upplands Sportpris. Idag fick kickboxningsstj\u00e4rnan ett stort idrottsligt erk\u00e4nnande d\u00e5 hon vann priset som radiokanalen delar ut.\u00a0\u00a0 - Jag hade aldrig kunnat dr\u00f6mma om att f\u00e5 ta emot detta fina pris, s\u00e4ger hon till budokampsport.se.","robots":{"index":"index","follow":"follow","max-snippet":"max-snippet:-1","max-image-preview":"max-image-preview:large","max-video-preview":"max-video-preview:-1"},"canonical":"https:\/\/www.budokampsport.se\/2012\/01\/27\/karin-edenius-vann-fint-pris\/","og_locale":"sv_SE","og_type":"article","og_title":"Karin Edenius vann fint pris - Svenska Budo &amp; Kampsportsf\u00f6rbundet","og_description":"I november blev hon v\u00e4rldsm\u00e4starinna i kickboxning light contact. Det blev ocks\u00e5 det som f\u00e4llde avg\u00f6rande i P4 Upplands Sportpris. Idag fick kickboxningsstj\u00e4rnan ett stort idrottsligt erk\u00e4nnande d\u00e5 hon vann priset som radiokanalen delar ut.\u00a0\u00a0 - Jag hade aldrig kunnat dr\u00f6mma om att f\u00e5 ta emot detta fina pris, s\u00e4ger hon till budokampsport.se.","og_url":"https:\/\/www.budokampsport.se\/2012\/01\/27\/karin-edenius-vann-fint-pris\/","og_site_name":"Svenska Budo &amp; Kampsportsf\u00f6rbundet","article_author":"https:\/\/www.facebook.com\/jonathan.broberg.7","article_published_time":"2012-01-27T19:07:41+00:00","article_modified_time":"2016-12-06T21:34:03+00:00","author":"Jonathan Broberg","twitter_card":"summary_large_image","twitter_misc":{"Skriven av":"Jonathan Broberg","Ber\u00e4knad l\u00e4stid":"1 minut"},"schema":{"@context":"https:\/\/schema.org","@graph":[{"@type":"Article","@id":"https:\/\/www.budokampsport.se\/2012\/01\/27\/karin-edenius-vann-fint-pris\/#article","isPartOf":{"@id":"https:\/\/www.budokampsport.se\/2012\/01\/27\/karin-edenius-vann-fint-pris\/"},"author":{"name":"Jonathan Broberg","@id":"https:\/\/www.budokampsport.se\/#\/schema\/person\/5c06d81d14850e2a8ce5493386560145"},"headline":"Karin Edenius vann fint pris","datePublished":"2012-01-27T19:07:41+00:00","dateModified":"2016-12-06T21:34:03+00:00","mainEntityOfPage":{"@id":"https:\/\/www.budokampsport.se\/2012\/01\/27\/karin-edenius-vann-fint-pris\/"},"wordCount":219,"inLanguage":"sv-SE"},{"@type":"WebPage","@id":"https:\/\/www.budokampsport.se\/2012\/01\/27\/karin-edenius-vann-fint-pris\/","url":"https:\/\/www.budokampsport.se\/2012\/01\/27\/karin-edenius-vann-fint-pris\/","name":"Karin Edenius vann fint pris - Svenska Budo &amp; Kampsportsf\u00f6rbundet","isPartOf":{"@id":"https:\/\/www.budokampsport.se\/#website"},"datePublished":"2012-01-27T19:07:41+00:00","dateModified":"2016-12-06T21:34:03+00:00","author":{"@id":"https:\/\/www.budokampsport.se\/#\/schema\/person\/5c06d81d14850e2a8ce5493386560145"},"description":"I november blev hon v\u00e4rldsm\u00e4starinna i kickboxning light contact. Det blev ocks\u00e5 det som f\u00e4llde avg\u00f6rande i P4 Upplands Sportpris. Idag fick kickboxningsstj\u00e4rnan ett stort idrottsligt erk\u00e4nnande d\u00e5 hon vann priset som radiokanalen delar ut.\u00a0\u00a0 - Jag hade aldrig kunnat dr\u00f6mma om att f\u00e5 ta emot detta fina pris, s\u00e4ger hon till budokampsport.se.","breadcrumb":{"@id":"https:\/\/www.budokampsport.se\/2012\/01\/27\/karin-edenius-vann-fint-pris\/#breadcrumb"},"inLanguage":"sv-SE","potentialAction":[{"@type":"ReadAction","target":["https:\/\/www.budokampsport.se\/2012\/01\/27\/karin-edenius-vann-fint-pris\/"]}]},{"@type":"BreadcrumbList","@id":"https:\/\/www.budokampsport.se\/2012\/01\/27\/karin-edenius-vann-fint-pris\/#breadcrumb","itemListElement":[{"@type":"ListItem","position":1,"name":"Hem","item":"https:\/\/www.budokampsport.se\/"},{"@type":"ListItem","position":2,"name":"Karin Edenius vann fint pris"}]},{"@type":"WebSite","@id":"https:\/\/www.budokampsport.se\/#website","url":"https:\/\/www.budokampsport.se\/","name":"Svenska Budo &amp; Kampsportsf\u00f6rbundet","description":"T\u00e4vling, Tr\u00e4ning, Tradition","potentialAction":[{"@type":"SearchAction","target":{"@type":"EntryPoint","urlTemplate":"https:\/\/www.budokampsport.se\/?s={search_term_string}"},"query-input":{"@type":"PropertyValueSpecification","valueRequired":true,"valueName":"search_term_string"}}],"inLanguage":"sv-SE"},{"@type":"Person","@id":"https:\/\/www.budokampsport.se\/#\/schema\/person\/5c06d81d14850e2a8ce5493386560145","name":"Jonathan Broberg","image":{"@type":"ImageObject","inLanguage":"sv-SE","@id":"https:\/\/www.budokampsport.se\/#\/schema\/person\/image\/","url":"https:\/\/secure.gravatar.com\/avatar\/a58041c6cea9128bd9c40ee2f26d4136?s=96&d=blank&r=g","contentUrl":"https:\/\/secure.gravatar.com\/avatar\/a58041c6cea9128bd9c40ee2f26d4136?s=96&d=blank&r=g","caption":"Jonathan Broberg"},"sameAs":["https:\/\/www.facebook.com\/jonathan.broberg.7"],"url":"https:\/\/www.budokampsport.se\/author\/jonathan\/"}]}},"_links":{"self":[{"href":"https:\/\/www.budokampsport.se\/api\/wp\/v2\/posts\/4082","targetHints":{"allow":["GET"]}}],"collection":[{"href":"https:\/\/www.budokampsport.se\/api\/wp\/v2\/posts"}],"about":[{"href":"https:\/\/www.budokampsport.se\/api\/wp\/v2\/types\/post"}],"author":[{"embeddable":true,"href":"https:\/\/www.budokampsport.se\/api\/wp\/v2\/users\/7"}],"replies":[{"embeddable":true,"href":"https:\/\/www.budokampsport.se\/api\/wp\/v2\/comments?post=4082"}],"version-history":[{"count":0,"href":"https:\/\/www.budokampsport.se\/api\/wp\/v2\/posts\/4082\/revisions"}],"wp:attachment":[{"href":"https:\/\/www.budokampsport.se\/api\/wp\/v2\/media?parent=4082"}],"wp:term":[{"taxonomy":"category","embeddable":true,"href":"https:\/\/www.budokampsport.se\/api\/wp\/v2\/categories?post=4082"},{"taxonomy":"post_tag","embeddable":true,"href":"https:\/\/www.budokampsport.se\/api\/wp\/v2\/tags?post=4082"}],"curies":[{"name":"wp","href":"https:\/\/api.w.org\/{rel}","templated":true}]}}