{"id":4096,"date":"2012-02-06T13:57:50","date_gmt":"2012-02-06T12:57:50","guid":{"rendered":"http:\/\/budo.wordpress.dev\/2012\/02\/06\/mman-sakrar-upp-annu-mer\/"},"modified":"2016-12-06T22:34:06","modified_gmt":"2016-12-06T21:34:06","slug":"mman-sakrar-upp-annu-mer","status":"publish","type":"post","link":"https:\/\/www.budokampsport.se\/2012\/02\/06\/mman-sakrar-upp-annu-mer\/","title":{"rendered":"MMA:n s\u00e4krar upp \u00e4nnu mer"},"content":{"rendered":"<p><P><STRONG><IMG alt=\"\" align=right src=\"http:\/\/www.budokampsport.se\/sites\/default\/files\/mma.jpg\" width=120 height=179>MMA i Sverige kan vara en av v\u00e4rldens mest reglerade idrotter, i och med kampsportslagen. MMA-f\u00f6rbundet har trots det arbetat oerh\u00f6rt m\u00e5linriktat med att ytterligare g\u00f6ra idrotten s\u00e4ker f\u00f6r ut\u00f6varna \u2013 och nu kommer n\u00e4sta \u00e5tg\u00e4rd, matchbegr\u00e4nsningar f\u00f6r domare.<BR>\u00a0\u00a0 &#8211; Vissa yrken har en extremt l\u00e5g feltolerans. Man skulle knappast vilja l\u00e4mna \u00f6ver ansvar till en tr\u00f6tt och sliten pilot eller kirurg, s\u00e4ger MMA-f\u00f6rbundets ordf\u00f6rande George Sallfeldt i ett pressmeddelande.<!--break--><\/STRONG><\/P> <P>Svenska MMA F\u00f6rbundets domarkommitt\u00e9 har beslutat om att begr\u00e4nsa antalet matcher som en matchdomare f\u00e5r d\u00f6ma under en dag. Eftersom matchdomaren fungerar som en av de viktigaste s\u00e4kerhetsfunktionerna anser domarkommitt\u00e9n att en begr\u00e4nsning i det maximala antalet matcher under en dag \u00e4r viktig f\u00f6r att garantera att h\u00f6ga s\u00e4kerhetsniv\u00e5er uppr\u00e4tth\u00e5lls.\u00a0 <BR><BR><STRONG>S\u00e5 h\u00e4r lyder beslutstexten:<\/STRONG><BR><EM>\u201dEn matchdomare f\u00e5r maximalt d\u00f6ma 8 matcher under en dag varav maximalt 4 matcher i rad. F\u00f6rbundets supervisor som n\u00e4rvarar vid t\u00e4vling kan ge klartecken f\u00f6r ytterligare 1 match om s\u00e4rskilt behov finns. Vid godk\u00e4nnande fr\u00e5n supervisor godtas allts\u00e5 maximalt 9 matcher under en dag varav h\u00f6gst 5 matcher i rad. Detta g\u00e4ller endast matcher inneh\u00e5llande 3 ronder, dvs. regelverken Svensk Professionell MMA samt Internationell Professionell MMA.\u201d<\/EM><\/P> <P>Och s\u00e5 h\u00e4r s\u00e4ger MMA-f\u00f6rbundets ordf\u00f6rande George Sallfeldt om den nya best\u00e4mmelserna.<BR>\u00a0\u00a0 &#8211; Vissa yrken har en extremt l\u00e5g feltolerans. Man skulle knappast vilja l\u00e4mna \u00f6ver ansvar till en tr\u00f6tt och sliten pilot eller kirurg. P\u00e5 motsvarande s\u00e4tt \u00e4r en tr\u00f6tt och okoncentrerad matchdomare i MMA \u00e4r en riskfaktor f\u00f6r idrottarna. F\u00f6rbundets domarkommitt\u00e9 har diskuterat den h\u00e4r fr\u00e5gan under en tid och beslutat om att ska finnas en begr\u00e4nsning n\u00e4r det g\u00e4ller antalet d\u00f6mda matcher under en dag.<BR><BR>Foto: Magnus Hartman<\/P><\/p>\n","protected":false},"excerpt":{"rendered":"<p><P><STRONG><IMG alt=\"\" align=right src=\"http:\/\/www.budokampsport.se\/sites\/default\/files\/mma.jpg\" width=120 height=179>MMA i Sverige kan vara en av v\u00e4rldens mest reglerade idrotter, i och med kampsportslagen. MMA-f\u00f6rbundet har trots det arbetat oerh\u00f6rt m\u00e5linriktat med att ytterligare g\u00f6ra idrotten s\u00e4ker f\u00f6r ut\u00f6varna \u2013 och nu kommer n\u00e4sta \u00e5tg\u00e4rd, matchbegr\u00e4nsningar f\u00f6r domare.<BR>\u00a0\u00a0 &#8211; Vissa yrken har en extremt l\u00e5g feltolerans. Man skulle knappast vilja l\u00e4mna \u00f6ver ansvar till en tr\u00f6tt och sliten pilot eller kirurg, s\u00e4ger MMA-f\u00f6rbundets ordf\u00f6rande George Sallfeldt i ett pressmeddelande.<\/p><br>","protected":false},"author":7,"featured_media":0,"comment_status":"closed","ping_status":"closed","sticky":false,"template":"","format":"standard","meta":{"_acf_changed":false,"footnotes":""},"categories":[1],"tags":[],"class_list":["post-4096","post","type-post","status-publish","format-standard","hentry","category-okategoriserade"],"acf":[],"yoast_head":"<!-- This site is optimized with the Yoast SEO plugin v26.8 - https:\/\/yoast.com\/product\/yoast-seo-wordpress\/ -->\n<title>MMA:n s\u00e4krar upp \u00e4nnu mer - Svenska Budo &amp; Kampsportsf\u00f6rbundet<\/title>\n<meta name=\"description\" content=\"MMA i Sverige kan vara en av v\u00e4rldens mest reglerade idrotter, i och med kampsportslagen. MMA-f\u00f6rbundet har trots det arbetat oerh\u00f6rt m\u00e5linriktat med att ytterligare g\u00f6ra idrotten s\u00e4ker f\u00f6r ut\u00f6varna \u2013 och nu kommer n\u00e4sta \u00e5tg\u00e4rd, matchbegr\u00e4nsningar f\u00f6r domare.\u00a0\u00a0 - Vissa yrken har en extremt l\u00e5g feltolerans. Man skulle knappast vilja l\u00e4mna \u00f6ver ansvar till en tr\u00f6tt och sliten pilot eller kirurg, s\u00e4ger MMA-f\u00f6rbundets ordf\u00f6rande George Sallfeldt i ett pressmeddelande.\" \/>\n<meta name=\"robots\" content=\"index, follow, max-snippet:-1, max-image-preview:large, max-video-preview:-1\" \/>\n<link rel=\"canonical\" href=\"https:\/\/www.budokampsport.se\/2012\/02\/06\/mman-sakrar-upp-annu-mer\/\" \/>\n<meta property=\"og:locale\" content=\"sv_SE\" \/>\n<meta property=\"og:type\" content=\"article\" \/>\n<meta property=\"og:title\" content=\"MMA:n s\u00e4krar upp \u00e4nnu mer - Svenska Budo &amp; Kampsportsf\u00f6rbundet\" \/>\n<meta property=\"og:description\" content=\"MMA i Sverige kan vara en av v\u00e4rldens mest reglerade idrotter, i och med kampsportslagen. MMA-f\u00f6rbundet har trots det arbetat oerh\u00f6rt m\u00e5linriktat med att ytterligare g\u00f6ra idrotten s\u00e4ker f\u00f6r ut\u00f6varna \u2013 och nu kommer n\u00e4sta \u00e5tg\u00e4rd, matchbegr\u00e4nsningar f\u00f6r domare.\u00a0\u00a0 - Vissa yrken har en extremt l\u00e5g feltolerans. Man skulle knappast vilja l\u00e4mna \u00f6ver ansvar till en tr\u00f6tt och sliten pilot eller kirurg, s\u00e4ger MMA-f\u00f6rbundets ordf\u00f6rande George Sallfeldt i ett pressmeddelande.\" \/>\n<meta property=\"og:url\" content=\"https:\/\/www.budokampsport.se\/2012\/02\/06\/mman-sakrar-upp-annu-mer\/\" \/>\n<meta property=\"og:site_name\" content=\"Svenska Budo &amp; Kampsportsf\u00f6rbundet\" \/>\n<meta property=\"article:author\" content=\"https:\/\/www.facebook.com\/jonathan.broberg.7\" \/>\n<meta property=\"article:published_time\" content=\"2012-02-06T12:57:50+00:00\" \/>\n<meta property=\"article:modified_time\" content=\"2016-12-06T21:34:06+00:00\" \/>\n<meta name=\"author\" content=\"Jonathan Broberg\" \/>\n<meta name=\"twitter:card\" content=\"summary_large_image\" \/>\n<meta name=\"twitter:label1\" content=\"Skriven av\" \/>\n\t<meta name=\"twitter:data1\" content=\"Jonathan Broberg\" \/>\n\t<meta name=\"twitter:label2\" content=\"Ber\u00e4knad l\u00e4stid\" \/>\n\t<meta name=\"twitter:data2\" content=\"2 minuter\" \/>\n<script type=\"application\/ld+json\" class=\"yoast-schema-graph\">{\"@context\":\"https:\/\/schema.org\",\"@graph\":[{\"@type\":\"Article\",\"@id\":\"https:\/\/www.budokampsport.se\/2012\/02\/06\/mman-sakrar-upp-annu-mer\/#article\",\"isPartOf\":{\"@id\":\"https:\/\/www.budokampsport.se\/2012\/02\/06\/mman-sakrar-upp-annu-mer\/\"},\"author\":{\"name\":\"Jonathan Broberg\",\"@id\":\"https:\/\/www.budokampsport.se\/#\/schema\/person\/5c06d81d14850e2a8ce5493386560145\"},\"headline\":\"MMA:n s\u00e4krar upp \u00e4nnu mer\",\"datePublished\":\"2012-02-06T12:57:50+00:00\",\"dateModified\":\"2016-12-06T21:34:06+00:00\",\"mainEntityOfPage\":{\"@id\":\"https:\/\/www.budokampsport.se\/2012\/02\/06\/mman-sakrar-upp-annu-mer\/\"},\"wordCount\":334,\"inLanguage\":\"sv-SE\"},{\"@type\":\"WebPage\",\"@id\":\"https:\/\/www.budokampsport.se\/2012\/02\/06\/mman-sakrar-upp-annu-mer\/\",\"url\":\"https:\/\/www.budokampsport.se\/2012\/02\/06\/mman-sakrar-upp-annu-mer\/\",\"name\":\"MMA:n s\u00e4krar upp \u00e4nnu mer - Svenska Budo &amp; Kampsportsf\u00f6rbundet\",\"isPartOf\":{\"@id\":\"https:\/\/www.budokampsport.se\/#website\"},\"datePublished\":\"2012-02-06T12:57:50+00:00\",\"dateModified\":\"2016-12-06T21:34:06+00:00\",\"author\":{\"@id\":\"https:\/\/www.budokampsport.se\/#\/schema\/person\/5c06d81d14850e2a8ce5493386560145\"},\"description\":\"MMA i Sverige kan vara en av v\u00e4rldens mest reglerade idrotter, i och med kampsportslagen. MMA-f\u00f6rbundet har trots det arbetat oerh\u00f6rt m\u00e5linriktat med att ytterligare g\u00f6ra idrotten s\u00e4ker f\u00f6r ut\u00f6varna \u2013 och nu kommer n\u00e4sta \u00e5tg\u00e4rd, matchbegr\u00e4nsningar f\u00f6r domare.\u00a0\u00a0 - Vissa yrken har en extremt l\u00e5g feltolerans. Man skulle knappast vilja l\u00e4mna \u00f6ver ansvar till en tr\u00f6tt och sliten pilot eller kirurg, s\u00e4ger MMA-f\u00f6rbundets ordf\u00f6rande George Sallfeldt i ett pressmeddelande.\",\"breadcrumb\":{\"@id\":\"https:\/\/www.budokampsport.se\/2012\/02\/06\/mman-sakrar-upp-annu-mer\/#breadcrumb\"},\"inLanguage\":\"sv-SE\",\"potentialAction\":[{\"@type\":\"ReadAction\",\"target\":[\"https:\/\/www.budokampsport.se\/2012\/02\/06\/mman-sakrar-upp-annu-mer\/\"]}]},{\"@type\":\"BreadcrumbList\",\"@id\":\"https:\/\/www.budokampsport.se\/2012\/02\/06\/mman-sakrar-upp-annu-mer\/#breadcrumb\",\"itemListElement\":[{\"@type\":\"ListItem\",\"position\":1,\"name\":\"Hem\",\"item\":\"https:\/\/www.budokampsport.se\/\"},{\"@type\":\"ListItem\",\"position\":2,\"name\":\"MMA:n s\u00e4krar upp \u00e4nnu mer\"}]},{\"@type\":\"WebSite\",\"@id\":\"https:\/\/www.budokampsport.se\/#website\",\"url\":\"https:\/\/www.budokampsport.se\/\",\"name\":\"Svenska Budo &amp; Kampsportsf\u00f6rbundet\",\"description\":\"T\u00e4vling, Tr\u00e4ning, Tradition\",\"potentialAction\":[{\"@type\":\"SearchAction\",\"target\":{\"@type\":\"EntryPoint\",\"urlTemplate\":\"https:\/\/www.budokampsport.se\/?s={search_term_string}\"},\"query-input\":{\"@type\":\"PropertyValueSpecification\",\"valueRequired\":true,\"valueName\":\"search_term_string\"}}],\"inLanguage\":\"sv-SE\"},{\"@type\":\"Person\",\"@id\":\"https:\/\/www.budokampsport.se\/#\/schema\/person\/5c06d81d14850e2a8ce5493386560145\",\"name\":\"Jonathan Broberg\",\"image\":{\"@type\":\"ImageObject\",\"inLanguage\":\"sv-SE\",\"@id\":\"https:\/\/www.budokampsport.se\/#\/schema\/person\/image\/\",\"url\":\"https:\/\/secure.gravatar.com\/avatar\/a58041c6cea9128bd9c40ee2f26d4136?s=96&d=blank&r=g\",\"contentUrl\":\"https:\/\/secure.gravatar.com\/avatar\/a58041c6cea9128bd9c40ee2f26d4136?s=96&d=blank&r=g\",\"caption\":\"Jonathan Broberg\"},\"sameAs\":[\"https:\/\/www.facebook.com\/jonathan.broberg.7\"],\"url\":\"https:\/\/www.budokampsport.se\/author\/jonathan\/\"}]}<\/script>\n<!-- \/ Yoast SEO plugin. -->","yoast_head_json":{"title":"MMA:n s\u00e4krar upp \u00e4nnu mer - Svenska Budo &amp; Kampsportsf\u00f6rbundet","description":"MMA i Sverige kan vara en av v\u00e4rldens mest reglerade idrotter, i och med kampsportslagen. MMA-f\u00f6rbundet har trots det arbetat oerh\u00f6rt m\u00e5linriktat med att ytterligare g\u00f6ra idrotten s\u00e4ker f\u00f6r ut\u00f6varna \u2013 och nu kommer n\u00e4sta \u00e5tg\u00e4rd, matchbegr\u00e4nsningar f\u00f6r domare.\u00a0\u00a0 - Vissa yrken har en extremt l\u00e5g feltolerans. Man skulle knappast vilja l\u00e4mna \u00f6ver ansvar till en tr\u00f6tt och sliten pilot eller kirurg, s\u00e4ger MMA-f\u00f6rbundets ordf\u00f6rande George Sallfeldt i ett pressmeddelande.","robots":{"index":"index","follow":"follow","max-snippet":"max-snippet:-1","max-image-preview":"max-image-preview:large","max-video-preview":"max-video-preview:-1"},"canonical":"https:\/\/www.budokampsport.se\/2012\/02\/06\/mman-sakrar-upp-annu-mer\/","og_locale":"sv_SE","og_type":"article","og_title":"MMA:n s\u00e4krar upp \u00e4nnu mer - Svenska Budo &amp; Kampsportsf\u00f6rbundet","og_description":"MMA i Sverige kan vara en av v\u00e4rldens mest reglerade idrotter, i och med kampsportslagen. MMA-f\u00f6rbundet har trots det arbetat oerh\u00f6rt m\u00e5linriktat med att ytterligare g\u00f6ra idrotten s\u00e4ker f\u00f6r ut\u00f6varna \u2013 och nu kommer n\u00e4sta \u00e5tg\u00e4rd, matchbegr\u00e4nsningar f\u00f6r domare.\u00a0\u00a0 - Vissa yrken har en extremt l\u00e5g feltolerans. Man skulle knappast vilja l\u00e4mna \u00f6ver ansvar till en tr\u00f6tt och sliten pilot eller kirurg, s\u00e4ger MMA-f\u00f6rbundets ordf\u00f6rande George Sallfeldt i ett pressmeddelande.","og_url":"https:\/\/www.budokampsport.se\/2012\/02\/06\/mman-sakrar-upp-annu-mer\/","og_site_name":"Svenska Budo &amp; Kampsportsf\u00f6rbundet","article_author":"https:\/\/www.facebook.com\/jonathan.broberg.7","article_published_time":"2012-02-06T12:57:50+00:00","article_modified_time":"2016-12-06T21:34:06+00:00","author":"Jonathan Broberg","twitter_card":"summary_large_image","twitter_misc":{"Skriven av":"Jonathan Broberg","Ber\u00e4knad l\u00e4stid":"2 minuter"},"schema":{"@context":"https:\/\/schema.org","@graph":[{"@type":"Article","@id":"https:\/\/www.budokampsport.se\/2012\/02\/06\/mman-sakrar-upp-annu-mer\/#article","isPartOf":{"@id":"https:\/\/www.budokampsport.se\/2012\/02\/06\/mman-sakrar-upp-annu-mer\/"},"author":{"name":"Jonathan Broberg","@id":"https:\/\/www.budokampsport.se\/#\/schema\/person\/5c06d81d14850e2a8ce5493386560145"},"headline":"MMA:n s\u00e4krar upp \u00e4nnu mer","datePublished":"2012-02-06T12:57:50+00:00","dateModified":"2016-12-06T21:34:06+00:00","mainEntityOfPage":{"@id":"https:\/\/www.budokampsport.se\/2012\/02\/06\/mman-sakrar-upp-annu-mer\/"},"wordCount":334,"inLanguage":"sv-SE"},{"@type":"WebPage","@id":"https:\/\/www.budokampsport.se\/2012\/02\/06\/mman-sakrar-upp-annu-mer\/","url":"https:\/\/www.budokampsport.se\/2012\/02\/06\/mman-sakrar-upp-annu-mer\/","name":"MMA:n s\u00e4krar upp \u00e4nnu mer - Svenska Budo &amp; Kampsportsf\u00f6rbundet","isPartOf":{"@id":"https:\/\/www.budokampsport.se\/#website"},"datePublished":"2012-02-06T12:57:50+00:00","dateModified":"2016-12-06T21:34:06+00:00","author":{"@id":"https:\/\/www.budokampsport.se\/#\/schema\/person\/5c06d81d14850e2a8ce5493386560145"},"description":"MMA i Sverige kan vara en av v\u00e4rldens mest reglerade idrotter, i och med kampsportslagen. MMA-f\u00f6rbundet har trots det arbetat oerh\u00f6rt m\u00e5linriktat med att ytterligare g\u00f6ra idrotten s\u00e4ker f\u00f6r ut\u00f6varna \u2013 och nu kommer n\u00e4sta \u00e5tg\u00e4rd, matchbegr\u00e4nsningar f\u00f6r domare.\u00a0\u00a0 - Vissa yrken har en extremt l\u00e5g feltolerans. Man skulle knappast vilja l\u00e4mna \u00f6ver ansvar till en tr\u00f6tt och sliten pilot eller kirurg, s\u00e4ger MMA-f\u00f6rbundets ordf\u00f6rande George Sallfeldt i ett pressmeddelande.","breadcrumb":{"@id":"https:\/\/www.budokampsport.se\/2012\/02\/06\/mman-sakrar-upp-annu-mer\/#breadcrumb"},"inLanguage":"sv-SE","potentialAction":[{"@type":"ReadAction","target":["https:\/\/www.budokampsport.se\/2012\/02\/06\/mman-sakrar-upp-annu-mer\/"]}]},{"@type":"BreadcrumbList","@id":"https:\/\/www.budokampsport.se\/2012\/02\/06\/mman-sakrar-upp-annu-mer\/#breadcrumb","itemListElement":[{"@type":"ListItem","position":1,"name":"Hem","item":"https:\/\/www.budokampsport.se\/"},{"@type":"ListItem","position":2,"name":"MMA:n s\u00e4krar upp \u00e4nnu mer"}]},{"@type":"WebSite","@id":"https:\/\/www.budokampsport.se\/#website","url":"https:\/\/www.budokampsport.se\/","name":"Svenska Budo &amp; Kampsportsf\u00f6rbundet","description":"T\u00e4vling, Tr\u00e4ning, Tradition","potentialAction":[{"@type":"SearchAction","target":{"@type":"EntryPoint","urlTemplate":"https:\/\/www.budokampsport.se\/?s={search_term_string}"},"query-input":{"@type":"PropertyValueSpecification","valueRequired":true,"valueName":"search_term_string"}}],"inLanguage":"sv-SE"},{"@type":"Person","@id":"https:\/\/www.budokampsport.se\/#\/schema\/person\/5c06d81d14850e2a8ce5493386560145","name":"Jonathan Broberg","image":{"@type":"ImageObject","inLanguage":"sv-SE","@id":"https:\/\/www.budokampsport.se\/#\/schema\/person\/image\/","url":"https:\/\/secure.gravatar.com\/avatar\/a58041c6cea9128bd9c40ee2f26d4136?s=96&d=blank&r=g","contentUrl":"https:\/\/secure.gravatar.com\/avatar\/a58041c6cea9128bd9c40ee2f26d4136?s=96&d=blank&r=g","caption":"Jonathan Broberg"},"sameAs":["https:\/\/www.facebook.com\/jonathan.broberg.7"],"url":"https:\/\/www.budokampsport.se\/author\/jonathan\/"}]}},"_links":{"self":[{"href":"https:\/\/www.budokampsport.se\/api\/wp\/v2\/posts\/4096","targetHints":{"allow":["GET"]}}],"collection":[{"href":"https:\/\/www.budokampsport.se\/api\/wp\/v2\/posts"}],"about":[{"href":"https:\/\/www.budokampsport.se\/api\/wp\/v2\/types\/post"}],"author":[{"embeddable":true,"href":"https:\/\/www.budokampsport.se\/api\/wp\/v2\/users\/7"}],"replies":[{"embeddable":true,"href":"https:\/\/www.budokampsport.se\/api\/wp\/v2\/comments?post=4096"}],"version-history":[{"count":0,"href":"https:\/\/www.budokampsport.se\/api\/wp\/v2\/posts\/4096\/revisions"}],"wp:attachment":[{"href":"https:\/\/www.budokampsport.se\/api\/wp\/v2\/media?parent=4096"}],"wp:term":[{"taxonomy":"category","embeddable":true,"href":"https:\/\/www.budokampsport.se\/api\/wp\/v2\/categories?post=4096"},{"taxonomy":"post_tag","embeddable":true,"href":"https:\/\/www.budokampsport.se\/api\/wp\/v2\/tags?post=4096"}],"curies":[{"name":"wp","href":"https:\/\/api.w.org\/{rel}","templated":true}]}}