{"id":4111,"date":"2012-02-23T13:45:17","date_gmt":"2012-02-23T12:45:17","guid":{"rendered":"http:\/\/budo.wordpress.dev\/2012\/02\/23\/de-ar-arets-nominerade-till-kampsportsgalan-2012\/"},"modified":"2016-12-06T22:34:09","modified_gmt":"2016-12-06T21:34:09","slug":"de-ar-arets-nominerade-till-kampsportsgalan-2012","status":"publish","type":"post","link":"https:\/\/www.budokampsport.se\/2012\/02\/23\/de-ar-arets-nominerade-till-kampsportsgalan-2012\/","title":{"rendered":"De \u00e4r \u00e5rets nominerade till Kampsportsgalan 2012"},"content":{"rendered":"<p><P><STRONG><IMG alt=\"\" src=\"http:\/\/www.budokampsport.se\/sites\/default\/files\/galalogga.jpg\" width=430 height=287><BR>Det har varit ett rekordintresse f\u00f6r \u00e5rets Kampsportsgalan. Aldrig f\u00f6rr har s\u00e5 m\u00e5nga nominerats fr\u00e5n allm\u00e4nheten och n\u00e4r juryn sammantr\u00e4dde i Stockholm ig\u00e5r v\u00e4ntade ett digert arbete. H\u00e4r \u00e4r \u00e5rets nominerade till Kampsportsgalan 2012.<!--break--><\/STRONG><BR><STRONG><BR>\u00c5rets m\u00e4stare<\/STRONG><BR>Mats Nilsson, Kaisho MMA, submission wrestling<BR>Mikael Knutsson, Gladius MMA, submission wrestling<BR>Sanny Dahlbeck, Slagskeppet, thaiboxning<BR>Reza Madadi, Hilti BJJ, MMA<\/P> <P><STRONG>\u00c5rets m\u00e4starinna<\/STRONG><BR>Elina Nilsson, Fighter Muay Thai, thaiboxning<BR>Sara Svensson, Link\u00f6pings Kampsportscenter, submission wrestling<BR>Sara Widgren, Nacka Dojo, ju jutsu<BR>Therese Gunnarsson, Helsingborg Muay Thai, Kickboxning<\/P> <P><STRONG>\u00c5rets kampsportare<BR><\/STRONG>Ida Hansson, Arte Suave, Brasiliansk Jiu jitsu<BR>Alex Tobiasson Harris, Fighter Muay Thai, thaiboxning<BR>Maria Elin Olsson, S\u00f6dermalms Shaolin, thaiboxning\/kickboxning\/wushu<BR>Alexander Gustafsson, Stockholms MMA &#038; Thaiboxning, MMA<\/P> <P><STRONG>\u00c5rets genombrott<BR><\/STRONG>Sanja Trbojevic, Malm\u00f6 Muay Thai, thaiboxning<BR>Sara Widgren, Nacka Dojo, ju jutsu<BR>Alex Tobiasson Harris, Fighter Muay Thai, thaiboxning<BR>Maria Elin Olsson, S\u00f6dermalms Shaolin, thaiboxning\/kickboxning\/wushu<\/P> <P><STRONG>\u00c5rets traditionella ut\u00f6vare<BR><\/STRONG>Lars Magnar Enoksen, IK Sparta, glima<BR>Takao Momiyama, Glimminge Budo, iaido<BR>Jan Graaf, Kenshou Kyudo Kai, kyudo<BR>Michael Aust, Upplands-Bro Budoklubb, ju jutsu<\/P> <P><STRONG>Folkets pris \u2013 Guldtsuban<\/STRONG><BR>Nils Widlund, Stockholm, S\u00f6dermalms Shaolin, wushu<BR>J\u00f6rgen Kruth, Stockholm, Vallentuna Boxing Camp, MMA<BR>Hanna Sill\u00e9n, Stockholm, Vallentuna Boxing Camp, MMA<BR>Alexander Gustafsson, Arboga, Stockholms MMA &#038; Thaiboxning, MMA<BR>Elina Nilsson, G\u00f6teborg\/Stockholm, Fighter Muay Thai, thaiboxning<BR>Papy Abedi, Stockholm, Hilti BJJ, MMA<BR>Magnus Cedenblad, Stockholm, Pancrase Gym, MMA<BR>Reza Madadi, Stockholm, Hilti BJJ, MMA<BR>Mats Nilsson, Helsingborg, Kaisho MMA, submission wrestling<BR>Sanny Dahlbeck, Stockholm, Slagskeppet, thaiboxning<\/P> <P><STRONG>\u00c5rets f\u00f6rebild<\/STRONG><BR>Abdouile Joof, Vallentuna Boxing Camp, thaiboxning<BR>Waldo Zapata, Vallentuna Boxing Camp, MMA<BR>Hanna Sill\u00e9n, Vallentuna Boxing Camp, MMA<BR>Alexander Gustafsson, Stockholms MMA &#038; Thaiboxning, MMA<\/P> <P><STRONG>\u00c5rets ledare<BR><\/STRONG>Waldo Zapata, Vallentuna Boxing Camp, MMA<BR>Omar Bouiche, Pancrase Gym, MMA<BR>Larry Lindwall, Malm\u00f6 Muay Thai, thaiboxning<BR>Ricard Carneborn, Nacka Dojo, BJJ<\/P> <P><STRONG>\u00c5rets klubb <\/STRONG><BR>Conde BJJ, G\u00f6teborg<BR>Pancrase Gym, Stockholm<BR>Halmstad Muaythai<BR>Malm\u00f6 Muaythai<BR><BR><EM>Fotnot: SB&#038;K:s hederspris utses direkt p\u00e5 galan, utan n\u00e5gon nomnering. Folkets pris kommer att r\u00f6stas fram av folket. D\u00e4r kommer man kunna r\u00f6sta \u00e4nda fram till dagen innan galan och slussen dit \u00f6ppnar snart.<\/EM><\/P><\/p>\n","protected":false},"excerpt":{"rendered":"<p><P><STRONG><IMG alt=\"\" src=\"http:\/\/www.budokampsport.se\/sites\/default\/files\/galalogga.jpg\" width=430 height=287><BR>Det har varit ett rekordintresse f\u00f6r \u00e5rets Kampsportsgalan. Aldrig f\u00f6rr har s\u00e5 m\u00e5nga nominerats fr\u00e5n allm\u00e4nheten och n\u00e4r juryn sammantr\u00e4dde i Stockholm ig\u00e5r v\u00e4ntade ett digert arbete. H\u00e4r \u00e4r \u00e5rets nominerade till Kampsportsgalan 2012.<\/p><br>","protected":false},"author":7,"featured_media":0,"comment_status":"closed","ping_status":"closed","sticky":false,"template":"","format":"standard","meta":{"_acf_changed":false,"footnotes":""},"categories":[1],"tags":[],"class_list":["post-4111","post","type-post","status-publish","format-standard","hentry","category-okategoriserade"],"acf":[],"yoast_head":"<!-- This site is optimized with the Yoast SEO plugin v26.8 - https:\/\/yoast.com\/product\/yoast-seo-wordpress\/ -->\n<title>De \u00e4r \u00e5rets nominerade till Kampsportsgalan 2012 - Svenska Budo &amp; Kampsportsf\u00f6rbundet<\/title>\n<meta name=\"description\" content=\"Det har varit ett rekordintresse f\u00f6r \u00e5rets Kampsportsgalan. Aldrig f\u00f6rr har s\u00e5 m\u00e5nga nominerats fr\u00e5n allm\u00e4nheten och n\u00e4r juryn sammantr\u00e4dde i Stockholm ig\u00e5r v\u00e4ntade ett digert arbete. H\u00e4r \u00e4r \u00e5rets nominerade till Kampsportsgalan 2012.\" \/>\n<meta name=\"robots\" content=\"index, follow, max-snippet:-1, max-image-preview:large, max-video-preview:-1\" \/>\n<link rel=\"canonical\" href=\"https:\/\/www.budokampsport.se\/2012\/02\/23\/de-ar-arets-nominerade-till-kampsportsgalan-2012\/\" \/>\n<meta property=\"og:locale\" content=\"sv_SE\" \/>\n<meta property=\"og:type\" content=\"article\" \/>\n<meta property=\"og:title\" content=\"De \u00e4r \u00e5rets nominerade till Kampsportsgalan 2012 - Svenska Budo &amp; Kampsportsf\u00f6rbundet\" \/>\n<meta property=\"og:description\" content=\"Det har varit ett rekordintresse f\u00f6r \u00e5rets Kampsportsgalan. Aldrig f\u00f6rr har s\u00e5 m\u00e5nga nominerats fr\u00e5n allm\u00e4nheten och n\u00e4r juryn sammantr\u00e4dde i Stockholm ig\u00e5r v\u00e4ntade ett digert arbete. H\u00e4r \u00e4r \u00e5rets nominerade till Kampsportsgalan 2012.\" \/>\n<meta property=\"og:url\" content=\"https:\/\/www.budokampsport.se\/2012\/02\/23\/de-ar-arets-nominerade-till-kampsportsgalan-2012\/\" \/>\n<meta property=\"og:site_name\" content=\"Svenska Budo &amp; Kampsportsf\u00f6rbundet\" \/>\n<meta property=\"article:author\" content=\"https:\/\/www.facebook.com\/jonathan.broberg.7\" \/>\n<meta property=\"article:published_time\" content=\"2012-02-23T12:45:17+00:00\" \/>\n<meta property=\"article:modified_time\" content=\"2016-12-06T21:34:09+00:00\" \/>\n<meta name=\"author\" content=\"Jonathan Broberg\" \/>\n<meta name=\"twitter:card\" content=\"summary_large_image\" \/>\n<meta name=\"twitter:label1\" content=\"Skriven av\" \/>\n\t<meta name=\"twitter:data1\" content=\"Jonathan Broberg\" \/>\n\t<meta name=\"twitter:label2\" content=\"Ber\u00e4knad l\u00e4stid\" \/>\n\t<meta name=\"twitter:data2\" content=\"2 minuter\" \/>\n<script type=\"application\/ld+json\" class=\"yoast-schema-graph\">{\"@context\":\"https:\/\/schema.org\",\"@graph\":[{\"@type\":\"Article\",\"@id\":\"https:\/\/www.budokampsport.se\/2012\/02\/23\/de-ar-arets-nominerade-till-kampsportsgalan-2012\/#article\",\"isPartOf\":{\"@id\":\"https:\/\/www.budokampsport.se\/2012\/02\/23\/de-ar-arets-nominerade-till-kampsportsgalan-2012\/\"},\"author\":{\"name\":\"Jonathan Broberg\",\"@id\":\"https:\/\/www.budokampsport.se\/#\/schema\/person\/5c06d81d14850e2a8ce5493386560145\"},\"headline\":\"De \u00e4r \u00e5rets nominerade till Kampsportsgalan 2012\",\"datePublished\":\"2012-02-23T12:45:17+00:00\",\"dateModified\":\"2016-12-06T21:34:09+00:00\",\"mainEntityOfPage\":{\"@id\":\"https:\/\/www.budokampsport.se\/2012\/02\/23\/de-ar-arets-nominerade-till-kampsportsgalan-2012\/\"},\"wordCount\":333,\"inLanguage\":\"sv-SE\"},{\"@type\":\"WebPage\",\"@id\":\"https:\/\/www.budokampsport.se\/2012\/02\/23\/de-ar-arets-nominerade-till-kampsportsgalan-2012\/\",\"url\":\"https:\/\/www.budokampsport.se\/2012\/02\/23\/de-ar-arets-nominerade-till-kampsportsgalan-2012\/\",\"name\":\"De \u00e4r \u00e5rets nominerade till Kampsportsgalan 2012 - Svenska Budo &amp; Kampsportsf\u00f6rbundet\",\"isPartOf\":{\"@id\":\"https:\/\/www.budokampsport.se\/#website\"},\"datePublished\":\"2012-02-23T12:45:17+00:00\",\"dateModified\":\"2016-12-06T21:34:09+00:00\",\"author\":{\"@id\":\"https:\/\/www.budokampsport.se\/#\/schema\/person\/5c06d81d14850e2a8ce5493386560145\"},\"description\":\"Det har varit ett rekordintresse f\u00f6r \u00e5rets Kampsportsgalan. Aldrig f\u00f6rr har s\u00e5 m\u00e5nga nominerats fr\u00e5n allm\u00e4nheten och n\u00e4r juryn sammantr\u00e4dde i Stockholm ig\u00e5r v\u00e4ntade ett digert arbete. H\u00e4r \u00e4r \u00e5rets nominerade till Kampsportsgalan 2012.\",\"breadcrumb\":{\"@id\":\"https:\/\/www.budokampsport.se\/2012\/02\/23\/de-ar-arets-nominerade-till-kampsportsgalan-2012\/#breadcrumb\"},\"inLanguage\":\"sv-SE\",\"potentialAction\":[{\"@type\":\"ReadAction\",\"target\":[\"https:\/\/www.budokampsport.se\/2012\/02\/23\/de-ar-arets-nominerade-till-kampsportsgalan-2012\/\"]}]},{\"@type\":\"BreadcrumbList\",\"@id\":\"https:\/\/www.budokampsport.se\/2012\/02\/23\/de-ar-arets-nominerade-till-kampsportsgalan-2012\/#breadcrumb\",\"itemListElement\":[{\"@type\":\"ListItem\",\"position\":1,\"name\":\"Hem\",\"item\":\"https:\/\/www.budokampsport.se\/\"},{\"@type\":\"ListItem\",\"position\":2,\"name\":\"De \u00e4r \u00e5rets nominerade till Kampsportsgalan 2012\"}]},{\"@type\":\"WebSite\",\"@id\":\"https:\/\/www.budokampsport.se\/#website\",\"url\":\"https:\/\/www.budokampsport.se\/\",\"name\":\"Svenska Budo &amp; Kampsportsf\u00f6rbundet\",\"description\":\"T\u00e4vling, Tr\u00e4ning, Tradition\",\"potentialAction\":[{\"@type\":\"SearchAction\",\"target\":{\"@type\":\"EntryPoint\",\"urlTemplate\":\"https:\/\/www.budokampsport.se\/?s={search_term_string}\"},\"query-input\":{\"@type\":\"PropertyValueSpecification\",\"valueRequired\":true,\"valueName\":\"search_term_string\"}}],\"inLanguage\":\"sv-SE\"},{\"@type\":\"Person\",\"@id\":\"https:\/\/www.budokampsport.se\/#\/schema\/person\/5c06d81d14850e2a8ce5493386560145\",\"name\":\"Jonathan Broberg\",\"image\":{\"@type\":\"ImageObject\",\"inLanguage\":\"sv-SE\",\"@id\":\"https:\/\/www.budokampsport.se\/#\/schema\/person\/image\/\",\"url\":\"https:\/\/secure.gravatar.com\/avatar\/a58041c6cea9128bd9c40ee2f26d4136?s=96&d=blank&r=g\",\"contentUrl\":\"https:\/\/secure.gravatar.com\/avatar\/a58041c6cea9128bd9c40ee2f26d4136?s=96&d=blank&r=g\",\"caption\":\"Jonathan Broberg\"},\"sameAs\":[\"https:\/\/www.facebook.com\/jonathan.broberg.7\"],\"url\":\"https:\/\/www.budokampsport.se\/author\/jonathan\/\"}]}<\/script>\n<!-- \/ Yoast SEO plugin. -->","yoast_head_json":{"title":"De \u00e4r \u00e5rets nominerade till Kampsportsgalan 2012 - Svenska Budo &amp; Kampsportsf\u00f6rbundet","description":"Det har varit ett rekordintresse f\u00f6r \u00e5rets Kampsportsgalan. Aldrig f\u00f6rr har s\u00e5 m\u00e5nga nominerats fr\u00e5n allm\u00e4nheten och n\u00e4r juryn sammantr\u00e4dde i Stockholm ig\u00e5r v\u00e4ntade ett digert arbete. H\u00e4r \u00e4r \u00e5rets nominerade till Kampsportsgalan 2012.","robots":{"index":"index","follow":"follow","max-snippet":"max-snippet:-1","max-image-preview":"max-image-preview:large","max-video-preview":"max-video-preview:-1"},"canonical":"https:\/\/www.budokampsport.se\/2012\/02\/23\/de-ar-arets-nominerade-till-kampsportsgalan-2012\/","og_locale":"sv_SE","og_type":"article","og_title":"De \u00e4r \u00e5rets nominerade till Kampsportsgalan 2012 - Svenska Budo &amp; Kampsportsf\u00f6rbundet","og_description":"Det har varit ett rekordintresse f\u00f6r \u00e5rets Kampsportsgalan. Aldrig f\u00f6rr har s\u00e5 m\u00e5nga nominerats fr\u00e5n allm\u00e4nheten och n\u00e4r juryn sammantr\u00e4dde i Stockholm ig\u00e5r v\u00e4ntade ett digert arbete. H\u00e4r \u00e4r \u00e5rets nominerade till Kampsportsgalan 2012.","og_url":"https:\/\/www.budokampsport.se\/2012\/02\/23\/de-ar-arets-nominerade-till-kampsportsgalan-2012\/","og_site_name":"Svenska Budo &amp; Kampsportsf\u00f6rbundet","article_author":"https:\/\/www.facebook.com\/jonathan.broberg.7","article_published_time":"2012-02-23T12:45:17+00:00","article_modified_time":"2016-12-06T21:34:09+00:00","author":"Jonathan Broberg","twitter_card":"summary_large_image","twitter_misc":{"Skriven av":"Jonathan Broberg","Ber\u00e4knad l\u00e4stid":"2 minuter"},"schema":{"@context":"https:\/\/schema.org","@graph":[{"@type":"Article","@id":"https:\/\/www.budokampsport.se\/2012\/02\/23\/de-ar-arets-nominerade-till-kampsportsgalan-2012\/#article","isPartOf":{"@id":"https:\/\/www.budokampsport.se\/2012\/02\/23\/de-ar-arets-nominerade-till-kampsportsgalan-2012\/"},"author":{"name":"Jonathan Broberg","@id":"https:\/\/www.budokampsport.se\/#\/schema\/person\/5c06d81d14850e2a8ce5493386560145"},"headline":"De \u00e4r \u00e5rets nominerade till Kampsportsgalan 2012","datePublished":"2012-02-23T12:45:17+00:00","dateModified":"2016-12-06T21:34:09+00:00","mainEntityOfPage":{"@id":"https:\/\/www.budokampsport.se\/2012\/02\/23\/de-ar-arets-nominerade-till-kampsportsgalan-2012\/"},"wordCount":333,"inLanguage":"sv-SE"},{"@type":"WebPage","@id":"https:\/\/www.budokampsport.se\/2012\/02\/23\/de-ar-arets-nominerade-till-kampsportsgalan-2012\/","url":"https:\/\/www.budokampsport.se\/2012\/02\/23\/de-ar-arets-nominerade-till-kampsportsgalan-2012\/","name":"De \u00e4r \u00e5rets nominerade till Kampsportsgalan 2012 - Svenska Budo &amp; Kampsportsf\u00f6rbundet","isPartOf":{"@id":"https:\/\/www.budokampsport.se\/#website"},"datePublished":"2012-02-23T12:45:17+00:00","dateModified":"2016-12-06T21:34:09+00:00","author":{"@id":"https:\/\/www.budokampsport.se\/#\/schema\/person\/5c06d81d14850e2a8ce5493386560145"},"description":"Det har varit ett rekordintresse f\u00f6r \u00e5rets Kampsportsgalan. Aldrig f\u00f6rr har s\u00e5 m\u00e5nga nominerats fr\u00e5n allm\u00e4nheten och n\u00e4r juryn sammantr\u00e4dde i Stockholm ig\u00e5r v\u00e4ntade ett digert arbete. H\u00e4r \u00e4r \u00e5rets nominerade till Kampsportsgalan 2012.","breadcrumb":{"@id":"https:\/\/www.budokampsport.se\/2012\/02\/23\/de-ar-arets-nominerade-till-kampsportsgalan-2012\/#breadcrumb"},"inLanguage":"sv-SE","potentialAction":[{"@type":"ReadAction","target":["https:\/\/www.budokampsport.se\/2012\/02\/23\/de-ar-arets-nominerade-till-kampsportsgalan-2012\/"]}]},{"@type":"BreadcrumbList","@id":"https:\/\/www.budokampsport.se\/2012\/02\/23\/de-ar-arets-nominerade-till-kampsportsgalan-2012\/#breadcrumb","itemListElement":[{"@type":"ListItem","position":1,"name":"Hem","item":"https:\/\/www.budokampsport.se\/"},{"@type":"ListItem","position":2,"name":"De \u00e4r \u00e5rets nominerade till Kampsportsgalan 2012"}]},{"@type":"WebSite","@id":"https:\/\/www.budokampsport.se\/#website","url":"https:\/\/www.budokampsport.se\/","name":"Svenska Budo &amp; Kampsportsf\u00f6rbundet","description":"T\u00e4vling, Tr\u00e4ning, Tradition","potentialAction":[{"@type":"SearchAction","target":{"@type":"EntryPoint","urlTemplate":"https:\/\/www.budokampsport.se\/?s={search_term_string}"},"query-input":{"@type":"PropertyValueSpecification","valueRequired":true,"valueName":"search_term_string"}}],"inLanguage":"sv-SE"},{"@type":"Person","@id":"https:\/\/www.budokampsport.se\/#\/schema\/person\/5c06d81d14850e2a8ce5493386560145","name":"Jonathan Broberg","image":{"@type":"ImageObject","inLanguage":"sv-SE","@id":"https:\/\/www.budokampsport.se\/#\/schema\/person\/image\/","url":"https:\/\/secure.gravatar.com\/avatar\/a58041c6cea9128bd9c40ee2f26d4136?s=96&d=blank&r=g","contentUrl":"https:\/\/secure.gravatar.com\/avatar\/a58041c6cea9128bd9c40ee2f26d4136?s=96&d=blank&r=g","caption":"Jonathan Broberg"},"sameAs":["https:\/\/www.facebook.com\/jonathan.broberg.7"],"url":"https:\/\/www.budokampsport.se\/author\/jonathan\/"}]}},"_links":{"self":[{"href":"https:\/\/www.budokampsport.se\/api\/wp\/v2\/posts\/4111","targetHints":{"allow":["GET"]}}],"collection":[{"href":"https:\/\/www.budokampsport.se\/api\/wp\/v2\/posts"}],"about":[{"href":"https:\/\/www.budokampsport.se\/api\/wp\/v2\/types\/post"}],"author":[{"embeddable":true,"href":"https:\/\/www.budokampsport.se\/api\/wp\/v2\/users\/7"}],"replies":[{"embeddable":true,"href":"https:\/\/www.budokampsport.se\/api\/wp\/v2\/comments?post=4111"}],"version-history":[{"count":0,"href":"https:\/\/www.budokampsport.se\/api\/wp\/v2\/posts\/4111\/revisions"}],"wp:attachment":[{"href":"https:\/\/www.budokampsport.se\/api\/wp\/v2\/media?parent=4111"}],"wp:term":[{"taxonomy":"category","embeddable":true,"href":"https:\/\/www.budokampsport.se\/api\/wp\/v2\/categories?post=4111"},{"taxonomy":"post_tag","embeddable":true,"href":"https:\/\/www.budokampsport.se\/api\/wp\/v2\/tags?post=4111"}],"curies":[{"name":"wp","href":"https:\/\/api.w.org\/{rel}","templated":true}]}}