{"id":4128,"date":"2012-05-02T14:06:28","date_gmt":"2012-05-02T12:06:28","guid":{"rendered":"http:\/\/budo.wordpress.dev\/2012\/05\/02\/varldsmastarinnan-edenius-tar-ny-sats\/"},"modified":"2016-12-06T22:34:13","modified_gmt":"2016-12-06T21:34:13","slug":"varldsmastarinnan-edenius-tar-ny-sats","status":"publish","type":"post","link":"https:\/\/www.budokampsport.se\/2012\/05\/02\/varldsmastarinnan-edenius-tar-ny-sats\/","title":{"rendered":"V\u00e4rldsm\u00e4starinnan Edenius tar ny sats"},"content":{"rendered":"<p><P><STRONG><IMG alt=\"\" align=middle src=\"http:\/\/www.budokampsport.se\/sites\/default\/files\/karin_edenius.jpg\" width=435 height=289><BR>Fjol\u00e5rets efterl\u00e4ngtade VM-guld \u00e4r ett minne blott. Men \u00e4ven en ny niv\u00e5 att luta sig tillbaka p\u00e5. Med dryga veckan kvar till SM i kickboxningens light kontakt \u00e4r Karin Edenius sugen p\u00e5 nya \u00e4ventyr under en ny s\u00e4song med lite nya influenser.<BR>\u00a0\u00a0 &#8211; Blir skoj att k\u00f6ra kick light d\u00e4r jag \u00e4ven f\u00e5r anv\u00e4nda mig av l\u00e5ga sparkar och i vanlig ordning \u00e4r jag riktigt taggad, s\u00e4ger hon till budokampsport.se.<!--break--><\/STRONG><\/P> <P>Efter tr\u00e4gna f\u00f6rs\u00f6k f\u00e5r man l\u00f6n f\u00f6r m\u00f6dan, brukar det ju heta. F\u00f6r kickboxningslandslagets Karin Edenius blev den tesen ack s\u00e5 sann under fjol\u00e5ret.<\/P> <P>Efter m\u00e5nga \u00e5rs suktande efter den allra \u00e4dlaste av val\u00f6rer vann hon VM-guldet i Makedonien och kunde s\u00e5 \u00e4ntligen titulera sig b\u00e4st i v\u00e4rlden. Men n\u00f6jd? Gl\u00f6m det.<BR>\u00a0\u00a0 &#8211; Det har gett mig en sk\u00f6n trygghet och tro p\u00e5 mig sj\u00e4lv. Jag hade en klockren uppladdning inf\u00f6r VM och utvecklades mycket, framf\u00f6rallt mentalt d\u00e4r jag tidigare inte arbetet lika m\u00e5linriktat. Numera vet jag att jag kan lyckas, bara jag \u00e4r tillr\u00e4ckligt motiverad, fokuserad och har tillr\u00e4ckligt med vilja. Den vetskapen g\u00f6r att jag kan skippa tvivel eller on\u00f6diga tankar och ist\u00e4llet fokusera p\u00e5 det enda jag kan p\u00e5verka \u2013 min egen inst\u00e4llning.<\/P> <P>Men till \u00e5rets s\u00e4song kliver hon i som b\u00e4st i v\u00e4rlden. En ny upplevelse.<BR>\u00a0\u00a0 &#8211; Det k\u00e4nns naturligtvis grymt h\u00e4rligt. Den segern kommer jag att b\u00e4ra med mig l\u00e4nge och den sporrar mig inf\u00f6r nya m\u00e5l, d\u00e4ribland \u00e5rets SM.<\/P> <P>Och SM \u00e4r det dags f\u00f6r om mindre \u00e4n tv\u00e5 veckor. D\u00e5 intar Karin Edenius tillsammans med n\u00e4rmare 150 andra kickboxare \u00c4ngelholm. Och m\u00e5ls\u00e4ttningen \u00e4r glasklar:<BR>\u00a0\u00a0 &#8211; Guld naturligtvis. Utan den m\u00e5lbilden vinner man ingenting. Blir skoj att k\u00f6ra kick light d\u00e4r jag \u00e4ven f\u00e5r anv\u00e4nda mig av l\u00e5ga sparkar och i vanlig ordning \u00e4r jag riktigt taggad.<BR><BR><IMG alt=\"\" align=middle src=\"http:\/\/www.budokampsport.se\/sites\/default\/files\/karin_edenius_0.jpg\" width=435 height=326><\/P> <P><STRONG>Karin, hur har du laddat inf\u00f6r SM?<\/STRONG><BR>\u00a0\u00a0 &#8211; Jag tr\u00e4nar mycket mest hela tiden men inf\u00f6r SM s\u00e5 blir det naturligtvis mer strukturerat. Har bland annat f\u00e5tt ett nytt, grymt bra tr\u00e4ningsschema som b\u00e4ddar f\u00f6r en riktigt bra form. Vikten \u00e4r dessutom bra s\u00e5 jag kan \u00e4ta bra och tr\u00e4na mycket, b\u00e5de mentalt och fysiskt.<\/P> <P>Att vinna SM igen \u00e4r allts\u00e5 det f\u00f6rsta reella m\u00e5let med s\u00e4songen. D\u00e4refter finns en del andra personliga m\u00e5ls\u00e4ttningar, men fokus ligger framf\u00f6r allt p\u00e5 \u00c4ngelholm den 12:e maj.<BR>\u00a0\u00a0 &#8211; F\u00f6rst \u00e4r s\u00e5klart SM n\u00e4sta helg. Efter det \u00e4r det landslagsuttagning i b\u00f6rjan p\u00e5 juni f\u00f6ljt av landslagsl\u00e4ger och sedan EM i oktober som \u00e4r mitt stora m\u00e5l. Vore h\u00e4rligt med ett till EM-guld i prishyllan\u2026<\/P> <P>Och att Karin sett fram emot t\u00e4vlingss\u00e4songen \u2013 det r\u00e5der inget tvivel om.<BR>\u00a0\u00a0 &#8211; Jag tr\u00e4nar f\u00f6r att t\u00e4vla och t\u00e4vlar f\u00f6r att vinna s\u00e5 naturligtvis \u00e4r det grymt kul att f\u00e5 fightas. Tror dessutom att det kommer att bli ett riktigt bra och v\u00e4larrangerat SM med rekordm\u00e5nga deltagare i \u00e5r och det g\u00f6r ju inte saken s\u00e4mre.<BR><BR>Text: Jonathan Broberg<\/P><\/p>\n","protected":false},"excerpt":{"rendered":"<p><P><STRONG><IMG alt=\"\" align=middle src=\"http:\/\/www.budokampsport.se\/sites\/default\/files\/karin_edenius.jpg\" width=435 height=289><BR>Fjol\u00e5rets efterl\u00e4ngtade VM-guld \u00e4r ett minne blott. Men \u00e4ven en ny niv\u00e5 att luta sig tillbaka p\u00e5. Med dryga veckan kvar till SM i kickboxningens light kontakt \u00e4r Karin Edenius sugen p\u00e5 nya \u00e4ventyr under en ny s\u00e4song med lite nya influenser.<BR>\u00a0\u00a0 &#8211; Blir skoj att k\u00f6ra kick light d\u00e4r jag \u00e4ven f\u00e5r anv\u00e4nda mig av l\u00e5ga sparkar och i vanlig ordning \u00e4r jag riktigt taggad, s\u00e4ger hon till budokampsport.se.<\/p><br>","protected":false},"author":7,"featured_media":0,"comment_status":"closed","ping_status":"closed","sticky":false,"template":"","format":"standard","meta":{"_acf_changed":false,"footnotes":""},"categories":[1],"tags":[],"class_list":["post-4128","post","type-post","status-publish","format-standard","hentry","category-okategoriserade"],"acf":[],"yoast_head":"<!-- This site is optimized with the Yoast SEO plugin v26.8 - https:\/\/yoast.com\/product\/yoast-seo-wordpress\/ -->\n<title>V\u00e4rldsm\u00e4starinnan Edenius tar ny sats - Svenska Budo &amp; Kampsportsf\u00f6rbundet<\/title>\n<meta name=\"description\" content=\"Fjol\u00e5rets efterl\u00e4ngtade VM-guld \u00e4r ett minne blott. Men \u00e4ven en ny niv\u00e5 att luta sig tillbaka p\u00e5. Med dryga veckan kvar till SM i kickboxningens light kontakt \u00e4r Karin Edenius sugen p\u00e5 nya \u00e4ventyr under en ny s\u00e4song med lite nya influenser.\u00a0\u00a0 - Blir skoj att k\u00f6ra kick light d\u00e4r jag \u00e4ven f\u00e5r anv\u00e4nda mig av l\u00e5ga sparkar och i vanlig ordning \u00e4r jag riktigt taggad, s\u00e4ger hon till budokampsport.se.\" \/>\n<meta name=\"robots\" content=\"index, follow, max-snippet:-1, max-image-preview:large, max-video-preview:-1\" \/>\n<link rel=\"canonical\" href=\"https:\/\/www.budokampsport.se\/2012\/05\/02\/varldsmastarinnan-edenius-tar-ny-sats\/\" \/>\n<meta property=\"og:locale\" content=\"sv_SE\" \/>\n<meta property=\"og:type\" content=\"article\" \/>\n<meta property=\"og:title\" content=\"V\u00e4rldsm\u00e4starinnan Edenius tar ny sats - Svenska Budo &amp; Kampsportsf\u00f6rbundet\" \/>\n<meta property=\"og:description\" content=\"Fjol\u00e5rets efterl\u00e4ngtade VM-guld \u00e4r ett minne blott. Men \u00e4ven en ny niv\u00e5 att luta sig tillbaka p\u00e5. Med dryga veckan kvar till SM i kickboxningens light kontakt \u00e4r Karin Edenius sugen p\u00e5 nya \u00e4ventyr under en ny s\u00e4song med lite nya influenser.\u00a0\u00a0 - Blir skoj att k\u00f6ra kick light d\u00e4r jag \u00e4ven f\u00e5r anv\u00e4nda mig av l\u00e5ga sparkar och i vanlig ordning \u00e4r jag riktigt taggad, s\u00e4ger hon till budokampsport.se.\" \/>\n<meta property=\"og:url\" content=\"https:\/\/www.budokampsport.se\/2012\/05\/02\/varldsmastarinnan-edenius-tar-ny-sats\/\" \/>\n<meta property=\"og:site_name\" content=\"Svenska Budo &amp; Kampsportsf\u00f6rbundet\" \/>\n<meta property=\"article:author\" content=\"https:\/\/www.facebook.com\/jonathan.broberg.7\" \/>\n<meta property=\"article:published_time\" content=\"2012-05-02T12:06:28+00:00\" \/>\n<meta property=\"article:modified_time\" content=\"2016-12-06T21:34:13+00:00\" \/>\n<meta name=\"author\" content=\"Jonathan Broberg\" \/>\n<meta name=\"twitter:card\" content=\"summary_large_image\" \/>\n<meta name=\"twitter:label1\" content=\"Skriven av\" \/>\n\t<meta name=\"twitter:data1\" content=\"Jonathan Broberg\" \/>\n\t<meta name=\"twitter:label2\" content=\"Ber\u00e4knad l\u00e4stid\" \/>\n\t<meta name=\"twitter:data2\" content=\"3 minuter\" \/>\n<script type=\"application\/ld+json\" class=\"yoast-schema-graph\">{\"@context\":\"https:\/\/schema.org\",\"@graph\":[{\"@type\":\"Article\",\"@id\":\"https:\/\/www.budokampsport.se\/2012\/05\/02\/varldsmastarinnan-edenius-tar-ny-sats\/#article\",\"isPartOf\":{\"@id\":\"https:\/\/www.budokampsport.se\/2012\/05\/02\/varldsmastarinnan-edenius-tar-ny-sats\/\"},\"author\":{\"name\":\"Jonathan Broberg\",\"@id\":\"https:\/\/www.budokampsport.se\/#\/schema\/person\/5c06d81d14850e2a8ce5493386560145\"},\"headline\":\"V\u00e4rldsm\u00e4starinnan Edenius tar ny sats\",\"datePublished\":\"2012-05-02T12:06:28+00:00\",\"dateModified\":\"2016-12-06T21:34:13+00:00\",\"mainEntityOfPage\":{\"@id\":\"https:\/\/www.budokampsport.se\/2012\/05\/02\/varldsmastarinnan-edenius-tar-ny-sats\/\"},\"wordCount\":573,\"inLanguage\":\"sv-SE\"},{\"@type\":\"WebPage\",\"@id\":\"https:\/\/www.budokampsport.se\/2012\/05\/02\/varldsmastarinnan-edenius-tar-ny-sats\/\",\"url\":\"https:\/\/www.budokampsport.se\/2012\/05\/02\/varldsmastarinnan-edenius-tar-ny-sats\/\",\"name\":\"V\u00e4rldsm\u00e4starinnan Edenius tar ny sats - Svenska Budo &amp; Kampsportsf\u00f6rbundet\",\"isPartOf\":{\"@id\":\"https:\/\/www.budokampsport.se\/#website\"},\"datePublished\":\"2012-05-02T12:06:28+00:00\",\"dateModified\":\"2016-12-06T21:34:13+00:00\",\"author\":{\"@id\":\"https:\/\/www.budokampsport.se\/#\/schema\/person\/5c06d81d14850e2a8ce5493386560145\"},\"description\":\"Fjol\u00e5rets efterl\u00e4ngtade VM-guld \u00e4r ett minne blott. Men \u00e4ven en ny niv\u00e5 att luta sig tillbaka p\u00e5. Med dryga veckan kvar till SM i kickboxningens light kontakt \u00e4r Karin Edenius sugen p\u00e5 nya \u00e4ventyr under en ny s\u00e4song med lite nya influenser.\u00a0\u00a0 - Blir skoj att k\u00f6ra kick light d\u00e4r jag \u00e4ven f\u00e5r anv\u00e4nda mig av l\u00e5ga sparkar och i vanlig ordning \u00e4r jag riktigt taggad, s\u00e4ger hon till budokampsport.se.\",\"breadcrumb\":{\"@id\":\"https:\/\/www.budokampsport.se\/2012\/05\/02\/varldsmastarinnan-edenius-tar-ny-sats\/#breadcrumb\"},\"inLanguage\":\"sv-SE\",\"potentialAction\":[{\"@type\":\"ReadAction\",\"target\":[\"https:\/\/www.budokampsport.se\/2012\/05\/02\/varldsmastarinnan-edenius-tar-ny-sats\/\"]}]},{\"@type\":\"BreadcrumbList\",\"@id\":\"https:\/\/www.budokampsport.se\/2012\/05\/02\/varldsmastarinnan-edenius-tar-ny-sats\/#breadcrumb\",\"itemListElement\":[{\"@type\":\"ListItem\",\"position\":1,\"name\":\"Hem\",\"item\":\"https:\/\/www.budokampsport.se\/\"},{\"@type\":\"ListItem\",\"position\":2,\"name\":\"V\u00e4rldsm\u00e4starinnan Edenius tar ny sats\"}]},{\"@type\":\"WebSite\",\"@id\":\"https:\/\/www.budokampsport.se\/#website\",\"url\":\"https:\/\/www.budokampsport.se\/\",\"name\":\"Svenska Budo &amp; Kampsportsf\u00f6rbundet\",\"description\":\"T\u00e4vling, Tr\u00e4ning, Tradition\",\"potentialAction\":[{\"@type\":\"SearchAction\",\"target\":{\"@type\":\"EntryPoint\",\"urlTemplate\":\"https:\/\/www.budokampsport.se\/?s={search_term_string}\"},\"query-input\":{\"@type\":\"PropertyValueSpecification\",\"valueRequired\":true,\"valueName\":\"search_term_string\"}}],\"inLanguage\":\"sv-SE\"},{\"@type\":\"Person\",\"@id\":\"https:\/\/www.budokampsport.se\/#\/schema\/person\/5c06d81d14850e2a8ce5493386560145\",\"name\":\"Jonathan Broberg\",\"image\":{\"@type\":\"ImageObject\",\"inLanguage\":\"sv-SE\",\"@id\":\"https:\/\/www.budokampsport.se\/#\/schema\/person\/image\/\",\"url\":\"https:\/\/secure.gravatar.com\/avatar\/a58041c6cea9128bd9c40ee2f26d4136?s=96&d=blank&r=g\",\"contentUrl\":\"https:\/\/secure.gravatar.com\/avatar\/a58041c6cea9128bd9c40ee2f26d4136?s=96&d=blank&r=g\",\"caption\":\"Jonathan Broberg\"},\"sameAs\":[\"https:\/\/www.facebook.com\/jonathan.broberg.7\"],\"url\":\"https:\/\/www.budokampsport.se\/author\/jonathan\/\"}]}<\/script>\n<!-- \/ Yoast SEO plugin. -->","yoast_head_json":{"title":"V\u00e4rldsm\u00e4starinnan Edenius tar ny sats - Svenska Budo &amp; Kampsportsf\u00f6rbundet","description":"Fjol\u00e5rets efterl\u00e4ngtade VM-guld \u00e4r ett minne blott. Men \u00e4ven en ny niv\u00e5 att luta sig tillbaka p\u00e5. Med dryga veckan kvar till SM i kickboxningens light kontakt \u00e4r Karin Edenius sugen p\u00e5 nya \u00e4ventyr under en ny s\u00e4song med lite nya influenser.\u00a0\u00a0 - Blir skoj att k\u00f6ra kick light d\u00e4r jag \u00e4ven f\u00e5r anv\u00e4nda mig av l\u00e5ga sparkar och i vanlig ordning \u00e4r jag riktigt taggad, s\u00e4ger hon till budokampsport.se.","robots":{"index":"index","follow":"follow","max-snippet":"max-snippet:-1","max-image-preview":"max-image-preview:large","max-video-preview":"max-video-preview:-1"},"canonical":"https:\/\/www.budokampsport.se\/2012\/05\/02\/varldsmastarinnan-edenius-tar-ny-sats\/","og_locale":"sv_SE","og_type":"article","og_title":"V\u00e4rldsm\u00e4starinnan Edenius tar ny sats - Svenska Budo &amp; Kampsportsf\u00f6rbundet","og_description":"Fjol\u00e5rets efterl\u00e4ngtade VM-guld \u00e4r ett minne blott. Men \u00e4ven en ny niv\u00e5 att luta sig tillbaka p\u00e5. Med dryga veckan kvar till SM i kickboxningens light kontakt \u00e4r Karin Edenius sugen p\u00e5 nya \u00e4ventyr under en ny s\u00e4song med lite nya influenser.\u00a0\u00a0 - Blir skoj att k\u00f6ra kick light d\u00e4r jag \u00e4ven f\u00e5r anv\u00e4nda mig av l\u00e5ga sparkar och i vanlig ordning \u00e4r jag riktigt taggad, s\u00e4ger hon till budokampsport.se.","og_url":"https:\/\/www.budokampsport.se\/2012\/05\/02\/varldsmastarinnan-edenius-tar-ny-sats\/","og_site_name":"Svenska Budo &amp; Kampsportsf\u00f6rbundet","article_author":"https:\/\/www.facebook.com\/jonathan.broberg.7","article_published_time":"2012-05-02T12:06:28+00:00","article_modified_time":"2016-12-06T21:34:13+00:00","author":"Jonathan Broberg","twitter_card":"summary_large_image","twitter_misc":{"Skriven av":"Jonathan Broberg","Ber\u00e4knad l\u00e4stid":"3 minuter"},"schema":{"@context":"https:\/\/schema.org","@graph":[{"@type":"Article","@id":"https:\/\/www.budokampsport.se\/2012\/05\/02\/varldsmastarinnan-edenius-tar-ny-sats\/#article","isPartOf":{"@id":"https:\/\/www.budokampsport.se\/2012\/05\/02\/varldsmastarinnan-edenius-tar-ny-sats\/"},"author":{"name":"Jonathan Broberg","@id":"https:\/\/www.budokampsport.se\/#\/schema\/person\/5c06d81d14850e2a8ce5493386560145"},"headline":"V\u00e4rldsm\u00e4starinnan Edenius tar ny sats","datePublished":"2012-05-02T12:06:28+00:00","dateModified":"2016-12-06T21:34:13+00:00","mainEntityOfPage":{"@id":"https:\/\/www.budokampsport.se\/2012\/05\/02\/varldsmastarinnan-edenius-tar-ny-sats\/"},"wordCount":573,"inLanguage":"sv-SE"},{"@type":"WebPage","@id":"https:\/\/www.budokampsport.se\/2012\/05\/02\/varldsmastarinnan-edenius-tar-ny-sats\/","url":"https:\/\/www.budokampsport.se\/2012\/05\/02\/varldsmastarinnan-edenius-tar-ny-sats\/","name":"V\u00e4rldsm\u00e4starinnan Edenius tar ny sats - Svenska Budo &amp; Kampsportsf\u00f6rbundet","isPartOf":{"@id":"https:\/\/www.budokampsport.se\/#website"},"datePublished":"2012-05-02T12:06:28+00:00","dateModified":"2016-12-06T21:34:13+00:00","author":{"@id":"https:\/\/www.budokampsport.se\/#\/schema\/person\/5c06d81d14850e2a8ce5493386560145"},"description":"Fjol\u00e5rets efterl\u00e4ngtade VM-guld \u00e4r ett minne blott. Men \u00e4ven en ny niv\u00e5 att luta sig tillbaka p\u00e5. Med dryga veckan kvar till SM i kickboxningens light kontakt \u00e4r Karin Edenius sugen p\u00e5 nya \u00e4ventyr under en ny s\u00e4song med lite nya influenser.\u00a0\u00a0 - Blir skoj att k\u00f6ra kick light d\u00e4r jag \u00e4ven f\u00e5r anv\u00e4nda mig av l\u00e5ga sparkar och i vanlig ordning \u00e4r jag riktigt taggad, s\u00e4ger hon till budokampsport.se.","breadcrumb":{"@id":"https:\/\/www.budokampsport.se\/2012\/05\/02\/varldsmastarinnan-edenius-tar-ny-sats\/#breadcrumb"},"inLanguage":"sv-SE","potentialAction":[{"@type":"ReadAction","target":["https:\/\/www.budokampsport.se\/2012\/05\/02\/varldsmastarinnan-edenius-tar-ny-sats\/"]}]},{"@type":"BreadcrumbList","@id":"https:\/\/www.budokampsport.se\/2012\/05\/02\/varldsmastarinnan-edenius-tar-ny-sats\/#breadcrumb","itemListElement":[{"@type":"ListItem","position":1,"name":"Hem","item":"https:\/\/www.budokampsport.se\/"},{"@type":"ListItem","position":2,"name":"V\u00e4rldsm\u00e4starinnan Edenius tar ny sats"}]},{"@type":"WebSite","@id":"https:\/\/www.budokampsport.se\/#website","url":"https:\/\/www.budokampsport.se\/","name":"Svenska Budo &amp; Kampsportsf\u00f6rbundet","description":"T\u00e4vling, Tr\u00e4ning, Tradition","potentialAction":[{"@type":"SearchAction","target":{"@type":"EntryPoint","urlTemplate":"https:\/\/www.budokampsport.se\/?s={search_term_string}"},"query-input":{"@type":"PropertyValueSpecification","valueRequired":true,"valueName":"search_term_string"}}],"inLanguage":"sv-SE"},{"@type":"Person","@id":"https:\/\/www.budokampsport.se\/#\/schema\/person\/5c06d81d14850e2a8ce5493386560145","name":"Jonathan Broberg","image":{"@type":"ImageObject","inLanguage":"sv-SE","@id":"https:\/\/www.budokampsport.se\/#\/schema\/person\/image\/","url":"https:\/\/secure.gravatar.com\/avatar\/a58041c6cea9128bd9c40ee2f26d4136?s=96&d=blank&r=g","contentUrl":"https:\/\/secure.gravatar.com\/avatar\/a58041c6cea9128bd9c40ee2f26d4136?s=96&d=blank&r=g","caption":"Jonathan Broberg"},"sameAs":["https:\/\/www.facebook.com\/jonathan.broberg.7"],"url":"https:\/\/www.budokampsport.se\/author\/jonathan\/"}]}},"_links":{"self":[{"href":"https:\/\/www.budokampsport.se\/api\/wp\/v2\/posts\/4128","targetHints":{"allow":["GET"]}}],"collection":[{"href":"https:\/\/www.budokampsport.se\/api\/wp\/v2\/posts"}],"about":[{"href":"https:\/\/www.budokampsport.se\/api\/wp\/v2\/types\/post"}],"author":[{"embeddable":true,"href":"https:\/\/www.budokampsport.se\/api\/wp\/v2\/users\/7"}],"replies":[{"embeddable":true,"href":"https:\/\/www.budokampsport.se\/api\/wp\/v2\/comments?post=4128"}],"version-history":[{"count":0,"href":"https:\/\/www.budokampsport.se\/api\/wp\/v2\/posts\/4128\/revisions"}],"wp:attachment":[{"href":"https:\/\/www.budokampsport.se\/api\/wp\/v2\/media?parent=4128"}],"wp:term":[{"taxonomy":"category","embeddable":true,"href":"https:\/\/www.budokampsport.se\/api\/wp\/v2\/categories?post=4128"},{"taxonomy":"post_tag","embeddable":true,"href":"https:\/\/www.budokampsport.se\/api\/wp\/v2\/tags?post=4128"}],"curies":[{"name":"wp","href":"https:\/\/api.w.org\/{rel}","templated":true}]}}