{"id":4135,"date":"2012-03-20T15:18:28","date_gmt":"2012-03-20T14:18:28","guid":{"rendered":"http:\/\/budo.wordpress.dev\/2012\/03\/20\/national-camp-2012-i-kickboxning\/"},"modified":"2016-12-06T22:34:14","modified_gmt":"2016-12-06T21:34:14","slug":"national-camp-2012-i-kickboxning","status":"publish","type":"post","link":"https:\/\/www.budokampsport.se\/2012\/03\/20\/national-camp-2012-i-kickboxning\/","title":{"rendered":"National Camp 2012 i kickboxning"},"content":{"rendered":"<p><P><STRONG><IMG alt=\"\" align=right src=\"http:\/\/www.budokampsport.se\/sites\/default\/files\/kick_0.jpg\" width=150 height=153>Det traditionsenliga Riksl\u00e4gret i kickboxning heter numera National Camp. Som presenteras av Svenska Kickboxningsf\u00f6rbundet, har nu offentliggjorts. L\u00e4gret h\u00e5lls p\u00e5 Bos\u00f6n mellan den 8-12 augusti.<BR>\u00a0\u00a0 &#8211; Vi g\u00f6r en liten nysatsning med ett lite annorlunda uppl\u00e4gg mot tidigare, s\u00e4ger projektledare Bj\u00f6rn Rhodin till budokampsport.se<\/STRONG>.<!--break--><BR>\u00a0<BR>Riksl\u00e4gret i kickboxning har under tv\u00e5 \u00e5r blivit en popul\u00e4r och etablerad verksamhet under Svenska Kickboxningsf\u00f6rbundet.<\/P> <P>L\u00e4gret, som numera g\u00e5r under arbetsnamnet National Camp, h\u00e5lls i augusti p\u00e5 Bos\u00f6n. Projektledare f\u00f6r l\u00e4gret \u00e4r f\u00f6rbundets vice ordf\u00f6rande Bj\u00f6rn Rhodin, som ser ljust p\u00e5 sommarens kommande l\u00e4ger.<BR>\u00a0\u00a0 &#8211; Vi har under tv\u00e5 \u00e5r testat oss fram och gjort det bra. Nu l\u00e4gger vi i sexans v\u00e4xel och siktar p\u00e5 ett \u00e4nnu b\u00e4ttre l\u00e4ger, med g\u00e4stf\u00f6rel\u00e4sningar av yttersta klass. B\u00e5de fr\u00e5n v\u00e5r idrott, men ocks\u00e5 fr\u00e5n andra idrotter.<BR><STRONG>\u00a0<BR>&#8220;Vill lyfta blicken&#8221;<\/STRONG><BR>L\u00e4gret offentliggjordes under f\u00f6rra helgen och ig\u00e5r sl\u00e4pptes den f\u00f6rsta g\u00e4stf\u00f6rel\u00e4sningen, Dopingjouren.<BR>\u00a0\u00a0 &#8211; Den f\u00f6rel\u00e4sningen har varit klar sedan l\u00e4nge och \u00e4r otroligt viktig. Det \u00e4r m\u00e5nga som k\u00e4nner sig lite os\u00e4kra p\u00e5 vad man f\u00e5r stoppa i sig och inte, och d\u00e5 \u00e4r det v\u00e5r skyldighet som f\u00f6rbund att hj\u00e4lpa till med det. Som modern idrott g\u00e4ller det att vara l\u00e5ngt fram i dessa fr\u00e5gor.<BR>\u00a0<BR>National Camp kommer ocks\u00e5 att inneh\u00e5lla f\u00f6rel\u00e4sningar om anatomi, fysiologi med mera.<BR>\u00a0\u00a0 &#8211; Det blir en bra helhet att ha med de bitarna ocks\u00e5, lagrets r\u00f6da tr\u00e5d. Vi vill lyfta blicken och dra l\u00e4rdomar fr\u00e5n utomst\u00e5ende utanf\u00f6r kickboxningen ocks\u00e5. Det tror jag att vi kan vinna mycket p\u00e5, p\u00e5 b\u00e5de kort och l\u00e5ng sikt.<\/P> <P>P\u00e5 fredag presenteras n\u00e4sta f\u00f6rel\u00e4sning, en v\u00e4rldsstj\u00e4rna och levande legend inom kickboxning.<BR>F\u00f6r mer information, se <A href=\"http:\/\/www.skfnationalcamp.se\/\">www.skfnationalcamp.se<\/A>.<\/P> <P><BR><BR>Text: Jonathan Broberg<\/P><\/p>\n","protected":false},"excerpt":{"rendered":"<p><P><STRONG><IMG alt=\"\" align=right src=\"http:\/\/www.budokampsport.se\/sites\/default\/files\/kick_0.jpg\" width=150 height=153>Det traditionsenliga Riksl\u00e4gret i kickboxning heter numera National Camp. Som presenteras av Svenska Kickboxningsf\u00f6rbundet, har nu offentliggjorts. L\u00e4gret h\u00e5lls p\u00e5 Bos\u00f6n mellan den 8-12 augusti.<BR>\u00a0\u00a0 &#8211; Vi g\u00f6r en liten nysatsning med ett lite annorlunda uppl\u00e4gg mot tidigare, s\u00e4ger projektledare Bj\u00f6rn Rhodin till budokampsport.se<\/STRONG>.<\/p><br>","protected":false},"author":7,"featured_media":0,"comment_status":"closed","ping_status":"closed","sticky":false,"template":"","format":"standard","meta":{"_acf_changed":false,"footnotes":""},"categories":[1],"tags":[],"class_list":["post-4135","post","type-post","status-publish","format-standard","hentry","category-okategoriserade"],"acf":[],"yoast_head":"<!-- This site is optimized with the Yoast SEO plugin v26.8 - https:\/\/yoast.com\/product\/yoast-seo-wordpress\/ -->\n<title>National Camp 2012 i kickboxning - Svenska Budo &amp; Kampsportsf\u00f6rbundet<\/title>\n<meta name=\"description\" content=\"Det traditionsenliga Riksl\u00e4gret i kickboxning heter numera National Camp. Som presenteras av Svenska Kickboxningsf\u00f6rbundet, har nu offentliggjorts. L\u00e4gret h\u00e5lls p\u00e5 Bos\u00f6n mellan den 8-12 augusti.\u00a0\u00a0 - Vi g\u00f6r en liten nysatsning med ett lite annorlunda uppl\u00e4gg mot tidigare, s\u00e4ger projektledare Bj\u00f6rn Rhodin till budokampsport.se.\" \/>\n<meta name=\"robots\" content=\"index, follow, max-snippet:-1, max-image-preview:large, max-video-preview:-1\" \/>\n<link rel=\"canonical\" href=\"https:\/\/www.budokampsport.se\/2012\/03\/20\/national-camp-2012-i-kickboxning\/\" \/>\n<meta property=\"og:locale\" content=\"sv_SE\" \/>\n<meta property=\"og:type\" content=\"article\" \/>\n<meta property=\"og:title\" content=\"National Camp 2012 i kickboxning - Svenska Budo &amp; Kampsportsf\u00f6rbundet\" \/>\n<meta property=\"og:description\" content=\"Det traditionsenliga Riksl\u00e4gret i kickboxning heter numera National Camp. Som presenteras av Svenska Kickboxningsf\u00f6rbundet, har nu offentliggjorts. L\u00e4gret h\u00e5lls p\u00e5 Bos\u00f6n mellan den 8-12 augusti.\u00a0\u00a0 - Vi g\u00f6r en liten nysatsning med ett lite annorlunda uppl\u00e4gg mot tidigare, s\u00e4ger projektledare Bj\u00f6rn Rhodin till budokampsport.se.\" \/>\n<meta property=\"og:url\" content=\"https:\/\/www.budokampsport.se\/2012\/03\/20\/national-camp-2012-i-kickboxning\/\" \/>\n<meta property=\"og:site_name\" content=\"Svenska Budo &amp; Kampsportsf\u00f6rbundet\" \/>\n<meta property=\"article:author\" content=\"https:\/\/www.facebook.com\/jonathan.broberg.7\" \/>\n<meta property=\"article:published_time\" content=\"2012-03-20T14:18:28+00:00\" \/>\n<meta property=\"article:modified_time\" content=\"2016-12-06T21:34:14+00:00\" \/>\n<meta name=\"author\" content=\"Jonathan Broberg\" \/>\n<meta name=\"twitter:card\" content=\"summary_large_image\" \/>\n<meta name=\"twitter:label1\" content=\"Skriven av\" \/>\n\t<meta name=\"twitter:data1\" content=\"Jonathan Broberg\" \/>\n\t<meta name=\"twitter:label2\" content=\"Ber\u00e4knad l\u00e4stid\" \/>\n\t<meta name=\"twitter:data2\" content=\"2 minuter\" \/>\n<script type=\"application\/ld+json\" class=\"yoast-schema-graph\">{\"@context\":\"https:\/\/schema.org\",\"@graph\":[{\"@type\":\"Article\",\"@id\":\"https:\/\/www.budokampsport.se\/2012\/03\/20\/national-camp-2012-i-kickboxning\/#article\",\"isPartOf\":{\"@id\":\"https:\/\/www.budokampsport.se\/2012\/03\/20\/national-camp-2012-i-kickboxning\/\"},\"author\":{\"name\":\"Jonathan Broberg\",\"@id\":\"https:\/\/www.budokampsport.se\/#\/schema\/person\/5c06d81d14850e2a8ce5493386560145\"},\"headline\":\"National Camp 2012 i kickboxning\",\"datePublished\":\"2012-03-20T14:18:28+00:00\",\"dateModified\":\"2016-12-06T21:34:14+00:00\",\"mainEntityOfPage\":{\"@id\":\"https:\/\/www.budokampsport.se\/2012\/03\/20\/national-camp-2012-i-kickboxning\/\"},\"wordCount\":350,\"inLanguage\":\"sv-SE\"},{\"@type\":\"WebPage\",\"@id\":\"https:\/\/www.budokampsport.se\/2012\/03\/20\/national-camp-2012-i-kickboxning\/\",\"url\":\"https:\/\/www.budokampsport.se\/2012\/03\/20\/national-camp-2012-i-kickboxning\/\",\"name\":\"National Camp 2012 i kickboxning - Svenska Budo &amp; Kampsportsf\u00f6rbundet\",\"isPartOf\":{\"@id\":\"https:\/\/www.budokampsport.se\/#website\"},\"datePublished\":\"2012-03-20T14:18:28+00:00\",\"dateModified\":\"2016-12-06T21:34:14+00:00\",\"author\":{\"@id\":\"https:\/\/www.budokampsport.se\/#\/schema\/person\/5c06d81d14850e2a8ce5493386560145\"},\"description\":\"Det traditionsenliga Riksl\u00e4gret i kickboxning heter numera National Camp. Som presenteras av Svenska Kickboxningsf\u00f6rbundet, har nu offentliggjorts. L\u00e4gret h\u00e5lls p\u00e5 Bos\u00f6n mellan den 8-12 augusti.\u00a0\u00a0 - Vi g\u00f6r en liten nysatsning med ett lite annorlunda uppl\u00e4gg mot tidigare, s\u00e4ger projektledare Bj\u00f6rn Rhodin till budokampsport.se.\",\"breadcrumb\":{\"@id\":\"https:\/\/www.budokampsport.se\/2012\/03\/20\/national-camp-2012-i-kickboxning\/#breadcrumb\"},\"inLanguage\":\"sv-SE\",\"potentialAction\":[{\"@type\":\"ReadAction\",\"target\":[\"https:\/\/www.budokampsport.se\/2012\/03\/20\/national-camp-2012-i-kickboxning\/\"]}]},{\"@type\":\"BreadcrumbList\",\"@id\":\"https:\/\/www.budokampsport.se\/2012\/03\/20\/national-camp-2012-i-kickboxning\/#breadcrumb\",\"itemListElement\":[{\"@type\":\"ListItem\",\"position\":1,\"name\":\"Hem\",\"item\":\"https:\/\/www.budokampsport.se\/\"},{\"@type\":\"ListItem\",\"position\":2,\"name\":\"National Camp 2012 i kickboxning\"}]},{\"@type\":\"WebSite\",\"@id\":\"https:\/\/www.budokampsport.se\/#website\",\"url\":\"https:\/\/www.budokampsport.se\/\",\"name\":\"Svenska Budo &amp; Kampsportsf\u00f6rbundet\",\"description\":\"T\u00e4vling, Tr\u00e4ning, Tradition\",\"potentialAction\":[{\"@type\":\"SearchAction\",\"target\":{\"@type\":\"EntryPoint\",\"urlTemplate\":\"https:\/\/www.budokampsport.se\/?s={search_term_string}\"},\"query-input\":{\"@type\":\"PropertyValueSpecification\",\"valueRequired\":true,\"valueName\":\"search_term_string\"}}],\"inLanguage\":\"sv-SE\"},{\"@type\":\"Person\",\"@id\":\"https:\/\/www.budokampsport.se\/#\/schema\/person\/5c06d81d14850e2a8ce5493386560145\",\"name\":\"Jonathan Broberg\",\"image\":{\"@type\":\"ImageObject\",\"inLanguage\":\"sv-SE\",\"@id\":\"https:\/\/www.budokampsport.se\/#\/schema\/person\/image\/\",\"url\":\"https:\/\/secure.gravatar.com\/avatar\/a58041c6cea9128bd9c40ee2f26d4136?s=96&d=blank&r=g\",\"contentUrl\":\"https:\/\/secure.gravatar.com\/avatar\/a58041c6cea9128bd9c40ee2f26d4136?s=96&d=blank&r=g\",\"caption\":\"Jonathan Broberg\"},\"sameAs\":[\"https:\/\/www.facebook.com\/jonathan.broberg.7\"],\"url\":\"https:\/\/www.budokampsport.se\/author\/jonathan\/\"}]}<\/script>\n<!-- \/ Yoast SEO plugin. -->","yoast_head_json":{"title":"National Camp 2012 i kickboxning - Svenska Budo &amp; Kampsportsf\u00f6rbundet","description":"Det traditionsenliga Riksl\u00e4gret i kickboxning heter numera National Camp. Som presenteras av Svenska Kickboxningsf\u00f6rbundet, har nu offentliggjorts. L\u00e4gret h\u00e5lls p\u00e5 Bos\u00f6n mellan den 8-12 augusti.\u00a0\u00a0 - Vi g\u00f6r en liten nysatsning med ett lite annorlunda uppl\u00e4gg mot tidigare, s\u00e4ger projektledare Bj\u00f6rn Rhodin till budokampsport.se.","robots":{"index":"index","follow":"follow","max-snippet":"max-snippet:-1","max-image-preview":"max-image-preview:large","max-video-preview":"max-video-preview:-1"},"canonical":"https:\/\/www.budokampsport.se\/2012\/03\/20\/national-camp-2012-i-kickboxning\/","og_locale":"sv_SE","og_type":"article","og_title":"National Camp 2012 i kickboxning - Svenska Budo &amp; Kampsportsf\u00f6rbundet","og_description":"Det traditionsenliga Riksl\u00e4gret i kickboxning heter numera National Camp. Som presenteras av Svenska Kickboxningsf\u00f6rbundet, har nu offentliggjorts. L\u00e4gret h\u00e5lls p\u00e5 Bos\u00f6n mellan den 8-12 augusti.\u00a0\u00a0 - Vi g\u00f6r en liten nysatsning med ett lite annorlunda uppl\u00e4gg mot tidigare, s\u00e4ger projektledare Bj\u00f6rn Rhodin till budokampsport.se.","og_url":"https:\/\/www.budokampsport.se\/2012\/03\/20\/national-camp-2012-i-kickboxning\/","og_site_name":"Svenska Budo &amp; Kampsportsf\u00f6rbundet","article_author":"https:\/\/www.facebook.com\/jonathan.broberg.7","article_published_time":"2012-03-20T14:18:28+00:00","article_modified_time":"2016-12-06T21:34:14+00:00","author":"Jonathan Broberg","twitter_card":"summary_large_image","twitter_misc":{"Skriven av":"Jonathan Broberg","Ber\u00e4knad l\u00e4stid":"2 minuter"},"schema":{"@context":"https:\/\/schema.org","@graph":[{"@type":"Article","@id":"https:\/\/www.budokampsport.se\/2012\/03\/20\/national-camp-2012-i-kickboxning\/#article","isPartOf":{"@id":"https:\/\/www.budokampsport.se\/2012\/03\/20\/national-camp-2012-i-kickboxning\/"},"author":{"name":"Jonathan Broberg","@id":"https:\/\/www.budokampsport.se\/#\/schema\/person\/5c06d81d14850e2a8ce5493386560145"},"headline":"National Camp 2012 i kickboxning","datePublished":"2012-03-20T14:18:28+00:00","dateModified":"2016-12-06T21:34:14+00:00","mainEntityOfPage":{"@id":"https:\/\/www.budokampsport.se\/2012\/03\/20\/national-camp-2012-i-kickboxning\/"},"wordCount":350,"inLanguage":"sv-SE"},{"@type":"WebPage","@id":"https:\/\/www.budokampsport.se\/2012\/03\/20\/national-camp-2012-i-kickboxning\/","url":"https:\/\/www.budokampsport.se\/2012\/03\/20\/national-camp-2012-i-kickboxning\/","name":"National Camp 2012 i kickboxning - Svenska Budo &amp; Kampsportsf\u00f6rbundet","isPartOf":{"@id":"https:\/\/www.budokampsport.se\/#website"},"datePublished":"2012-03-20T14:18:28+00:00","dateModified":"2016-12-06T21:34:14+00:00","author":{"@id":"https:\/\/www.budokampsport.se\/#\/schema\/person\/5c06d81d14850e2a8ce5493386560145"},"description":"Det traditionsenliga Riksl\u00e4gret i kickboxning heter numera National Camp. Som presenteras av Svenska Kickboxningsf\u00f6rbundet, har nu offentliggjorts. L\u00e4gret h\u00e5lls p\u00e5 Bos\u00f6n mellan den 8-12 augusti.\u00a0\u00a0 - Vi g\u00f6r en liten nysatsning med ett lite annorlunda uppl\u00e4gg mot tidigare, s\u00e4ger projektledare Bj\u00f6rn Rhodin till budokampsport.se.","breadcrumb":{"@id":"https:\/\/www.budokampsport.se\/2012\/03\/20\/national-camp-2012-i-kickboxning\/#breadcrumb"},"inLanguage":"sv-SE","potentialAction":[{"@type":"ReadAction","target":["https:\/\/www.budokampsport.se\/2012\/03\/20\/national-camp-2012-i-kickboxning\/"]}]},{"@type":"BreadcrumbList","@id":"https:\/\/www.budokampsport.se\/2012\/03\/20\/national-camp-2012-i-kickboxning\/#breadcrumb","itemListElement":[{"@type":"ListItem","position":1,"name":"Hem","item":"https:\/\/www.budokampsport.se\/"},{"@type":"ListItem","position":2,"name":"National Camp 2012 i kickboxning"}]},{"@type":"WebSite","@id":"https:\/\/www.budokampsport.se\/#website","url":"https:\/\/www.budokampsport.se\/","name":"Svenska Budo &amp; Kampsportsf\u00f6rbundet","description":"T\u00e4vling, Tr\u00e4ning, Tradition","potentialAction":[{"@type":"SearchAction","target":{"@type":"EntryPoint","urlTemplate":"https:\/\/www.budokampsport.se\/?s={search_term_string}"},"query-input":{"@type":"PropertyValueSpecification","valueRequired":true,"valueName":"search_term_string"}}],"inLanguage":"sv-SE"},{"@type":"Person","@id":"https:\/\/www.budokampsport.se\/#\/schema\/person\/5c06d81d14850e2a8ce5493386560145","name":"Jonathan Broberg","image":{"@type":"ImageObject","inLanguage":"sv-SE","@id":"https:\/\/www.budokampsport.se\/#\/schema\/person\/image\/","url":"https:\/\/secure.gravatar.com\/avatar\/a58041c6cea9128bd9c40ee2f26d4136?s=96&d=blank&r=g","contentUrl":"https:\/\/secure.gravatar.com\/avatar\/a58041c6cea9128bd9c40ee2f26d4136?s=96&d=blank&r=g","caption":"Jonathan Broberg"},"sameAs":["https:\/\/www.facebook.com\/jonathan.broberg.7"],"url":"https:\/\/www.budokampsport.se\/author\/jonathan\/"}]}},"_links":{"self":[{"href":"https:\/\/www.budokampsport.se\/api\/wp\/v2\/posts\/4135","targetHints":{"allow":["GET"]}}],"collection":[{"href":"https:\/\/www.budokampsport.se\/api\/wp\/v2\/posts"}],"about":[{"href":"https:\/\/www.budokampsport.se\/api\/wp\/v2\/types\/post"}],"author":[{"embeddable":true,"href":"https:\/\/www.budokampsport.se\/api\/wp\/v2\/users\/7"}],"replies":[{"embeddable":true,"href":"https:\/\/www.budokampsport.se\/api\/wp\/v2\/comments?post=4135"}],"version-history":[{"count":0,"href":"https:\/\/www.budokampsport.se\/api\/wp\/v2\/posts\/4135\/revisions"}],"wp:attachment":[{"href":"https:\/\/www.budokampsport.se\/api\/wp\/v2\/media?parent=4135"}],"wp:term":[{"taxonomy":"category","embeddable":true,"href":"https:\/\/www.budokampsport.se\/api\/wp\/v2\/categories?post=4135"},{"taxonomy":"post_tag","embeddable":true,"href":"https:\/\/www.budokampsport.se\/api\/wp\/v2\/tags?post=4135"}],"curies":[{"name":"wp","href":"https:\/\/api.w.org\/{rel}","templated":true}]}}